{"id":4587,"date":"2020-05-25T06:49:52","date_gmt":"2020-05-25T06:49:52","guid":{"rendered":"http:\/\/www.pamina-business.com\/?p=4587"},"modified":"2020-05-25T06:56:35","modified_gmt":"2020-05-25T06:56:35","slug":"reunion-du-groupe-danimation-pamina-par-videoconference","status":"publish","type":"post","link":"https:\/\/www.pamina-business.com\/en\/reunion-du-groupe-danimation-pamina-par-videoconference\/","title":{"rendered":"R\u00e9union du Groupe d&#8217;Animation PAMINA par vid\u00e9oconf\u00e9rence le 20 mai 2020"},"content":{"rendered":"<p>Le Pamina Business Club\u00a0(PBC) s\u2019adapte \u00e0 la crise du Covid-19 :<\/p>\n<p>Les principaux animateurs du PBC se sont retrouv\u00e9s en visioconf\u00e9rence pour \u00e9changer sur la situation de l\u2019\u00e9conomie dans l\u2019espace franco-allemand PAMINA (Palatinat (D) \u2013 Pays de Bade (D) et l\u2019Alsace du Nord (f)) et les mesures de soutien aux entreprises mises en \u0153uvre dans le cadre de la crise Covid-19.<\/p>\n<p><a href=\"http:\/\/www.pamina-business.com\/wp-content\/uploads\/2020\/05\/PBC-visioconf\u00e9rence-20mai2020.jpg\"><img loading=\"lazy\" decoding=\"async\" class=\"alignnone size-medium wp-image-4593\" src=\"http:\/\/www.pamina-business.com\/wp-content\/uploads\/2020\/05\/PBC-visioconf\u00e9rence-20mai2020-300x225.jpg\" alt=\"\" width=\"300\" height=\"225\" srcset=\"https:\/\/www.pamina-business.com\/wp-content\/uploads\/2020\/05\/PBC-visioconf\u00e9rence-20mai2020-300x225.jpg 300w, https:\/\/www.pamina-business.com\/wp-content\/uploads\/2020\/05\/PBC-visioconf\u00e9rence-20mai2020-1024x768.jpg 1024w, https:\/\/www.pamina-business.com\/wp-content\/uploads\/2020\/05\/PBC-visioconf\u00e9rence-20mai2020-768x576.jpg 768w, https:\/\/www.pamina-business.com\/wp-content\/uploads\/2020\/05\/PBC-visioconf\u00e9rence-20mai2020-1536x1152.jpg 1536w, https:\/\/www.pamina-business.com\/wp-content\/uploads\/2020\/05\/PBC-visioconf\u00e9rence-20mai2020-800x600.jpg 800w, https:\/\/www.pamina-business.com\/wp-content\/uploads\/2020\/05\/PBC-visioconf\u00e9rence-20mai2020.jpg 2048w\" sizes=\"auto, (max-width: 300px) 100vw, 300px\" \/><\/a><\/p>\n<p>En r\u00e9ponse aux difficult\u00e9s \u00e9conomiques, les discussions ont port\u00e9 sur le d\u00e9veloppement de projets de coop\u00e9ration sur les th\u00e9matiques\u00a0:<\/p>\n<ul>\n<li>coop\u00e9ration entre les r\u00e9seaux F\/A locaux \u00ab\u00a0industries 4.0\u00a0\u00bb,<\/li>\n<li>les nouvelles g\u00e9n\u00e9rations de zones d\u2019activit\u00e9s,<\/li>\n<li>la revitalisation du commerce de centre-ville.<\/li>\n<\/ul>\n<p>Bref, plus que jamais, la coop\u00e9ration transfrontali\u00e8re est une richesse et une chance pour le d\u00e9veloppement de nos territoires. L\u2019Adira reste mobilis\u00e9e.<\/p>\n<p><a href=\"http:\/\/www.pamina-business.com\/wp-content\/uploads\/2020\/05\/PBC-visioconf\u00e9rence2-20mai2020.jpg\"><img loading=\"lazy\" decoding=\"async\" class=\"alignnone size-medium wp-image-4590\" src=\"http:\/\/www.pamina-business.com\/wp-content\/uploads\/2020\/05\/PBC-visioconf\u00e9rence2-20mai2020-300x225.jpg\" alt=\"\" width=\"300\" height=\"225\" srcset=\"https:\/\/www.pamina-business.com\/wp-content\/uploads\/2020\/05\/PBC-visioconf\u00e9rence2-20mai2020-300x225.jpg 300w, https:\/\/www.pamina-business.com\/wp-content\/uploads\/2020\/05\/PBC-visioconf\u00e9rence2-20mai2020-1024x768.jpg 1024w, https:\/\/www.pamina-business.com\/wp-content\/uploads\/2020\/05\/PBC-visioconf\u00e9rence2-20mai2020-768x576.jpg 768w, https:\/\/www.pamina-business.com\/wp-content\/uploads\/2020\/05\/PBC-visioconf\u00e9rence2-20mai2020-1536x1152.jpg 1536w, https:\/\/www.pamina-business.com\/wp-content\/uploads\/2020\/05\/PBC-visioconf\u00e9rence2-20mai2020-800x600.jpg 800w, https:\/\/www.pamina-business.com\/wp-content\/uploads\/2020\/05\/PBC-visioconf\u00e9rence2-20mai2020.jpg 2048w\" sizes=\"auto, (max-width: 300px) 100vw, 300px\" \/><\/a><\/p>\n<p><em>Source<\/em> : <a href=\"http:\/\/www.adira.com\">www.adira.com<\/a><\/p>\n<p><em>Contact<\/em> : <a href=\"m&#97;&#105;&#108;&#x74;&#x6f;&#x3a;je&#97;&#110;&#x2d;&#x6d;&#x69;&#x63;he&#108;&#46;&#x73;&#x74;&#x61;&#x65;r&#108;&#101;&#64;&#x61;&#x64;&#x69;ra&#46;&#99;&#111;&#x6d;\">&#x6a;e&#x61;&#110;-&#x6d;&#105;&#x63;&#x68;e&#x6c;&#46;s&#x74;&#97;&#x65;&#114;l&#x65;&#64;a&#x64;&#105;&#x72;&#97;&#46;&#x63;&#111;&#x6d;<\/a><\/p>\n","protected":false},"excerpt":{"rendered":"<p>Le Pamina Business Club\u00a0(PBC) s\u2019adapte \u00e0 la crise du Covid-19 : Les principaux animateurs du PBC se sont retrouv\u00e9s en visioconf\u00e9rence pour \u00e9changer sur la situation de l\u2019\u00e9conomie dans l\u2019espace franco-allemand PAMINA (Palatinat (D) \u2013 Pays de Bade (D) et l\u2019Alsace du Nord (f)) et les mesures de soutien aux entreprises mises en \u0153uvre dans [&hellip;]<\/p>\n","protected":false},"author":3,"featured_media":0,"comment_status":"open","ping_status":"open","sticky":false,"template":"","format":"standard","meta":{"_exactmetrics_skip_tracking":false,"_exactmetrics_sitenote_active":false,"_exactmetrics_sitenote_note":"","_exactmetrics_sitenote_category":0,"footnotes":""},"categories":[65,7],"tags":[],"class_list":["post-4587","post","type-post","status-publish","format-standard","hentry","category-economie","category-evenements-fr"],"yoast_head":"<!-- This site is optimized with the Yoast SEO plugin v23.5 - https:\/\/yoast.com\/wordpress\/plugins\/seo\/ -->\n<title>R\u00e9union du Groupe d&#039;Animation PAMINA par vid\u00e9oconf\u00e9rence le 20 mai 2020 - PAMINA Business Club<\/title>\n<meta name=\"robots\" content=\"index, follow, max-snippet:-1, max-image-preview:large, max-video-preview:-1\" \/>\n<link rel=\"canonical\" href=\"https:\/\/www.pamina-business.com\/reunion-du-groupe-danimation-pamina-par-videoconference\/\" \/>\n<meta property=\"og:locale\" content=\"en_US\" \/>\n<meta property=\"og:type\" content=\"article\" \/>\n<meta property=\"og:title\" content=\"R\u00e9union du Groupe d&#039;Animation PAMINA par vid\u00e9oconf\u00e9rence le 20 mai 2020 - PAMINA Business Club\" \/>\n<meta property=\"og:description\" content=\"Le Pamina Business Club\u00a0(PBC) s\u2019adapte \u00e0 la crise du Covid-19 : Les principaux animateurs du PBC se sont retrouv\u00e9s en visioconf\u00e9rence pour \u00e9changer sur la situation de l\u2019\u00e9conomie dans l\u2019espace franco-allemand PAMINA (Palatinat (D) \u2013 Pays de Bade (D) et l\u2019Alsace du Nord (f)) et les mesures de soutien aux entreprises mises en \u0153uvre dans [&hellip;]\" \/>\n<meta property=\"og:url\" content=\"https:\/\/www.pamina-business.com\/reunion-du-groupe-danimation-pamina-par-videoconference\/\" \/>\n<meta property=\"og:site_name\" content=\"PAMINA Business Club\" \/>\n<meta property=\"article:published_time\" content=\"2020-05-25T06:49:52+00:00\" \/>\n<meta property=\"article:modified_time\" content=\"2020-05-25T06:56:35+00:00\" \/>\n<meta name=\"author\" content=\"Monique STUTZMANN\" \/>\n<meta name=\"twitter:card\" content=\"summary_large_image\" \/>\n<meta name=\"twitter:label1\" content=\"Written by\" \/>\n\t<meta name=\"twitter:data1\" content=\"Monique STUTZMANN\" \/>\n\t<meta name=\"twitter:label2\" content=\"Est. reading time\" \/>\n\t<meta name=\"twitter:data2\" content=\"1 minute\" \/>\n<script type=\"application\/ld+json\" class=\"yoast-schema-graph\">{\"@context\":\"https:\/\/schema.org\",\"@graph\":[{\"@type\":\"WebPage\",\"@id\":\"https:\/\/www.pamina-business.com\/reunion-du-groupe-danimation-pamina-par-videoconference\/\",\"url\":\"https:\/\/www.pamina-business.com\/reunion-du-groupe-danimation-pamina-par-videoconference\/\",\"name\":\"R\u00e9union du Groupe d'Animation PAMINA par vid\u00e9oconf\u00e9rence le 20 mai 2020 - PAMINA Business Club\",\"isPartOf\":{\"@id\":\"https:\/\/www.pamina-business.com\/de\/#website\"},\"datePublished\":\"2020-05-25T06:49:52+00:00\",\"dateModified\":\"2020-05-25T06:56:35+00:00\",\"author\":{\"@id\":\"https:\/\/www.pamina-business.com\/de\/#\/schema\/person\/9ab02536dbdbc5e3ef40bbc3452c8c69\"},\"breadcrumb\":{\"@id\":\"https:\/\/www.pamina-business.com\/reunion-du-groupe-danimation-pamina-par-videoconference\/#breadcrumb\"},\"inLanguage\":\"en-US\",\"potentialAction\":[{\"@type\":\"ReadAction\",\"target\":[\"https:\/\/www.pamina-business.com\/reunion-du-groupe-danimation-pamina-par-videoconference\/\"]}]},{\"@type\":\"BreadcrumbList\",\"@id\":\"https:\/\/www.pamina-business.com\/reunion-du-groupe-danimation-pamina-par-videoconference\/#breadcrumb\",\"itemListElement\":[{\"@type\":\"ListItem\",\"position\":1,\"name\":\"Accueil\",\"item\":\"http:\/\/www.pamina-business.com\/en\/\"},{\"@type\":\"ListItem\",\"position\":2,\"name\":\"R\u00e9union du Groupe d&rsquo;Animation PAMINA par vid\u00e9oconf\u00e9rence le 20 mai 2020\"}]},{\"@type\":\"WebSite\",\"@id\":\"https:\/\/www.pamina-business.com\/de\/#website\",\"url\":\"https:\/\/www.pamina-business.com\/de\/\",\"name\":\"PAMINA Business Club\",\"description\":\"Un site utilisant WordPress\",\"potentialAction\":[{\"@type\":\"SearchAction\",\"target\":{\"@type\":\"EntryPoint\",\"urlTemplate\":\"https:\/\/www.pamina-business.com\/de\/?s={search_term_string}\"},\"query-input\":{\"@type\":\"PropertyValueSpecification\",\"valueRequired\":true,\"valueName\":\"search_term_string\"}}],\"inLanguage\":\"en-US\"},{\"@type\":\"Person\",\"@id\":\"https:\/\/www.pamina-business.com\/de\/#\/schema\/person\/9ab02536dbdbc5e3ef40bbc3452c8c69\",\"name\":\"Monique STUTZMANN\",\"image\":{\"@type\":\"ImageObject\",\"inLanguage\":\"en-US\",\"@id\":\"https:\/\/www.pamina-business.com\/de\/#\/schema\/person\/image\/\",\"url\":\"https:\/\/secure.gravatar.com\/avatar\/cc1c3adf9a9f6e969d3da7b6b34ec66f5f4a6844dfc9145380a75e42cd91882e?s=96&d=mm&r=g\",\"contentUrl\":\"https:\/\/secure.gravatar.com\/avatar\/cc1c3adf9a9f6e969d3da7b6b34ec66f5f4a6844dfc9145380a75e42cd91882e?s=96&d=mm&r=g\",\"caption\":\"Monique STUTZMANN\"},\"url\":\"https:\/\/www.pamina-business.com\/en\/author\/monique\/\"}]}<\/script>\n<!-- \/ Yoast SEO plugin. -->","yoast_head_json":{"title":"R\u00e9union du Groupe d'Animation PAMINA par vid\u00e9oconf\u00e9rence le 20 mai 2020 - PAMINA Business Club","robots":{"index":"index","follow":"follow","max-snippet":"max-snippet:-1","max-image-preview":"max-image-preview:large","max-video-preview":"max-video-preview:-1"},"canonical":"https:\/\/www.pamina-business.com\/reunion-du-groupe-danimation-pamina-par-videoconference\/","og_locale":"en_US","og_type":"article","og_title":"R\u00e9union du Groupe d'Animation PAMINA par vid\u00e9oconf\u00e9rence le 20 mai 2020 - PAMINA Business Club","og_description":"Le Pamina Business Club\u00a0(PBC) s\u2019adapte \u00e0 la crise du Covid-19 : Les principaux animateurs du PBC se sont retrouv\u00e9s en visioconf\u00e9rence pour \u00e9changer sur la situation de l\u2019\u00e9conomie dans l\u2019espace franco-allemand PAMINA (Palatinat (D) \u2013 Pays de Bade (D) et l\u2019Alsace du Nord (f)) et les mesures de soutien aux entreprises mises en \u0153uvre dans [&hellip;]","og_url":"https:\/\/www.pamina-business.com\/reunion-du-groupe-danimation-pamina-par-videoconference\/","og_site_name":"PAMINA Business Club","article_published_time":"2020-05-25T06:49:52+00:00","article_modified_time":"2020-05-25T06:56:35+00:00","author":"Monique STUTZMANN","twitter_card":"summary_large_image","twitter_misc":{"Written by":"Monique STUTZMANN","Est. reading time":"1 minute"},"schema":{"@context":"https:\/\/schema.org","@graph":[{"@type":"WebPage","@id":"https:\/\/www.pamina-business.com\/reunion-du-groupe-danimation-pamina-par-videoconference\/","url":"https:\/\/www.pamina-business.com\/reunion-du-groupe-danimation-pamina-par-videoconference\/","name":"R\u00e9union du Groupe d'Animation PAMINA par vid\u00e9oconf\u00e9rence le 20 mai 2020 - PAMINA Business Club","isPartOf":{"@id":"https:\/\/www.pamina-business.com\/de\/#website"},"datePublished":"2020-05-25T06:49:52+00:00","dateModified":"2020-05-25T06:56:35+00:00","author":{"@id":"https:\/\/www.pamina-business.com\/de\/#\/schema\/person\/9ab02536dbdbc5e3ef40bbc3452c8c69"},"breadcrumb":{"@id":"https:\/\/www.pamina-business.com\/reunion-du-groupe-danimation-pamina-par-videoconference\/#breadcrumb"},"inLanguage":"en-US","potentialAction":[{"@type":"ReadAction","target":["https:\/\/www.pamina-business.com\/reunion-du-groupe-danimation-pamina-par-videoconference\/"]}]},{"@type":"BreadcrumbList","@id":"https:\/\/www.pamina-business.com\/reunion-du-groupe-danimation-pamina-par-videoconference\/#breadcrumb","itemListElement":[{"@type":"ListItem","position":1,"name":"Accueil","item":"http:\/\/www.pamina-business.com\/en\/"},{"@type":"ListItem","position":2,"name":"R\u00e9union du Groupe d&rsquo;Animation PAMINA par vid\u00e9oconf\u00e9rence le 20 mai 2020"}]},{"@type":"WebSite","@id":"https:\/\/www.pamina-business.com\/de\/#website","url":"https:\/\/www.pamina-business.com\/de\/","name":"PAMINA Business Club","description":"Un site utilisant WordPress","potentialAction":[{"@type":"SearchAction","target":{"@type":"EntryPoint","urlTemplate":"https:\/\/www.pamina-business.com\/de\/?s={search_term_string}"},"query-input":{"@type":"PropertyValueSpecification","valueRequired":true,"valueName":"search_term_string"}}],"inLanguage":"en-US"},{"@type":"Person","@id":"https:\/\/www.pamina-business.com\/de\/#\/schema\/person\/9ab02536dbdbc5e3ef40bbc3452c8c69","name":"Monique STUTZMANN","image":{"@type":"ImageObject","inLanguage":"en-US","@id":"https:\/\/www.pamina-business.com\/de\/#\/schema\/person\/image\/","url":"https:\/\/secure.gravatar.com\/avatar\/cc1c3adf9a9f6e969d3da7b6b34ec66f5f4a6844dfc9145380a75e42cd91882e?s=96&d=mm&r=g","contentUrl":"https:\/\/secure.gravatar.com\/avatar\/cc1c3adf9a9f6e969d3da7b6b34ec66f5f4a6844dfc9145380a75e42cd91882e?s=96&d=mm&r=g","caption":"Monique STUTZMANN"},"url":"https:\/\/www.pamina-business.com\/en\/author\/monique\/"}]}},"_links":{"self":[{"href":"https:\/\/www.pamina-business.com\/en\/wp-json\/wp\/v2\/posts\/4587","targetHints":{"allow":["GET"]}}],"collection":[{"href":"https:\/\/www.pamina-business.com\/en\/wp-json\/wp\/v2\/posts"}],"about":[{"href":"https:\/\/www.pamina-business.com\/en\/wp-json\/wp\/v2\/types\/post"}],"author":[{"embeddable":true,"href":"https:\/\/www.pamina-business.com\/en\/wp-json\/wp\/v2\/users\/3"}],"replies":[{"embeddable":true,"href":"https:\/\/www.pamina-business.com\/en\/wp-json\/wp\/v2\/comments?post=4587"}],"version-history":[{"count":4,"href":"https:\/\/www.pamina-business.com\/en\/wp-json\/wp\/v2\/posts\/4587\/revisions"}],"predecessor-version":[{"id":4597,"href":"https:\/\/www.pamina-business.com\/en\/wp-json\/wp\/v2\/posts\/4587\/revisions\/4597"}],"wp:attachment":[{"href":"https:\/\/www.pamina-business.com\/en\/wp-json\/wp\/v2\/media?parent=4587"}],"wp:term":[{"taxonomy":"category","embeddable":true,"href":"https:\/\/www.pamina-business.com\/en\/wp-json\/wp\/v2\/categories?post=4587"},{"taxonomy":"post_tag","embeddable":true,"href":"https:\/\/www.pamina-business.com\/en\/wp-json\/wp\/v2\/tags?post=4587"}],"curies":[{"name":"wp","href":"https:\/\/api.w.org\/{rel}","templated":true}]}}