{"id":3973,"date":"2019-07-22T09:01:47","date_gmt":"2019-07-22T09:01:47","guid":{"rendered":"http:\/\/www.pamina-business.com\/?p=3973"},"modified":"2019-07-08T10:18:21","modified_gmt":"2019-07-08T10:18:21","slug":"innovation-transfrontaliere-strasbourg-envisage-de-recuperer-la-chaleur-produite-par-lacierie-de-kehl","status":"publish","type":"post","link":"https:\/\/www.pamina-business.com\/en\/innovation-transfrontaliere-strasbourg-envisage-de-recuperer-la-chaleur-produite-par-lacierie-de-kehl\/","title":{"rendered":"Innovation transfrontali\u00e8re : Strasbourg envisage de r\u00e9cup\u00e9rer la chaleur produite par l&#8217;aci\u00e9rie de Kehl."},"content":{"rendered":"<p><img loading=\"lazy\" decoding=\"async\" class=\"main-image\" title=\"Innovation transfrontali\u00e8re : Strasbourg envisage de r\u00e9cup\u00e9rer la chaleur produite par l'aci\u00e9rie de Kehl\" src=\"http:\/\/www.espaces-transfrontaliers.org\/typo3temp\/_processed_\/csm_2019_06_acierieKehl_130bb24690.jpg\" alt=\"Innovation transfrontali\u00e8re : Strasbourg envisage de r\u00e9cup\u00e9rer la chaleur produite par l'aci\u00e9rie de Kehl\" width=\"300\" height=\"200\" \/><\/p>\n<div class=\"intro\">\n<p class=\"bodytext\">\n<p class=\"bodytext\">L&#8217;Eurom\u00e9tropole de Strasbourg a lanc\u00e9 un projet visant \u00e0 r\u00e9cup\u00e9rer la chaleur produite par l&#8217;aci\u00e9rie de Kehl pour alimenter 4000 logements strasbourgeois d&#8217;ici deux ans. Ce projet innovant est une premi\u00e8re en Europe au niveau transfrontalier.<\/p>\n<\/div>\n<p class=\"bodytext\">Chaque ann\u00e9e, l\u2019aci\u00e9rie de Kehl produit 2,2 millions de tonnes d&#8217;acier et consomme l\u2019\u00e9quivalent des besoins en \u00e9lectricit\u00e9 de la Ville de Stuttgart. Afin de r\u00e9cup\u00e9rer les grandes quantit\u00e9s de chaleur qui sont actuellement rejet\u00e9es dans l&#8217;air par cette aci\u00e9rie, le projet pr\u00e9voit la construction d&#8217;un tuyau de 8,5 km sous le Rhin pour transporter l\u2019eau chauff\u00e9e de l\u2019aci\u00e9rie vers Strasbourg.<\/p>\n<p class=\"bodytext\">Le 13 mai 2019, une d\u00e9claration d&#8217;intention conjointe a \u00e9t\u00e9 sign\u00e9e entre les partenaires. Elle pr\u00e9voit la cr\u00e9ation d&#8217;une soci\u00e9t\u00e9 transfrontali\u00e8re qui prendra la forme d&#8217;une Soci\u00e9t\u00e9 Publique Locale (SPL), d\u00e9tenue majoritairement par l&#8217;Eurom\u00e9tropole de Strasbourg, ainsi que par le Land du Bade Wurtemberg, la Ville de Kehl et la R\u00e9gion Grand Est. Le co\u00fbt du projet est estim\u00e9 \u00e0 25 millions d&#8217;euros. Les partenaires souhaitent obtenir une TVA \u00e0 taux r\u00e9duit, et d&#8217;autres soutiens financiers comme Interreg.<\/p>\n<p class=\"bodytext\">Le d\u00e9marrage des travaux est pr\u00e9vu en 2020 pour une livraison en 2021. A long terme ce sont 20 000 logements qui pourraient \u00eatre concern\u00e9s par ce r\u00e9seau.<\/p>\n<p class=\"bodytext\"><a class=\"external-link-new-window\" title=\"Opens external link in new window\" href=\"https:\/\/www.strasbourg.eu\/-\/webmag-4500-logements-bientot-chauffes-grace-a-une-acierie-de-kehl\" target=\"_blank\">Plus d&#8217;infos<\/a><\/p>\n<p class=\"bodytext\"><sup><em>Photo :<\/em> Philippe Stirnweiss pour l\u2019Eurom\u00e9tropole de Strasbourg.<\/sup><\/p>\n<p class=\"bodytext\"><em>Source<\/em> : Mission Op\u00e9rationnelle Transfrontali\u00e8re<\/p>\n<p class=\"bodytext\">Newsletter Juin 2019<\/p>\n<p class=\"bodytext\"><a href=\"http:\/\/www.espaces-transfrontaliers.eu\">www.espaces-transfrontaliers.eu <\/a><\/p>\n<p><\/script><\/script><\/p>\n","protected":false},"excerpt":{"rendered":"<p>L&#8217;Eurom\u00e9tropole de Strasbourg a lanc\u00e9 un projet visant \u00e0 r\u00e9cup\u00e9rer la chaleur produite par l&#8217;aci\u00e9rie de Kehl pour alimenter 4000 logements strasbourgeois d&#8217;ici deux ans. Ce projet innovant est une premi\u00e8re en Europe au niveau transfrontalier. Chaque ann\u00e9e, l\u2019aci\u00e9rie de Kehl produit 2,2 millions de tonnes d&#8217;acier et consomme l\u2019\u00e9quivalent des besoins en \u00e9lectricit\u00e9 de [&hellip;]<\/p>\n","protected":false},"author":3,"featured_media":0,"comment_status":"open","ping_status":"open","sticky":false,"template":"","format":"standard","meta":{"_exactmetrics_skip_tracking":false,"_exactmetrics_sitenote_active":false,"_exactmetrics_sitenote_note":"","_exactmetrics_sitenote_category":0,"footnotes":""},"categories":[53],"tags":[],"class_list":["post-3973","post","type-post","status-publish","format-standard","hentry","category-innovation-fr"],"yoast_head":"<!-- This site is optimized with the Yoast SEO plugin v23.5 - https:\/\/yoast.com\/wordpress\/plugins\/seo\/ -->\n<title>Innovation transfrontali\u00e8re : Strasbourg envisage de r\u00e9cup\u00e9rer la chaleur produite par l&#039;aci\u00e9rie de Kehl. - PAMINA Business Club<\/title>\n<meta name=\"robots\" content=\"index, follow, max-snippet:-1, max-image-preview:large, max-video-preview:-1\" \/>\n<link rel=\"canonical\" href=\"https:\/\/www.pamina-business.com\/innovation-transfrontaliere-strasbourg-envisage-de-recuperer-la-chaleur-produite-par-lacierie-de-kehl\/\" \/>\n<meta property=\"og:locale\" content=\"en_US\" \/>\n<meta property=\"og:type\" content=\"article\" \/>\n<meta property=\"og:title\" content=\"Innovation transfrontali\u00e8re : Strasbourg envisage de r\u00e9cup\u00e9rer la chaleur produite par l&#039;aci\u00e9rie de Kehl. - PAMINA Business Club\" \/>\n<meta property=\"og:description\" content=\"L&#8217;Eurom\u00e9tropole de Strasbourg a lanc\u00e9 un projet visant \u00e0 r\u00e9cup\u00e9rer la chaleur produite par l&#8217;aci\u00e9rie de Kehl pour alimenter 4000 logements strasbourgeois d&#8217;ici deux ans. Ce projet innovant est une premi\u00e8re en Europe au niveau transfrontalier. Chaque ann\u00e9e, l\u2019aci\u00e9rie de Kehl produit 2,2 millions de tonnes d&#8217;acier et consomme l\u2019\u00e9quivalent des besoins en \u00e9lectricit\u00e9 de [&hellip;]\" \/>\n<meta property=\"og:url\" content=\"https:\/\/www.pamina-business.com\/innovation-transfrontaliere-strasbourg-envisage-de-recuperer-la-chaleur-produite-par-lacierie-de-kehl\/\" \/>\n<meta property=\"og:site_name\" content=\"PAMINA Business Club\" \/>\n<meta property=\"article:published_time\" content=\"2019-07-22T09:01:47+00:00\" \/>\n<meta property=\"article:modified_time\" content=\"2019-07-08T10:18:21+00:00\" \/>\n<meta property=\"og:image\" content=\"http:\/\/www.espaces-transfrontaliers.org\/typo3temp\/_processed_\/csm_2019_06_acierieKehl_130bb24690.jpg\" \/>\n<meta name=\"author\" content=\"Monique STUTZMANN\" \/>\n<meta name=\"twitter:card\" content=\"summary_large_image\" \/>\n<meta name=\"twitter:label1\" content=\"Written by\" \/>\n\t<meta name=\"twitter:data1\" content=\"Monique STUTZMANN\" \/>\n\t<meta name=\"twitter:label2\" content=\"Est. reading time\" \/>\n\t<meta name=\"twitter:data2\" content=\"1 minute\" \/>\n<script type=\"application\/ld+json\" class=\"yoast-schema-graph\">{\"@context\":\"https:\/\/schema.org\",\"@graph\":[{\"@type\":\"WebPage\",\"@id\":\"https:\/\/www.pamina-business.com\/innovation-transfrontaliere-strasbourg-envisage-de-recuperer-la-chaleur-produite-par-lacierie-de-kehl\/\",\"url\":\"https:\/\/www.pamina-business.com\/innovation-transfrontaliere-strasbourg-envisage-de-recuperer-la-chaleur-produite-par-lacierie-de-kehl\/\",\"name\":\"Innovation transfrontali\u00e8re : Strasbourg envisage de r\u00e9cup\u00e9rer la chaleur produite par l'aci\u00e9rie de Kehl. - PAMINA Business Club\",\"isPartOf\":{\"@id\":\"https:\/\/www.pamina-business.com\/de\/#website\"},\"primaryImageOfPage\":{\"@id\":\"https:\/\/www.pamina-business.com\/innovation-transfrontaliere-strasbourg-envisage-de-recuperer-la-chaleur-produite-par-lacierie-de-kehl\/#primaryimage\"},\"image\":{\"@id\":\"https:\/\/www.pamina-business.com\/innovation-transfrontaliere-strasbourg-envisage-de-recuperer-la-chaleur-produite-par-lacierie-de-kehl\/#primaryimage\"},\"thumbnailUrl\":\"http:\/\/www.espaces-transfrontaliers.org\/typo3temp\/_processed_\/csm_2019_06_acierieKehl_130bb24690.jpg\",\"datePublished\":\"2019-07-22T09:01:47+00:00\",\"dateModified\":\"2019-07-08T10:18:21+00:00\",\"author\":{\"@id\":\"https:\/\/www.pamina-business.com\/de\/#\/schema\/person\/9ab02536dbdbc5e3ef40bbc3452c8c69\"},\"breadcrumb\":{\"@id\":\"https:\/\/www.pamina-business.com\/innovation-transfrontaliere-strasbourg-envisage-de-recuperer-la-chaleur-produite-par-lacierie-de-kehl\/#breadcrumb\"},\"inLanguage\":\"en-US\",\"potentialAction\":[{\"@type\":\"ReadAction\",\"target\":[\"https:\/\/www.pamina-business.com\/innovation-transfrontaliere-strasbourg-envisage-de-recuperer-la-chaleur-produite-par-lacierie-de-kehl\/\"]}]},{\"@type\":\"ImageObject\",\"inLanguage\":\"en-US\",\"@id\":\"https:\/\/www.pamina-business.com\/innovation-transfrontaliere-strasbourg-envisage-de-recuperer-la-chaleur-produite-par-lacierie-de-kehl\/#primaryimage\",\"url\":\"http:\/\/www.espaces-transfrontaliers.org\/typo3temp\/_processed_\/csm_2019_06_acierieKehl_130bb24690.jpg\",\"contentUrl\":\"http:\/\/www.espaces-transfrontaliers.org\/typo3temp\/_processed_\/csm_2019_06_acierieKehl_130bb24690.jpg\"},{\"@type\":\"BreadcrumbList\",\"@id\":\"https:\/\/www.pamina-business.com\/innovation-transfrontaliere-strasbourg-envisage-de-recuperer-la-chaleur-produite-par-lacierie-de-kehl\/#breadcrumb\",\"itemListElement\":[{\"@type\":\"ListItem\",\"position\":1,\"name\":\"Accueil\",\"item\":\"http:\/\/www.pamina-business.com\/en\/\"},{\"@type\":\"ListItem\",\"position\":2,\"name\":\"Innovation transfrontali\u00e8re : Strasbourg envisage de r\u00e9cup\u00e9rer la chaleur produite par l&rsquo;aci\u00e9rie de Kehl.\"}]},{\"@type\":\"WebSite\",\"@id\":\"https:\/\/www.pamina-business.com\/de\/#website\",\"url\":\"https:\/\/www.pamina-business.com\/de\/\",\"name\":\"PAMINA Business Club\",\"description\":\"Un site utilisant WordPress\",\"potentialAction\":[{\"@type\":\"SearchAction\",\"target\":{\"@type\":\"EntryPoint\",\"urlTemplate\":\"https:\/\/www.pamina-business.com\/de\/?s={search_term_string}\"},\"query-input\":{\"@type\":\"PropertyValueSpecification\",\"valueRequired\":true,\"valueName\":\"search_term_string\"}}],\"inLanguage\":\"en-US\"},{\"@type\":\"Person\",\"@id\":\"https:\/\/www.pamina-business.com\/de\/#\/schema\/person\/9ab02536dbdbc5e3ef40bbc3452c8c69\",\"name\":\"Monique STUTZMANN\",\"image\":{\"@type\":\"ImageObject\",\"inLanguage\":\"en-US\",\"@id\":\"https:\/\/www.pamina-business.com\/de\/#\/schema\/person\/image\/\",\"url\":\"https:\/\/secure.gravatar.com\/avatar\/cc1c3adf9a9f6e969d3da7b6b34ec66f5f4a6844dfc9145380a75e42cd91882e?s=96&d=mm&r=g\",\"contentUrl\":\"https:\/\/secure.gravatar.com\/avatar\/cc1c3adf9a9f6e969d3da7b6b34ec66f5f4a6844dfc9145380a75e42cd91882e?s=96&d=mm&r=g\",\"caption\":\"Monique STUTZMANN\"},\"url\":\"https:\/\/www.pamina-business.com\/en\/author\/monique\/\"}]}<\/script>\n<!-- \/ Yoast SEO plugin. -->","yoast_head_json":{"title":"Innovation transfrontali\u00e8re : Strasbourg envisage de r\u00e9cup\u00e9rer la chaleur produite par l'aci\u00e9rie de Kehl. - PAMINA Business Club","robots":{"index":"index","follow":"follow","max-snippet":"max-snippet:-1","max-image-preview":"max-image-preview:large","max-video-preview":"max-video-preview:-1"},"canonical":"https:\/\/www.pamina-business.com\/innovation-transfrontaliere-strasbourg-envisage-de-recuperer-la-chaleur-produite-par-lacierie-de-kehl\/","og_locale":"en_US","og_type":"article","og_title":"Innovation transfrontali\u00e8re : Strasbourg envisage de r\u00e9cup\u00e9rer la chaleur produite par l'aci\u00e9rie de Kehl. - PAMINA Business Club","og_description":"L&#8217;Eurom\u00e9tropole de Strasbourg a lanc\u00e9 un projet visant \u00e0 r\u00e9cup\u00e9rer la chaleur produite par l&#8217;aci\u00e9rie de Kehl pour alimenter 4000 logements strasbourgeois d&#8217;ici deux ans. Ce projet innovant est une premi\u00e8re en Europe au niveau transfrontalier. Chaque ann\u00e9e, l\u2019aci\u00e9rie de Kehl produit 2,2 millions de tonnes d&#8217;acier et consomme l\u2019\u00e9quivalent des besoins en \u00e9lectricit\u00e9 de [&hellip;]","og_url":"https:\/\/www.pamina-business.com\/innovation-transfrontaliere-strasbourg-envisage-de-recuperer-la-chaleur-produite-par-lacierie-de-kehl\/","og_site_name":"PAMINA Business Club","article_published_time":"2019-07-22T09:01:47+00:00","article_modified_time":"2019-07-08T10:18:21+00:00","og_image":[{"url":"http:\/\/www.espaces-transfrontaliers.org\/typo3temp\/_processed_\/csm_2019_06_acierieKehl_130bb24690.jpg"}],"author":"Monique STUTZMANN","twitter_card":"summary_large_image","twitter_misc":{"Written by":"Monique STUTZMANN","Est. reading time":"1 minute"},"schema":{"@context":"https:\/\/schema.org","@graph":[{"@type":"WebPage","@id":"https:\/\/www.pamina-business.com\/innovation-transfrontaliere-strasbourg-envisage-de-recuperer-la-chaleur-produite-par-lacierie-de-kehl\/","url":"https:\/\/www.pamina-business.com\/innovation-transfrontaliere-strasbourg-envisage-de-recuperer-la-chaleur-produite-par-lacierie-de-kehl\/","name":"Innovation transfrontali\u00e8re : Strasbourg envisage de r\u00e9cup\u00e9rer la chaleur produite par l'aci\u00e9rie de Kehl. - PAMINA Business Club","isPartOf":{"@id":"https:\/\/www.pamina-business.com\/de\/#website"},"primaryImageOfPage":{"@id":"https:\/\/www.pamina-business.com\/innovation-transfrontaliere-strasbourg-envisage-de-recuperer-la-chaleur-produite-par-lacierie-de-kehl\/#primaryimage"},"image":{"@id":"https:\/\/www.pamina-business.com\/innovation-transfrontaliere-strasbourg-envisage-de-recuperer-la-chaleur-produite-par-lacierie-de-kehl\/#primaryimage"},"thumbnailUrl":"http:\/\/www.espaces-transfrontaliers.org\/typo3temp\/_processed_\/csm_2019_06_acierieKehl_130bb24690.jpg","datePublished":"2019-07-22T09:01:47+00:00","dateModified":"2019-07-08T10:18:21+00:00","author":{"@id":"https:\/\/www.pamina-business.com\/de\/#\/schema\/person\/9ab02536dbdbc5e3ef40bbc3452c8c69"},"breadcrumb":{"@id":"https:\/\/www.pamina-business.com\/innovation-transfrontaliere-strasbourg-envisage-de-recuperer-la-chaleur-produite-par-lacierie-de-kehl\/#breadcrumb"},"inLanguage":"en-US","potentialAction":[{"@type":"ReadAction","target":["https:\/\/www.pamina-business.com\/innovation-transfrontaliere-strasbourg-envisage-de-recuperer-la-chaleur-produite-par-lacierie-de-kehl\/"]}]},{"@type":"ImageObject","inLanguage":"en-US","@id":"https:\/\/www.pamina-business.com\/innovation-transfrontaliere-strasbourg-envisage-de-recuperer-la-chaleur-produite-par-lacierie-de-kehl\/#primaryimage","url":"http:\/\/www.espaces-transfrontaliers.org\/typo3temp\/_processed_\/csm_2019_06_acierieKehl_130bb24690.jpg","contentUrl":"http:\/\/www.espaces-transfrontaliers.org\/typo3temp\/_processed_\/csm_2019_06_acierieKehl_130bb24690.jpg"},{"@type":"BreadcrumbList","@id":"https:\/\/www.pamina-business.com\/innovation-transfrontaliere-strasbourg-envisage-de-recuperer-la-chaleur-produite-par-lacierie-de-kehl\/#breadcrumb","itemListElement":[{"@type":"ListItem","position":1,"name":"Accueil","item":"http:\/\/www.pamina-business.com\/en\/"},{"@type":"ListItem","position":2,"name":"Innovation transfrontali\u00e8re : Strasbourg envisage de r\u00e9cup\u00e9rer la chaleur produite par l&rsquo;aci\u00e9rie de Kehl."}]},{"@type":"WebSite","@id":"https:\/\/www.pamina-business.com\/de\/#website","url":"https:\/\/www.pamina-business.com\/de\/","name":"PAMINA Business Club","description":"Un site utilisant WordPress","potentialAction":[{"@type":"SearchAction","target":{"@type":"EntryPoint","urlTemplate":"https:\/\/www.pamina-business.com\/de\/?s={search_term_string}"},"query-input":{"@type":"PropertyValueSpecification","valueRequired":true,"valueName":"search_term_string"}}],"inLanguage":"en-US"},{"@type":"Person","@id":"https:\/\/www.pamina-business.com\/de\/#\/schema\/person\/9ab02536dbdbc5e3ef40bbc3452c8c69","name":"Monique STUTZMANN","image":{"@type":"ImageObject","inLanguage":"en-US","@id":"https:\/\/www.pamina-business.com\/de\/#\/schema\/person\/image\/","url":"https:\/\/secure.gravatar.com\/avatar\/cc1c3adf9a9f6e969d3da7b6b34ec66f5f4a6844dfc9145380a75e42cd91882e?s=96&d=mm&r=g","contentUrl":"https:\/\/secure.gravatar.com\/avatar\/cc1c3adf9a9f6e969d3da7b6b34ec66f5f4a6844dfc9145380a75e42cd91882e?s=96&d=mm&r=g","caption":"Monique STUTZMANN"},"url":"https:\/\/www.pamina-business.com\/en\/author\/monique\/"}]}},"_links":{"self":[{"href":"https:\/\/www.pamina-business.com\/en\/wp-json\/wp\/v2\/posts\/3973","targetHints":{"allow":["GET"]}}],"collection":[{"href":"https:\/\/www.pamina-business.com\/en\/wp-json\/wp\/v2\/posts"}],"about":[{"href":"https:\/\/www.pamina-business.com\/en\/wp-json\/wp\/v2\/types\/post"}],"author":[{"embeddable":true,"href":"https:\/\/www.pamina-business.com\/en\/wp-json\/wp\/v2\/users\/3"}],"replies":[{"embeddable":true,"href":"https:\/\/www.pamina-business.com\/en\/wp-json\/wp\/v2\/comments?post=3973"}],"version-history":[{"count":1,"href":"https:\/\/www.pamina-business.com\/en\/wp-json\/wp\/v2\/posts\/3973\/revisions"}],"predecessor-version":[{"id":3974,"href":"https:\/\/www.pamina-business.com\/en\/wp-json\/wp\/v2\/posts\/3973\/revisions\/3974"}],"wp:attachment":[{"href":"https:\/\/www.pamina-business.com\/en\/wp-json\/wp\/v2\/media?parent=3973"}],"wp:term":[{"taxonomy":"category","embeddable":true,"href":"https:\/\/www.pamina-business.com\/en\/wp-json\/wp\/v2\/categories?post=3973"},{"taxonomy":"post_tag","embeddable":true,"href":"https:\/\/www.pamina-business.com\/en\/wp-json\/wp\/v2\/tags?post=3973"}],"curies":[{"name":"wp","href":"https:\/\/api.w.org\/{rel}","templated":true}]}}