{"id":3649,"date":"2019-02-26T14:45:00","date_gmt":"2019-02-26T14:45:00","guid":{"rendered":"http:\/\/www.pamina-business.com\/?p=3649"},"modified":"2019-02-25T14:47:56","modified_gmt":"2019-02-25T14:47:56","slug":"tomi-ungerer-in-memoriam","status":"publish","type":"post","link":"https:\/\/www.pamina-business.com\/en\/tomi-ungerer-in-memoriam\/","title":{"rendered":"Tomi Ungerer In Memoriam"},"content":{"rendered":"<nav id=\"breadcrumb\">\n<div class=\"row\">\n<div class=\"col-xs-12 col-lg-6 col-lg-pull-6\">\n<h1 class=\"nomPage\">In memoriam<\/h1>\n<\/div>\n<\/div>\n<\/nav>\n<section id=\"mainSection\"><img decoding=\"async\" src=\"https:\/\/www.eurodistrict-pamina.eu\/globalflexit\/images\/UserFiles\/Image\/divers\/800_607_1_logo-cygne-en-couleurjpg.jpg\" \/><\/p>\n<hr \/>\n<p><span class=\"chapeau\">\u00a0<\/span><\/p>\n<div id=\"u_0_l\" class=\"_li\">\n<div id=\"globalContainer\" class=\"uiContextualLayerParent\">\n<div id=\"content\" class=\"fb_content clearfix \" data-referrer=\"content\">\n<div>\n<div>\n<div class=\"clearfix\">\n<div class=\"_1qkq _1ql0\">\n<div id=\"content_container\">\n<div>\n<div class=\"clearfix\">\n<div id=\"js_2jz\" class=\"_2pie _14i5 _1qkq _1qkx\">\n<div id=\"pagelet_timeline_main_column\">\n<div id=\"id_5c651ed2ac8566875233944\" data-referrer=\"id_5c651ed2ac8566875233944\">\n<div>\n<div id=\"u_jsonp_23_2k\">\n<div class=\"_1xnd\">\n<div class=\"_1xnd\">\n<div class=\"_1xnd\">\n<div class=\"_1xnd\">\n<div class=\"_4-u2 _3xaf _3-95 _4-u8\">\n<div class=\"_5va1 _427x\">\n<div id=\"u_6c_2\" class=\"_4-u2 mbm _4mrt _5jmm _5pat _5v3q _7cqq _4-u8\" data-fte=\"1\" data-ftr=\"1\" data-insertion-position=\"1\">\n<div id=\"u_6c_7\" class=\"_3ccb\" data-ft=\"{&quot;tn&quot;:&quot;-R&quot;}\" data-gt=\"{&quot;type&quot;:&quot;click2canvas&quot;,&quot;fbsource&quot;:703,&quot;ref&quot;:&quot;nf_generic&quot;}\">\n<div class=\"_5pcr userContentWrapper\" data-ft=\"{&quot;tn&quot;:&quot;-R&quot;}\">\n<div class=\"_1dwg _1w_m _q7o\">\n<div>\n<div id=\"js_2ku\" class=\"_5pbx userContent _3576\" data-ft=\"{&quot;tn&quot;:&quot;K&quot;}\">\n<div id=\"u_6c_a\">\n<div class=\"_4p64\">\n<div>Le monde a perdu un grand artiste. Nous d\u00e9plorons la perte de Tomi Ungerer, qui a illustr\u00e9 de nombreux moments de la vie humaine et de l&#8217;histoire avec beaucoup d&#8217;esprit et de courage artistique. On peut \u00e0 juste titre le qualifier de &#8220;p\u00e8re du dessin franco-allemand&#8221;, ainsi nous, ceux qui oeuvrent pour la r\u00e9gion frontali\u00e8re, ressentons dans ce moment de tristesse aussi une grande gratitude.<br \/>\nTomi Ungerer a promu l&#8217;amiti\u00e9 franco-allemande avec son talent incomparable et lui a donn\u00e9 forme et couleur \u00e0 travers ses illustrations.Nous exprimons nos plus sinc\u00e8res condol\u00e9ances \u00e0 la famille, aux proches et aux amis de l&#8217;artiste alsacien.<\/p>\n<p><em>Source<\/em> : <a href=\"http:\/\/www.eurodistrict-pamina.eu\">www.eurodistrict-pamina.eu <\/a><\/p>\n<p><em>Contact<\/em> : <a href=\"&#x6d;&#97;i&#x6c;&#116;&#111;&#x3a;&#x69;&#110;f&#x6f;&#64;e&#x75;&#x72;&#111;d&#x69;&#115;t&#x72;&#x69;&#99;t&#x2d;&#112;a&#x6d;&#x69;&#110;a&#x2e;&#101;u\">&#105;&#110;&#x66;o&#64;&#x65;&#x75;r&#111;&#x64;&#x69;s&#116;&#x72;&#x69;c&#116;&#x2d;&#x70;a&#109;&#x69;&#x6e;a&#46;&#x65;u <\/a><\/p>\n<\/div>\n<\/div>\n<\/div>\n<\/div>\n<\/div>\n<\/div>\n<\/div>\n<\/div>\n<\/div>\n<\/div>\n<\/div>\n<\/div>\n<\/div>\n<\/div>\n<\/div>\n<\/div>\n<\/div>\n<\/div>\n<\/div>\n<\/div>\n<\/div>\n<\/div>\n<\/div>\n<\/div>\n<\/div>\n<\/div>\n<\/div>\n<\/div>\n<\/div>\n<\/div>\n<\/section>\n","protected":false},"excerpt":{"rendered":"<p>In memoriam \u00a0 Le monde a perdu un grand artiste. Nous d\u00e9plorons la perte de Tomi Ungerer, qui a illustr\u00e9 de nombreux moments de la vie humaine et de l&#8217;histoire avec beaucoup d&#8217;esprit et de courage artistique. On peut \u00e0 juste titre le qualifier de &#8220;p\u00e8re du dessin franco-allemand&#8221;, ainsi nous, ceux qui oeuvrent pour [&hellip;]<\/p>\n","protected":false},"author":3,"featured_media":0,"comment_status":"open","ping_status":"open","sticky":false,"template":"","format":"standard","meta":{"_exactmetrics_skip_tracking":false,"_exactmetrics_sitenote_active":false,"_exactmetrics_sitenote_note":"","_exactmetrics_sitenote_category":0,"footnotes":""},"categories":[7],"tags":[],"class_list":["post-3649","post","type-post","status-publish","format-standard","hentry","category-evenements-fr"],"yoast_head":"<!-- This site is optimized with the Yoast SEO plugin v23.5 - https:\/\/yoast.com\/wordpress\/plugins\/seo\/ -->\n<title>Tomi Ungerer In Memoriam - PAMINA Business Club<\/title>\n<meta name=\"robots\" content=\"index, follow, max-snippet:-1, max-image-preview:large, max-video-preview:-1\" \/>\n<link rel=\"canonical\" href=\"https:\/\/www.pamina-business.com\/tomi-ungerer-in-memoriam\/\" \/>\n<meta property=\"og:locale\" content=\"en_US\" \/>\n<meta property=\"og:type\" content=\"article\" \/>\n<meta property=\"og:title\" content=\"Tomi Ungerer In Memoriam - PAMINA Business Club\" \/>\n<meta property=\"og:description\" content=\"In memoriam \u00a0 Le monde a perdu un grand artiste. Nous d\u00e9plorons la perte de Tomi Ungerer, qui a illustr\u00e9 de nombreux moments de la vie humaine et de l&#8217;histoire avec beaucoup d&#8217;esprit et de courage artistique. On peut \u00e0 juste titre le qualifier de &#8220;p\u00e8re du dessin franco-allemand&#8221;, ainsi nous, ceux qui oeuvrent pour [&hellip;]\" \/>\n<meta property=\"og:url\" content=\"https:\/\/www.pamina-business.com\/tomi-ungerer-in-memoriam\/\" \/>\n<meta property=\"og:site_name\" content=\"PAMINA Business Club\" \/>\n<meta property=\"article:published_time\" content=\"2019-02-26T14:45:00+00:00\" \/>\n<meta property=\"article:modified_time\" content=\"2019-02-25T14:47:56+00:00\" \/>\n<meta property=\"og:image\" content=\"https:\/\/www.eurodistrict-pamina.eu\/globalflexit\/images\/UserFiles\/Image\/divers\/800_607_1_logo-cygne-en-couleurjpg.jpg\" \/>\n<meta name=\"author\" content=\"Monique STUTZMANN\" \/>\n<meta name=\"twitter:card\" content=\"summary_large_image\" \/>\n<meta name=\"twitter:label1\" content=\"Written by\" \/>\n\t<meta name=\"twitter:data1\" content=\"Monique STUTZMANN\" \/>\n\t<meta name=\"twitter:label2\" content=\"Est. reading time\" \/>\n\t<meta name=\"twitter:data2\" content=\"1 minute\" \/>\n<script type=\"application\/ld+json\" class=\"yoast-schema-graph\">{\"@context\":\"https:\/\/schema.org\",\"@graph\":[{\"@type\":\"WebPage\",\"@id\":\"https:\/\/www.pamina-business.com\/tomi-ungerer-in-memoriam\/\",\"url\":\"https:\/\/www.pamina-business.com\/tomi-ungerer-in-memoriam\/\",\"name\":\"Tomi Ungerer In Memoriam - PAMINA Business Club\",\"isPartOf\":{\"@id\":\"http:\/\/www.pamina-business.com\/de\/#website\"},\"primaryImageOfPage\":{\"@id\":\"https:\/\/www.pamina-business.com\/tomi-ungerer-in-memoriam\/#primaryimage\"},\"image\":{\"@id\":\"https:\/\/www.pamina-business.com\/tomi-ungerer-in-memoriam\/#primaryimage\"},\"thumbnailUrl\":\"https:\/\/www.eurodistrict-pamina.eu\/globalflexit\/images\/UserFiles\/Image\/divers\/800_607_1_logo-cygne-en-couleurjpg.jpg\",\"datePublished\":\"2019-02-26T14:45:00+00:00\",\"dateModified\":\"2019-02-25T14:47:56+00:00\",\"author\":{\"@id\":\"http:\/\/www.pamina-business.com\/de\/#\/schema\/person\/9ab02536dbdbc5e3ef40bbc3452c8c69\"},\"breadcrumb\":{\"@id\":\"https:\/\/www.pamina-business.com\/tomi-ungerer-in-memoriam\/#breadcrumb\"},\"inLanguage\":\"en-US\",\"potentialAction\":[{\"@type\":\"ReadAction\",\"target\":[\"https:\/\/www.pamina-business.com\/tomi-ungerer-in-memoriam\/\"]}]},{\"@type\":\"ImageObject\",\"inLanguage\":\"en-US\",\"@id\":\"https:\/\/www.pamina-business.com\/tomi-ungerer-in-memoriam\/#primaryimage\",\"url\":\"https:\/\/www.eurodistrict-pamina.eu\/globalflexit\/images\/UserFiles\/Image\/divers\/800_607_1_logo-cygne-en-couleurjpg.jpg\",\"contentUrl\":\"https:\/\/www.eurodistrict-pamina.eu\/globalflexit\/images\/UserFiles\/Image\/divers\/800_607_1_logo-cygne-en-couleurjpg.jpg\"},{\"@type\":\"BreadcrumbList\",\"@id\":\"https:\/\/www.pamina-business.com\/tomi-ungerer-in-memoriam\/#breadcrumb\",\"itemListElement\":[{\"@type\":\"ListItem\",\"position\":1,\"name\":\"Accueil\",\"item\":\"http:\/\/www.pamina-business.com\/en\/\"},{\"@type\":\"ListItem\",\"position\":2,\"name\":\"Tomi Ungerer In Memoriam\"}]},{\"@type\":\"WebSite\",\"@id\":\"http:\/\/www.pamina-business.com\/de\/#website\",\"url\":\"http:\/\/www.pamina-business.com\/de\/\",\"name\":\"PAMINA Business Club\",\"description\":\"Un site utilisant WordPress\",\"potentialAction\":[{\"@type\":\"SearchAction\",\"target\":{\"@type\":\"EntryPoint\",\"urlTemplate\":\"http:\/\/www.pamina-business.com\/de\/?s={search_term_string}\"},\"query-input\":{\"@type\":\"PropertyValueSpecification\",\"valueRequired\":true,\"valueName\":\"search_term_string\"}}],\"inLanguage\":\"en-US\"},{\"@type\":\"Person\",\"@id\":\"http:\/\/www.pamina-business.com\/de\/#\/schema\/person\/9ab02536dbdbc5e3ef40bbc3452c8c69\",\"name\":\"Monique STUTZMANN\",\"image\":{\"@type\":\"ImageObject\",\"inLanguage\":\"en-US\",\"@id\":\"http:\/\/www.pamina-business.com\/de\/#\/schema\/person\/image\/\",\"url\":\"https:\/\/secure.gravatar.com\/avatar\/cc1c3adf9a9f6e969d3da7b6b34ec66f5f4a6844dfc9145380a75e42cd91882e?s=96&d=mm&r=g\",\"contentUrl\":\"https:\/\/secure.gravatar.com\/avatar\/cc1c3adf9a9f6e969d3da7b6b34ec66f5f4a6844dfc9145380a75e42cd91882e?s=96&d=mm&r=g\",\"caption\":\"Monique STUTZMANN\"},\"url\":\"https:\/\/www.pamina-business.com\/en\/author\/monique\/\"}]}<\/script>\n<!-- \/ Yoast SEO plugin. -->","yoast_head_json":{"title":"Tomi Ungerer In Memoriam - PAMINA Business Club","robots":{"index":"index","follow":"follow","max-snippet":"max-snippet:-1","max-image-preview":"max-image-preview:large","max-video-preview":"max-video-preview:-1"},"canonical":"https:\/\/www.pamina-business.com\/tomi-ungerer-in-memoriam\/","og_locale":"en_US","og_type":"article","og_title":"Tomi Ungerer In Memoriam - PAMINA Business Club","og_description":"In memoriam \u00a0 Le monde a perdu un grand artiste. Nous d\u00e9plorons la perte de Tomi Ungerer, qui a illustr\u00e9 de nombreux moments de la vie humaine et de l&#8217;histoire avec beaucoup d&#8217;esprit et de courage artistique. On peut \u00e0 juste titre le qualifier de &#8220;p\u00e8re du dessin franco-allemand&#8221;, ainsi nous, ceux qui oeuvrent pour [&hellip;]","og_url":"https:\/\/www.pamina-business.com\/tomi-ungerer-in-memoriam\/","og_site_name":"PAMINA Business Club","article_published_time":"2019-02-26T14:45:00+00:00","article_modified_time":"2019-02-25T14:47:56+00:00","og_image":[{"url":"https:\/\/www.eurodistrict-pamina.eu\/globalflexit\/images\/UserFiles\/Image\/divers\/800_607_1_logo-cygne-en-couleurjpg.jpg"}],"author":"Monique STUTZMANN","twitter_card":"summary_large_image","twitter_misc":{"Written by":"Monique STUTZMANN","Est. reading time":"1 minute"},"schema":{"@context":"https:\/\/schema.org","@graph":[{"@type":"WebPage","@id":"https:\/\/www.pamina-business.com\/tomi-ungerer-in-memoriam\/","url":"https:\/\/www.pamina-business.com\/tomi-ungerer-in-memoriam\/","name":"Tomi Ungerer In Memoriam - PAMINA Business Club","isPartOf":{"@id":"http:\/\/www.pamina-business.com\/de\/#website"},"primaryImageOfPage":{"@id":"https:\/\/www.pamina-business.com\/tomi-ungerer-in-memoriam\/#primaryimage"},"image":{"@id":"https:\/\/www.pamina-business.com\/tomi-ungerer-in-memoriam\/#primaryimage"},"thumbnailUrl":"https:\/\/www.eurodistrict-pamina.eu\/globalflexit\/images\/UserFiles\/Image\/divers\/800_607_1_logo-cygne-en-couleurjpg.jpg","datePublished":"2019-02-26T14:45:00+00:00","dateModified":"2019-02-25T14:47:56+00:00","author":{"@id":"http:\/\/www.pamina-business.com\/de\/#\/schema\/person\/9ab02536dbdbc5e3ef40bbc3452c8c69"},"breadcrumb":{"@id":"https:\/\/www.pamina-business.com\/tomi-ungerer-in-memoriam\/#breadcrumb"},"inLanguage":"en-US","potentialAction":[{"@type":"ReadAction","target":["https:\/\/www.pamina-business.com\/tomi-ungerer-in-memoriam\/"]}]},{"@type":"ImageObject","inLanguage":"en-US","@id":"https:\/\/www.pamina-business.com\/tomi-ungerer-in-memoriam\/#primaryimage","url":"https:\/\/www.eurodistrict-pamina.eu\/globalflexit\/images\/UserFiles\/Image\/divers\/800_607_1_logo-cygne-en-couleurjpg.jpg","contentUrl":"https:\/\/www.eurodistrict-pamina.eu\/globalflexit\/images\/UserFiles\/Image\/divers\/800_607_1_logo-cygne-en-couleurjpg.jpg"},{"@type":"BreadcrumbList","@id":"https:\/\/www.pamina-business.com\/tomi-ungerer-in-memoriam\/#breadcrumb","itemListElement":[{"@type":"ListItem","position":1,"name":"Accueil","item":"http:\/\/www.pamina-business.com\/en\/"},{"@type":"ListItem","position":2,"name":"Tomi Ungerer In Memoriam"}]},{"@type":"WebSite","@id":"http:\/\/www.pamina-business.com\/de\/#website","url":"http:\/\/www.pamina-business.com\/de\/","name":"PAMINA Business Club","description":"Un site utilisant WordPress","potentialAction":[{"@type":"SearchAction","target":{"@type":"EntryPoint","urlTemplate":"http:\/\/www.pamina-business.com\/de\/?s={search_term_string}"},"query-input":{"@type":"PropertyValueSpecification","valueRequired":true,"valueName":"search_term_string"}}],"inLanguage":"en-US"},{"@type":"Person","@id":"http:\/\/www.pamina-business.com\/de\/#\/schema\/person\/9ab02536dbdbc5e3ef40bbc3452c8c69","name":"Monique STUTZMANN","image":{"@type":"ImageObject","inLanguage":"en-US","@id":"http:\/\/www.pamina-business.com\/de\/#\/schema\/person\/image\/","url":"https:\/\/secure.gravatar.com\/avatar\/cc1c3adf9a9f6e969d3da7b6b34ec66f5f4a6844dfc9145380a75e42cd91882e?s=96&d=mm&r=g","contentUrl":"https:\/\/secure.gravatar.com\/avatar\/cc1c3adf9a9f6e969d3da7b6b34ec66f5f4a6844dfc9145380a75e42cd91882e?s=96&d=mm&r=g","caption":"Monique STUTZMANN"},"url":"https:\/\/www.pamina-business.com\/en\/author\/monique\/"}]}},"_links":{"self":[{"href":"https:\/\/www.pamina-business.com\/en\/wp-json\/wp\/v2\/posts\/3649","targetHints":{"allow":["GET"]}}],"collection":[{"href":"https:\/\/www.pamina-business.com\/en\/wp-json\/wp\/v2\/posts"}],"about":[{"href":"https:\/\/www.pamina-business.com\/en\/wp-json\/wp\/v2\/types\/post"}],"author":[{"embeddable":true,"href":"https:\/\/www.pamina-business.com\/en\/wp-json\/wp\/v2\/users\/3"}],"replies":[{"embeddable":true,"href":"https:\/\/www.pamina-business.com\/en\/wp-json\/wp\/v2\/comments?post=3649"}],"version-history":[{"count":2,"href":"https:\/\/www.pamina-business.com\/en\/wp-json\/wp\/v2\/posts\/3649\/revisions"}],"predecessor-version":[{"id":3651,"href":"https:\/\/www.pamina-business.com\/en\/wp-json\/wp\/v2\/posts\/3649\/revisions\/3651"}],"wp:attachment":[{"href":"https:\/\/www.pamina-business.com\/en\/wp-json\/wp\/v2\/media?parent=3649"}],"wp:term":[{"taxonomy":"category","embeddable":true,"href":"https:\/\/www.pamina-business.com\/en\/wp-json\/wp\/v2\/categories?post=3649"},{"taxonomy":"post_tag","embeddable":true,"href":"https:\/\/www.pamina-business.com\/en\/wp-json\/wp\/v2\/tags?post=3649"}],"curies":[{"name":"wp","href":"https:\/\/api.w.org\/{rel}","templated":true}]}}