{"id":3370,"date":"2018-10-08T09:01:39","date_gmt":"2018-10-08T09:01:39","guid":{"rendered":"http:\/\/www.pamina-business.com\/?p=3370"},"modified":"2018-10-08T09:01:39","modified_gmt":"2018-10-08T09:01:39","slug":"4e-congres-trinational-sur-lenergie-le-6-novembre-2018-a-landau","status":"publish","type":"post","link":"https:\/\/www.pamina-business.com\/en\/4e-congres-trinational-sur-lenergie-le-6-novembre-2018-a-landau\/","title":{"rendered":"4e Congr\u00e8s trinational sur l\u2019\u00e9nergie le 6 novembre 2018 \u00e0 Landau."},"content":{"rendered":"<section id=\"mainSection\">\n<div class=\"fmodele fmodeleScroll tpl_fiche\">\n<div class=\"agendas-fiche\">\n<article class=\"media\">\n<div class=\"media-object\"><img decoding=\"async\" src=\"https:\/\/www.eurodistrict-pamina.eu\/globalflexit\/images\/img_base\/agendas\/835_556_1_logo.jpg\" alt=\"4e Congr\u00e8s trinational sur l\u2019\u00e9nergie le 6 novembre \u00e0 Landau.\" \/><\/div>\n<div class=\"media-body\">\n<h1 class=\"media-heading\"><\/h1>\n<div class=\"contenu\">\n<p>TRION-climate organise depuis 2015 chaque ann\u00e9e un congr\u00e8s franco-germano-suisse de l&#8217;\u00e9nergie. Cet \u00e9v\u00e8nement est soutenu par la Conf\u00e9rence du Rhin sup\u00e9rieur et a d\u00e9j\u00e0 eu lieu \u00e0 Liestal (CH), \u00e0 L\u00f6rrach (DE) et \u00e0 Mulhouse. La 4e \u00e9dition du congr\u00e8s trinational se tiendra \u00e0 Landau en coop\u00e9ration avec l&#8217;agence de l&#8217;\u00e9nergie du Land Rh\u00e9nanie-Palatinat. Le <b>Secr\u00e9taire d&#8217;Etat Dr. Thomas Griese<\/b> prononcera le discours d&#8217;ouverture.<\/p>\n<p>Le congr\u00e8s de cette ann\u00e9e est consacr\u00e9 aux \u00e9nergies renouvelables. Apr\u00e8s la th\u00e9matique majeure des <strong>Pfalzwerke Netz AG<\/strong> sur le d\u00e9veloppement du r\u00e9seau dans le cadre de la transition \u00e9nerg\u00e9tique, des repr\u00e9sentants des collectivit\u00e9s r\u00e9gionales feront le point sur la situation des \u00e9nergies renouvelables dans la r\u00e9gion du Rhin sup\u00e9rieur. <strong>Energie S\u00fcdwest et GRDF<\/strong> interviendront ensuite du point de vue des entreprises sur le th\u00e8me \u00e9nergies renouvelables et valeur ajout\u00e9e pour la r\u00e9gion.<\/p>\n<p>L&#8217;apr\u00e8s-midi, 2 visites de projets phares seront propos\u00e9es en parall\u00e8le (lors de votre inscription, veuillez cocher la visite souhait\u00e9e) :<\/p>\n<p><strong>Visite 1 en France<\/strong>: Centrale g\u00e9othermique ECOGI \u00e0 Rittershoffen, Groupe Electricit\u00e9 de Strasbourg<\/p>\n<p><strong>Visite 2 en Allemagne: <\/strong>Parc \u00e9olien d&#8217;Offenbach + LAMP (Landau Microgrid Project), Energie S\u00fcdwest AG<\/p>\n<p><a class=\"fDefault\" href=\"https:\/\/www.eurodistrict-pamina.eu\/UserFiles\/File\/energie\/programm-4er-trinationaler-energiekongress-erneuerbare-energien-landau-06112018.pdf\" target=\"_blank\">D\u00e9couvrez le programme<\/a><\/p>\n<p>Le congr\u00e8s s&#8217;adresse aux repr\u00e9sentants politiques, administratifs, \u00e9conomiques et scientifiques. Une traduction simultan\u00e9e sera propos\u00e9e. <strong>L&#8217;inscription est gratuite mais obligatoire<\/strong> avant le <strong>30 octobre<\/strong> sur <a class=\"fDefault\" href=\"https:\/\/www.trion-climate.net\/text\/1\/fr\/startseite.html\" target=\"_blank\">www.trion-climate.net<\/a>. Les places \u00e9tant limit\u00e9es, notamment pour les visites, les adh\u00e9rents de TRION-climate seront prioritaires.<\/p>\n<\/div>\n<p><em>Source<\/em> : <a href=\"http:\/\/www.eurodistrict-pamina.eu\">www.eurodistrict-pamina.eu<\/a><\/p>\n<p><em>Information<\/em>\u00a0 :<a href=\"mai&#108;&#116;&#111;&#58;&#x69;&#x6e;&#x66;&#x6f;&#x40;&#x65;&#x75;rod&#105;&#115;&#116;&#114;&#105;&#x63;&#x74;&#x2d;&#x70;&#x61;&#x6d;ina&#46;&#101;&#117;\"> &#x69;&#x6e;&#x66;&#x6f;&#x40;&#x65;&#x75;&#x72;&#x6f;&#x64;&#x69;&#x73;&#x74;&#x72;&#x69;&#x63;&#x74;&#x2d;&#x70;&#x61;&#x6d;&#x69;&#x6e;&#x61;&#x2e;&#x65;&#x75;\u00a0 <\/a><\/p>\n<\/div>\n<\/article>\n<\/div>\n<\/div>\n<\/section>\n","protected":false},"excerpt":{"rendered":"<p>TRION-climate organise depuis 2015 chaque ann\u00e9e un congr\u00e8s franco-germano-suisse de l&#8217;\u00e9nergie. Cet \u00e9v\u00e8nement est soutenu par la Conf\u00e9rence du Rhin sup\u00e9rieur et a d\u00e9j\u00e0 eu lieu \u00e0 Liestal (CH), \u00e0 L\u00f6rrach (DE) et \u00e0 Mulhouse. La 4e \u00e9dition du congr\u00e8s trinational se tiendra \u00e0 Landau en coop\u00e9ration avec l&#8217;agence de l&#8217;\u00e9nergie du Land Rh\u00e9nanie-Palatinat. Le [&hellip;]<\/p>\n","protected":false},"author":3,"featured_media":0,"comment_status":"open","ping_status":"open","sticky":false,"template":"","format":"standard","meta":{"_exactmetrics_skip_tracking":false,"_exactmetrics_sitenote_active":false,"_exactmetrics_sitenote_note":"","_exactmetrics_sitenote_category":0,"footnotes":""},"categories":[50,7],"tags":[],"class_list":["post-3370","post","type-post","status-publish","format-standard","hentry","category-energie-fr","category-evenements-fr"],"yoast_head":"<!-- This site is optimized with the Yoast SEO plugin v23.5 - https:\/\/yoast.com\/wordpress\/plugins\/seo\/ -->\n<title>4e Congr\u00e8s trinational sur l\u2019\u00e9nergie le 6 novembre 2018 \u00e0 Landau. - PAMINA Business Club<\/title>\n<meta name=\"robots\" content=\"index, follow, max-snippet:-1, max-image-preview:large, max-video-preview:-1\" \/>\n<link rel=\"canonical\" href=\"https:\/\/www.pamina-business.com\/4e-congres-trinational-sur-lenergie-le-6-novembre-2018-a-landau\/\" \/>\n<meta property=\"og:locale\" content=\"en_US\" \/>\n<meta property=\"og:type\" content=\"article\" \/>\n<meta property=\"og:title\" content=\"4e Congr\u00e8s trinational sur l\u2019\u00e9nergie le 6 novembre 2018 \u00e0 Landau. - PAMINA Business Club\" \/>\n<meta property=\"og:description\" content=\"TRION-climate organise depuis 2015 chaque ann\u00e9e un congr\u00e8s franco-germano-suisse de l&#8217;\u00e9nergie. Cet \u00e9v\u00e8nement est soutenu par la Conf\u00e9rence du Rhin sup\u00e9rieur et a d\u00e9j\u00e0 eu lieu \u00e0 Liestal (CH), \u00e0 L\u00f6rrach (DE) et \u00e0 Mulhouse. La 4e \u00e9dition du congr\u00e8s trinational se tiendra \u00e0 Landau en coop\u00e9ration avec l&#8217;agence de l&#8217;\u00e9nergie du Land Rh\u00e9nanie-Palatinat. Le [&hellip;]\" \/>\n<meta property=\"og:url\" content=\"https:\/\/www.pamina-business.com\/4e-congres-trinational-sur-lenergie-le-6-novembre-2018-a-landau\/\" \/>\n<meta property=\"og:site_name\" content=\"PAMINA Business Club\" \/>\n<meta property=\"article:published_time\" content=\"2018-10-08T09:01:39+00:00\" \/>\n<meta property=\"og:image\" content=\"https:\/\/www.eurodistrict-pamina.eu\/globalflexit\/images\/img_base\/agendas\/835_556_1_logo.jpg\" \/>\n<meta name=\"author\" content=\"Monique STUTZMANN\" \/>\n<meta name=\"twitter:card\" content=\"summary_large_image\" \/>\n<meta name=\"twitter:label1\" content=\"Written by\" \/>\n\t<meta name=\"twitter:data1\" content=\"Monique STUTZMANN\" \/>\n\t<meta name=\"twitter:label2\" content=\"Est. reading time\" \/>\n\t<meta name=\"twitter:data2\" content=\"1 minute\" \/>\n<script type=\"application\/ld+json\" class=\"yoast-schema-graph\">{\"@context\":\"https:\/\/schema.org\",\"@graph\":[{\"@type\":\"WebPage\",\"@id\":\"https:\/\/www.pamina-business.com\/4e-congres-trinational-sur-lenergie-le-6-novembre-2018-a-landau\/\",\"url\":\"https:\/\/www.pamina-business.com\/4e-congres-trinational-sur-lenergie-le-6-novembre-2018-a-landau\/\",\"name\":\"4e Congr\u00e8s trinational sur l\u2019\u00e9nergie le 6 novembre 2018 \u00e0 Landau. - PAMINA Business Club\",\"isPartOf\":{\"@id\":\"http:\/\/www.pamina-business.com\/de\/#website\"},\"primaryImageOfPage\":{\"@id\":\"https:\/\/www.pamina-business.com\/4e-congres-trinational-sur-lenergie-le-6-novembre-2018-a-landau\/#primaryimage\"},\"image\":{\"@id\":\"https:\/\/www.pamina-business.com\/4e-congres-trinational-sur-lenergie-le-6-novembre-2018-a-landau\/#primaryimage\"},\"thumbnailUrl\":\"https:\/\/www.eurodistrict-pamina.eu\/globalflexit\/images\/img_base\/agendas\/835_556_1_logo.jpg\",\"datePublished\":\"2018-10-08T09:01:39+00:00\",\"dateModified\":\"2018-10-08T09:01:39+00:00\",\"author\":{\"@id\":\"http:\/\/www.pamina-business.com\/de\/#\/schema\/person\/9ab02536dbdbc5e3ef40bbc3452c8c69\"},\"breadcrumb\":{\"@id\":\"https:\/\/www.pamina-business.com\/4e-congres-trinational-sur-lenergie-le-6-novembre-2018-a-landau\/#breadcrumb\"},\"inLanguage\":\"en-US\",\"potentialAction\":[{\"@type\":\"ReadAction\",\"target\":[\"https:\/\/www.pamina-business.com\/4e-congres-trinational-sur-lenergie-le-6-novembre-2018-a-landau\/\"]}]},{\"@type\":\"ImageObject\",\"inLanguage\":\"en-US\",\"@id\":\"https:\/\/www.pamina-business.com\/4e-congres-trinational-sur-lenergie-le-6-novembre-2018-a-landau\/#primaryimage\",\"url\":\"https:\/\/www.eurodistrict-pamina.eu\/globalflexit\/images\/img_base\/agendas\/835_556_1_logo.jpg\",\"contentUrl\":\"https:\/\/www.eurodistrict-pamina.eu\/globalflexit\/images\/img_base\/agendas\/835_556_1_logo.jpg\"},{\"@type\":\"BreadcrumbList\",\"@id\":\"https:\/\/www.pamina-business.com\/4e-congres-trinational-sur-lenergie-le-6-novembre-2018-a-landau\/#breadcrumb\",\"itemListElement\":[{\"@type\":\"ListItem\",\"position\":1,\"name\":\"Accueil\",\"item\":\"http:\/\/www.pamina-business.com\/en\/\"},{\"@type\":\"ListItem\",\"position\":2,\"name\":\"4e Congr\u00e8s trinational sur l\u2019\u00e9nergie le 6 novembre 2018 \u00e0 Landau.\"}]},{\"@type\":\"WebSite\",\"@id\":\"http:\/\/www.pamina-business.com\/de\/#website\",\"url\":\"http:\/\/www.pamina-business.com\/de\/\",\"name\":\"PAMINA Business Club\",\"description\":\"Un site utilisant WordPress\",\"potentialAction\":[{\"@type\":\"SearchAction\",\"target\":{\"@type\":\"EntryPoint\",\"urlTemplate\":\"http:\/\/www.pamina-business.com\/de\/?s={search_term_string}\"},\"query-input\":{\"@type\":\"PropertyValueSpecification\",\"valueRequired\":true,\"valueName\":\"search_term_string\"}}],\"inLanguage\":\"en-US\"},{\"@type\":\"Person\",\"@id\":\"http:\/\/www.pamina-business.com\/de\/#\/schema\/person\/9ab02536dbdbc5e3ef40bbc3452c8c69\",\"name\":\"Monique STUTZMANN\",\"image\":{\"@type\":\"ImageObject\",\"inLanguage\":\"en-US\",\"@id\":\"http:\/\/www.pamina-business.com\/de\/#\/schema\/person\/image\/\",\"url\":\"https:\/\/secure.gravatar.com\/avatar\/cc1c3adf9a9f6e969d3da7b6b34ec66f5f4a6844dfc9145380a75e42cd91882e?s=96&d=mm&r=g\",\"contentUrl\":\"https:\/\/secure.gravatar.com\/avatar\/cc1c3adf9a9f6e969d3da7b6b34ec66f5f4a6844dfc9145380a75e42cd91882e?s=96&d=mm&r=g\",\"caption\":\"Monique STUTZMANN\"},\"url\":\"https:\/\/www.pamina-business.com\/en\/author\/monique\/\"}]}<\/script>\n<!-- \/ Yoast SEO plugin. -->","yoast_head_json":{"title":"4e Congr\u00e8s trinational sur l\u2019\u00e9nergie le 6 novembre 2018 \u00e0 Landau. - PAMINA Business Club","robots":{"index":"index","follow":"follow","max-snippet":"max-snippet:-1","max-image-preview":"max-image-preview:large","max-video-preview":"max-video-preview:-1"},"canonical":"https:\/\/www.pamina-business.com\/4e-congres-trinational-sur-lenergie-le-6-novembre-2018-a-landau\/","og_locale":"en_US","og_type":"article","og_title":"4e Congr\u00e8s trinational sur l\u2019\u00e9nergie le 6 novembre 2018 \u00e0 Landau. - PAMINA Business Club","og_description":"TRION-climate organise depuis 2015 chaque ann\u00e9e un congr\u00e8s franco-germano-suisse de l&#8217;\u00e9nergie. Cet \u00e9v\u00e8nement est soutenu par la Conf\u00e9rence du Rhin sup\u00e9rieur et a d\u00e9j\u00e0 eu lieu \u00e0 Liestal (CH), \u00e0 L\u00f6rrach (DE) et \u00e0 Mulhouse. La 4e \u00e9dition du congr\u00e8s trinational se tiendra \u00e0 Landau en coop\u00e9ration avec l&#8217;agence de l&#8217;\u00e9nergie du Land Rh\u00e9nanie-Palatinat. Le [&hellip;]","og_url":"https:\/\/www.pamina-business.com\/4e-congres-trinational-sur-lenergie-le-6-novembre-2018-a-landau\/","og_site_name":"PAMINA Business Club","article_published_time":"2018-10-08T09:01:39+00:00","og_image":[{"url":"https:\/\/www.eurodistrict-pamina.eu\/globalflexit\/images\/img_base\/agendas\/835_556_1_logo.jpg"}],"author":"Monique STUTZMANN","twitter_card":"summary_large_image","twitter_misc":{"Written by":"Monique STUTZMANN","Est. reading time":"1 minute"},"schema":{"@context":"https:\/\/schema.org","@graph":[{"@type":"WebPage","@id":"https:\/\/www.pamina-business.com\/4e-congres-trinational-sur-lenergie-le-6-novembre-2018-a-landau\/","url":"https:\/\/www.pamina-business.com\/4e-congres-trinational-sur-lenergie-le-6-novembre-2018-a-landau\/","name":"4e Congr\u00e8s trinational sur l\u2019\u00e9nergie le 6 novembre 2018 \u00e0 Landau. - PAMINA Business Club","isPartOf":{"@id":"http:\/\/www.pamina-business.com\/de\/#website"},"primaryImageOfPage":{"@id":"https:\/\/www.pamina-business.com\/4e-congres-trinational-sur-lenergie-le-6-novembre-2018-a-landau\/#primaryimage"},"image":{"@id":"https:\/\/www.pamina-business.com\/4e-congres-trinational-sur-lenergie-le-6-novembre-2018-a-landau\/#primaryimage"},"thumbnailUrl":"https:\/\/www.eurodistrict-pamina.eu\/globalflexit\/images\/img_base\/agendas\/835_556_1_logo.jpg","datePublished":"2018-10-08T09:01:39+00:00","dateModified":"2018-10-08T09:01:39+00:00","author":{"@id":"http:\/\/www.pamina-business.com\/de\/#\/schema\/person\/9ab02536dbdbc5e3ef40bbc3452c8c69"},"breadcrumb":{"@id":"https:\/\/www.pamina-business.com\/4e-congres-trinational-sur-lenergie-le-6-novembre-2018-a-landau\/#breadcrumb"},"inLanguage":"en-US","potentialAction":[{"@type":"ReadAction","target":["https:\/\/www.pamina-business.com\/4e-congres-trinational-sur-lenergie-le-6-novembre-2018-a-landau\/"]}]},{"@type":"ImageObject","inLanguage":"en-US","@id":"https:\/\/www.pamina-business.com\/4e-congres-trinational-sur-lenergie-le-6-novembre-2018-a-landau\/#primaryimage","url":"https:\/\/www.eurodistrict-pamina.eu\/globalflexit\/images\/img_base\/agendas\/835_556_1_logo.jpg","contentUrl":"https:\/\/www.eurodistrict-pamina.eu\/globalflexit\/images\/img_base\/agendas\/835_556_1_logo.jpg"},{"@type":"BreadcrumbList","@id":"https:\/\/www.pamina-business.com\/4e-congres-trinational-sur-lenergie-le-6-novembre-2018-a-landau\/#breadcrumb","itemListElement":[{"@type":"ListItem","position":1,"name":"Accueil","item":"http:\/\/www.pamina-business.com\/en\/"},{"@type":"ListItem","position":2,"name":"4e Congr\u00e8s trinational sur l\u2019\u00e9nergie le 6 novembre 2018 \u00e0 Landau."}]},{"@type":"WebSite","@id":"http:\/\/www.pamina-business.com\/de\/#website","url":"http:\/\/www.pamina-business.com\/de\/","name":"PAMINA Business Club","description":"Un site utilisant WordPress","potentialAction":[{"@type":"SearchAction","target":{"@type":"EntryPoint","urlTemplate":"http:\/\/www.pamina-business.com\/de\/?s={search_term_string}"},"query-input":{"@type":"PropertyValueSpecification","valueRequired":true,"valueName":"search_term_string"}}],"inLanguage":"en-US"},{"@type":"Person","@id":"http:\/\/www.pamina-business.com\/de\/#\/schema\/person\/9ab02536dbdbc5e3ef40bbc3452c8c69","name":"Monique STUTZMANN","image":{"@type":"ImageObject","inLanguage":"en-US","@id":"http:\/\/www.pamina-business.com\/de\/#\/schema\/person\/image\/","url":"https:\/\/secure.gravatar.com\/avatar\/cc1c3adf9a9f6e969d3da7b6b34ec66f5f4a6844dfc9145380a75e42cd91882e?s=96&d=mm&r=g","contentUrl":"https:\/\/secure.gravatar.com\/avatar\/cc1c3adf9a9f6e969d3da7b6b34ec66f5f4a6844dfc9145380a75e42cd91882e?s=96&d=mm&r=g","caption":"Monique STUTZMANN"},"url":"https:\/\/www.pamina-business.com\/en\/author\/monique\/"}]}},"_links":{"self":[{"href":"https:\/\/www.pamina-business.com\/en\/wp-json\/wp\/v2\/posts\/3370","targetHints":{"allow":["GET"]}}],"collection":[{"href":"https:\/\/www.pamina-business.com\/en\/wp-json\/wp\/v2\/posts"}],"about":[{"href":"https:\/\/www.pamina-business.com\/en\/wp-json\/wp\/v2\/types\/post"}],"author":[{"embeddable":true,"href":"https:\/\/www.pamina-business.com\/en\/wp-json\/wp\/v2\/users\/3"}],"replies":[{"embeddable":true,"href":"https:\/\/www.pamina-business.com\/en\/wp-json\/wp\/v2\/comments?post=3370"}],"version-history":[{"count":1,"href":"https:\/\/www.pamina-business.com\/en\/wp-json\/wp\/v2\/posts\/3370\/revisions"}],"predecessor-version":[{"id":3371,"href":"https:\/\/www.pamina-business.com\/en\/wp-json\/wp\/v2\/posts\/3370\/revisions\/3371"}],"wp:attachment":[{"href":"https:\/\/www.pamina-business.com\/en\/wp-json\/wp\/v2\/media?parent=3370"}],"wp:term":[{"taxonomy":"category","embeddable":true,"href":"https:\/\/www.pamina-business.com\/en\/wp-json\/wp\/v2\/categories?post=3370"},{"taxonomy":"post_tag","embeddable":true,"href":"https:\/\/www.pamina-business.com\/en\/wp-json\/wp\/v2\/tags?post=3370"}],"curies":[{"name":"wp","href":"https:\/\/api.w.org\/{rel}","templated":true}]}}