{"id":3184,"date":"2018-06-25T13:07:24","date_gmt":"2018-06-25T13:07:24","guid":{"rendered":"http:\/\/www.pamina-business.com\/?p=3184"},"modified":"2018-06-05T13:21:05","modified_gmt":"2018-06-05T13:21:05","slug":"chantiers-fermetures-completes-itineraires-alternatifs-informations-concernant-les-travaux-sur-les-ponts-du-rhin","status":"publish","type":"post","link":"https:\/\/www.pamina-business.com\/en\/chantiers-fermetures-completes-itineraires-alternatifs-informations-concernant-les-travaux-sur-les-ponts-du-rhin\/","title":{"rendered":"Chantiers- fermetures compl\u00e8tes &#8211; itin\u00e9raires alternatifs: informations concernant les travaux sur les ponts du Rhin"},"content":{"rendered":"<section id=\"mainSection\">\n<div class=\"fmodele tpl_fiche\">\n<div class=\"agendas-fiche\">\n<article class=\"media\">\n<div class=\"media-object\"><img decoding=\"async\" src=\"http:\/\/www.eurodistrict-pamina.eu\/globalflexit\/images\/img_base\/agendas\/835_556_1_621601-original-r-k-b-by-sebastian-gobel-pixeliode.jpg\" alt=\"Chantiers- fermetures compl\u00e8tes - itin\u00e9raires alternatifs: informations concernant les travaux sur les ponts du Rhin\" \/><\/div>\n<div class=\"media-body\"><br class=\"media-heading\" \/><\/p>\n<div class=\"contenu\">En \u00e9t\u00e9 2018, la patience s&#8217;impose ! Les travaux de construction du pont rh\u00e9nan Karlsruhe-Maxau et la fermeture compl\u00e8te du pont rh\u00e9nan entre Gambsheim et Rheinau entra\u00eenent des goulets d&#8217;\u00e9tranglement et des changements dans la gestion du trafic.<\/p>\n<p><span class=\"chapeau\">Pont du Rhin Karlsruhe-Maxau : R\u00e9novation \u00e0 partir d&#8217;ao\u00fbt 2018<\/span><\/p>\n<p>La dur\u00e9e de la r\u00e9novation en deux phases est estim\u00e9e \u00e0 14 mois, commen\u00e7ant en ao\u00fbt 2018. Deux voies seront disponibles dans chaque direction pendant les travaux. De plus, le pont sera enti\u00e8rement ferm\u00e9 pendant six week-ends. Les cyclistes ne sont pas affect\u00e9s par les fermetures et peuvent utiliser le pont \u00e0 tout moment.<br \/>\nEn raison des d\u00e9viations recommand\u00e9es via Speyer et Iffezheim, il peut y avoir une augmentation du trafic et des embouteillages sur les deux itin\u00e9raires alternatifs.<\/p>\n<h3 class=\"fDefault\">Itin\u00e9raires alternatifs<\/h3>\n<p><span class=\"caps\"><strong><span class=\"chapeau2\">Dans le Nord<\/span><\/strong><\/span><br \/>\nLes ponts du Rhin \u00e0 Speyer sont une alternative. Cependant, l&#8217;itin\u00e9raire alternatif via le pont sud du Rhin de Speyer n&#8217;est possible que jusqu&#8217;en janvier 2019, date \u00e0 laquelle il sera \u00e9galement largement r\u00e9nov\u00e9 pendant 20 mois. Le d\u00e9tour dure 50 minutes de plus avec une distance suppl\u00e9mentaire de pr\u00e8s de 85 km.<br \/>\nL&#8217;autre pont est celui qui se trouve entre Germersheim et Bruchsal. Gr\u00e2ce \u00e0 la bonne connexion avec les B35, B36 et B9, il offre une alternative convenable. Le d\u00e9tour fait pr\u00e8s de 60 km et dure environ 37 minutes de plus.<br \/>\nEn outre, le ferry rh\u00e9nan entre Leimersheim et Leopolshafen peut \u00e9galement \u00eatre utilis\u00e9. Le d\u00e9tour couvre 23 km suppl\u00e9mentaires et dure pr\u00e8s de 40 minutes de plus.<\/p>\n<p><span class=\"chapeau2\"><span class=\"caps\"><strong>Dans le sud<\/strong><\/span><\/span><br \/>\nUne alternative dans le sud est le pont entre Beinheim et Wintersdorf pr\u00e8s de Rastatt. L&#8217;itin\u00e9raire alternatif couvre 60 km suppl\u00e9mentaires et dure pr\u00e8s de 50 minutes de plus. Il convient toutefois de noter que ce pont est d\u00e9j\u00e0 tr\u00e8s fr\u00e9quent\u00e9 aux heures de pointe.<br \/>\nDe plus, il est \u00e9galement possible de traverser le Rhin par le barrage d&#8217;Iffezheim, qui a \u00e9t\u00e9 enti\u00e8rement r\u00e9nov\u00e9 de 2011 \u00e0 2012 et assure un bon acc\u00e8s \u00e0 l&#8217;autoroute pr\u00e8s de Baden-Baden par la B500. Le d\u00e9tour prend 63 km et 50 minutes de plus.<br \/>\nEn outre, un bac rh\u00e9nan peut \u00e9galement \u00eatre utilis\u00e9. Le trajet en bac entre Neuburg et Neuburgweier dure pr\u00e8s de 20 minutes de plus et couvre 11 km.<br \/>\nPour les itin\u00e9raires alternatifs menant au sud de Karlsruhe, il faut \u00e9galement tenir compte du fait qu&#8217;\u00e0 partir du mois de juin, une partie de l&#8217;A5 sera r\u00e9duite \u00e0 deux voies en raison de travaux de construction, ce qui peut entra\u00eener des retards suppl\u00e9mentaires.<\/p>\n<h3 class=\"fDefault\"><strong>Transports publics locaux<\/strong><\/h3>\n<p>Dans le cadre des travaux de construction et du volume de trafic \u00e9lev\u00e9, les usagers sont appel\u00e9s \u00e0 privil\u00e9gier les transports publics locaux. La bonne connexion entre le Palatinat et le Pays de Bade permet un gain de temps. Les heures exactes peuvent \u00eatre trouv\u00e9es sur le site web de la Deutsche Bahn.<\/p>\n<p><span class=\"chapeau\">Pont rh\u00e9nan de Gambsheim \u00e0 Rheinau\/Freistett : fermeture compl\u00e8te \u00e0 partir de juin 2018<\/span><\/p>\n<p>A partir du 4 juin 2018, le poste fronti\u00e8re de Gambsheim sera enti\u00e8rement ferm\u00e9 pendant au moins trois mois. Du 25 au 28 avril et du 2 au 5 mai, il y aura d\u00e9j\u00e0 deux fermetures compl\u00e8tes suppl\u00e9mentaires pendant la nuit. Jusqu&#8217;\u00e0 ce que le pont soit compl\u00e8tement ferm\u00e9, la circulation est contr\u00f4l\u00e9e par un syst\u00e8me de feux de circulation. Le Regierungspr\u00e4sidium de Fribourg du c\u00f4t\u00e9 allemand et le d\u00e9partement du Bas-Rhin du c\u00f4t\u00e9 fran\u00e7ais informeront des d\u00e9lais exacts deux semaines \u00e0 l&#8217;avance.<br \/>\nLes conducteurs d\u00e9pendent des d\u00e9viations via Iffezheim ou le ferry \u00e0 Drusenheim. Le d\u00e9tour par Iffezheim prend 5 km et 7 minutes de plus. Le bac de Drusenheim sera exploit\u00e9 plus fr\u00e9quemment et pour des p\u00e9riodes plus longues pendant les travaux de construction jusqu&#8217;\u00e0 la fin septembre :<\/p>\n<p><span class=\"chapeau2\"><strong>Jusqu&#8217;au 4 juin 2018<\/strong><\/span><br \/>\n5:00h &#8211; 20:00h en semaine<br \/>\n6:30h &#8211; 20:00h les week-ends et jours f\u00e9ri\u00e9s<\/p>\n<p><span class=\"chapeau2\"><strong>Du 4 juin au 31 ao\u00fbt 2018<\/strong><\/span><br \/>\n5:00h &#8211; 22:30h les jours ouvrables<br \/>\n6:30h &#8211; 22:00h les week-ends et jours f\u00e9ri\u00e9s<\/p>\n<p><span class=\"chapeau2\"><strong>Du 31 ao\u00fbt 2018 jusqu&#8217;\u00e0 l&#8217;ach\u00e8vement pr\u00e9vu des travaux de construction<\/strong><\/span><br \/>\n5:00h &#8211; 20:00h en semaine<br \/>\n6:30h &#8211; 20:00h les week-ends et jours f\u00e9ri\u00e9s<\/p>\n<h3 class=\"fDefault\">Navette<\/h3>\n<p>Pour les frontaliers concern\u00e9s, le <a class=\"fDefault\" href=\"https:\/\/www.ortenaukreis.de\/busshuttle\" target=\"_blank\">Landratsamt Ortenaukreis<\/a> met \u00e0 disposition une navette pour les lignes<br \/>\n<a class=\"fDefault\" href=\"https:\/\/www.ortenaukreis.de\/media\/custom\/2390_3544_1.PDF?1524727836\" target=\"_blank\">Rheinau-Freistett,<br \/>\nRheinau-Rheinbischofsheim<\/a>,<br \/>\n<a class=\"fDefault\" href=\"https:\/\/www.ortenaukreis.de\/media\/custom\/2390_3542_1.PDF?1524662421\" target=\"_blank\">Achern <\/a>et<br \/>\n<a class=\"fDefault\" href=\"https:\/\/www.ortenaukreis.de\/media\/custom\/2390_3543_1.PDF?1524662446\" target=\"_blank\">Achern-Gamshurst<\/a>.<br \/>\nLes horaires s&#8217;orientent aux services des entreprises de la r\u00e9gion.<br \/>\nEn outre, des parkings doivent \u00eatre cr\u00e9\u00e9s des deux c\u00f4t\u00e9s du Rhin afin de r\u00e9duire le nombre de v\u00e9hicules sur les ferries.<\/p>\n<p><span class=\"chapeau\">Pont du Rhin Speyer : fermeture compl\u00e8te \u00e0 partir de janvier 2019<\/span><\/p>\n<p>Les travaux de construction du pont sur le Rhin de Speyer (liaison B39) devraient d\u00e9buter en janvier 2019 et s&#8217;achever en novembre 2020. Le pont est compl\u00e8tement ferm\u00e9 pendant cette p\u00e9riode.<br \/>\nL&#8217;alternative directe est l&#8217;autre pont sur le Rhin \u00e0 Speyer, qui se trouve \u00e0 trois kilom\u00e8tres au nord. Au sud, le pont rh\u00e9nan de Germersheim \u00e0 Bruchsal peut \u00eatre utilis\u00e9 comme alternative. Le d\u00e9tour sud s&#8217;\u00e9l\u00e8ve \u00e0 une bonne cinquantaine de kilom\u00e8tres et prend 39 minutes de plus.<\/p>\n<p><span class=\"chapeau\">Les \u00a0passages du Rhin et de leurs chantiers de construction<\/span><\/p>\n<table border=\"1\" cellspacing=\"0\" cellpadding=\"0\">\n<tbody>\n<tr>\n<td>Beinheim \u2013 Wintersdorf<\/td>\n<td>Voiture<\/td>\n<td>\/\/\/<\/td>\n<\/tr>\n<tr>\n<td>Drusenheim \u2013 Greffern<\/td>\n<td>Bac<\/td>\n<td>\/\/\/<\/td>\n<\/tr>\n<tr>\n<td>Gambsheim \u2013 Rheinau\/ Freistett<\/td>\n<td>Voiture<\/td>\n<td>Fermeture compl\u00e8te \u00e0 partir de janvier 2019<\/td>\n<\/tr>\n<tr>\n<td>Germersheim \u2013 Bruchsal<\/td>\n<td>Voiture<\/td>\n<td>\/\/\/<\/td>\n<\/tr>\n<tr>\n<td>Iffezheim \u2013 Roppenheim<\/td>\n<td>Voiture<\/td>\n<td>\/\/\/<\/td>\n<\/tr>\n<tr>\n<td>Leimersheim \u2013 Leopoldshafen<\/td>\n<td>Bac<\/td>\n<td>\/\/\/<\/td>\n<\/tr>\n<tr>\n<td>Neuburg &#8211; Neuburgweier<\/td>\n<td>Bac<\/td>\n<td>\/\/\/<\/td>\n<\/tr>\n<tr>\n<td>Karlsruhe-Maxau<\/td>\n<td>Voiture, Train<\/td>\n<td>R\u00e9duction des chauss\u00e9es \u00e0 partir de 2018; en outre plusieurs fermetures compl\u00e8tes<\/td>\n<\/tr>\n<tr>\n<td>Seltz \u2013 Plittersdorf<\/td>\n<td>Bac<\/td>\n<td>\/\/\/<\/td>\n<\/tr>\n<tr>\n<td>Spire \u2013 Hockenheim A61<\/td>\n<td>Voiture<\/td>\n<td>\/\/\/<\/td>\n<\/tr>\n<tr>\n<td>Spire \u2013 Hockenheim B39<\/td>\n<td>Voiture<\/td>\n<td>fermeture compl\u00e8te \u00e0 partir de janvier 2019<\/td>\n<\/tr>\n<\/tbody>\n<\/table>\n<p><img decoding=\"async\" src=\"http:\/\/www.eurodistrict-pamina.eu\/globalflexit\/images\/UserFiles\/Image\/verkehr\/1100_778_1_rheinubergange.jpg\" \/><br \/>\n<span class=\"legende\"><em>Source de la carte<\/em>: Regionalverband Mittlerer Oberrhein<br \/>\n<em>Source de l&#8217;image:<\/em> Sebastian G\u00f6bel \/ pixelio.de<\/span><\/div>\n<\/div>\n<div class=\"contenu\"><em>Source du texte<\/em> : Eurodistrit Pamina<\/div>\n<div class=\"contenu\"><a href=\"http:\/\/www.eurodistrict-pamina.eu\">www.eurodistrict-pamina.eu <\/a><\/div>\n<\/article>\n<\/div>\n<\/div>\n<\/section>\n","protected":false},"excerpt":{"rendered":"<p>En \u00e9t\u00e9 2018, la patience s&#8217;impose ! Les travaux de construction du pont rh\u00e9nan Karlsruhe-Maxau et la fermeture compl\u00e8te du pont rh\u00e9nan entre Gambsheim et Rheinau entra\u00eenent des goulets d&#8217;\u00e9tranglement et des changements dans la gestion du trafic. Pont du Rhin Karlsruhe-Maxau : R\u00e9novation \u00e0 partir d&#8217;ao\u00fbt 2018 La dur\u00e9e de la r\u00e9novation en deux [&hellip;]<\/p>\n","protected":false},"author":3,"featured_media":0,"comment_status":"open","ping_status":"open","sticky":false,"template":"","format":"standard","meta":{"_exactmetrics_skip_tracking":false,"_exactmetrics_sitenote_active":false,"_exactmetrics_sitenote_note":"","_exactmetrics_sitenote_category":0,"footnotes":""},"categories":[11],"tags":[],"class_list":["post-3184","post","type-post","status-publish","format-standard","hentry","category-mobilite-fr"],"yoast_head":"<!-- This site is optimized with the Yoast SEO plugin v23.5 - https:\/\/yoast.com\/wordpress\/plugins\/seo\/ -->\n<title>Chantiers- fermetures compl\u00e8tes - itin\u00e9raires alternatifs: informations concernant les travaux sur les ponts du Rhin - PAMINA Business Club<\/title>\n<meta name=\"robots\" content=\"index, follow, max-snippet:-1, max-image-preview:large, max-video-preview:-1\" \/>\n<link rel=\"canonical\" href=\"https:\/\/www.pamina-business.com\/de\/chantiers-fermetures-completes-itineraires-alternatifs-informations-concernant-les-travaux-sur-les-ponts-du-rhin\/\" \/>\n<meta property=\"og:locale\" content=\"en_US\" \/>\n<meta property=\"og:type\" content=\"article\" \/>\n<meta property=\"og:title\" content=\"Chantiers- fermetures compl\u00e8tes - itin\u00e9raires alternatifs: informations concernant les travaux sur les ponts du Rhin - PAMINA Business Club\" \/>\n<meta property=\"og:description\" content=\"En \u00e9t\u00e9 2018, la patience s&#8217;impose ! Les travaux de construction du pont rh\u00e9nan Karlsruhe-Maxau et la fermeture compl\u00e8te du pont rh\u00e9nan entre Gambsheim et Rheinau entra\u00eenent des goulets d&#8217;\u00e9tranglement et des changements dans la gestion du trafic. Pont du Rhin Karlsruhe-Maxau : R\u00e9novation \u00e0 partir d&#8217;ao\u00fbt 2018 La dur\u00e9e de la r\u00e9novation en deux [&hellip;]\" \/>\n<meta property=\"og:url\" content=\"https:\/\/www.pamina-business.com\/de\/chantiers-fermetures-completes-itineraires-alternatifs-informations-concernant-les-travaux-sur-les-ponts-du-rhin\/\" \/>\n<meta property=\"og:site_name\" content=\"PAMINA Business Club\" \/>\n<meta property=\"article:published_time\" content=\"2018-06-25T13:07:24+00:00\" \/>\n<meta property=\"article:modified_time\" content=\"2018-06-05T13:21:05+00:00\" \/>\n<meta property=\"og:image\" content=\"http:\/\/www.eurodistrict-pamina.eu\/globalflexit\/images\/img_base\/agendas\/835_556_1_621601-original-r-k-b-by-sebastian-gobel-pixeliode.jpg\" \/>\n<meta name=\"author\" content=\"Monique STUTZMANN\" \/>\n<meta name=\"twitter:card\" content=\"summary_large_image\" \/>\n<meta name=\"twitter:label1\" content=\"Written by\" \/>\n\t<meta name=\"twitter:data1\" content=\"Monique STUTZMANN\" \/>\n\t<meta name=\"twitter:label2\" content=\"Est. reading time\" \/>\n\t<meta name=\"twitter:data2\" content=\"5 minutes\" \/>\n<script type=\"application\/ld+json\" class=\"yoast-schema-graph\">{\"@context\":\"https:\/\/schema.org\",\"@graph\":[{\"@type\":\"WebPage\",\"@id\":\"https:\/\/www.pamina-business.com\/de\/chantiers-fermetures-completes-itineraires-alternatifs-informations-concernant-les-travaux-sur-les-ponts-du-rhin\/\",\"url\":\"https:\/\/www.pamina-business.com\/de\/chantiers-fermetures-completes-itineraires-alternatifs-informations-concernant-les-travaux-sur-les-ponts-du-rhin\/\",\"name\":\"Chantiers- fermetures compl\u00e8tes - itin\u00e9raires alternatifs: informations concernant les travaux sur les ponts du Rhin - PAMINA Business Club\",\"isPartOf\":{\"@id\":\"https:\/\/www.pamina-business.com\/de\/#website\"},\"primaryImageOfPage\":{\"@id\":\"https:\/\/www.pamina-business.com\/de\/chantiers-fermetures-completes-itineraires-alternatifs-informations-concernant-les-travaux-sur-les-ponts-du-rhin\/#primaryimage\"},\"image\":{\"@id\":\"https:\/\/www.pamina-business.com\/de\/chantiers-fermetures-completes-itineraires-alternatifs-informations-concernant-les-travaux-sur-les-ponts-du-rhin\/#primaryimage\"},\"thumbnailUrl\":\"http:\/\/www.eurodistrict-pamina.eu\/globalflexit\/images\/img_base\/agendas\/835_556_1_621601-original-r-k-b-by-sebastian-gobel-pixeliode.jpg\",\"datePublished\":\"2018-06-25T13:07:24+00:00\",\"dateModified\":\"2018-06-05T13:21:05+00:00\",\"author\":{\"@id\":\"https:\/\/www.pamina-business.com\/de\/#\/schema\/person\/9ab02536dbdbc5e3ef40bbc3452c8c69\"},\"breadcrumb\":{\"@id\":\"https:\/\/www.pamina-business.com\/de\/chantiers-fermetures-completes-itineraires-alternatifs-informations-concernant-les-travaux-sur-les-ponts-du-rhin\/#breadcrumb\"},\"inLanguage\":\"en-US\",\"potentialAction\":[{\"@type\":\"ReadAction\",\"target\":[\"https:\/\/www.pamina-business.com\/de\/chantiers-fermetures-completes-itineraires-alternatifs-informations-concernant-les-travaux-sur-les-ponts-du-rhin\/\"]}]},{\"@type\":\"ImageObject\",\"inLanguage\":\"en-US\",\"@id\":\"https:\/\/www.pamina-business.com\/de\/chantiers-fermetures-completes-itineraires-alternatifs-informations-concernant-les-travaux-sur-les-ponts-du-rhin\/#primaryimage\",\"url\":\"http:\/\/www.eurodistrict-pamina.eu\/globalflexit\/images\/img_base\/agendas\/835_556_1_621601-original-r-k-b-by-sebastian-gobel-pixeliode.jpg\",\"contentUrl\":\"http:\/\/www.eurodistrict-pamina.eu\/globalflexit\/images\/img_base\/agendas\/835_556_1_621601-original-r-k-b-by-sebastian-gobel-pixeliode.jpg\"},{\"@type\":\"BreadcrumbList\",\"@id\":\"https:\/\/www.pamina-business.com\/de\/chantiers-fermetures-completes-itineraires-alternatifs-informations-concernant-les-travaux-sur-les-ponts-du-rhin\/#breadcrumb\",\"itemListElement\":[{\"@type\":\"ListItem\",\"position\":1,\"name\":\"Accueil\",\"item\":\"http:\/\/www.pamina-business.com\/en\/\"},{\"@type\":\"ListItem\",\"position\":2,\"name\":\"Chantiers- fermetures compl\u00e8tes &#8211; itin\u00e9raires alternatifs: informations concernant les travaux sur les ponts du Rhin\"}]},{\"@type\":\"WebSite\",\"@id\":\"https:\/\/www.pamina-business.com\/de\/#website\",\"url\":\"https:\/\/www.pamina-business.com\/de\/\",\"name\":\"PAMINA Business Club\",\"description\":\"Un site utilisant WordPress\",\"potentialAction\":[{\"@type\":\"SearchAction\",\"target\":{\"@type\":\"EntryPoint\",\"urlTemplate\":\"https:\/\/www.pamina-business.com\/de\/?s={search_term_string}\"},\"query-input\":{\"@type\":\"PropertyValueSpecification\",\"valueRequired\":true,\"valueName\":\"search_term_string\"}}],\"inLanguage\":\"en-US\"},{\"@type\":\"Person\",\"@id\":\"https:\/\/www.pamina-business.com\/de\/#\/schema\/person\/9ab02536dbdbc5e3ef40bbc3452c8c69\",\"name\":\"Monique STUTZMANN\",\"image\":{\"@type\":\"ImageObject\",\"inLanguage\":\"en-US\",\"@id\":\"https:\/\/www.pamina-business.com\/de\/#\/schema\/person\/image\/\",\"url\":\"https:\/\/secure.gravatar.com\/avatar\/cc1c3adf9a9f6e969d3da7b6b34ec66f5f4a6844dfc9145380a75e42cd91882e?s=96&d=mm&r=g\",\"contentUrl\":\"https:\/\/secure.gravatar.com\/avatar\/cc1c3adf9a9f6e969d3da7b6b34ec66f5f4a6844dfc9145380a75e42cd91882e?s=96&d=mm&r=g\",\"caption\":\"Monique STUTZMANN\"},\"url\":\"https:\/\/www.pamina-business.com\/en\/author\/monique\/\"}]}<\/script>\n<!-- \/ Yoast SEO plugin. -->","yoast_head_json":{"title":"Chantiers- fermetures compl\u00e8tes - itin\u00e9raires alternatifs: informations concernant les travaux sur les ponts du Rhin - PAMINA Business Club","robots":{"index":"index","follow":"follow","max-snippet":"max-snippet:-1","max-image-preview":"max-image-preview:large","max-video-preview":"max-video-preview:-1"},"canonical":"https:\/\/www.pamina-business.com\/de\/chantiers-fermetures-completes-itineraires-alternatifs-informations-concernant-les-travaux-sur-les-ponts-du-rhin\/","og_locale":"en_US","og_type":"article","og_title":"Chantiers- fermetures compl\u00e8tes - itin\u00e9raires alternatifs: informations concernant les travaux sur les ponts du Rhin - PAMINA Business Club","og_description":"En \u00e9t\u00e9 2018, la patience s&#8217;impose ! Les travaux de construction du pont rh\u00e9nan Karlsruhe-Maxau et la fermeture compl\u00e8te du pont rh\u00e9nan entre Gambsheim et Rheinau entra\u00eenent des goulets d&#8217;\u00e9tranglement et des changements dans la gestion du trafic. Pont du Rhin Karlsruhe-Maxau : R\u00e9novation \u00e0 partir d&#8217;ao\u00fbt 2018 La dur\u00e9e de la r\u00e9novation en deux [&hellip;]","og_url":"https:\/\/www.pamina-business.com\/de\/chantiers-fermetures-completes-itineraires-alternatifs-informations-concernant-les-travaux-sur-les-ponts-du-rhin\/","og_site_name":"PAMINA Business Club","article_published_time":"2018-06-25T13:07:24+00:00","article_modified_time":"2018-06-05T13:21:05+00:00","og_image":[{"url":"http:\/\/www.eurodistrict-pamina.eu\/globalflexit\/images\/img_base\/agendas\/835_556_1_621601-original-r-k-b-by-sebastian-gobel-pixeliode.jpg"}],"author":"Monique STUTZMANN","twitter_card":"summary_large_image","twitter_misc":{"Written by":"Monique STUTZMANN","Est. reading time":"5 minutes"},"schema":{"@context":"https:\/\/schema.org","@graph":[{"@type":"WebPage","@id":"https:\/\/www.pamina-business.com\/de\/chantiers-fermetures-completes-itineraires-alternatifs-informations-concernant-les-travaux-sur-les-ponts-du-rhin\/","url":"https:\/\/www.pamina-business.com\/de\/chantiers-fermetures-completes-itineraires-alternatifs-informations-concernant-les-travaux-sur-les-ponts-du-rhin\/","name":"Chantiers- fermetures compl\u00e8tes - itin\u00e9raires alternatifs: informations concernant les travaux sur les ponts du Rhin - PAMINA Business Club","isPartOf":{"@id":"https:\/\/www.pamina-business.com\/de\/#website"},"primaryImageOfPage":{"@id":"https:\/\/www.pamina-business.com\/de\/chantiers-fermetures-completes-itineraires-alternatifs-informations-concernant-les-travaux-sur-les-ponts-du-rhin\/#primaryimage"},"image":{"@id":"https:\/\/www.pamina-business.com\/de\/chantiers-fermetures-completes-itineraires-alternatifs-informations-concernant-les-travaux-sur-les-ponts-du-rhin\/#primaryimage"},"thumbnailUrl":"http:\/\/www.eurodistrict-pamina.eu\/globalflexit\/images\/img_base\/agendas\/835_556_1_621601-original-r-k-b-by-sebastian-gobel-pixeliode.jpg","datePublished":"2018-06-25T13:07:24+00:00","dateModified":"2018-06-05T13:21:05+00:00","author":{"@id":"https:\/\/www.pamina-business.com\/de\/#\/schema\/person\/9ab02536dbdbc5e3ef40bbc3452c8c69"},"breadcrumb":{"@id":"https:\/\/www.pamina-business.com\/de\/chantiers-fermetures-completes-itineraires-alternatifs-informations-concernant-les-travaux-sur-les-ponts-du-rhin\/#breadcrumb"},"inLanguage":"en-US","potentialAction":[{"@type":"ReadAction","target":["https:\/\/www.pamina-business.com\/de\/chantiers-fermetures-completes-itineraires-alternatifs-informations-concernant-les-travaux-sur-les-ponts-du-rhin\/"]}]},{"@type":"ImageObject","inLanguage":"en-US","@id":"https:\/\/www.pamina-business.com\/de\/chantiers-fermetures-completes-itineraires-alternatifs-informations-concernant-les-travaux-sur-les-ponts-du-rhin\/#primaryimage","url":"http:\/\/www.eurodistrict-pamina.eu\/globalflexit\/images\/img_base\/agendas\/835_556_1_621601-original-r-k-b-by-sebastian-gobel-pixeliode.jpg","contentUrl":"http:\/\/www.eurodistrict-pamina.eu\/globalflexit\/images\/img_base\/agendas\/835_556_1_621601-original-r-k-b-by-sebastian-gobel-pixeliode.jpg"},{"@type":"BreadcrumbList","@id":"https:\/\/www.pamina-business.com\/de\/chantiers-fermetures-completes-itineraires-alternatifs-informations-concernant-les-travaux-sur-les-ponts-du-rhin\/#breadcrumb","itemListElement":[{"@type":"ListItem","position":1,"name":"Accueil","item":"http:\/\/www.pamina-business.com\/en\/"},{"@type":"ListItem","position":2,"name":"Chantiers- fermetures compl\u00e8tes &#8211; itin\u00e9raires alternatifs: informations concernant les travaux sur les ponts du Rhin"}]},{"@type":"WebSite","@id":"https:\/\/www.pamina-business.com\/de\/#website","url":"https:\/\/www.pamina-business.com\/de\/","name":"PAMINA Business Club","description":"Un site utilisant WordPress","potentialAction":[{"@type":"SearchAction","target":{"@type":"EntryPoint","urlTemplate":"https:\/\/www.pamina-business.com\/de\/?s={search_term_string}"},"query-input":{"@type":"PropertyValueSpecification","valueRequired":true,"valueName":"search_term_string"}}],"inLanguage":"en-US"},{"@type":"Person","@id":"https:\/\/www.pamina-business.com\/de\/#\/schema\/person\/9ab02536dbdbc5e3ef40bbc3452c8c69","name":"Monique STUTZMANN","image":{"@type":"ImageObject","inLanguage":"en-US","@id":"https:\/\/www.pamina-business.com\/de\/#\/schema\/person\/image\/","url":"https:\/\/secure.gravatar.com\/avatar\/cc1c3adf9a9f6e969d3da7b6b34ec66f5f4a6844dfc9145380a75e42cd91882e?s=96&d=mm&r=g","contentUrl":"https:\/\/secure.gravatar.com\/avatar\/cc1c3adf9a9f6e969d3da7b6b34ec66f5f4a6844dfc9145380a75e42cd91882e?s=96&d=mm&r=g","caption":"Monique STUTZMANN"},"url":"https:\/\/www.pamina-business.com\/en\/author\/monique\/"}]}},"_links":{"self":[{"href":"https:\/\/www.pamina-business.com\/en\/wp-json\/wp\/v2\/posts\/3184","targetHints":{"allow":["GET"]}}],"collection":[{"href":"https:\/\/www.pamina-business.com\/en\/wp-json\/wp\/v2\/posts"}],"about":[{"href":"https:\/\/www.pamina-business.com\/en\/wp-json\/wp\/v2\/types\/post"}],"author":[{"embeddable":true,"href":"https:\/\/www.pamina-business.com\/en\/wp-json\/wp\/v2\/users\/3"}],"replies":[{"embeddable":true,"href":"https:\/\/www.pamina-business.com\/en\/wp-json\/wp\/v2\/comments?post=3184"}],"version-history":[{"count":1,"href":"https:\/\/www.pamina-business.com\/en\/wp-json\/wp\/v2\/posts\/3184\/revisions"}],"predecessor-version":[{"id":3185,"href":"https:\/\/www.pamina-business.com\/en\/wp-json\/wp\/v2\/posts\/3184\/revisions\/3185"}],"wp:attachment":[{"href":"https:\/\/www.pamina-business.com\/en\/wp-json\/wp\/v2\/media?parent=3184"}],"wp:term":[{"taxonomy":"category","embeddable":true,"href":"https:\/\/www.pamina-business.com\/en\/wp-json\/wp\/v2\/categories?post=3184"},{"taxonomy":"post_tag","embeddable":true,"href":"https:\/\/www.pamina-business.com\/en\/wp-json\/wp\/v2\/tags?post=3184"}],"curies":[{"name":"wp","href":"https:\/\/api.w.org\/{rel}","templated":true}]}}