{"id":2672,"date":"2017-08-09T06:48:47","date_gmt":"2017-08-09T06:48:47","guid":{"rendered":"http:\/\/www.pamina-business.com\/?p=2672"},"modified":"2017-07-31T06:50:51","modified_gmt":"2017-07-31T06:50:51","slug":"visite-trinationale-de-la-societe-emi-a-hesingue","status":"publish","type":"post","link":"https:\/\/www.pamina-business.com\/en\/visite-trinationale-de-la-societe-emi-a-hesingue\/","title":{"rendered":"Visite trinationale de la soci\u00e9t\u00e9 EMI \u00e0 H\u00e9singue"},"content":{"rendered":"<div class=\"wysiwyg\">\n<p><strong>L&#8217;ADIRA a organis\u00e9 le 4 juillet 2017 pour le compte de l&#8217;association trinationale <a title=\"Regio TriRhena\" href=\"https:\/\/www.regiotrirhena.org\/fr\/accueil.html\" target=\"_blank\">RegioTriRhena<\/a>, qui a pour vocation de d\u00e9velopper les \u00e9changes \u00e9conomiques &amp; business dans l&#8217;espace transfrontalier au Sud du Rhin Sup\u00e9rieur, la visite bilingue de la soci\u00e9t\u00e9 <a title=\"EMI Hesingue\" href=\"http:\/\/www.emi-wissler.com\" target=\"_blank\">EMI<\/a> \u00e0 H\u00e9singue.<\/strong><\/p>\n<p>Accueillis par le Pr\u00e9sident Jean-Pierre WISSLER et ses proches collaborateurs, la quarantaine de participants ont pu d\u00e9couvrir le m\u00e9tier et le fort d\u00e9veloppement d&#8217;EMI, soci\u00e9t\u00e9 familiale de 130 personnes sp\u00e9cialis\u00e9e dans l&#8217;injection thermoplastique et qui construit aujourd&#8217;hui une nouvelle usine de 17.000 m\u00b2 \u00e0 Saint-Louis.<\/p>\n<p>L&#8217;ADIRA et ses partenaires Badois et Suisses de la RegioTriRhena tenaient au travers de cette rencontre qui s&#8217;est achev\u00e9e dans la convivialit\u00e9 autour d&#8217;un ap\u00e9ritif networking, \u00e0 mettre le focus sur ce projet de d\u00e9veloppement exemplaire en Sud Alsace et f\u00e9liciter les Dirigeants et personnels d&#8217;EMI pour leur capacit\u00e9 d&#8217;innovation et leur formidable dynamisme\u00a0!<\/p>\n<p><img loading=\"lazy\" decoding=\"async\" title=\"EMI H\u00e9singue - Cr\u00e9dit Photo : EMI\" src=\"http:\/\/www.adira.com\/upload\/images\/2017_Evenements\/EMI_Photo_Thomas.jpg\" alt=\"EMI H\u00e9singue - Cr\u00e9dit Photo : EMI\" width=\"800\" height=\"591\" \/><\/p>\n<p><em>\u00a0Source<\/em><strong> : <a href=\"http:\/\/www.adira.com\">www.adira.com<\/a><br \/>\n<\/strong><\/p>\n<\/div>\n<p><em>Contact<\/em> : <a href=\"&#x6d;a&#x69;&#108;&#x74;&#111;:&#x6c;a&#x75;&#114;&#x65;&#110;c&#x65;&#46;&#x62;&#101;c&#x6b;e&#x72;&#64;&#x61;&#100;i&#x72;a&#x2e;&#99;&#x6f;&#x6d;\">l&#97;&#x75;&#x72;e&#110;&#x63;&#x65;&#46;&#98;&#101;&#x63;&#x6b;e&#114;&#x40;&#x61;d&#105;&#x72;&#x61;&#46;&#99;&#111;&#x6d; <\/a><\/p>\n<div class=\"boutons_partage\">\n<div class=\"fb-like fb_iframe_widget\" data-action=\"\" data-send=\"false\" data-layout=\"button_count\" data-show-faces=\"false\" data-href=\"http:\/\/www.adira.com\/quoi-de-neuf\/visite-trinationale-de-la-societe-emi-a-hesingue.html\"><iframe loading=\"lazy\" class=\"\" title=\"fb:like Facebook Social Plugin\" src=\"https:\/\/www.facebook.com\/v2.0\/plugins\/like.php?app_id=&amp;channel=http%3A%2F%2Fstaticxx.facebook.com%2Fconnect%2Fxd_arbiter%2Fr%2FXBwzv5Yrm_1.js%3Fversion%3D42%23cb%3Df33fc7a8d0ed976%26domain%3Dwww.adira.com%26origin%3Dhttp%253A%252F%252Fwww.adira.com%252Ff2d9e97c5771b06%26relation%3Dparent.parent&amp;container_width=0&amp;href=http%3A%2F%2Fwww.adira.com%2Fquoi-de-neuf%2Fvisite-trinationale-de-la-societe-emi-a-hesingue.html&amp;layout=button_count&amp;locale=en_US&amp;sdk=joey&amp;send=false&amp;show_faces=false\" name=\"f1bc265bf40d8f4\" width=\"1000px\" height=\"1000px\" frameborder=\"0\" scrolling=\"no\" allowfullscreen=\"allowfullscreen\" data-mce-fragment=\"1\"><\/iframe><\/div>\n<p><span class=\"st_twitter_hcount\"><span class=\"stButton\"><span class=\"stMainServices st-twitter-counter\">\u00a0<\/span><span class=\"stArrow\"><span class=\"stButton_gradient stHBubble\"><span class=\"stBubble_hcount\">5<\/span><\/span><\/span><\/span><\/span> <span class=\"st_linkedin_hcount\"><span class=\"stButton\"><span class=\"stMainServices st-linkedin-counter\">\u00a0<\/span><span class=\"stArrow\"><span class=\"stButton_gradient stHBubble\"><span class=\"stBubble_hcount\">5<\/span><\/span><\/span><\/span><\/span><\/div>\n<div id=\"categories\">\n<h3>Cat\u00e9gories<\/h3>\n<\/div>\n","protected":false},"excerpt":{"rendered":"<p>L&#8217;ADIRA a organis\u00e9 le 4 juillet 2017 pour le compte de l&#8217;association trinationale RegioTriRhena, qui a pour vocation de d\u00e9velopper les \u00e9changes \u00e9conomiques &amp; business dans l&#8217;espace transfrontalier au Sud du Rhin Sup\u00e9rieur, la visite bilingue de la soci\u00e9t\u00e9 EMI \u00e0 H\u00e9singue. Accueillis par le Pr\u00e9sident Jean-Pierre WISSLER et ses proches collaborateurs, la quarantaine de [&hellip;]<\/p>\n","protected":false},"author":3,"featured_media":0,"comment_status":"open","ping_status":"open","sticky":false,"template":"","format":"standard","meta":{"_exactmetrics_skip_tracking":false,"_exactmetrics_sitenote_active":false,"_exactmetrics_sitenote_note":"","_exactmetrics_sitenote_category":0,"footnotes":""},"categories":[7,47],"tags":[],"class_list":["post-2672","post","type-post","status-publish","format-standard","hentry","category-evenements-fr","category-industrie-fr"],"yoast_head":"<!-- This site is optimized with the Yoast SEO plugin v23.5 - https:\/\/yoast.com\/wordpress\/plugins\/seo\/ -->\n<title>Visite trinationale de la soci\u00e9t\u00e9 EMI \u00e0 H\u00e9singue - PAMINA Business Club<\/title>\n<meta name=\"robots\" content=\"index, follow, max-snippet:-1, max-image-preview:large, max-video-preview:-1\" \/>\n<link rel=\"canonical\" href=\"https:\/\/www.pamina-business.com\/visite-trinationale-de-la-societe-emi-a-hesingue\/\" \/>\n<meta property=\"og:locale\" content=\"en_US\" \/>\n<meta property=\"og:type\" content=\"article\" \/>\n<meta property=\"og:title\" content=\"Visite trinationale de la soci\u00e9t\u00e9 EMI \u00e0 H\u00e9singue - PAMINA Business Club\" \/>\n<meta property=\"og:description\" content=\"L&#8217;ADIRA a organis\u00e9 le 4 juillet 2017 pour le compte de l&#8217;association trinationale RegioTriRhena, qui a pour vocation de d\u00e9velopper les \u00e9changes \u00e9conomiques &amp; business dans l&#8217;espace transfrontalier au Sud du Rhin Sup\u00e9rieur, la visite bilingue de la soci\u00e9t\u00e9 EMI \u00e0 H\u00e9singue. Accueillis par le Pr\u00e9sident Jean-Pierre WISSLER et ses proches collaborateurs, la quarantaine de [&hellip;]\" \/>\n<meta property=\"og:url\" content=\"https:\/\/www.pamina-business.com\/visite-trinationale-de-la-societe-emi-a-hesingue\/\" \/>\n<meta property=\"og:site_name\" content=\"PAMINA Business Club\" \/>\n<meta property=\"article:published_time\" content=\"2017-08-09T06:48:47+00:00\" \/>\n<meta property=\"article:modified_time\" content=\"2017-07-31T06:50:51+00:00\" \/>\n<meta property=\"og:image\" content=\"http:\/\/www.adira.com\/upload\/images\/2017_Evenements\/EMI_Photo_Thomas.jpg\" \/>\n<meta name=\"author\" content=\"Monique STUTZMANN\" \/>\n<meta name=\"twitter:card\" content=\"summary_large_image\" \/>\n<meta name=\"twitter:label1\" content=\"Written by\" \/>\n\t<meta name=\"twitter:data1\" content=\"Monique STUTZMANN\" \/>\n\t<meta name=\"twitter:label2\" content=\"Est. reading time\" \/>\n\t<meta name=\"twitter:data2\" content=\"1 minute\" \/>\n<script type=\"application\/ld+json\" class=\"yoast-schema-graph\">{\"@context\":\"https:\/\/schema.org\",\"@graph\":[{\"@type\":\"WebPage\",\"@id\":\"https:\/\/www.pamina-business.com\/visite-trinationale-de-la-societe-emi-a-hesingue\/\",\"url\":\"https:\/\/www.pamina-business.com\/visite-trinationale-de-la-societe-emi-a-hesingue\/\",\"name\":\"Visite trinationale de la soci\u00e9t\u00e9 EMI \u00e0 H\u00e9singue - PAMINA Business Club\",\"isPartOf\":{\"@id\":\"http:\/\/www.pamina-business.com\/de\/#website\"},\"primaryImageOfPage\":{\"@id\":\"https:\/\/www.pamina-business.com\/visite-trinationale-de-la-societe-emi-a-hesingue\/#primaryimage\"},\"image\":{\"@id\":\"https:\/\/www.pamina-business.com\/visite-trinationale-de-la-societe-emi-a-hesingue\/#primaryimage\"},\"thumbnailUrl\":\"http:\/\/www.adira.com\/upload\/images\/2017_Evenements\/EMI_Photo_Thomas.jpg\",\"datePublished\":\"2017-08-09T06:48:47+00:00\",\"dateModified\":\"2017-07-31T06:50:51+00:00\",\"author\":{\"@id\":\"http:\/\/www.pamina-business.com\/de\/#\/schema\/person\/9ab02536dbdbc5e3ef40bbc3452c8c69\"},\"breadcrumb\":{\"@id\":\"https:\/\/www.pamina-business.com\/visite-trinationale-de-la-societe-emi-a-hesingue\/#breadcrumb\"},\"inLanguage\":\"en-US\",\"potentialAction\":[{\"@type\":\"ReadAction\",\"target\":[\"https:\/\/www.pamina-business.com\/visite-trinationale-de-la-societe-emi-a-hesingue\/\"]}]},{\"@type\":\"ImageObject\",\"inLanguage\":\"en-US\",\"@id\":\"https:\/\/www.pamina-business.com\/visite-trinationale-de-la-societe-emi-a-hesingue\/#primaryimage\",\"url\":\"http:\/\/www.adira.com\/upload\/images\/2017_Evenements\/EMI_Photo_Thomas.jpg\",\"contentUrl\":\"http:\/\/www.adira.com\/upload\/images\/2017_Evenements\/EMI_Photo_Thomas.jpg\"},{\"@type\":\"BreadcrumbList\",\"@id\":\"https:\/\/www.pamina-business.com\/visite-trinationale-de-la-societe-emi-a-hesingue\/#breadcrumb\",\"itemListElement\":[{\"@type\":\"ListItem\",\"position\":1,\"name\":\"Accueil\",\"item\":\"http:\/\/www.pamina-business.com\/en\/\"},{\"@type\":\"ListItem\",\"position\":2,\"name\":\"Visite trinationale de la soci\u00e9t\u00e9 EMI \u00e0 H\u00e9singue\"}]},{\"@type\":\"WebSite\",\"@id\":\"http:\/\/www.pamina-business.com\/de\/#website\",\"url\":\"http:\/\/www.pamina-business.com\/de\/\",\"name\":\"PAMINA Business Club\",\"description\":\"Un site utilisant WordPress\",\"potentialAction\":[{\"@type\":\"SearchAction\",\"target\":{\"@type\":\"EntryPoint\",\"urlTemplate\":\"http:\/\/www.pamina-business.com\/de\/?s={search_term_string}\"},\"query-input\":{\"@type\":\"PropertyValueSpecification\",\"valueRequired\":true,\"valueName\":\"search_term_string\"}}],\"inLanguage\":\"en-US\"},{\"@type\":\"Person\",\"@id\":\"http:\/\/www.pamina-business.com\/de\/#\/schema\/person\/9ab02536dbdbc5e3ef40bbc3452c8c69\",\"name\":\"Monique STUTZMANN\",\"image\":{\"@type\":\"ImageObject\",\"inLanguage\":\"en-US\",\"@id\":\"http:\/\/www.pamina-business.com\/de\/#\/schema\/person\/image\/\",\"url\":\"https:\/\/secure.gravatar.com\/avatar\/cc1c3adf9a9f6e969d3da7b6b34ec66f5f4a6844dfc9145380a75e42cd91882e?s=96&d=mm&r=g\",\"contentUrl\":\"https:\/\/secure.gravatar.com\/avatar\/cc1c3adf9a9f6e969d3da7b6b34ec66f5f4a6844dfc9145380a75e42cd91882e?s=96&d=mm&r=g\",\"caption\":\"Monique STUTZMANN\"},\"url\":\"https:\/\/www.pamina-business.com\/en\/author\/monique\/\"}]}<\/script>\n<!-- \/ Yoast SEO plugin. -->","yoast_head_json":{"title":"Visite trinationale de la soci\u00e9t\u00e9 EMI \u00e0 H\u00e9singue - PAMINA Business Club","robots":{"index":"index","follow":"follow","max-snippet":"max-snippet:-1","max-image-preview":"max-image-preview:large","max-video-preview":"max-video-preview:-1"},"canonical":"https:\/\/www.pamina-business.com\/visite-trinationale-de-la-societe-emi-a-hesingue\/","og_locale":"en_US","og_type":"article","og_title":"Visite trinationale de la soci\u00e9t\u00e9 EMI \u00e0 H\u00e9singue - PAMINA Business Club","og_description":"L&#8217;ADIRA a organis\u00e9 le 4 juillet 2017 pour le compte de l&#8217;association trinationale RegioTriRhena, qui a pour vocation de d\u00e9velopper les \u00e9changes \u00e9conomiques &amp; business dans l&#8217;espace transfrontalier au Sud du Rhin Sup\u00e9rieur, la visite bilingue de la soci\u00e9t\u00e9 EMI \u00e0 H\u00e9singue. Accueillis par le Pr\u00e9sident Jean-Pierre WISSLER et ses proches collaborateurs, la quarantaine de [&hellip;]","og_url":"https:\/\/www.pamina-business.com\/visite-trinationale-de-la-societe-emi-a-hesingue\/","og_site_name":"PAMINA Business Club","article_published_time":"2017-08-09T06:48:47+00:00","article_modified_time":"2017-07-31T06:50:51+00:00","og_image":[{"url":"http:\/\/www.adira.com\/upload\/images\/2017_Evenements\/EMI_Photo_Thomas.jpg"}],"author":"Monique STUTZMANN","twitter_card":"summary_large_image","twitter_misc":{"Written by":"Monique STUTZMANN","Est. reading time":"1 minute"},"schema":{"@context":"https:\/\/schema.org","@graph":[{"@type":"WebPage","@id":"https:\/\/www.pamina-business.com\/visite-trinationale-de-la-societe-emi-a-hesingue\/","url":"https:\/\/www.pamina-business.com\/visite-trinationale-de-la-societe-emi-a-hesingue\/","name":"Visite trinationale de la soci\u00e9t\u00e9 EMI \u00e0 H\u00e9singue - PAMINA Business Club","isPartOf":{"@id":"http:\/\/www.pamina-business.com\/de\/#website"},"primaryImageOfPage":{"@id":"https:\/\/www.pamina-business.com\/visite-trinationale-de-la-societe-emi-a-hesingue\/#primaryimage"},"image":{"@id":"https:\/\/www.pamina-business.com\/visite-trinationale-de-la-societe-emi-a-hesingue\/#primaryimage"},"thumbnailUrl":"http:\/\/www.adira.com\/upload\/images\/2017_Evenements\/EMI_Photo_Thomas.jpg","datePublished":"2017-08-09T06:48:47+00:00","dateModified":"2017-07-31T06:50:51+00:00","author":{"@id":"http:\/\/www.pamina-business.com\/de\/#\/schema\/person\/9ab02536dbdbc5e3ef40bbc3452c8c69"},"breadcrumb":{"@id":"https:\/\/www.pamina-business.com\/visite-trinationale-de-la-societe-emi-a-hesingue\/#breadcrumb"},"inLanguage":"en-US","potentialAction":[{"@type":"ReadAction","target":["https:\/\/www.pamina-business.com\/visite-trinationale-de-la-societe-emi-a-hesingue\/"]}]},{"@type":"ImageObject","inLanguage":"en-US","@id":"https:\/\/www.pamina-business.com\/visite-trinationale-de-la-societe-emi-a-hesingue\/#primaryimage","url":"http:\/\/www.adira.com\/upload\/images\/2017_Evenements\/EMI_Photo_Thomas.jpg","contentUrl":"http:\/\/www.adira.com\/upload\/images\/2017_Evenements\/EMI_Photo_Thomas.jpg"},{"@type":"BreadcrumbList","@id":"https:\/\/www.pamina-business.com\/visite-trinationale-de-la-societe-emi-a-hesingue\/#breadcrumb","itemListElement":[{"@type":"ListItem","position":1,"name":"Accueil","item":"http:\/\/www.pamina-business.com\/en\/"},{"@type":"ListItem","position":2,"name":"Visite trinationale de la soci\u00e9t\u00e9 EMI \u00e0 H\u00e9singue"}]},{"@type":"WebSite","@id":"http:\/\/www.pamina-business.com\/de\/#website","url":"http:\/\/www.pamina-business.com\/de\/","name":"PAMINA Business Club","description":"Un site utilisant WordPress","potentialAction":[{"@type":"SearchAction","target":{"@type":"EntryPoint","urlTemplate":"http:\/\/www.pamina-business.com\/de\/?s={search_term_string}"},"query-input":{"@type":"PropertyValueSpecification","valueRequired":true,"valueName":"search_term_string"}}],"inLanguage":"en-US"},{"@type":"Person","@id":"http:\/\/www.pamina-business.com\/de\/#\/schema\/person\/9ab02536dbdbc5e3ef40bbc3452c8c69","name":"Monique STUTZMANN","image":{"@type":"ImageObject","inLanguage":"en-US","@id":"http:\/\/www.pamina-business.com\/de\/#\/schema\/person\/image\/","url":"https:\/\/secure.gravatar.com\/avatar\/cc1c3adf9a9f6e969d3da7b6b34ec66f5f4a6844dfc9145380a75e42cd91882e?s=96&d=mm&r=g","contentUrl":"https:\/\/secure.gravatar.com\/avatar\/cc1c3adf9a9f6e969d3da7b6b34ec66f5f4a6844dfc9145380a75e42cd91882e?s=96&d=mm&r=g","caption":"Monique STUTZMANN"},"url":"https:\/\/www.pamina-business.com\/en\/author\/monique\/"}]}},"_links":{"self":[{"href":"https:\/\/www.pamina-business.com\/en\/wp-json\/wp\/v2\/posts\/2672","targetHints":{"allow":["GET"]}}],"collection":[{"href":"https:\/\/www.pamina-business.com\/en\/wp-json\/wp\/v2\/posts"}],"about":[{"href":"https:\/\/www.pamina-business.com\/en\/wp-json\/wp\/v2\/types\/post"}],"author":[{"embeddable":true,"href":"https:\/\/www.pamina-business.com\/en\/wp-json\/wp\/v2\/users\/3"}],"replies":[{"embeddable":true,"href":"https:\/\/www.pamina-business.com\/en\/wp-json\/wp\/v2\/comments?post=2672"}],"version-history":[{"count":1,"href":"https:\/\/www.pamina-business.com\/en\/wp-json\/wp\/v2\/posts\/2672\/revisions"}],"predecessor-version":[{"id":2673,"href":"https:\/\/www.pamina-business.com\/en\/wp-json\/wp\/v2\/posts\/2672\/revisions\/2673"}],"wp:attachment":[{"href":"https:\/\/www.pamina-business.com\/en\/wp-json\/wp\/v2\/media?parent=2672"}],"wp:term":[{"taxonomy":"category","embeddable":true,"href":"https:\/\/www.pamina-business.com\/en\/wp-json\/wp\/v2\/categories?post=2672"},{"taxonomy":"post_tag","embeddable":true,"href":"https:\/\/www.pamina-business.com\/en\/wp-json\/wp\/v2\/tags?post=2672"}],"curies":[{"name":"wp","href":"https:\/\/api.w.org\/{rel}","templated":true}]}}