{"id":1858,"date":"2016-09-13T13:48:49","date_gmt":"2016-09-13T13:48:49","guid":{"rendered":"http:\/\/www.pamina-business.com\/?p=1858"},"modified":"2016-08-30T13:51:25","modified_gmt":"2016-08-30T13:51:25","slug":"etude-diagnostic-sur-la-mobilite-internationale-des-jeunes-dans-la-nouvelle-region-alsace-champagne-ardenne-lorraine","status":"publish","type":"post","link":"https:\/\/www.pamina-business.com\/en\/etude-diagnostic-sur-la-mobilite-internationale-des-jeunes-dans-la-nouvelle-region-alsace-champagne-ardenne-lorraine\/","title":{"rendered":"Etude : Diagnostic sur la mobilit\u00e9 internationale des jeunes dans la nouvelle r\u00e9gion Alsace-Champagne-Ardenne-Lorraine"},"content":{"rendered":"<div class=\"titre-article\"><\/div>\n<div class=\"chapo-article\"><span class=\"spip_document_4510 spip_documents spip_documents_left\"> <img loading=\"lazy\" decoding=\"async\" src=\"http:\/\/www.eurodistrict-pamina.eu\/pamina\/IMG\/png\/tude_mobilite_jeunes.png\" alt=\"\" width=\"107\" height=\"150\" \/><\/span><\/div>\n<div class=\"chapo-article\"><\/div>\n<div class=\"chapo-article\">Dans le domaine de la mobilit\u00e9 transfrontali\u00e8re et internationale, divers acteurs existent dans la r\u00e9gion PAMINA et au-del\u00e0. Une nouvelle \u00e9tude interroge ces acteurs de la nouvelle r\u00e9gion Alsace-Champagne-Ardenne-Lorraine et analyse les enjeux de cette mobilit\u00e9.<\/div>\n<div class=\"texte-article\">\n<p class=\"spip\">L\u2019\u00e9tude distingue deux types de mobilit\u00e9\u00a0: la <i class=\"spip\">mobilit\u00e9 professionnelle<\/i> ayant pour objectif l\u2019am\u00e9lioration de comp\u00e9tences professionnelles et la <i class=\"spip\">mobilit\u00e9 apprenante<\/i> s\u2019ouvrant elle sur des aspects comme l\u2019apprentissage personnel, social ou \u00e9motionnel. Pour une majorit\u00e9 de jeunes, les motivations pour partir plurielles\u00a0: l\u2019exp\u00e9rience personnelle et la d\u00e9couverte d\u2019une autre culture, encore plus que l\u2019apprentissage d\u2019une langue ou l\u2019exp\u00e9rience professionnelle. Apr\u00e8s leur p\u00e9riode \u00e0 l\u2019\u00e9tranger, plus de 80% des jeunes indiquent que cette mobilit\u00e9 a \u00e9t\u00e9 enrichissante en leur apportant, respectivement, une plus grande ouverture d\u2019esprit, des \u00e9l\u00e9ments dans le cadre de leur d\u00e9veloppement personnel mais aussi des comp\u00e9tences linguistiques et professionnelles.<\/p>\n<p class=\"spip\"><span class=\"spip_document_4513 spip_documents spip_documents_center\"> <img loading=\"lazy\" decoding=\"async\" src=\"http:\/\/www.eurodistrict-pamina.eu\/pamina\/IMG\/png\/Apports_de_la_mobilite_etude.png\" alt=\"\" width=\"438\" height=\"300\" \/><\/span><\/p>\n<p class=\"spip\">Pour les acteurs de la mobilit\u00e9, quant \u00e0 eux, une mise en r\u00e9seaux semble tr\u00e8s importante afin de favoriser la mobilit\u00e9. Cette mise en r\u00e9seaux devrait avoir lieu \u00e0 plusieurs niveaux\u00a0: un r\u00e9seau local permet l\u2019\u00e9change d\u2019exp\u00e9riences et la mise en commun des ressources, alors qu\u2019un \u00e9v\u00e9nement annuel global au niveau de la nouvelle r\u00e9gion permettrait de nouer de nouveaux contacts. Animant des r\u00e9seaux th\u00e9matiques avec des diff\u00e9rents types d\u2019acteurs, l\u2019Eurodistrict PAMINA, \u00e0 son niveau, travaille d\u00e9j\u00e0 dans le sens de ces recommandations.<\/p>\n<p class=\"spip\">L\u2019\u00e9tude compl\u00e8te est disponible ici\u00a0:<\/p>\n<dl class=\"spip_document_4508 spip_documents spip_documents_center\">\n<dt><a title=\"PDF - 5.7 Mo\" href=\"http:\/\/www.eurodistrict-pamina.eu\/pamina\/IMG\/pdf\/etude-mobilite-version-finale.pdf\" type=\"application\/pdf\"><img loading=\"lazy\" decoding=\"async\" src=\"http:\/\/www.eurodistrict-pamina.eu\/pamina\/IMG\/png\/tude_mobilite_jeunes_klick.png\" alt=\"PDF - 5.7 Mo\" width=\"142\" height=\"200\" \/><\/a><\/dt>\n<\/dl>\n<p><em>Source<\/em> : <a href=\"http:\/\/www.eurodistrict-pamina.eu\" target=\"_blank\">www.eurodistrict-pamina.eu <\/a><\/p>\n<\/div>\n","protected":false},"excerpt":{"rendered":"<p>Dans le domaine de la mobilit\u00e9 transfrontali\u00e8re et internationale, divers acteurs existent dans la r\u00e9gion PAMINA et au-del\u00e0. Une nouvelle \u00e9tude interroge ces acteurs de la nouvelle r\u00e9gion Alsace-Champagne-Ardenne-Lorraine et analyse les enjeux de cette mobilit\u00e9. L\u2019\u00e9tude distingue deux types de mobilit\u00e9\u00a0: la mobilit\u00e9 professionnelle ayant pour objectif l\u2019am\u00e9lioration de comp\u00e9tences professionnelles et la mobilit\u00e9 [&hellip;]<\/p>\n","protected":false},"author":3,"featured_media":0,"comment_status":"open","ping_status":"open","sticky":false,"template":"","format":"standard","meta":{"_exactmetrics_skip_tracking":false,"_exactmetrics_sitenote_active":false,"_exactmetrics_sitenote_note":"","_exactmetrics_sitenote_category":0,"footnotes":""},"categories":[65,11],"tags":[],"class_list":["post-1858","post","type-post","status-publish","format-standard","hentry","category-economie","category-mobilite-fr"],"yoast_head":"<!-- This site is optimized with the Yoast SEO plugin v23.5 - https:\/\/yoast.com\/wordpress\/plugins\/seo\/ -->\n<title>Etude : Diagnostic sur la mobilit\u00e9 internationale des jeunes dans la nouvelle r\u00e9gion Alsace-Champagne-Ardenne-Lorraine - PAMINA Business Club<\/title>\n<meta name=\"robots\" content=\"index, follow, max-snippet:-1, max-image-preview:large, max-video-preview:-1\" \/>\n<link rel=\"canonical\" href=\"https:\/\/www.pamina-business.com\/en\/etude-diagnostic-sur-la-mobilite-internationale-des-jeunes-dans-la-nouvelle-region-alsace-champagne-ardenne-lorraine\/\" \/>\n<meta property=\"og:locale\" content=\"en_US\" \/>\n<meta property=\"og:type\" content=\"article\" \/>\n<meta property=\"og:title\" content=\"Etude : Diagnostic sur la mobilit\u00e9 internationale des jeunes dans la nouvelle r\u00e9gion Alsace-Champagne-Ardenne-Lorraine - PAMINA Business Club\" \/>\n<meta property=\"og:description\" content=\"Dans le domaine de la mobilit\u00e9 transfrontali\u00e8re et internationale, divers acteurs existent dans la r\u00e9gion PAMINA et au-del\u00e0. Une nouvelle \u00e9tude interroge ces acteurs de la nouvelle r\u00e9gion Alsace-Champagne-Ardenne-Lorraine et analyse les enjeux de cette mobilit\u00e9. L\u2019\u00e9tude distingue deux types de mobilit\u00e9\u00a0: la mobilit\u00e9 professionnelle ayant pour objectif l\u2019am\u00e9lioration de comp\u00e9tences professionnelles et la mobilit\u00e9 [&hellip;]\" \/>\n<meta property=\"og:url\" content=\"https:\/\/www.pamina-business.com\/en\/etude-diagnostic-sur-la-mobilite-internationale-des-jeunes-dans-la-nouvelle-region-alsace-champagne-ardenne-lorraine\/\" \/>\n<meta property=\"og:site_name\" content=\"PAMINA Business Club\" \/>\n<meta property=\"article:published_time\" content=\"2016-09-13T13:48:49+00:00\" \/>\n<meta property=\"article:modified_time\" content=\"2016-08-30T13:51:25+00:00\" \/>\n<meta property=\"og:image\" content=\"http:\/\/www.eurodistrict-pamina.eu\/pamina\/IMG\/png\/tude_mobilite_jeunes.png\" \/>\n<meta name=\"author\" content=\"Monique STUTZMANN\" \/>\n<meta name=\"twitter:card\" content=\"summary_large_image\" \/>\n<meta name=\"twitter:label1\" content=\"Written by\" \/>\n\t<meta name=\"twitter:data1\" content=\"Monique STUTZMANN\" \/>\n\t<meta name=\"twitter:label2\" content=\"Est. reading time\" \/>\n\t<meta name=\"twitter:data2\" content=\"1 minute\" \/>\n<script type=\"application\/ld+json\" class=\"yoast-schema-graph\">{\"@context\":\"https:\/\/schema.org\",\"@graph\":[{\"@type\":\"WebPage\",\"@id\":\"https:\/\/www.pamina-business.com\/en\/etude-diagnostic-sur-la-mobilite-internationale-des-jeunes-dans-la-nouvelle-region-alsace-champagne-ardenne-lorraine\/\",\"url\":\"https:\/\/www.pamina-business.com\/en\/etude-diagnostic-sur-la-mobilite-internationale-des-jeunes-dans-la-nouvelle-region-alsace-champagne-ardenne-lorraine\/\",\"name\":\"Etude : Diagnostic sur la mobilit\u00e9 internationale des jeunes dans la nouvelle r\u00e9gion Alsace-Champagne-Ardenne-Lorraine - PAMINA Business Club\",\"isPartOf\":{\"@id\":\"https:\/\/www.pamina-business.com\/de\/#website\"},\"primaryImageOfPage\":{\"@id\":\"https:\/\/www.pamina-business.com\/en\/etude-diagnostic-sur-la-mobilite-internationale-des-jeunes-dans-la-nouvelle-region-alsace-champagne-ardenne-lorraine\/#primaryimage\"},\"image\":{\"@id\":\"https:\/\/www.pamina-business.com\/en\/etude-diagnostic-sur-la-mobilite-internationale-des-jeunes-dans-la-nouvelle-region-alsace-champagne-ardenne-lorraine\/#primaryimage\"},\"thumbnailUrl\":\"http:\/\/www.eurodistrict-pamina.eu\/pamina\/IMG\/png\/tude_mobilite_jeunes.png\",\"datePublished\":\"2016-09-13T13:48:49+00:00\",\"dateModified\":\"2016-08-30T13:51:25+00:00\",\"author\":{\"@id\":\"https:\/\/www.pamina-business.com\/de\/#\/schema\/person\/9ab02536dbdbc5e3ef40bbc3452c8c69\"},\"breadcrumb\":{\"@id\":\"https:\/\/www.pamina-business.com\/en\/etude-diagnostic-sur-la-mobilite-internationale-des-jeunes-dans-la-nouvelle-region-alsace-champagne-ardenne-lorraine\/#breadcrumb\"},\"inLanguage\":\"en-US\",\"potentialAction\":[{\"@type\":\"ReadAction\",\"target\":[\"https:\/\/www.pamina-business.com\/en\/etude-diagnostic-sur-la-mobilite-internationale-des-jeunes-dans-la-nouvelle-region-alsace-champagne-ardenne-lorraine\/\"]}]},{\"@type\":\"ImageObject\",\"inLanguage\":\"en-US\",\"@id\":\"https:\/\/www.pamina-business.com\/en\/etude-diagnostic-sur-la-mobilite-internationale-des-jeunes-dans-la-nouvelle-region-alsace-champagne-ardenne-lorraine\/#primaryimage\",\"url\":\"http:\/\/www.eurodistrict-pamina.eu\/pamina\/IMG\/png\/tude_mobilite_jeunes.png\",\"contentUrl\":\"http:\/\/www.eurodistrict-pamina.eu\/pamina\/IMG\/png\/tude_mobilite_jeunes.png\"},{\"@type\":\"BreadcrumbList\",\"@id\":\"https:\/\/www.pamina-business.com\/en\/etude-diagnostic-sur-la-mobilite-internationale-des-jeunes-dans-la-nouvelle-region-alsace-champagne-ardenne-lorraine\/#breadcrumb\",\"itemListElement\":[{\"@type\":\"ListItem\",\"position\":1,\"name\":\"Accueil\",\"item\":\"http:\/\/www.pamina-business.com\/en\/\"},{\"@type\":\"ListItem\",\"position\":2,\"name\":\"Etude : Diagnostic sur la mobilit\u00e9 internationale des jeunes dans la nouvelle r\u00e9gion Alsace-Champagne-Ardenne-Lorraine\"}]},{\"@type\":\"WebSite\",\"@id\":\"https:\/\/www.pamina-business.com\/de\/#website\",\"url\":\"https:\/\/www.pamina-business.com\/de\/\",\"name\":\"PAMINA Business Club\",\"description\":\"Un site utilisant WordPress\",\"potentialAction\":[{\"@type\":\"SearchAction\",\"target\":{\"@type\":\"EntryPoint\",\"urlTemplate\":\"https:\/\/www.pamina-business.com\/de\/?s={search_term_string}\"},\"query-input\":{\"@type\":\"PropertyValueSpecification\",\"valueRequired\":true,\"valueName\":\"search_term_string\"}}],\"inLanguage\":\"en-US\"},{\"@type\":\"Person\",\"@id\":\"https:\/\/www.pamina-business.com\/de\/#\/schema\/person\/9ab02536dbdbc5e3ef40bbc3452c8c69\",\"name\":\"Monique STUTZMANN\",\"image\":{\"@type\":\"ImageObject\",\"inLanguage\":\"en-US\",\"@id\":\"https:\/\/www.pamina-business.com\/de\/#\/schema\/person\/image\/\",\"url\":\"https:\/\/secure.gravatar.com\/avatar\/cc1c3adf9a9f6e969d3da7b6b34ec66f5f4a6844dfc9145380a75e42cd91882e?s=96&d=mm&r=g\",\"contentUrl\":\"https:\/\/secure.gravatar.com\/avatar\/cc1c3adf9a9f6e969d3da7b6b34ec66f5f4a6844dfc9145380a75e42cd91882e?s=96&d=mm&r=g\",\"caption\":\"Monique STUTZMANN\"},\"url\":\"https:\/\/www.pamina-business.com\/en\/author\/monique\/\"}]}<\/script>\n<!-- \/ Yoast SEO plugin. -->","yoast_head_json":{"title":"Etude : Diagnostic sur la mobilit\u00e9 internationale des jeunes dans la nouvelle r\u00e9gion Alsace-Champagne-Ardenne-Lorraine - PAMINA Business Club","robots":{"index":"index","follow":"follow","max-snippet":"max-snippet:-1","max-image-preview":"max-image-preview:large","max-video-preview":"max-video-preview:-1"},"canonical":"https:\/\/www.pamina-business.com\/en\/etude-diagnostic-sur-la-mobilite-internationale-des-jeunes-dans-la-nouvelle-region-alsace-champagne-ardenne-lorraine\/","og_locale":"en_US","og_type":"article","og_title":"Etude : Diagnostic sur la mobilit\u00e9 internationale des jeunes dans la nouvelle r\u00e9gion Alsace-Champagne-Ardenne-Lorraine - PAMINA Business Club","og_description":"Dans le domaine de la mobilit\u00e9 transfrontali\u00e8re et internationale, divers acteurs existent dans la r\u00e9gion PAMINA et au-del\u00e0. Une nouvelle \u00e9tude interroge ces acteurs de la nouvelle r\u00e9gion Alsace-Champagne-Ardenne-Lorraine et analyse les enjeux de cette mobilit\u00e9. L\u2019\u00e9tude distingue deux types de mobilit\u00e9\u00a0: la mobilit\u00e9 professionnelle ayant pour objectif l\u2019am\u00e9lioration de comp\u00e9tences professionnelles et la mobilit\u00e9 [&hellip;]","og_url":"https:\/\/www.pamina-business.com\/en\/etude-diagnostic-sur-la-mobilite-internationale-des-jeunes-dans-la-nouvelle-region-alsace-champagne-ardenne-lorraine\/","og_site_name":"PAMINA Business Club","article_published_time":"2016-09-13T13:48:49+00:00","article_modified_time":"2016-08-30T13:51:25+00:00","og_image":[{"url":"http:\/\/www.eurodistrict-pamina.eu\/pamina\/IMG\/png\/tude_mobilite_jeunes.png"}],"author":"Monique STUTZMANN","twitter_card":"summary_large_image","twitter_misc":{"Written by":"Monique STUTZMANN","Est. reading time":"1 minute"},"schema":{"@context":"https:\/\/schema.org","@graph":[{"@type":"WebPage","@id":"https:\/\/www.pamina-business.com\/en\/etude-diagnostic-sur-la-mobilite-internationale-des-jeunes-dans-la-nouvelle-region-alsace-champagne-ardenne-lorraine\/","url":"https:\/\/www.pamina-business.com\/en\/etude-diagnostic-sur-la-mobilite-internationale-des-jeunes-dans-la-nouvelle-region-alsace-champagne-ardenne-lorraine\/","name":"Etude : Diagnostic sur la mobilit\u00e9 internationale des jeunes dans la nouvelle r\u00e9gion Alsace-Champagne-Ardenne-Lorraine - PAMINA Business Club","isPartOf":{"@id":"https:\/\/www.pamina-business.com\/de\/#website"},"primaryImageOfPage":{"@id":"https:\/\/www.pamina-business.com\/en\/etude-diagnostic-sur-la-mobilite-internationale-des-jeunes-dans-la-nouvelle-region-alsace-champagne-ardenne-lorraine\/#primaryimage"},"image":{"@id":"https:\/\/www.pamina-business.com\/en\/etude-diagnostic-sur-la-mobilite-internationale-des-jeunes-dans-la-nouvelle-region-alsace-champagne-ardenne-lorraine\/#primaryimage"},"thumbnailUrl":"http:\/\/www.eurodistrict-pamina.eu\/pamina\/IMG\/png\/tude_mobilite_jeunes.png","datePublished":"2016-09-13T13:48:49+00:00","dateModified":"2016-08-30T13:51:25+00:00","author":{"@id":"https:\/\/www.pamina-business.com\/de\/#\/schema\/person\/9ab02536dbdbc5e3ef40bbc3452c8c69"},"breadcrumb":{"@id":"https:\/\/www.pamina-business.com\/en\/etude-diagnostic-sur-la-mobilite-internationale-des-jeunes-dans-la-nouvelle-region-alsace-champagne-ardenne-lorraine\/#breadcrumb"},"inLanguage":"en-US","potentialAction":[{"@type":"ReadAction","target":["https:\/\/www.pamina-business.com\/en\/etude-diagnostic-sur-la-mobilite-internationale-des-jeunes-dans-la-nouvelle-region-alsace-champagne-ardenne-lorraine\/"]}]},{"@type":"ImageObject","inLanguage":"en-US","@id":"https:\/\/www.pamina-business.com\/en\/etude-diagnostic-sur-la-mobilite-internationale-des-jeunes-dans-la-nouvelle-region-alsace-champagne-ardenne-lorraine\/#primaryimage","url":"http:\/\/www.eurodistrict-pamina.eu\/pamina\/IMG\/png\/tude_mobilite_jeunes.png","contentUrl":"http:\/\/www.eurodistrict-pamina.eu\/pamina\/IMG\/png\/tude_mobilite_jeunes.png"},{"@type":"BreadcrumbList","@id":"https:\/\/www.pamina-business.com\/en\/etude-diagnostic-sur-la-mobilite-internationale-des-jeunes-dans-la-nouvelle-region-alsace-champagne-ardenne-lorraine\/#breadcrumb","itemListElement":[{"@type":"ListItem","position":1,"name":"Accueil","item":"http:\/\/www.pamina-business.com\/en\/"},{"@type":"ListItem","position":2,"name":"Etude : Diagnostic sur la mobilit\u00e9 internationale des jeunes dans la nouvelle r\u00e9gion Alsace-Champagne-Ardenne-Lorraine"}]},{"@type":"WebSite","@id":"https:\/\/www.pamina-business.com\/de\/#website","url":"https:\/\/www.pamina-business.com\/de\/","name":"PAMINA Business Club","description":"Un site utilisant WordPress","potentialAction":[{"@type":"SearchAction","target":{"@type":"EntryPoint","urlTemplate":"https:\/\/www.pamina-business.com\/de\/?s={search_term_string}"},"query-input":{"@type":"PropertyValueSpecification","valueRequired":true,"valueName":"search_term_string"}}],"inLanguage":"en-US"},{"@type":"Person","@id":"https:\/\/www.pamina-business.com\/de\/#\/schema\/person\/9ab02536dbdbc5e3ef40bbc3452c8c69","name":"Monique STUTZMANN","image":{"@type":"ImageObject","inLanguage":"en-US","@id":"https:\/\/www.pamina-business.com\/de\/#\/schema\/person\/image\/","url":"https:\/\/secure.gravatar.com\/avatar\/cc1c3adf9a9f6e969d3da7b6b34ec66f5f4a6844dfc9145380a75e42cd91882e?s=96&d=mm&r=g","contentUrl":"https:\/\/secure.gravatar.com\/avatar\/cc1c3adf9a9f6e969d3da7b6b34ec66f5f4a6844dfc9145380a75e42cd91882e?s=96&d=mm&r=g","caption":"Monique STUTZMANN"},"url":"https:\/\/www.pamina-business.com\/en\/author\/monique\/"}]}},"_links":{"self":[{"href":"https:\/\/www.pamina-business.com\/en\/wp-json\/wp\/v2\/posts\/1858","targetHints":{"allow":["GET"]}}],"collection":[{"href":"https:\/\/www.pamina-business.com\/en\/wp-json\/wp\/v2\/posts"}],"about":[{"href":"https:\/\/www.pamina-business.com\/en\/wp-json\/wp\/v2\/types\/post"}],"author":[{"embeddable":true,"href":"https:\/\/www.pamina-business.com\/en\/wp-json\/wp\/v2\/users\/3"}],"replies":[{"embeddable":true,"href":"https:\/\/www.pamina-business.com\/en\/wp-json\/wp\/v2\/comments?post=1858"}],"version-history":[{"count":1,"href":"https:\/\/www.pamina-business.com\/en\/wp-json\/wp\/v2\/posts\/1858\/revisions"}],"predecessor-version":[{"id":1859,"href":"https:\/\/www.pamina-business.com\/en\/wp-json\/wp\/v2\/posts\/1858\/revisions\/1859"}],"wp:attachment":[{"href":"https:\/\/www.pamina-business.com\/en\/wp-json\/wp\/v2\/media?parent=1858"}],"wp:term":[{"taxonomy":"category","embeddable":true,"href":"https:\/\/www.pamina-business.com\/en\/wp-json\/wp\/v2\/categories?post=1858"},{"taxonomy":"post_tag","embeddable":true,"href":"https:\/\/www.pamina-business.com\/en\/wp-json\/wp\/v2\/tags?post=1858"}],"curies":[{"name":"wp","href":"https:\/\/api.w.org\/{rel}","templated":true}]}}