{"id":1802,"date":"2016-08-10T07:35:01","date_gmt":"2016-08-10T07:35:01","guid":{"rendered":"http:\/\/www.pamina-business.com\/?p=1802"},"modified":"2016-07-25T07:48:07","modified_gmt":"2016-07-25T07:48:07","slug":"colloque-build-and-connect-les-2-et-23-novembre-2016-a-strasbourg","status":"publish","type":"post","link":"https:\/\/www.pamina-business.com\/en\/colloque-build-and-connect-les-2-et-23-novembre-2016-a-strasbourg\/","title":{"rendered":"Colloque &#8220;Build and Connect&#8221; les 22 et 23 novembre 2016 \u00e0 Strasbourg."},"content":{"rendered":"<p>&#8220;Build and Connect&#8221; s&#8217;inscrit dans une coop\u00e9ration interclusters du Rhin Sup\u00e9rieur. Cinq grands r\u00e9seaux professionnels allemands, fran\u00e7ais et suisses organisent ce colloque et pr\u00e9sentent les savoir faire et comp\u00e9tences de plus de 400 organismes professionnels du b\u00e2timent, de centres de recherche et de formation.<\/p>\n<p>Plus d&#8217;informations sur : <a href=\"https:\/\/www.b2match.eu\/buildandconnect2016\" target=\"_blank\">https:\/\/www.b2match.eu\/buildandconnect2016<\/a><\/p>\n","protected":false},"excerpt":{"rendered":"<p>&#8220;Build and Connect&#8221; s&#8217;inscrit dans une coop\u00e9ration interclusters du Rhin Sup\u00e9rieur. Cinq grands r\u00e9seaux professionnels allemands, fran\u00e7ais et suisses organisent ce colloque et pr\u00e9sentent les savoir faire et comp\u00e9tences de plus de 400 organismes professionnels du b\u00e2timent, de centres de recherche et de formation. Plus d&#8217;informations sur : https:\/\/www.b2match.eu\/buildandconnect2016<\/p>\n","protected":false},"author":3,"featured_media":0,"comment_status":"open","ping_status":"open","sticky":false,"template":"","format":"standard","meta":{"_exactmetrics_skip_tracking":false,"_exactmetrics_sitenote_active":false,"_exactmetrics_sitenote_note":"","_exactmetrics_sitenote_category":0,"footnotes":""},"categories":[7,47],"tags":[],"class_list":["post-1802","post","type-post","status-publish","format-standard","hentry","category-evenements-fr","category-industrie-fr"],"yoast_head":"<!-- This site is optimized with the Yoast SEO plugin v23.5 - https:\/\/yoast.com\/wordpress\/plugins\/seo\/ -->\n<title>Colloque &quot;Build and Connect&quot; les 22 et 23 novembre 2016 \u00e0 Strasbourg. - PAMINA Business Club<\/title>\n<meta name=\"robots\" content=\"index, follow, max-snippet:-1, max-image-preview:large, max-video-preview:-1\" \/>\n<link rel=\"canonical\" href=\"http:\/\/www.pamina-business.com\/en\/colloque-build-and-connect-les-2-et-23-novembre-2016-a-strasbourg\/\" \/>\n<meta property=\"og:locale\" content=\"en_US\" \/>\n<meta property=\"og:type\" content=\"article\" \/>\n<meta property=\"og:title\" content=\"Colloque &quot;Build and Connect&quot; les 22 et 23 novembre 2016 \u00e0 Strasbourg. - PAMINA Business Club\" \/>\n<meta property=\"og:description\" content=\"&#8220;Build and Connect&#8221; s&#8217;inscrit dans une coop\u00e9ration interclusters du Rhin Sup\u00e9rieur. Cinq grands r\u00e9seaux professionnels allemands, fran\u00e7ais et suisses organisent ce colloque et pr\u00e9sentent les savoir faire et comp\u00e9tences de plus de 400 organismes professionnels du b\u00e2timent, de centres de recherche et de formation. Plus d&#8217;informations sur : https:\/\/www.b2match.eu\/buildandconnect2016\" \/>\n<meta property=\"og:url\" content=\"http:\/\/www.pamina-business.com\/en\/colloque-build-and-connect-les-2-et-23-novembre-2016-a-strasbourg\/\" \/>\n<meta property=\"og:site_name\" content=\"PAMINA Business Club\" \/>\n<meta property=\"article:published_time\" content=\"2016-08-10T07:35:01+00:00\" \/>\n<meta property=\"article:modified_time\" content=\"2016-07-25T07:48:07+00:00\" \/>\n<meta name=\"author\" content=\"Monique STUTZMANN\" \/>\n<meta name=\"twitter:card\" content=\"summary_large_image\" \/>\n<meta name=\"twitter:label1\" content=\"Written by\" \/>\n\t<meta name=\"twitter:data1\" content=\"Monique STUTZMANN\" \/>\n<script type=\"application\/ld+json\" class=\"yoast-schema-graph\">{\"@context\":\"https:\/\/schema.org\",\"@graph\":[{\"@type\":\"WebPage\",\"@id\":\"http:\/\/www.pamina-business.com\/en\/colloque-build-and-connect-les-2-et-23-novembre-2016-a-strasbourg\/\",\"url\":\"http:\/\/www.pamina-business.com\/en\/colloque-build-and-connect-les-2-et-23-novembre-2016-a-strasbourg\/\",\"name\":\"Colloque \\\"Build and Connect\\\" les 22 et 23 novembre 2016 \u00e0 Strasbourg. - PAMINA Business Club\",\"isPartOf\":{\"@id\":\"http:\/\/www.pamina-business.com\/de\/#website\"},\"datePublished\":\"2016-08-10T07:35:01+00:00\",\"dateModified\":\"2016-07-25T07:48:07+00:00\",\"author\":{\"@id\":\"http:\/\/www.pamina-business.com\/de\/#\/schema\/person\/9ab02536dbdbc5e3ef40bbc3452c8c69\"},\"breadcrumb\":{\"@id\":\"http:\/\/www.pamina-business.com\/en\/colloque-build-and-connect-les-2-et-23-novembre-2016-a-strasbourg\/#breadcrumb\"},\"inLanguage\":\"en-US\",\"potentialAction\":[{\"@type\":\"ReadAction\",\"target\":[\"http:\/\/www.pamina-business.com\/en\/colloque-build-and-connect-les-2-et-23-novembre-2016-a-strasbourg\/\"]}]},{\"@type\":\"BreadcrumbList\",\"@id\":\"http:\/\/www.pamina-business.com\/en\/colloque-build-and-connect-les-2-et-23-novembre-2016-a-strasbourg\/#breadcrumb\",\"itemListElement\":[{\"@type\":\"ListItem\",\"position\":1,\"name\":\"Accueil\",\"item\":\"http:\/\/www.pamina-business.com\/en\/\"},{\"@type\":\"ListItem\",\"position\":2,\"name\":\"Colloque &#8220;Build and Connect&#8221; les 22 et 23 novembre 2016 \u00e0 Strasbourg.\"}]},{\"@type\":\"WebSite\",\"@id\":\"http:\/\/www.pamina-business.com\/de\/#website\",\"url\":\"http:\/\/www.pamina-business.com\/de\/\",\"name\":\"PAMINA Business Club\",\"description\":\"Un site utilisant WordPress\",\"potentialAction\":[{\"@type\":\"SearchAction\",\"target\":{\"@type\":\"EntryPoint\",\"urlTemplate\":\"http:\/\/www.pamina-business.com\/de\/?s={search_term_string}\"},\"query-input\":{\"@type\":\"PropertyValueSpecification\",\"valueRequired\":true,\"valueName\":\"search_term_string\"}}],\"inLanguage\":\"en-US\"},{\"@type\":\"Person\",\"@id\":\"http:\/\/www.pamina-business.com\/de\/#\/schema\/person\/9ab02536dbdbc5e3ef40bbc3452c8c69\",\"name\":\"Monique STUTZMANN\",\"image\":{\"@type\":\"ImageObject\",\"inLanguage\":\"en-US\",\"@id\":\"http:\/\/www.pamina-business.com\/de\/#\/schema\/person\/image\/\",\"url\":\"https:\/\/secure.gravatar.com\/avatar\/cc1c3adf9a9f6e969d3da7b6b34ec66f5f4a6844dfc9145380a75e42cd91882e?s=96&d=mm&r=g\",\"contentUrl\":\"https:\/\/secure.gravatar.com\/avatar\/cc1c3adf9a9f6e969d3da7b6b34ec66f5f4a6844dfc9145380a75e42cd91882e?s=96&d=mm&r=g\",\"caption\":\"Monique STUTZMANN\"},\"url\":\"https:\/\/www.pamina-business.com\/en\/author\/monique\/\"}]}<\/script>\n<!-- \/ Yoast SEO plugin. -->","yoast_head_json":{"title":"Colloque \"Build and Connect\" les 22 et 23 novembre 2016 \u00e0 Strasbourg. - PAMINA Business Club","robots":{"index":"index","follow":"follow","max-snippet":"max-snippet:-1","max-image-preview":"max-image-preview:large","max-video-preview":"max-video-preview:-1"},"canonical":"http:\/\/www.pamina-business.com\/en\/colloque-build-and-connect-les-2-et-23-novembre-2016-a-strasbourg\/","og_locale":"en_US","og_type":"article","og_title":"Colloque \"Build and Connect\" les 22 et 23 novembre 2016 \u00e0 Strasbourg. - PAMINA Business Club","og_description":"&#8220;Build and Connect&#8221; s&#8217;inscrit dans une coop\u00e9ration interclusters du Rhin Sup\u00e9rieur. Cinq grands r\u00e9seaux professionnels allemands, fran\u00e7ais et suisses organisent ce colloque et pr\u00e9sentent les savoir faire et comp\u00e9tences de plus de 400 organismes professionnels du b\u00e2timent, de centres de recherche et de formation. Plus d&#8217;informations sur : https:\/\/www.b2match.eu\/buildandconnect2016","og_url":"http:\/\/www.pamina-business.com\/en\/colloque-build-and-connect-les-2-et-23-novembre-2016-a-strasbourg\/","og_site_name":"PAMINA Business Club","article_published_time":"2016-08-10T07:35:01+00:00","article_modified_time":"2016-07-25T07:48:07+00:00","author":"Monique STUTZMANN","twitter_card":"summary_large_image","twitter_misc":{"Written by":"Monique STUTZMANN"},"schema":{"@context":"https:\/\/schema.org","@graph":[{"@type":"WebPage","@id":"http:\/\/www.pamina-business.com\/en\/colloque-build-and-connect-les-2-et-23-novembre-2016-a-strasbourg\/","url":"http:\/\/www.pamina-business.com\/en\/colloque-build-and-connect-les-2-et-23-novembre-2016-a-strasbourg\/","name":"Colloque \"Build and Connect\" les 22 et 23 novembre 2016 \u00e0 Strasbourg. - PAMINA Business Club","isPartOf":{"@id":"http:\/\/www.pamina-business.com\/de\/#website"},"datePublished":"2016-08-10T07:35:01+00:00","dateModified":"2016-07-25T07:48:07+00:00","author":{"@id":"http:\/\/www.pamina-business.com\/de\/#\/schema\/person\/9ab02536dbdbc5e3ef40bbc3452c8c69"},"breadcrumb":{"@id":"http:\/\/www.pamina-business.com\/en\/colloque-build-and-connect-les-2-et-23-novembre-2016-a-strasbourg\/#breadcrumb"},"inLanguage":"en-US","potentialAction":[{"@type":"ReadAction","target":["http:\/\/www.pamina-business.com\/en\/colloque-build-and-connect-les-2-et-23-novembre-2016-a-strasbourg\/"]}]},{"@type":"BreadcrumbList","@id":"http:\/\/www.pamina-business.com\/en\/colloque-build-and-connect-les-2-et-23-novembre-2016-a-strasbourg\/#breadcrumb","itemListElement":[{"@type":"ListItem","position":1,"name":"Accueil","item":"http:\/\/www.pamina-business.com\/en\/"},{"@type":"ListItem","position":2,"name":"Colloque &#8220;Build and Connect&#8221; les 22 et 23 novembre 2016 \u00e0 Strasbourg."}]},{"@type":"WebSite","@id":"http:\/\/www.pamina-business.com\/de\/#website","url":"http:\/\/www.pamina-business.com\/de\/","name":"PAMINA Business Club","description":"Un site utilisant WordPress","potentialAction":[{"@type":"SearchAction","target":{"@type":"EntryPoint","urlTemplate":"http:\/\/www.pamina-business.com\/de\/?s={search_term_string}"},"query-input":{"@type":"PropertyValueSpecification","valueRequired":true,"valueName":"search_term_string"}}],"inLanguage":"en-US"},{"@type":"Person","@id":"http:\/\/www.pamina-business.com\/de\/#\/schema\/person\/9ab02536dbdbc5e3ef40bbc3452c8c69","name":"Monique STUTZMANN","image":{"@type":"ImageObject","inLanguage":"en-US","@id":"http:\/\/www.pamina-business.com\/de\/#\/schema\/person\/image\/","url":"https:\/\/secure.gravatar.com\/avatar\/cc1c3adf9a9f6e969d3da7b6b34ec66f5f4a6844dfc9145380a75e42cd91882e?s=96&d=mm&r=g","contentUrl":"https:\/\/secure.gravatar.com\/avatar\/cc1c3adf9a9f6e969d3da7b6b34ec66f5f4a6844dfc9145380a75e42cd91882e?s=96&d=mm&r=g","caption":"Monique STUTZMANN"},"url":"https:\/\/www.pamina-business.com\/en\/author\/monique\/"}]}},"_links":{"self":[{"href":"https:\/\/www.pamina-business.com\/en\/wp-json\/wp\/v2\/posts\/1802","targetHints":{"allow":["GET"]}}],"collection":[{"href":"https:\/\/www.pamina-business.com\/en\/wp-json\/wp\/v2\/posts"}],"about":[{"href":"https:\/\/www.pamina-business.com\/en\/wp-json\/wp\/v2\/types\/post"}],"author":[{"embeddable":true,"href":"https:\/\/www.pamina-business.com\/en\/wp-json\/wp\/v2\/users\/3"}],"replies":[{"embeddable":true,"href":"https:\/\/www.pamina-business.com\/en\/wp-json\/wp\/v2\/comments?post=1802"}],"version-history":[{"count":2,"href":"https:\/\/www.pamina-business.com\/en\/wp-json\/wp\/v2\/posts\/1802\/revisions"}],"predecessor-version":[{"id":1804,"href":"https:\/\/www.pamina-business.com\/en\/wp-json\/wp\/v2\/posts\/1802\/revisions\/1804"}],"wp:attachment":[{"href":"https:\/\/www.pamina-business.com\/en\/wp-json\/wp\/v2\/media?parent=1802"}],"wp:term":[{"taxonomy":"category","embeddable":true,"href":"https:\/\/www.pamina-business.com\/en\/wp-json\/wp\/v2\/categories?post=1802"},{"taxonomy":"post_tag","embeddable":true,"href":"https:\/\/www.pamina-business.com\/en\/wp-json\/wp\/v2\/tags?post=1802"}],"curies":[{"name":"wp","href":"https:\/\/api.w.org\/{rel}","templated":true}]}}