{"id":1388,"date":"2016-03-14T15:37:46","date_gmt":"2016-03-14T15:37:46","guid":{"rendered":"http:\/\/www.pamina-business.com\/?p=1388"},"modified":"2016-03-14T15:43:25","modified_gmt":"2016-03-14T15:43:25","slug":"investissements-chez-kuhn-a-saverne","status":"publish","type":"post","link":"https:\/\/www.pamina-business.com\/en\/investissements-chez-kuhn-a-saverne\/","title":{"rendered":"Investissements chez KUHN \u00e0 Saverne"},"content":{"rendered":"<div id=\"stcpDiv\">\n<h1>KUHN investit 17 millions d&#8217;Euros dans un nouveau Centre Logistique<\/h1>\n<div class=\"wysiwyg\">\n<p><strong><a title=\"Kuhn\" href=\"http:\/\/www.kuhn.fr\/\" target=\"_blank\">KUHN S.A.<\/a>, constructeur de renomm\u00e9e mondiale et acteur majeur dans le domaine du machinisme agricole, adapte son site de Saverne pour faire face \u00e0 une augmentation de la diversit\u00e9 et de la taille de ses produits. Le 23 f\u00e9vrier 2016, KUHN a invit\u00e9 de nombreuses personnalit\u00e9s locales pour le coup d&#8217;envoi de ce projet industriel majeur.\u00a0<\/strong><\/p>\n<p>Apr\u00e8s la cr\u00e9ation en 2008 \u00e0 Monswiller de son second site de production alsacien d\u00e9di\u00e9 au montage de grandes machines, KUHN franchit une nouvelle \u00e9tape afin de r\u00e9pondre aux enjeux du futur et aux exigences de sa client\u00e8le internationale, en r\u00e9organisant et en modernisant sa logistique interne.<\/p>\n<p>Ce projet de grande envergure repr\u00e9sente un investissement d&#8217;environ 17 Millions d&#8217;euros et concerne le site historique de Saverne qui emploie aujourd&#8217;hui plus de 1 200 salari\u00e9s.<\/p>\n<p>Ce nouvel outil logistique baptis\u00e9 \u00ab Central Logistics Center \u00bb prendra la forme d&#8217;une structure moderne de pr\u00e8s de 10 000 m\u00b2 et d&#8217;une hauteur de 20 m, rempla\u00e7ant d&#8217;anciens b\u00e2timents pr\u00e9alablement d\u00e9molis. Il assurera la fonction de r\u00e9ception et de stockage des 18 000 r\u00e9f\u00e9rences de pi\u00e8ces et composants provenant de fournisseurs, de sous-traitants et d&#8217;autres usines du Groupe. La performance de ce nouvel outil r\u00e9sidera dans sa capacit\u00e9 \u00e0 approvisionner les ateliers de fabrication et de montage au bon moment, de fa\u00e7on toujours plus pr\u00e9cise et plus r\u00e9guli\u00e8re, avec des quantit\u00e9s calibr\u00e9es au plus juste.<\/p>\n<p>L&#8217;objectif du projet est de permettre \u00e0 l&#8217;entreprise de r\u00e9agir encore plus rapidement aux demandes des clients et de produire, pr\u00e9cis\u00e9ment, ce qu&#8217;il faut, au moment o\u00f9 il le faut, lib\u00e9rant ainsi dans les ateliers les espaces de stockage pour les remplacer par des espaces de cr\u00e9ation de valeur ajout\u00e9e. Des techniques modernes de manutention (incluant une installation de transstockeurs automatiques d&#8217;une capacit\u00e9 de 32 000 emplacements) ainsi que les meilleurs logiciels de pilotage seront mis en oeuvre, de fa\u00e7on \u00e0 assurer la plus haute performance et des conditions de travail optimales pour les magasiniers et caristes qui feront fonctionner ce complexe au quotidien.<\/p>\n<p>Le centre logistique devrait \u00eatre op\u00e9rationnel au cours du second semestre 2017.<\/p>\n<p>L&#8217;ADIRA est constamment pr\u00e9sente aux c\u00f4t\u00e9s de Kuhn depuis des ann\u00e9es. Elle entretient des contacts r\u00e9guliers avec la Direction pour accompagner ses projets en cours comme les grands d\u00e9veloppements r\u00e9cents : Kuhn Center for progress et le Centre de comp\u00e9tence Kuhn MGM pour l&#8217;assemblage de grandes machines \u00e0 Monswiller.<\/p>\n<p><img loading=\"lazy\" decoding=\"async\" title=\"Kuhn - f\u00e9vrier 2016\" src=\"http:\/\/www.adira.com\/upload\/images\/Entreprises\/Kuhn_direction_fev16.jpg\" alt=\"Kuhn - f\u00e9vrier 2016\" width=\"1000\" height=\"750\" \/><\/p>\n<\/div>\n<\/div>\n<div><em>Source<\/em> : ADIRA<a href=\"http:\/\/www.adira.com\" target=\"_blank\"> www.adira.com <\/a><\/div>\n<div>See more at: http:\/\/www.adira.com\/quoi-de-neuf\/kuhn-investit-17-millions-d-euros-dans-un-nouveau-centre-logistique.html#sthash.w4DwsMxW.dpuf<\/div>\n<div><\/div>\n<div>Contacts : KUHN<a href=\"http:\/\/www.kuhn.fr\" target=\"_blank\"> www.kuhn.fr<\/a><\/div>\n","protected":false},"excerpt":{"rendered":"<p>KUHN investit 17 millions d&#8217;Euros dans un nouveau Centre Logistique KUHN S.A., constructeur de renomm\u00e9e mondiale et acteur majeur dans le domaine du machinisme agricole, adapte son site de Saverne pour faire face \u00e0 une augmentation de la diversit\u00e9 et de la taille de ses produits. Le 23 f\u00e9vrier 2016, KUHN a invit\u00e9 de nombreuses [&hellip;]<\/p>\n","protected":false},"author":3,"featured_media":0,"comment_status":"open","ping_status":"open","sticky":false,"template":"","format":"standard","meta":{"_exactmetrics_skip_tracking":false,"_exactmetrics_sitenote_active":false,"_exactmetrics_sitenote_note":"","_exactmetrics_sitenote_category":0,"footnotes":""},"categories":[65,47],"tags":[],"class_list":["post-1388","post","type-post","status-publish","format-standard","hentry","category-economie","category-industrie-fr"],"yoast_head":"<!-- This site is optimized with the Yoast SEO plugin v23.5 - https:\/\/yoast.com\/wordpress\/plugins\/seo\/ -->\n<title>Investissements chez KUHN \u00e0 Saverne - PAMINA Business Club<\/title>\n<meta name=\"robots\" content=\"index, follow, max-snippet:-1, max-image-preview:large, max-video-preview:-1\" \/>\n<link rel=\"canonical\" href=\"https:\/\/www.pamina-business.com\/investissements-chez-kuhn-a-saverne\/\" \/>\n<meta property=\"og:locale\" content=\"en_US\" \/>\n<meta property=\"og:type\" content=\"article\" \/>\n<meta property=\"og:title\" content=\"Investissements chez KUHN \u00e0 Saverne - PAMINA Business Club\" \/>\n<meta property=\"og:description\" content=\"KUHN investit 17 millions d&#8217;Euros dans un nouveau Centre Logistique KUHN S.A., constructeur de renomm\u00e9e mondiale et acteur majeur dans le domaine du machinisme agricole, adapte son site de Saverne pour faire face \u00e0 une augmentation de la diversit\u00e9 et de la taille de ses produits. Le 23 f\u00e9vrier 2016, KUHN a invit\u00e9 de nombreuses [&hellip;]\" \/>\n<meta property=\"og:url\" content=\"https:\/\/www.pamina-business.com\/investissements-chez-kuhn-a-saverne\/\" \/>\n<meta property=\"og:site_name\" content=\"PAMINA Business Club\" \/>\n<meta property=\"article:published_time\" content=\"2016-03-14T15:37:46+00:00\" \/>\n<meta property=\"article:modified_time\" content=\"2016-03-14T15:43:25+00:00\" \/>\n<meta property=\"og:image\" content=\"http:\/\/www.adira.com\/upload\/images\/Entreprises\/Kuhn_direction_fev16.jpg\" \/>\n<meta name=\"author\" content=\"Monique STUTZMANN\" \/>\n<meta name=\"twitter:card\" content=\"summary_large_image\" \/>\n<meta name=\"twitter:label1\" content=\"Written by\" \/>\n\t<meta name=\"twitter:data1\" content=\"Monique STUTZMANN\" \/>\n\t<meta name=\"twitter:label2\" content=\"Est. reading time\" \/>\n\t<meta name=\"twitter:data2\" content=\"2 minutes\" \/>\n<script type=\"application\/ld+json\" class=\"yoast-schema-graph\">{\"@context\":\"https:\/\/schema.org\",\"@graph\":[{\"@type\":\"WebPage\",\"@id\":\"https:\/\/www.pamina-business.com\/investissements-chez-kuhn-a-saverne\/\",\"url\":\"https:\/\/www.pamina-business.com\/investissements-chez-kuhn-a-saverne\/\",\"name\":\"Investissements chez KUHN \u00e0 Saverne - PAMINA Business Club\",\"isPartOf\":{\"@id\":\"http:\/\/www.pamina-business.com\/de\/#website\"},\"primaryImageOfPage\":{\"@id\":\"https:\/\/www.pamina-business.com\/investissements-chez-kuhn-a-saverne\/#primaryimage\"},\"image\":{\"@id\":\"https:\/\/www.pamina-business.com\/investissements-chez-kuhn-a-saverne\/#primaryimage\"},\"thumbnailUrl\":\"http:\/\/www.adira.com\/upload\/images\/Entreprises\/Kuhn_direction_fev16.jpg\",\"datePublished\":\"2016-03-14T15:37:46+00:00\",\"dateModified\":\"2016-03-14T15:43:25+00:00\",\"author\":{\"@id\":\"http:\/\/www.pamina-business.com\/de\/#\/schema\/person\/9ab02536dbdbc5e3ef40bbc3452c8c69\"},\"breadcrumb\":{\"@id\":\"https:\/\/www.pamina-business.com\/investissements-chez-kuhn-a-saverne\/#breadcrumb\"},\"inLanguage\":\"en-US\",\"potentialAction\":[{\"@type\":\"ReadAction\",\"target\":[\"https:\/\/www.pamina-business.com\/investissements-chez-kuhn-a-saverne\/\"]}]},{\"@type\":\"ImageObject\",\"inLanguage\":\"en-US\",\"@id\":\"https:\/\/www.pamina-business.com\/investissements-chez-kuhn-a-saverne\/#primaryimage\",\"url\":\"http:\/\/www.adira.com\/upload\/images\/Entreprises\/Kuhn_direction_fev16.jpg\",\"contentUrl\":\"http:\/\/www.adira.com\/upload\/images\/Entreprises\/Kuhn_direction_fev16.jpg\"},{\"@type\":\"BreadcrumbList\",\"@id\":\"https:\/\/www.pamina-business.com\/investissements-chez-kuhn-a-saverne\/#breadcrumb\",\"itemListElement\":[{\"@type\":\"ListItem\",\"position\":1,\"name\":\"Accueil\",\"item\":\"http:\/\/www.pamina-business.com\/en\/\"},{\"@type\":\"ListItem\",\"position\":2,\"name\":\"Investissements chez KUHN \u00e0 Saverne\"}]},{\"@type\":\"WebSite\",\"@id\":\"http:\/\/www.pamina-business.com\/de\/#website\",\"url\":\"http:\/\/www.pamina-business.com\/de\/\",\"name\":\"PAMINA Business Club\",\"description\":\"Un site utilisant WordPress\",\"potentialAction\":[{\"@type\":\"SearchAction\",\"target\":{\"@type\":\"EntryPoint\",\"urlTemplate\":\"http:\/\/www.pamina-business.com\/de\/?s={search_term_string}\"},\"query-input\":{\"@type\":\"PropertyValueSpecification\",\"valueRequired\":true,\"valueName\":\"search_term_string\"}}],\"inLanguage\":\"en-US\"},{\"@type\":\"Person\",\"@id\":\"http:\/\/www.pamina-business.com\/de\/#\/schema\/person\/9ab02536dbdbc5e3ef40bbc3452c8c69\",\"name\":\"Monique STUTZMANN\",\"image\":{\"@type\":\"ImageObject\",\"inLanguage\":\"en-US\",\"@id\":\"http:\/\/www.pamina-business.com\/de\/#\/schema\/person\/image\/\",\"url\":\"https:\/\/secure.gravatar.com\/avatar\/cc1c3adf9a9f6e969d3da7b6b34ec66f5f4a6844dfc9145380a75e42cd91882e?s=96&d=mm&r=g\",\"contentUrl\":\"https:\/\/secure.gravatar.com\/avatar\/cc1c3adf9a9f6e969d3da7b6b34ec66f5f4a6844dfc9145380a75e42cd91882e?s=96&d=mm&r=g\",\"caption\":\"Monique STUTZMANN\"},\"url\":\"https:\/\/www.pamina-business.com\/en\/author\/monique\/\"}]}<\/script>\n<!-- \/ Yoast SEO plugin. -->","yoast_head_json":{"title":"Investissements chez KUHN \u00e0 Saverne - PAMINA Business Club","robots":{"index":"index","follow":"follow","max-snippet":"max-snippet:-1","max-image-preview":"max-image-preview:large","max-video-preview":"max-video-preview:-1"},"canonical":"https:\/\/www.pamina-business.com\/investissements-chez-kuhn-a-saverne\/","og_locale":"en_US","og_type":"article","og_title":"Investissements chez KUHN \u00e0 Saverne - PAMINA Business Club","og_description":"KUHN investit 17 millions d&#8217;Euros dans un nouveau Centre Logistique KUHN S.A., constructeur de renomm\u00e9e mondiale et acteur majeur dans le domaine du machinisme agricole, adapte son site de Saverne pour faire face \u00e0 une augmentation de la diversit\u00e9 et de la taille de ses produits. Le 23 f\u00e9vrier 2016, KUHN a invit\u00e9 de nombreuses [&hellip;]","og_url":"https:\/\/www.pamina-business.com\/investissements-chez-kuhn-a-saverne\/","og_site_name":"PAMINA Business Club","article_published_time":"2016-03-14T15:37:46+00:00","article_modified_time":"2016-03-14T15:43:25+00:00","og_image":[{"url":"http:\/\/www.adira.com\/upload\/images\/Entreprises\/Kuhn_direction_fev16.jpg"}],"author":"Monique STUTZMANN","twitter_card":"summary_large_image","twitter_misc":{"Written by":"Monique STUTZMANN","Est. reading time":"2 minutes"},"schema":{"@context":"https:\/\/schema.org","@graph":[{"@type":"WebPage","@id":"https:\/\/www.pamina-business.com\/investissements-chez-kuhn-a-saverne\/","url":"https:\/\/www.pamina-business.com\/investissements-chez-kuhn-a-saverne\/","name":"Investissements chez KUHN \u00e0 Saverne - PAMINA Business Club","isPartOf":{"@id":"http:\/\/www.pamina-business.com\/de\/#website"},"primaryImageOfPage":{"@id":"https:\/\/www.pamina-business.com\/investissements-chez-kuhn-a-saverne\/#primaryimage"},"image":{"@id":"https:\/\/www.pamina-business.com\/investissements-chez-kuhn-a-saverne\/#primaryimage"},"thumbnailUrl":"http:\/\/www.adira.com\/upload\/images\/Entreprises\/Kuhn_direction_fev16.jpg","datePublished":"2016-03-14T15:37:46+00:00","dateModified":"2016-03-14T15:43:25+00:00","author":{"@id":"http:\/\/www.pamina-business.com\/de\/#\/schema\/person\/9ab02536dbdbc5e3ef40bbc3452c8c69"},"breadcrumb":{"@id":"https:\/\/www.pamina-business.com\/investissements-chez-kuhn-a-saverne\/#breadcrumb"},"inLanguage":"en-US","potentialAction":[{"@type":"ReadAction","target":["https:\/\/www.pamina-business.com\/investissements-chez-kuhn-a-saverne\/"]}]},{"@type":"ImageObject","inLanguage":"en-US","@id":"https:\/\/www.pamina-business.com\/investissements-chez-kuhn-a-saverne\/#primaryimage","url":"http:\/\/www.adira.com\/upload\/images\/Entreprises\/Kuhn_direction_fev16.jpg","contentUrl":"http:\/\/www.adira.com\/upload\/images\/Entreprises\/Kuhn_direction_fev16.jpg"},{"@type":"BreadcrumbList","@id":"https:\/\/www.pamina-business.com\/investissements-chez-kuhn-a-saverne\/#breadcrumb","itemListElement":[{"@type":"ListItem","position":1,"name":"Accueil","item":"http:\/\/www.pamina-business.com\/en\/"},{"@type":"ListItem","position":2,"name":"Investissements chez KUHN \u00e0 Saverne"}]},{"@type":"WebSite","@id":"http:\/\/www.pamina-business.com\/de\/#website","url":"http:\/\/www.pamina-business.com\/de\/","name":"PAMINA Business Club","description":"Un site utilisant WordPress","potentialAction":[{"@type":"SearchAction","target":{"@type":"EntryPoint","urlTemplate":"http:\/\/www.pamina-business.com\/de\/?s={search_term_string}"},"query-input":{"@type":"PropertyValueSpecification","valueRequired":true,"valueName":"search_term_string"}}],"inLanguage":"en-US"},{"@type":"Person","@id":"http:\/\/www.pamina-business.com\/de\/#\/schema\/person\/9ab02536dbdbc5e3ef40bbc3452c8c69","name":"Monique STUTZMANN","image":{"@type":"ImageObject","inLanguage":"en-US","@id":"http:\/\/www.pamina-business.com\/de\/#\/schema\/person\/image\/","url":"https:\/\/secure.gravatar.com\/avatar\/cc1c3adf9a9f6e969d3da7b6b34ec66f5f4a6844dfc9145380a75e42cd91882e?s=96&d=mm&r=g","contentUrl":"https:\/\/secure.gravatar.com\/avatar\/cc1c3adf9a9f6e969d3da7b6b34ec66f5f4a6844dfc9145380a75e42cd91882e?s=96&d=mm&r=g","caption":"Monique STUTZMANN"},"url":"https:\/\/www.pamina-business.com\/en\/author\/monique\/"}]}},"_links":{"self":[{"href":"https:\/\/www.pamina-business.com\/en\/wp-json\/wp\/v2\/posts\/1388","targetHints":{"allow":["GET"]}}],"collection":[{"href":"https:\/\/www.pamina-business.com\/en\/wp-json\/wp\/v2\/posts"}],"about":[{"href":"https:\/\/www.pamina-business.com\/en\/wp-json\/wp\/v2\/types\/post"}],"author":[{"embeddable":true,"href":"https:\/\/www.pamina-business.com\/en\/wp-json\/wp\/v2\/users\/3"}],"replies":[{"embeddable":true,"href":"https:\/\/www.pamina-business.com\/en\/wp-json\/wp\/v2\/comments?post=1388"}],"version-history":[{"count":2,"href":"https:\/\/www.pamina-business.com\/en\/wp-json\/wp\/v2\/posts\/1388\/revisions"}],"predecessor-version":[{"id":1390,"href":"https:\/\/www.pamina-business.com\/en\/wp-json\/wp\/v2\/posts\/1388\/revisions\/1390"}],"wp:attachment":[{"href":"https:\/\/www.pamina-business.com\/en\/wp-json\/wp\/v2\/media?parent=1388"}],"wp:term":[{"taxonomy":"category","embeddable":true,"href":"https:\/\/www.pamina-business.com\/en\/wp-json\/wp\/v2\/categories?post=1388"},{"taxonomy":"post_tag","embeddable":true,"href":"https:\/\/www.pamina-business.com\/en\/wp-json\/wp\/v2\/tags?post=1388"}],"curies":[{"name":"wp","href":"https:\/\/api.w.org\/{rel}","templated":true}]}}