{"id":911,"date":"2015-10-05T13:40:35","date_gmt":"2015-10-05T13:40:35","guid":{"rendered":"http:\/\/www.pamina-business.com\/?p=911"},"modified":"2015-10-05T13:40:35","modified_gmt":"2015-10-05T13:40:35","slug":"deutsch-franzosicher-seminar-am-10-oktober-in-strasburg","status":"publish","type":"post","link":"https:\/\/www.pamina-business.com\/de\/deutsch-franzosicher-seminar-am-10-oktober-in-strasburg\/","title":{"rendered":"Deutsch-Franz\u00f6sicher Seminar am 10. Oktober in Stra\u00dfburg"},"content":{"rendered":"<h2 class=\"subhead\">DEUTSCH-FRANZ\u00d6SISCHES SEMINAR<\/h2>\n<h1 class=\"head\">Schule und Unternehmen als Partner<\/h1>\n<div>\n<div class=\"text\">Nach welchem Menschenbild wir uns entwickeln, h\u00e4ngt neben dem pr\u00e4genden Einfluss der Eltern vor allem von der Qualit\u00e4t unserer Schulbildung ab, vom Kindergarten bis zur Hochschule und dem Bildungsbeitrag, den\u00a0 Unternehmen oder andere Einrichtungen leisten.<\/p>\n<p>Beide Bereiche m\u00fcssen zusammen betrachtet werden, denn die Qualit\u00e4t der schulischen Bildung legt den Grundstein f\u00fcr eine sp\u00e4tere berufliche Wettbewerbsf\u00e4higkeit, und beide haben sich den technologischen und sozialen Herausforderungen zu stellen. Dennoch ist ihr jeweiliges Selbstverst\u00e4ndnis wenig partnerschaftlich. Woran zeigt sich das, was sind die Gr\u00fcnde und gibt es unterschiedliche Probleme und demzufolge auch L\u00f6sungen\u00a0 in Frankreich und Deutschland?<\/p>\n<p>Diese Fragen diskutieren deutsche und franz\u00f6sische Experten in der Veranstaltung <a href=\"http:\/\/fhr-fho.unistra.fr\/de\/evenements\/seminaire-2015-titre\/\" target=\"_self\">&#8222;Schule und Unternehmen als Sozial- und Wirtschaftspartner&#8220; <\/a>am 10. Oktober, 9 Uhr, in Stra\u00dfburg.<\/div>\n<div class=\"text\"><\/div>\n<div class=\"text\">Podiumsteilnehmer sind:<br \/>\nPeter Clei\u00df, Oberkirch, Leiter der Beruflichen Schulen Kehl, Fr\u00e9d\u00e9ric Creplet, Gesch\u00e4ftsf\u00fchrer, Voirin, Managementberater, Patrick Hetzel, Professor der Universit\u00e4ten, Abgeordneter des Departements \u201cBas-Rhin\u201d, Jean-Michel Niedermeyer, Kehl\/Strasbourg, Coll\u00e8ge Episcopal Saint-Etienne, Lehrbeauftragter an deutschen Gymnasien, Hans Nu\u00dfbaum, Kehl-Bodersweier, Unternehmer, Jean-Pierre Perrin, Berater, Ehemaliger Leiter des Jean-Sturm-Gymnasiums, Marcel Schott, Ehemaliger Generaldirektor Messier-Bugatti, Sabine Urban, Professor \u201c\u00e9m\u00e9rite\u201d, Universit\u00e4t Strasbourg, Vorstandsvorsitzende des FHR\/FHO, Sylvain Waserman, Generaldirektor eines Dienstleistungsunternehmens, Sonja Waldherr-Rummel, Karlsruhe, Referentin Berufsbildung International, Industrie- und Handelskammer Karlsruhe und Bernd Wiegele, Kehl, Gesch\u00e4ftsf\u00fchrer Badische Stahlwerke Anlagenbau und Ausbildung GmbH.<\/div>\n<div class=\"text\"><\/div>\n<div class=\"text\"><em>Quelle<\/em> : Berufsbildung-Newsletter der IHK Karlsruhe vom 25.09.15 &#8211;<a href=\"http:\/\/www.karlsruhe.ihk.de\" target=\"_blank\">www.karlsruhe.ihk.de<\/a><\/div>\n<div class=\"text\"><\/div>\n<div class=\"text\"><em>Kontakt :<\/em><a href=\"mai&#108;&#116;&#111;&#x3a;&#x69;&#x6e;&#x66;&#x6f;&#x40;kar&#108;&#115;&#114;&#117;&#x68;&#x65;&#x2e;&#x69;&#x68;&#x6b;&#46;de\" target=\"_blank\"> &#105;&#x6e;f&#111;&#x40;k&#97;&#x72;l&#x73;&#x72;&#117;&#x68;e&#46;&#x69;h&#107;&#x2e;d&#x65;<\/a><\/div>\n<\/div>\n","protected":false},"excerpt":{"rendered":"<p>DEUTSCH-FRANZ\u00d6SISCHES SEMINAR Schule und Unternehmen als Partner Nach welchem Menschenbild wir uns entwickeln, h\u00e4ngt neben dem pr\u00e4genden Einfluss der Eltern vor allem von der Qualit\u00e4t unserer Schulbildung ab, vom Kindergarten bis zur Hochschule und dem Bildungsbeitrag, den\u00a0 Unternehmen oder andere Einrichtungen leisten. Beide Bereiche m\u00fcssen zusammen betrachtet werden, denn die Qualit\u00e4t der schulischen Bildung legt [&hellip;]<\/p>\n","protected":false},"author":3,"featured_media":0,"comment_status":"open","ping_status":"open","sticky":false,"template":"","format":"standard","meta":{"_exactmetrics_skip_tracking":false,"_exactmetrics_sitenote_active":false,"_exactmetrics_sitenote_note":"","_exactmetrics_sitenote_category":0,"footnotes":""},"categories":[57,59],"tags":[],"class_list":["post-911","post","type-post","status-publish","format-standard","hentry","category-berufsbildung-de","category-ereignisse-de"],"yoast_head":"<!-- This site is optimized with the Yoast SEO plugin v23.5 - https:\/\/yoast.com\/wordpress\/plugins\/seo\/ -->\n<title>Deutsch-Franz\u00f6sicher Seminar am 10. Oktober in Stra\u00dfburg - PAMINA Business Club<\/title>\n<meta name=\"robots\" content=\"index, follow, max-snippet:-1, max-image-preview:large, max-video-preview:-1\" \/>\n<link rel=\"canonical\" href=\"https:\/\/www.pamina-business.com\/de\/deutsch-franzosicher-seminar-am-10-oktober-in-strasburg\/\" \/>\n<meta property=\"og:locale\" content=\"de_DE\" \/>\n<meta property=\"og:type\" content=\"article\" \/>\n<meta property=\"og:title\" content=\"Deutsch-Franz\u00f6sicher Seminar am 10. Oktober in Stra\u00dfburg - PAMINA Business Club\" \/>\n<meta property=\"og:description\" content=\"DEUTSCH-FRANZ\u00d6SISCHES SEMINAR Schule und Unternehmen als Partner Nach welchem Menschenbild wir uns entwickeln, h\u00e4ngt neben dem pr\u00e4genden Einfluss der Eltern vor allem von der Qualit\u00e4t unserer Schulbildung ab, vom Kindergarten bis zur Hochschule und dem Bildungsbeitrag, den\u00a0 Unternehmen oder andere Einrichtungen leisten. Beide Bereiche m\u00fcssen zusammen betrachtet werden, denn die Qualit\u00e4t der schulischen Bildung legt [&hellip;]\" \/>\n<meta property=\"og:url\" content=\"https:\/\/www.pamina-business.com\/de\/deutsch-franzosicher-seminar-am-10-oktober-in-strasburg\/\" \/>\n<meta property=\"og:site_name\" content=\"PAMINA Business Club\" \/>\n<meta property=\"article:published_time\" content=\"2015-10-05T13:40:35+00:00\" \/>\n<meta name=\"author\" content=\"Monique STUTZMANN\" \/>\n<meta name=\"twitter:card\" content=\"summary_large_image\" \/>\n<meta name=\"twitter:label1\" content=\"Verfasst von\" \/>\n\t<meta name=\"twitter:data1\" content=\"Monique STUTZMANN\" \/>\n\t<meta name=\"twitter:label2\" content=\"Gesch\u00e4tzte Lesezeit\" \/>\n\t<meta name=\"twitter:data2\" content=\"1\u00a0Minute\" \/>\n<script type=\"application\/ld+json\" class=\"yoast-schema-graph\">{\"@context\":\"https:\/\/schema.org\",\"@graph\":[{\"@type\":\"WebPage\",\"@id\":\"https:\/\/www.pamina-business.com\/de\/deutsch-franzosicher-seminar-am-10-oktober-in-strasburg\/\",\"url\":\"https:\/\/www.pamina-business.com\/de\/deutsch-franzosicher-seminar-am-10-oktober-in-strasburg\/\",\"name\":\"Deutsch-Franz\u00f6sicher Seminar am 10. Oktober in Stra\u00dfburg - PAMINA Business Club\",\"isPartOf\":{\"@id\":\"http:\/\/www.pamina-business.com\/de\/#website\"},\"datePublished\":\"2015-10-05T13:40:35+00:00\",\"dateModified\":\"2015-10-05T13:40:35+00:00\",\"author\":{\"@id\":\"http:\/\/www.pamina-business.com\/de\/#\/schema\/person\/9ab02536dbdbc5e3ef40bbc3452c8c69\"},\"breadcrumb\":{\"@id\":\"https:\/\/www.pamina-business.com\/de\/deutsch-franzosicher-seminar-am-10-oktober-in-strasburg\/#breadcrumb\"},\"inLanguage\":\"de\",\"potentialAction\":[{\"@type\":\"ReadAction\",\"target\":[\"https:\/\/www.pamina-business.com\/de\/deutsch-franzosicher-seminar-am-10-oktober-in-strasburg\/\"]}]},{\"@type\":\"BreadcrumbList\",\"@id\":\"https:\/\/www.pamina-business.com\/de\/deutsch-franzosicher-seminar-am-10-oktober-in-strasburg\/#breadcrumb\",\"itemListElement\":[{\"@type\":\"ListItem\",\"position\":1,\"name\":\"Accueil\",\"item\":\"http:\/\/www.pamina-business.com\/de\/\"},{\"@type\":\"ListItem\",\"position\":2,\"name\":\"Deutsch-Franz\u00f6sicher Seminar am 10. Oktober in Stra\u00dfburg\"}]},{\"@type\":\"WebSite\",\"@id\":\"http:\/\/www.pamina-business.com\/de\/#website\",\"url\":\"http:\/\/www.pamina-business.com\/de\/\",\"name\":\"PAMINA Business Club\",\"description\":\"Un site utilisant WordPress\",\"potentialAction\":[{\"@type\":\"SearchAction\",\"target\":{\"@type\":\"EntryPoint\",\"urlTemplate\":\"http:\/\/www.pamina-business.com\/de\/?s={search_term_string}\"},\"query-input\":{\"@type\":\"PropertyValueSpecification\",\"valueRequired\":true,\"valueName\":\"search_term_string\"}}],\"inLanguage\":\"de\"},{\"@type\":\"Person\",\"@id\":\"http:\/\/www.pamina-business.com\/de\/#\/schema\/person\/9ab02536dbdbc5e3ef40bbc3452c8c69\",\"name\":\"Monique STUTZMANN\",\"image\":{\"@type\":\"ImageObject\",\"inLanguage\":\"de\",\"@id\":\"http:\/\/www.pamina-business.com\/de\/#\/schema\/person\/image\/\",\"url\":\"https:\/\/secure.gravatar.com\/avatar\/cc1c3adf9a9f6e969d3da7b6b34ec66f5f4a6844dfc9145380a75e42cd91882e?s=96&d=mm&r=g\",\"contentUrl\":\"https:\/\/secure.gravatar.com\/avatar\/cc1c3adf9a9f6e969d3da7b6b34ec66f5f4a6844dfc9145380a75e42cd91882e?s=96&d=mm&r=g\",\"caption\":\"Monique STUTZMANN\"},\"url\":\"https:\/\/www.pamina-business.com\/de\/author\/monique\/\"}]}<\/script>\n<!-- \/ Yoast SEO plugin. -->","yoast_head_json":{"title":"Deutsch-Franz\u00f6sicher Seminar am 10. Oktober in Stra\u00dfburg - PAMINA Business Club","robots":{"index":"index","follow":"follow","max-snippet":"max-snippet:-1","max-image-preview":"max-image-preview:large","max-video-preview":"max-video-preview:-1"},"canonical":"https:\/\/www.pamina-business.com\/de\/deutsch-franzosicher-seminar-am-10-oktober-in-strasburg\/","og_locale":"de_DE","og_type":"article","og_title":"Deutsch-Franz\u00f6sicher Seminar am 10. Oktober in Stra\u00dfburg - PAMINA Business Club","og_description":"DEUTSCH-FRANZ\u00d6SISCHES SEMINAR Schule und Unternehmen als Partner Nach welchem Menschenbild wir uns entwickeln, h\u00e4ngt neben dem pr\u00e4genden Einfluss der Eltern vor allem von der Qualit\u00e4t unserer Schulbildung ab, vom Kindergarten bis zur Hochschule und dem Bildungsbeitrag, den\u00a0 Unternehmen oder andere Einrichtungen leisten. Beide Bereiche m\u00fcssen zusammen betrachtet werden, denn die Qualit\u00e4t der schulischen Bildung legt [&hellip;]","og_url":"https:\/\/www.pamina-business.com\/de\/deutsch-franzosicher-seminar-am-10-oktober-in-strasburg\/","og_site_name":"PAMINA Business Club","article_published_time":"2015-10-05T13:40:35+00:00","author":"Monique STUTZMANN","twitter_card":"summary_large_image","twitter_misc":{"Verfasst von":"Monique STUTZMANN","Gesch\u00e4tzte Lesezeit":"1\u00a0Minute"},"schema":{"@context":"https:\/\/schema.org","@graph":[{"@type":"WebPage","@id":"https:\/\/www.pamina-business.com\/de\/deutsch-franzosicher-seminar-am-10-oktober-in-strasburg\/","url":"https:\/\/www.pamina-business.com\/de\/deutsch-franzosicher-seminar-am-10-oktober-in-strasburg\/","name":"Deutsch-Franz\u00f6sicher Seminar am 10. Oktober in Stra\u00dfburg - PAMINA Business Club","isPartOf":{"@id":"http:\/\/www.pamina-business.com\/de\/#website"},"datePublished":"2015-10-05T13:40:35+00:00","dateModified":"2015-10-05T13:40:35+00:00","author":{"@id":"http:\/\/www.pamina-business.com\/de\/#\/schema\/person\/9ab02536dbdbc5e3ef40bbc3452c8c69"},"breadcrumb":{"@id":"https:\/\/www.pamina-business.com\/de\/deutsch-franzosicher-seminar-am-10-oktober-in-strasburg\/#breadcrumb"},"inLanguage":"de","potentialAction":[{"@type":"ReadAction","target":["https:\/\/www.pamina-business.com\/de\/deutsch-franzosicher-seminar-am-10-oktober-in-strasburg\/"]}]},{"@type":"BreadcrumbList","@id":"https:\/\/www.pamina-business.com\/de\/deutsch-franzosicher-seminar-am-10-oktober-in-strasburg\/#breadcrumb","itemListElement":[{"@type":"ListItem","position":1,"name":"Accueil","item":"http:\/\/www.pamina-business.com\/de\/"},{"@type":"ListItem","position":2,"name":"Deutsch-Franz\u00f6sicher Seminar am 10. Oktober in Stra\u00dfburg"}]},{"@type":"WebSite","@id":"http:\/\/www.pamina-business.com\/de\/#website","url":"http:\/\/www.pamina-business.com\/de\/","name":"PAMINA Business Club","description":"Un site utilisant WordPress","potentialAction":[{"@type":"SearchAction","target":{"@type":"EntryPoint","urlTemplate":"http:\/\/www.pamina-business.com\/de\/?s={search_term_string}"},"query-input":{"@type":"PropertyValueSpecification","valueRequired":true,"valueName":"search_term_string"}}],"inLanguage":"de"},{"@type":"Person","@id":"http:\/\/www.pamina-business.com\/de\/#\/schema\/person\/9ab02536dbdbc5e3ef40bbc3452c8c69","name":"Monique STUTZMANN","image":{"@type":"ImageObject","inLanguage":"de","@id":"http:\/\/www.pamina-business.com\/de\/#\/schema\/person\/image\/","url":"https:\/\/secure.gravatar.com\/avatar\/cc1c3adf9a9f6e969d3da7b6b34ec66f5f4a6844dfc9145380a75e42cd91882e?s=96&d=mm&r=g","contentUrl":"https:\/\/secure.gravatar.com\/avatar\/cc1c3adf9a9f6e969d3da7b6b34ec66f5f4a6844dfc9145380a75e42cd91882e?s=96&d=mm&r=g","caption":"Monique STUTZMANN"},"url":"https:\/\/www.pamina-business.com\/de\/author\/monique\/"}]}},"_links":{"self":[{"href":"https:\/\/www.pamina-business.com\/de\/wp-json\/wp\/v2\/posts\/911","targetHints":{"allow":["GET"]}}],"collection":[{"href":"https:\/\/www.pamina-business.com\/de\/wp-json\/wp\/v2\/posts"}],"about":[{"href":"https:\/\/www.pamina-business.com\/de\/wp-json\/wp\/v2\/types\/post"}],"author":[{"embeddable":true,"href":"https:\/\/www.pamina-business.com\/de\/wp-json\/wp\/v2\/users\/3"}],"replies":[{"embeddable":true,"href":"https:\/\/www.pamina-business.com\/de\/wp-json\/wp\/v2\/comments?post=911"}],"version-history":[{"count":1,"href":"https:\/\/www.pamina-business.com\/de\/wp-json\/wp\/v2\/posts\/911\/revisions"}],"predecessor-version":[{"id":912,"href":"https:\/\/www.pamina-business.com\/de\/wp-json\/wp\/v2\/posts\/911\/revisions\/912"}],"wp:attachment":[{"href":"https:\/\/www.pamina-business.com\/de\/wp-json\/wp\/v2\/media?parent=911"}],"wp:term":[{"taxonomy":"category","embeddable":true,"href":"https:\/\/www.pamina-business.com\/de\/wp-json\/wp\/v2\/categories?post=911"},{"taxonomy":"post_tag","embeddable":true,"href":"https:\/\/www.pamina-business.com\/de\/wp-json\/wp\/v2\/tags?post=911"}],"curies":[{"name":"wp","href":"https:\/\/api.w.org\/{rel}","templated":true}]}}