{"id":765,"date":"2015-08-10T13:07:06","date_gmt":"2015-08-10T13:07:06","guid":{"rendered":"http:\/\/www.pamina-business.com\/?p=765"},"modified":"2015-07-28T09:22:32","modified_gmt":"2015-07-28T09:22:32","slug":"unternehmen-der-kultur-und-kreativwirtschaft-deutsch-franzosicher-wirtschaftspreis","status":"publish","type":"post","link":"https:\/\/www.pamina-business.com\/de\/unternehmen-der-kultur-und-kreativwirtschaft-deutsch-franzosicher-wirtschaftspreis\/","title":{"rendered":"Unternehmen der Kultur- und Kreativwirtschaft Deutsch-Franz\u00f6sicher Wirtschaftspreis"},"content":{"rendered":"<p>Der Deutsch-Franz\u00f6sische Preis der Kultur- und Kreativwirtschaft zeichnet gelungene deutsch-franz\u00f6sischen Projekte im Bereich der Kultur- und Kreativwirtschaft aus. Bewerben k\u00f6nnen sich Unternehmen in den folgenden Kategorien: Musikedition, Buch, Film, Presse, digitale Medien, Design, Mode und Kulturhandel.<\/p>\n<p>Er hat zum Ziel, die Kooperation deutscher und franz\u00f6sischer Unternehmen hervorzuheben. Dieser symbolische Preis zeichnet deutsch\u2013franz\u00f6sische\u00a0 \u00ab Best-Practice \u00bb der vergangenen zwei Jahre in den folgenden Kategorien aus: Umwelt und Klima, Personalmanagement, Innovation und neue Technologien, industrielle Kooperation und Start-up. Eine Jury aus deutschen und franz\u00f6sischen Unternehmenschefs, Wirtschaftsexperten und Journalisten wird f\u00fcnf erfolgreiche bi-nationale Initiativen oder \u201eBest-Practice-Beispiele\u201c von kleinen, mittleren oder gro\u00dfen Unternehmen aus den letzten zwei Jahren auszeichnen.<\/p>\n<p>Der Deutsch-Franz\u00f6sische Wirtschaftspreis und der Deutsch-Franz\u00f6sische Preis der Kultur- und Kreativwirtschaft\u00a0 werden alle zwei Jahre verliehen. Ziel ist es, den Austausch, den Handel und die Kooperation zwischen deutschen und franz\u00f6sischen Unternehmen zu f\u00f6rdern, indem beispielhafte Projekte ausgezeichnet werden.<\/p>\n<p>\u201eDer Deutsch-Franz\u00f6sische Wirtschaftspreis und der Deutsch-Franz\u00f6sische Preis der Kultur- und Kreativwirtschaft\u00a0 beleuchten den Erfolg der deutsch-franz\u00f6sischen Kooperation. Es gibt mehr Erfolgsprojekte, als bekannt sind. Diese Preise unterstreichen auch die Unternehmenskooperation als treibende Kraft f\u00fcr die wirtschaftliche Dynamik Europas im Umfeld des globalen Wettbewerbs.\u201c betont Guy Maugis, Pr\u00e4sident der Kammer und Vorstandsvorsitzender von Robert Bosch Frankreich.<\/p>\n<p>Im Jahr 2013 ging der Deutsch-Franz\u00f6sische Wirtschaftspreis in der Kategorie Industrielle Kooperation an die Gruppen Atos und Siemens, sowie Renault und Daimler, in der Kategorie Umwelt an SailingOne und SubCtech, in der Kategorie Innovation und neue Technologien an Novaled und Astron Fiamm Safety und in der Kategorie Personalmanagement an Michelin Reifenwerke in Deutschland und an die Mittelschule Charles de Gaulle aus Seltz. Einen Spezialpreis der Jury erhielt die europ\u00e4ische Elektrizit\u00e4tsb\u00f6rse European Power Exchange EPEX Spot. Der Deutsch-Franz\u00f6sische Preis der Kultur- und Kreativwirtschaft ging an die Bekleidungsmarke Augustin Teboul sowie an STUDIOCANAL \/ Tandem Communications.<\/p>\n<p>F\u00fcr die Auflage 2015 des Deutsch-Franz\u00f6sischen Wirtschaftspreises und des Deutsch-Franz\u00f6sischen Preises der Kultur- und Kreativwirtschaft k\u00f6nnen sich die Unternehmen ab sofort hier bewerben:<br \/>\nwww.prixfrancoallemand.com<\/p>\n<p>Bewerbungsschluss ist der 10. September 2015.<\/p>\n<p>Die Preisverleihung findet am Mittwoch, dem 2. Dezember 2015 in Paris mit mehr als 400 deutschen und franz\u00f6sischen Pers\u00f6nlichkeiten aus Politik und Wirtschaft statt.<\/p>\n<p><em>Quelle<\/em> : Berufsbildung-Newsletter IHK Karlsruhe\u00a0 17.07.2015<\/p>\n<p><em>Kontakt<\/em>: Wolfgang Krill de Capello, Deutsch-Franz\u00f6sische Industrie- und Handelskammer<\/p>\n<p>E-Mail : <a href=\"&#109;&#x61;&#x69;l&#116;&#x6f;:&#119;&#x6b;&#x72;i&#108;&#x6c;&#64;&#102;&#x72;&#x61;n&#99;&#x6f;a&#108;&#x6c;&#x65;&#109;&#97;&#x6e;d&#46;&#x63;&#x6f;&#109;\" target=\"_blank\">&#x77;&#107;r&#x69;&#108;&#108;&#x40;&#x66;&#114;a&#x6e;&#99;o&#x61;&#x6c;&#108;e&#x6d;&#97;n&#x64;&#x2e;&#99;o&#x6d;<\/a> \/ Tel : 00 33 (0)1 40 58 35 33<\/p>\n","protected":false},"excerpt":{"rendered":"<p>Der Deutsch-Franz\u00f6sische Preis der Kultur- und Kreativwirtschaft zeichnet gelungene deutsch-franz\u00f6sischen Projekte im Bereich der Kultur- und Kreativwirtschaft aus. Bewerben k\u00f6nnen sich Unternehmen in den folgenden Kategorien: Musikedition, Buch, Film, Presse, digitale Medien, Design, Mode und Kulturhandel. Er hat zum Ziel, die Kooperation deutscher und franz\u00f6sischer Unternehmen hervorzuheben. Dieser symbolische Preis zeichnet deutsch\u2013franz\u00f6sische\u00a0 \u00ab Best-Practice \u00bb [&hellip;]<\/p>\n","protected":false},"author":3,"featured_media":0,"comment_status":"open","ping_status":"open","sticky":false,"template":"","format":"standard","meta":{"_exactmetrics_skip_tracking":false,"_exactmetrics_sitenote_active":false,"_exactmetrics_sitenote_note":"","_exactmetrics_sitenote_category":0,"footnotes":""},"categories":[57],"tags":[],"class_list":["post-765","post","type-post","status-publish","format-standard","hentry","category-berufsbildung-de"],"yoast_head":"<!-- This site is optimized with the Yoast SEO plugin v23.5 - https:\/\/yoast.com\/wordpress\/plugins\/seo\/ -->\n<title>Unternehmen der Kultur- und Kreativwirtschaft Deutsch-Franz\u00f6sicher Wirtschaftspreis - PAMINA Business Club<\/title>\n<meta name=\"robots\" content=\"index, follow, max-snippet:-1, max-image-preview:large, max-video-preview:-1\" \/>\n<link rel=\"canonical\" href=\"https:\/\/www.pamina-business.com\/de\/unternehmen-der-kultur-und-kreativwirtschaft-deutsch-franzosicher-wirtschaftspreis\/\" \/>\n<meta property=\"og:locale\" content=\"de_DE\" \/>\n<meta property=\"og:type\" content=\"article\" \/>\n<meta property=\"og:title\" content=\"Unternehmen der Kultur- und Kreativwirtschaft Deutsch-Franz\u00f6sicher Wirtschaftspreis - PAMINA Business Club\" \/>\n<meta property=\"og:description\" content=\"Der Deutsch-Franz\u00f6sische Preis der Kultur- und Kreativwirtschaft zeichnet gelungene deutsch-franz\u00f6sischen Projekte im Bereich der Kultur- und Kreativwirtschaft aus. Bewerben k\u00f6nnen sich Unternehmen in den folgenden Kategorien: Musikedition, Buch, Film, Presse, digitale Medien, Design, Mode und Kulturhandel. Er hat zum Ziel, die Kooperation deutscher und franz\u00f6sischer Unternehmen hervorzuheben. Dieser symbolische Preis zeichnet deutsch\u2013franz\u00f6sische\u00a0 \u00ab Best-Practice \u00bb [&hellip;]\" \/>\n<meta property=\"og:url\" content=\"https:\/\/www.pamina-business.com\/de\/unternehmen-der-kultur-und-kreativwirtschaft-deutsch-franzosicher-wirtschaftspreis\/\" \/>\n<meta property=\"og:site_name\" content=\"PAMINA Business Club\" \/>\n<meta property=\"article:published_time\" content=\"2015-08-10T13:07:06+00:00\" \/>\n<meta property=\"article:modified_time\" content=\"2015-07-28T09:22:32+00:00\" \/>\n<meta name=\"author\" content=\"Monique STUTZMANN\" \/>\n<meta name=\"twitter:card\" content=\"summary_large_image\" \/>\n<meta name=\"twitter:label1\" content=\"Verfasst von\" \/>\n\t<meta name=\"twitter:data1\" content=\"Monique STUTZMANN\" \/>\n\t<meta name=\"twitter:label2\" content=\"Gesch\u00e4tzte Lesezeit\" \/>\n\t<meta name=\"twitter:data2\" content=\"2\u00a0Minuten\" \/>\n<script type=\"application\/ld+json\" class=\"yoast-schema-graph\">{\"@context\":\"https:\/\/schema.org\",\"@graph\":[{\"@type\":\"WebPage\",\"@id\":\"https:\/\/www.pamina-business.com\/de\/unternehmen-der-kultur-und-kreativwirtschaft-deutsch-franzosicher-wirtschaftspreis\/\",\"url\":\"https:\/\/www.pamina-business.com\/de\/unternehmen-der-kultur-und-kreativwirtschaft-deutsch-franzosicher-wirtschaftspreis\/\",\"name\":\"Unternehmen der Kultur- und Kreativwirtschaft Deutsch-Franz\u00f6sicher Wirtschaftspreis - PAMINA Business Club\",\"isPartOf\":{\"@id\":\"http:\/\/www.pamina-business.com\/de\/#website\"},\"datePublished\":\"2015-08-10T13:07:06+00:00\",\"dateModified\":\"2015-07-28T09:22:32+00:00\",\"author\":{\"@id\":\"http:\/\/www.pamina-business.com\/de\/#\/schema\/person\/9ab02536dbdbc5e3ef40bbc3452c8c69\"},\"breadcrumb\":{\"@id\":\"https:\/\/www.pamina-business.com\/de\/unternehmen-der-kultur-und-kreativwirtschaft-deutsch-franzosicher-wirtschaftspreis\/#breadcrumb\"},\"inLanguage\":\"de\",\"potentialAction\":[{\"@type\":\"ReadAction\",\"target\":[\"https:\/\/www.pamina-business.com\/de\/unternehmen-der-kultur-und-kreativwirtschaft-deutsch-franzosicher-wirtschaftspreis\/\"]}]},{\"@type\":\"BreadcrumbList\",\"@id\":\"https:\/\/www.pamina-business.com\/de\/unternehmen-der-kultur-und-kreativwirtschaft-deutsch-franzosicher-wirtschaftspreis\/#breadcrumb\",\"itemListElement\":[{\"@type\":\"ListItem\",\"position\":1,\"name\":\"Accueil\",\"item\":\"http:\/\/www.pamina-business.com\/de\/\"},{\"@type\":\"ListItem\",\"position\":2,\"name\":\"Unternehmen der Kultur- und Kreativwirtschaft Deutsch-Franz\u00f6sicher Wirtschaftspreis\"}]},{\"@type\":\"WebSite\",\"@id\":\"http:\/\/www.pamina-business.com\/de\/#website\",\"url\":\"http:\/\/www.pamina-business.com\/de\/\",\"name\":\"PAMINA Business Club\",\"description\":\"Un site utilisant WordPress\",\"potentialAction\":[{\"@type\":\"SearchAction\",\"target\":{\"@type\":\"EntryPoint\",\"urlTemplate\":\"http:\/\/www.pamina-business.com\/de\/?s={search_term_string}\"},\"query-input\":{\"@type\":\"PropertyValueSpecification\",\"valueRequired\":true,\"valueName\":\"search_term_string\"}}],\"inLanguage\":\"de\"},{\"@type\":\"Person\",\"@id\":\"http:\/\/www.pamina-business.com\/de\/#\/schema\/person\/9ab02536dbdbc5e3ef40bbc3452c8c69\",\"name\":\"Monique STUTZMANN\",\"image\":{\"@type\":\"ImageObject\",\"inLanguage\":\"de\",\"@id\":\"http:\/\/www.pamina-business.com\/de\/#\/schema\/person\/image\/\",\"url\":\"https:\/\/secure.gravatar.com\/avatar\/cc1c3adf9a9f6e969d3da7b6b34ec66f5f4a6844dfc9145380a75e42cd91882e?s=96&d=mm&r=g\",\"contentUrl\":\"https:\/\/secure.gravatar.com\/avatar\/cc1c3adf9a9f6e969d3da7b6b34ec66f5f4a6844dfc9145380a75e42cd91882e?s=96&d=mm&r=g\",\"caption\":\"Monique STUTZMANN\"},\"url\":\"https:\/\/www.pamina-business.com\/de\/author\/monique\/\"}]}<\/script>\n<!-- \/ Yoast SEO plugin. -->","yoast_head_json":{"title":"Unternehmen der Kultur- und Kreativwirtschaft Deutsch-Franz\u00f6sicher Wirtschaftspreis - PAMINA Business Club","robots":{"index":"index","follow":"follow","max-snippet":"max-snippet:-1","max-image-preview":"max-image-preview:large","max-video-preview":"max-video-preview:-1"},"canonical":"https:\/\/www.pamina-business.com\/de\/unternehmen-der-kultur-und-kreativwirtschaft-deutsch-franzosicher-wirtschaftspreis\/","og_locale":"de_DE","og_type":"article","og_title":"Unternehmen der Kultur- und Kreativwirtschaft Deutsch-Franz\u00f6sicher Wirtschaftspreis - PAMINA Business Club","og_description":"Der Deutsch-Franz\u00f6sische Preis der Kultur- und Kreativwirtschaft zeichnet gelungene deutsch-franz\u00f6sischen Projekte im Bereich der Kultur- und Kreativwirtschaft aus. Bewerben k\u00f6nnen sich Unternehmen in den folgenden Kategorien: Musikedition, Buch, Film, Presse, digitale Medien, Design, Mode und Kulturhandel. Er hat zum Ziel, die Kooperation deutscher und franz\u00f6sischer Unternehmen hervorzuheben. Dieser symbolische Preis zeichnet deutsch\u2013franz\u00f6sische\u00a0 \u00ab Best-Practice \u00bb [&hellip;]","og_url":"https:\/\/www.pamina-business.com\/de\/unternehmen-der-kultur-und-kreativwirtschaft-deutsch-franzosicher-wirtschaftspreis\/","og_site_name":"PAMINA Business Club","article_published_time":"2015-08-10T13:07:06+00:00","article_modified_time":"2015-07-28T09:22:32+00:00","author":"Monique STUTZMANN","twitter_card":"summary_large_image","twitter_misc":{"Verfasst von":"Monique STUTZMANN","Gesch\u00e4tzte Lesezeit":"2\u00a0Minuten"},"schema":{"@context":"https:\/\/schema.org","@graph":[{"@type":"WebPage","@id":"https:\/\/www.pamina-business.com\/de\/unternehmen-der-kultur-und-kreativwirtschaft-deutsch-franzosicher-wirtschaftspreis\/","url":"https:\/\/www.pamina-business.com\/de\/unternehmen-der-kultur-und-kreativwirtschaft-deutsch-franzosicher-wirtschaftspreis\/","name":"Unternehmen der Kultur- und Kreativwirtschaft Deutsch-Franz\u00f6sicher Wirtschaftspreis - PAMINA Business Club","isPartOf":{"@id":"http:\/\/www.pamina-business.com\/de\/#website"},"datePublished":"2015-08-10T13:07:06+00:00","dateModified":"2015-07-28T09:22:32+00:00","author":{"@id":"http:\/\/www.pamina-business.com\/de\/#\/schema\/person\/9ab02536dbdbc5e3ef40bbc3452c8c69"},"breadcrumb":{"@id":"https:\/\/www.pamina-business.com\/de\/unternehmen-der-kultur-und-kreativwirtschaft-deutsch-franzosicher-wirtschaftspreis\/#breadcrumb"},"inLanguage":"de","potentialAction":[{"@type":"ReadAction","target":["https:\/\/www.pamina-business.com\/de\/unternehmen-der-kultur-und-kreativwirtschaft-deutsch-franzosicher-wirtschaftspreis\/"]}]},{"@type":"BreadcrumbList","@id":"https:\/\/www.pamina-business.com\/de\/unternehmen-der-kultur-und-kreativwirtschaft-deutsch-franzosicher-wirtschaftspreis\/#breadcrumb","itemListElement":[{"@type":"ListItem","position":1,"name":"Accueil","item":"http:\/\/www.pamina-business.com\/de\/"},{"@type":"ListItem","position":2,"name":"Unternehmen der Kultur- und Kreativwirtschaft Deutsch-Franz\u00f6sicher Wirtschaftspreis"}]},{"@type":"WebSite","@id":"http:\/\/www.pamina-business.com\/de\/#website","url":"http:\/\/www.pamina-business.com\/de\/","name":"PAMINA Business Club","description":"Un site utilisant WordPress","potentialAction":[{"@type":"SearchAction","target":{"@type":"EntryPoint","urlTemplate":"http:\/\/www.pamina-business.com\/de\/?s={search_term_string}"},"query-input":{"@type":"PropertyValueSpecification","valueRequired":true,"valueName":"search_term_string"}}],"inLanguage":"de"},{"@type":"Person","@id":"http:\/\/www.pamina-business.com\/de\/#\/schema\/person\/9ab02536dbdbc5e3ef40bbc3452c8c69","name":"Monique STUTZMANN","image":{"@type":"ImageObject","inLanguage":"de","@id":"http:\/\/www.pamina-business.com\/de\/#\/schema\/person\/image\/","url":"https:\/\/secure.gravatar.com\/avatar\/cc1c3adf9a9f6e969d3da7b6b34ec66f5f4a6844dfc9145380a75e42cd91882e?s=96&d=mm&r=g","contentUrl":"https:\/\/secure.gravatar.com\/avatar\/cc1c3adf9a9f6e969d3da7b6b34ec66f5f4a6844dfc9145380a75e42cd91882e?s=96&d=mm&r=g","caption":"Monique STUTZMANN"},"url":"https:\/\/www.pamina-business.com\/de\/author\/monique\/"}]}},"_links":{"self":[{"href":"https:\/\/www.pamina-business.com\/de\/wp-json\/wp\/v2\/posts\/765","targetHints":{"allow":["GET"]}}],"collection":[{"href":"https:\/\/www.pamina-business.com\/de\/wp-json\/wp\/v2\/posts"}],"about":[{"href":"https:\/\/www.pamina-business.com\/de\/wp-json\/wp\/v2\/types\/post"}],"author":[{"embeddable":true,"href":"https:\/\/www.pamina-business.com\/de\/wp-json\/wp\/v2\/users\/3"}],"replies":[{"embeddable":true,"href":"https:\/\/www.pamina-business.com\/de\/wp-json\/wp\/v2\/comments?post=765"}],"version-history":[{"count":3,"href":"https:\/\/www.pamina-business.com\/de\/wp-json\/wp\/v2\/posts\/765\/revisions"}],"predecessor-version":[{"id":768,"href":"https:\/\/www.pamina-business.com\/de\/wp-json\/wp\/v2\/posts\/765\/revisions\/768"}],"wp:attachment":[{"href":"https:\/\/www.pamina-business.com\/de\/wp-json\/wp\/v2\/media?parent=765"}],"wp:term":[{"taxonomy":"category","embeddable":true,"href":"https:\/\/www.pamina-business.com\/de\/wp-json\/wp\/v2\/categories?post=765"},{"taxonomy":"post_tag","embeddable":true,"href":"https:\/\/www.pamina-business.com\/de\/wp-json\/wp\/v2\/tags?post=765"}],"curies":[{"name":"wp","href":"https:\/\/api.w.org\/{rel}","templated":true}]}}