{"id":503,"date":"2015-04-22T08:57:17","date_gmt":"2015-04-22T08:57:17","guid":{"rendered":"http:\/\/www.pamina-business.com\/?p=503"},"modified":"2015-04-20T09:15:15","modified_gmt":"2015-04-20T09:15:15","slug":"neue-welle-impulspreis-fur-wirtschaft-macht-schule-2","status":"publish","type":"post","link":"https:\/\/www.pamina-business.com\/de\/neue-welle-impulspreis-fur-wirtschaft-macht-schule-2\/","title":{"rendered":"&#8222;NEUE WELLE&#8220; &#8211; IMPULSPREIS F\u00dcR &#8222;WIRTSCHAFT MACHT SCHULE&#8220;"},"content":{"rendered":"<p>\u201eAus der Region und f\u00fcr die Region\u201c nennt &#8222;Neue-Welle&#8220;-Gesch\u00e4ftsf\u00fchrerin Andrea-Alexa Kusz\u00e1k die Projekte, die mit dem Impulspreis 2015 ihres Radiosenders ausgezeichnet werden. Die Region macht schon lange nicht mehr Halt an Landesgrenzen. F\u00fcr den Kampf gegen Jugendarbeitslosigkeit auf der einen und Fachkr\u00e4ftemangel auf der anderen Seite des Rheins \u00fcberreichten Laudator Staatssekret\u00e4r Peter Hofelich und Andrea-Alexa Kusz\u00e1k den Impulspreis f\u00fcr das grenz\u00fcberschreitende Gemeinschaftsprojekt \u201eWirtschaft macht Schule\u201c der IHK Karlsruhe und der CCI Alsace an IHK-Hauptgesch\u00e4ftsf\u00fchrer Prof. Hans-Peter Mengele und Jean-Louis Hoerl\u00e9, Pr\u00e4sident der CCI Alsace.<\/p>\n<p>\u201eAls Vorbild f\u00fcr uns alle, sich selbst noch mehr in die Gesellschaft einzubringen\u201c, so Karlsruhes Oberb\u00fcrgermeister Dr. Frank Mentrup bei der Preisverleihung in der Staatlichen Kunsthalle Karlsruhe. \u201eWirtschaft macht Schule\u201c habe zuerst in der TechnologieRegion Karlsruhe \u201eSchule\u201c gemacht. Heute hat im Schnitt jede Schule sechs Partner der Wirtschaft an ihrer Seite. Und vor einem Jahr kam noch das Elsass dazu. Seither arbeiten Schulen auf beiden Seiten des Rheins mit deutschen und els\u00e4ssischen Firmen zusammen. Den praktischen Nutzen dieser Initiative hob Hofelich hervor. In seiner Laudatio sagte der Mittelstandsbeauftragte der Landesregierung: \u201eEuropa ist bei uns Realit\u00e4t. Das grenz\u00fcberschreitende Jugendprojekt \u201aWirtschaft macht Schule&#8216; ist der beste Beleg daf\u00fcr. Der IHK Karlsruhe und der CCI Alsace gelingt es dabei auf eindrucksvolle Art und Weise, junge Menschen auf ihrem Weg in die Ausbildung und in den Beruf zu unterst\u00fctzen.\u201c Die Auszeichnung versteht IHK-Hauptgesch\u00e4ftsf\u00fchrer Prof. Hans-Peter Mengele, als \u201eVerpflichtung, die Zusammenarbeit weiter auszubauen.\u201c Er versteht \u201eWirtschaft macht Schule\u201c zudem als klares Bekenntnis f\u00fcr die Bedeutung der Dualen Ausbildung f\u00fcr die Unternehmen. Angesichts einer zunehmenden Akademisierung falle es immer schwerer, gen\u00fcgend geeignete Auszubildende zu finden. Eine Entwicklung, der es entgegen zu steuern gelte: \u201eLehre und Hochschulstudium sind gleichwertig. Das m\u00fcssen wir vor allem in die Familien tragen.\u201c<\/p>\n<p>Source : <a href=\"http:\/\/www.karlsruhe.ihk.de\/Ausbildung%20und Weiterbildung\/Aktuelles\" target=\"_blank\">http:\/\/IHK Karlsruhe www.karlsruhe.ihk.de\/Ausbildung und Weiterbildung\/Aktuelles\/3228306\/Europa ist bei uns Realitaet.html<\/a><\/p>\n<p>Dispositif de la CCI Alsace : <a href=\"http:\/\/www.alsace.cci.fr\/les-classes-sortent-enboite-1\" target=\"_blank\">http:\/\/www.alsace.cci.fr\/les-classes-sortent-enboite-1<\/a><\/p>\n","protected":false},"excerpt":{"rendered":"<p>\u201eAus der Region und f\u00fcr die Region\u201c nennt &#8222;Neue-Welle&#8220;-Gesch\u00e4ftsf\u00fchrerin Andrea-Alexa Kusz\u00e1k die Projekte, die mit dem Impulspreis 2015 ihres Radiosenders ausgezeichnet werden. Die Region macht schon lange nicht mehr Halt an Landesgrenzen. F\u00fcr den Kampf gegen Jugendarbeitslosigkeit auf der einen und Fachkr\u00e4ftemangel auf der anderen Seite des Rheins \u00fcberreichten Laudator Staatssekret\u00e4r Peter Hofelich und Andrea-Alexa [&hellip;]<\/p>\n","protected":false},"author":3,"featured_media":0,"comment_status":"open","ping_status":"open","sticky":false,"template":"","format":"standard","meta":{"_exactmetrics_skip_tracking":false,"_exactmetrics_sitenote_active":false,"_exactmetrics_sitenote_note":"","_exactmetrics_sitenote_category":0,"footnotes":""},"categories":[57],"tags":[],"class_list":["post-503","post","type-post","status-publish","format-standard","hentry","category-berufsbildung-de"],"yoast_head":"<!-- This site is optimized with the Yoast SEO plugin v23.5 - https:\/\/yoast.com\/wordpress\/plugins\/seo\/ -->\n<title>&quot;NEUE WELLE&quot; - IMPULSPREIS F\u00dcR &quot;WIRTSCHAFT MACHT SCHULE&quot; - PAMINA Business Club<\/title>\n<meta name=\"robots\" content=\"index, follow, max-snippet:-1, max-image-preview:large, max-video-preview:-1\" \/>\n<link rel=\"canonical\" href=\"https:\/\/www.pamina-business.com\/de\/neue-welle-impulspreis-fur-wirtschaft-macht-schule-2\/\" \/>\n<meta property=\"og:locale\" content=\"de_DE\" \/>\n<meta property=\"og:type\" content=\"article\" \/>\n<meta property=\"og:title\" content=\"&quot;NEUE WELLE&quot; - IMPULSPREIS F\u00dcR &quot;WIRTSCHAFT MACHT SCHULE&quot; - PAMINA Business Club\" \/>\n<meta property=\"og:description\" content=\"\u201eAus der Region und f\u00fcr die Region\u201c nennt &#8222;Neue-Welle&#8220;-Gesch\u00e4ftsf\u00fchrerin Andrea-Alexa Kusz\u00e1k die Projekte, die mit dem Impulspreis 2015 ihres Radiosenders ausgezeichnet werden. Die Region macht schon lange nicht mehr Halt an Landesgrenzen. F\u00fcr den Kampf gegen Jugendarbeitslosigkeit auf der einen und Fachkr\u00e4ftemangel auf der anderen Seite des Rheins \u00fcberreichten Laudator Staatssekret\u00e4r Peter Hofelich und Andrea-Alexa [&hellip;]\" \/>\n<meta property=\"og:url\" content=\"https:\/\/www.pamina-business.com\/de\/neue-welle-impulspreis-fur-wirtschaft-macht-schule-2\/\" \/>\n<meta property=\"og:site_name\" content=\"PAMINA Business Club\" \/>\n<meta property=\"article:published_time\" content=\"2015-04-22T08:57:17+00:00\" \/>\n<meta property=\"article:modified_time\" content=\"2015-04-20T09:15:15+00:00\" \/>\n<meta name=\"author\" content=\"Monique STUTZMANN\" \/>\n<meta name=\"twitter:card\" content=\"summary_large_image\" \/>\n<meta name=\"twitter:label1\" content=\"Verfasst von\" \/>\n\t<meta name=\"twitter:data1\" content=\"Monique STUTZMANN\" \/>\n\t<meta name=\"twitter:label2\" content=\"Gesch\u00e4tzte Lesezeit\" \/>\n\t<meta name=\"twitter:data2\" content=\"2\u00a0Minuten\" \/>\n<script type=\"application\/ld+json\" class=\"yoast-schema-graph\">{\"@context\":\"https:\/\/schema.org\",\"@graph\":[{\"@type\":\"WebPage\",\"@id\":\"https:\/\/www.pamina-business.com\/de\/neue-welle-impulspreis-fur-wirtschaft-macht-schule-2\/\",\"url\":\"https:\/\/www.pamina-business.com\/de\/neue-welle-impulspreis-fur-wirtschaft-macht-schule-2\/\",\"name\":\"\\\"NEUE WELLE\\\" - IMPULSPREIS F\u00dcR \\\"WIRTSCHAFT MACHT SCHULE\\\" - PAMINA Business Club\",\"isPartOf\":{\"@id\":\"http:\/\/www.pamina-business.com\/de\/#website\"},\"datePublished\":\"2015-04-22T08:57:17+00:00\",\"dateModified\":\"2015-04-20T09:15:15+00:00\",\"author\":{\"@id\":\"http:\/\/www.pamina-business.com\/de\/#\/schema\/person\/9ab02536dbdbc5e3ef40bbc3452c8c69\"},\"breadcrumb\":{\"@id\":\"https:\/\/www.pamina-business.com\/de\/neue-welle-impulspreis-fur-wirtschaft-macht-schule-2\/#breadcrumb\"},\"inLanguage\":\"de\",\"potentialAction\":[{\"@type\":\"ReadAction\",\"target\":[\"https:\/\/www.pamina-business.com\/de\/neue-welle-impulspreis-fur-wirtschaft-macht-schule-2\/\"]}]},{\"@type\":\"BreadcrumbList\",\"@id\":\"https:\/\/www.pamina-business.com\/de\/neue-welle-impulspreis-fur-wirtschaft-macht-schule-2\/#breadcrumb\",\"itemListElement\":[{\"@type\":\"ListItem\",\"position\":1,\"name\":\"Accueil\",\"item\":\"http:\/\/www.pamina-business.com\/de\/\"},{\"@type\":\"ListItem\",\"position\":2,\"name\":\"&#8222;NEUE WELLE&#8220; &#8211; IMPULSPREIS F\u00dcR &#8222;WIRTSCHAFT MACHT SCHULE&#8220;\"}]},{\"@type\":\"WebSite\",\"@id\":\"http:\/\/www.pamina-business.com\/de\/#website\",\"url\":\"http:\/\/www.pamina-business.com\/de\/\",\"name\":\"PAMINA Business Club\",\"description\":\"Un site utilisant WordPress\",\"potentialAction\":[{\"@type\":\"SearchAction\",\"target\":{\"@type\":\"EntryPoint\",\"urlTemplate\":\"http:\/\/www.pamina-business.com\/de\/?s={search_term_string}\"},\"query-input\":{\"@type\":\"PropertyValueSpecification\",\"valueRequired\":true,\"valueName\":\"search_term_string\"}}],\"inLanguage\":\"de\"},{\"@type\":\"Person\",\"@id\":\"http:\/\/www.pamina-business.com\/de\/#\/schema\/person\/9ab02536dbdbc5e3ef40bbc3452c8c69\",\"name\":\"Monique STUTZMANN\",\"image\":{\"@type\":\"ImageObject\",\"inLanguage\":\"de\",\"@id\":\"http:\/\/www.pamina-business.com\/de\/#\/schema\/person\/image\/\",\"url\":\"https:\/\/secure.gravatar.com\/avatar\/cc1c3adf9a9f6e969d3da7b6b34ec66f5f4a6844dfc9145380a75e42cd91882e?s=96&d=mm&r=g\",\"contentUrl\":\"https:\/\/secure.gravatar.com\/avatar\/cc1c3adf9a9f6e969d3da7b6b34ec66f5f4a6844dfc9145380a75e42cd91882e?s=96&d=mm&r=g\",\"caption\":\"Monique STUTZMANN\"},\"url\":\"https:\/\/www.pamina-business.com\/de\/author\/monique\/\"}]}<\/script>\n<!-- \/ Yoast SEO plugin. -->","yoast_head_json":{"title":"\"NEUE WELLE\" - IMPULSPREIS F\u00dcR \"WIRTSCHAFT MACHT SCHULE\" - PAMINA Business Club","robots":{"index":"index","follow":"follow","max-snippet":"max-snippet:-1","max-image-preview":"max-image-preview:large","max-video-preview":"max-video-preview:-1"},"canonical":"https:\/\/www.pamina-business.com\/de\/neue-welle-impulspreis-fur-wirtschaft-macht-schule-2\/","og_locale":"de_DE","og_type":"article","og_title":"\"NEUE WELLE\" - IMPULSPREIS F\u00dcR \"WIRTSCHAFT MACHT SCHULE\" - PAMINA Business Club","og_description":"\u201eAus der Region und f\u00fcr die Region\u201c nennt &#8222;Neue-Welle&#8220;-Gesch\u00e4ftsf\u00fchrerin Andrea-Alexa Kusz\u00e1k die Projekte, die mit dem Impulspreis 2015 ihres Radiosenders ausgezeichnet werden. Die Region macht schon lange nicht mehr Halt an Landesgrenzen. F\u00fcr den Kampf gegen Jugendarbeitslosigkeit auf der einen und Fachkr\u00e4ftemangel auf der anderen Seite des Rheins \u00fcberreichten Laudator Staatssekret\u00e4r Peter Hofelich und Andrea-Alexa [&hellip;]","og_url":"https:\/\/www.pamina-business.com\/de\/neue-welle-impulspreis-fur-wirtschaft-macht-schule-2\/","og_site_name":"PAMINA Business Club","article_published_time":"2015-04-22T08:57:17+00:00","article_modified_time":"2015-04-20T09:15:15+00:00","author":"Monique STUTZMANN","twitter_card":"summary_large_image","twitter_misc":{"Verfasst von":"Monique STUTZMANN","Gesch\u00e4tzte Lesezeit":"2\u00a0Minuten"},"schema":{"@context":"https:\/\/schema.org","@graph":[{"@type":"WebPage","@id":"https:\/\/www.pamina-business.com\/de\/neue-welle-impulspreis-fur-wirtschaft-macht-schule-2\/","url":"https:\/\/www.pamina-business.com\/de\/neue-welle-impulspreis-fur-wirtschaft-macht-schule-2\/","name":"\"NEUE WELLE\" - IMPULSPREIS F\u00dcR \"WIRTSCHAFT MACHT SCHULE\" - PAMINA Business Club","isPartOf":{"@id":"http:\/\/www.pamina-business.com\/de\/#website"},"datePublished":"2015-04-22T08:57:17+00:00","dateModified":"2015-04-20T09:15:15+00:00","author":{"@id":"http:\/\/www.pamina-business.com\/de\/#\/schema\/person\/9ab02536dbdbc5e3ef40bbc3452c8c69"},"breadcrumb":{"@id":"https:\/\/www.pamina-business.com\/de\/neue-welle-impulspreis-fur-wirtschaft-macht-schule-2\/#breadcrumb"},"inLanguage":"de","potentialAction":[{"@type":"ReadAction","target":["https:\/\/www.pamina-business.com\/de\/neue-welle-impulspreis-fur-wirtschaft-macht-schule-2\/"]}]},{"@type":"BreadcrumbList","@id":"https:\/\/www.pamina-business.com\/de\/neue-welle-impulspreis-fur-wirtschaft-macht-schule-2\/#breadcrumb","itemListElement":[{"@type":"ListItem","position":1,"name":"Accueil","item":"http:\/\/www.pamina-business.com\/de\/"},{"@type":"ListItem","position":2,"name":"&#8222;NEUE WELLE&#8220; &#8211; IMPULSPREIS F\u00dcR &#8222;WIRTSCHAFT MACHT SCHULE&#8220;"}]},{"@type":"WebSite","@id":"http:\/\/www.pamina-business.com\/de\/#website","url":"http:\/\/www.pamina-business.com\/de\/","name":"PAMINA Business Club","description":"Un site utilisant WordPress","potentialAction":[{"@type":"SearchAction","target":{"@type":"EntryPoint","urlTemplate":"http:\/\/www.pamina-business.com\/de\/?s={search_term_string}"},"query-input":{"@type":"PropertyValueSpecification","valueRequired":true,"valueName":"search_term_string"}}],"inLanguage":"de"},{"@type":"Person","@id":"http:\/\/www.pamina-business.com\/de\/#\/schema\/person\/9ab02536dbdbc5e3ef40bbc3452c8c69","name":"Monique STUTZMANN","image":{"@type":"ImageObject","inLanguage":"de","@id":"http:\/\/www.pamina-business.com\/de\/#\/schema\/person\/image\/","url":"https:\/\/secure.gravatar.com\/avatar\/cc1c3adf9a9f6e969d3da7b6b34ec66f5f4a6844dfc9145380a75e42cd91882e?s=96&d=mm&r=g","contentUrl":"https:\/\/secure.gravatar.com\/avatar\/cc1c3adf9a9f6e969d3da7b6b34ec66f5f4a6844dfc9145380a75e42cd91882e?s=96&d=mm&r=g","caption":"Monique STUTZMANN"},"url":"https:\/\/www.pamina-business.com\/de\/author\/monique\/"}]}},"_links":{"self":[{"href":"https:\/\/www.pamina-business.com\/de\/wp-json\/wp\/v2\/posts\/503","targetHints":{"allow":["GET"]}}],"collection":[{"href":"https:\/\/www.pamina-business.com\/de\/wp-json\/wp\/v2\/posts"}],"about":[{"href":"https:\/\/www.pamina-business.com\/de\/wp-json\/wp\/v2\/types\/post"}],"author":[{"embeddable":true,"href":"https:\/\/www.pamina-business.com\/de\/wp-json\/wp\/v2\/users\/3"}],"replies":[{"embeddable":true,"href":"https:\/\/www.pamina-business.com\/de\/wp-json\/wp\/v2\/comments?post=503"}],"version-history":[{"count":3,"href":"https:\/\/www.pamina-business.com\/de\/wp-json\/wp\/v2\/posts\/503\/revisions"}],"predecessor-version":[{"id":506,"href":"https:\/\/www.pamina-business.com\/de\/wp-json\/wp\/v2\/posts\/503\/revisions\/506"}],"wp:attachment":[{"href":"https:\/\/www.pamina-business.com\/de\/wp-json\/wp\/v2\/media?parent=503"}],"wp:term":[{"taxonomy":"category","embeddable":true,"href":"https:\/\/www.pamina-business.com\/de\/wp-json\/wp\/v2\/categories?post=503"},{"taxonomy":"post_tag","embeddable":true,"href":"https:\/\/www.pamina-business.com\/de\/wp-json\/wp\/v2\/tags?post=503"}],"curies":[{"name":"wp","href":"https:\/\/api.w.org\/{rel}","templated":true}]}}