{"id":493,"date":"2015-04-20T09:56:05","date_gmt":"2015-04-20T09:56:05","guid":{"rendered":"http:\/\/www.pamina-business.com\/?p=493"},"modified":"2015-04-14T10:07:24","modified_gmt":"2015-04-14T10:07:24","slug":"wirtschaft-macht-schule","status":"publish","type":"post","link":"https:\/\/www.pamina-business.com\/de\/wirtschaft-macht-schule\/","title":{"rendered":"Wirtschaft macht Schule"},"content":{"rendered":"<p>ADDI-DATA UND LYC\u00c9E DES M\u00c9TIERS \u2013 CFA HEINRICH NESSEL<br \/>\nVierte grenz\u00fcberschreitende Kooperationsunterzeichnung<\/p>\n<p><a href=\"http:\/\/www.pamina-business.com\/wp-content\/uploads\/2015\/04\/addi-data.jpg\"><img loading=\"lazy\" decoding=\"async\" class=\"alignnone size-medium wp-image-494\" src=\"http:\/\/www.pamina-business.com\/wp-content\/uploads\/2015\/04\/addi-data-300x225.jpg\" alt=\"addi data\" width=\"300\" height=\"225\" srcset=\"https:\/\/www.pamina-business.com\/wp-content\/uploads\/2015\/04\/addi-data-300x225.jpg 300w, https:\/\/www.pamina-business.com\/wp-content\/uploads\/2015\/04\/addi-data.jpg 800w\" sizes=\"auto, (max-width: 300px) 100vw, 300px\" \/><\/a><\/p>\n<p><em>Photo : IHK Karlsruhe<\/em><br \/>\n\u201eEs sind Ereignisse wie das heutige, die unseren Oberrheinraum noch enger zusammenwachsen lassen. Die uns sp\u00fcren lassen, dass wir uns hier in einem gemeinsamen Lebens- und Arbeitsraum befinden.\u201c Das Ereignis, das IHK-Pr\u00e4sident Wolfgang Grenke ansprach, war die vierte grenz\u00fcberschreitende Kooperationsunterzeichnung innerhalb des Projektes \u201eWirtschaft macht Schule\u201c, im Elsass bekannt unter dem Namen \u201eLes Classes sortent en boite\u201c. Protagonisten waren die ADDI-DATA GmbH, Baden-Baden und das Lyc\u00e9e des M\u00e9tiers \u2013 CFA HEINRICH NESSEL aus Haguenau .<br \/>\nGrenkes Dank galt vor allem R\u00e9ne Ohlmann, dem Gesch\u00e4ftsf\u00fchrer von ADDI-DATA. \u201eSie sind selbst Els\u00e4sser und zugleich technischer Berater der CCI Alsace. Sie haben das Projekt Grenz\u00fcberschreitende Bildungspartnerschaften von Beginn an intensiv unterst\u00fctzt und gef\u00f6rdert.\u201c \u201eWer w\u00e4re besser geeignet f\u00fcr ein solches Projekt als Ohlmann, der Prototyp des grenz\u00fcberschreitenden Unternehmers\u201c, best\u00e4tigte Henry Uhrig, Technischer Berater des CCI de Strasbourg et du Bas-Rhin.<br \/>\nF\u00fcr ein High-Tech-Unternehmen wie ADDI-DATA, das sich als Entwickler und Anbieter von L\u00f6sungen im Bereich der industriellen Mess- und Automatisierungstechnik versteht, sei die Beziehung zu Fachhochschulen, Universit\u00e4ten und Technischen Gymnasien strategisch sehr wichtig, so Ohlmann. \u201eWir haben jetzt die M\u00f6glichkeit, jungen Menschen, die in der Berufsorientierung stehen, unser Metier vorzustellen und sie zu motivieren, eine technische Ausbildung zu beginnen. Europa darf sich nicht zu einem reinen Technologie-Konsumenten entwickeln, sondern muss weiterhin Technologie-Designer bleiben\u201c, erkl\u00e4rte der ADDI-DATA-Gesch\u00e4ftsf\u00fchrer.<br \/>\nHarmonie auf dem Arbeitsmarkt<br \/>\nSein frisch gebackener Partner Bruno Policand, Schulleiter der CFA Heinrich Nessel, unterstrich: \u201eUnsere Schule befindet sich in einer Arbeitsmarktregion, in der die Industrie sowohl auf franz\u00f6sischer als auch auf deutscher Seite sehr pr\u00e4sent ist. Wir st\u00fctzen unsere Ausbildungen auf langj\u00e4hrige Zusammenarbeit mit Unternehmen.\u201c Policand dankte der IHK und der CCI, dass nach der Unterzeichnung mit Michelin nun die zweite grenz\u00fcberschreitende Partnerschaft entstanden ist.<br \/>\nJean-Louis Hoerl\u00e9, Pr\u00e4sident der CCI R\u00e9gion Alsace hat sich f\u00fcr 2015 vorgenommen, \u201eWirtschaft macht Schule\u201c auf das gesamte oberrheinische Gebiet auszudehnen. \u201eWir wollen eine Harmonie auf dem Arbeitsmarkt jetzt und in den kommenden Jahren schaffen.\u201c<br \/>\nDer B\u00fcrgermeister der Gemeinde Rheinm\u00fcnster, Helmut Pautler, begl\u00fcckw\u00fcnschte die beiden Partner. \u201eElsass und Baden, das ist mehr als Flammkuchen, Gugelhupf und Sauerbraten. Unsere Region steht f\u00fcr Hochtechnologie, steht f\u00fcr Zusammenarbeit und Verkn\u00fcpfung zwischen den Menschen, die sowohl die Freizeit als auch die Berufs- und Arbeitswelt umfasst, die Grundlage f\u00fcr ein weiteres Wachstum der Hochtechnologie hier am mittleren Oberrhein sein wird. Heute schaffen Sie ein Fundament, das die Region Elsass\/Baden auch im berufsbildenden Bereich vernetzt.\u201c<\/p>\n<p>Quelle : IHK Karlsruhe<a href=\"http:\/\/www.karlsruhe.ihk.de\" target=\"_blank\"> www.karlsruhe.ihk.de<\/a><\/p>\n<p>Kontakt : <a href=\"ma&#105;&#108;&#116;&#x6f;&#x3a;&#x69;&#x6e;&#x66;o&#64;&#107;&#97;&#114;&#x6c;&#x73;&#x72;&#x75;&#x68;e&#46;&#105;&#104;&#107;&#x2e;&#x64;&#x65;\" target=\"_blank\">&#105;&#x6e;f&#x6f;&#64;&#107;&#x61;&#114;&#x6c;s&#114;&#x75;&#104;&#x65;&#46;&#x69;&#x68;&#107;&#x2e;d&#x65;<\/a><\/p>\n<p>&nbsp;<\/p>\n","protected":false},"excerpt":{"rendered":"<p>ADDI-DATA UND LYC\u00c9E DES M\u00c9TIERS \u2013 CFA HEINRICH NESSEL Vierte grenz\u00fcberschreitende Kooperationsunterzeichnung Photo : IHK Karlsruhe \u201eEs sind Ereignisse wie das heutige, die unseren Oberrheinraum noch enger zusammenwachsen lassen. Die uns sp\u00fcren lassen, dass wir uns hier in einem gemeinsamen Lebens- und Arbeitsraum befinden.\u201c Das Ereignis, das IHK-Pr\u00e4sident Wolfgang Grenke ansprach, war die vierte grenz\u00fcberschreitende [&hellip;]<\/p>\n","protected":false},"author":3,"featured_media":0,"comment_status":"open","ping_status":"open","sticky":false,"template":"","format":"standard","meta":{"_exactmetrics_skip_tracking":false,"_exactmetrics_sitenote_active":false,"_exactmetrics_sitenote_note":"","_exactmetrics_sitenote_category":0,"footnotes":""},"categories":[57],"tags":[],"class_list":["post-493","post","type-post","status-publish","format-standard","hentry","category-berufsbildung-de"],"yoast_head":"<!-- This site is optimized with the Yoast SEO plugin v23.5 - https:\/\/yoast.com\/wordpress\/plugins\/seo\/ -->\n<title>Wirtschaft macht Schule - PAMINA Business Club<\/title>\n<meta name=\"robots\" content=\"index, follow, max-snippet:-1, max-image-preview:large, max-video-preview:-1\" \/>\n<link rel=\"canonical\" href=\"http:\/\/www.pamina-business.com\/de\/wirtschaft-macht-schule\/\" \/>\n<meta property=\"og:locale\" content=\"de_DE\" \/>\n<meta property=\"og:type\" content=\"article\" \/>\n<meta property=\"og:title\" content=\"Wirtschaft macht Schule - PAMINA Business Club\" \/>\n<meta property=\"og:description\" content=\"ADDI-DATA UND LYC\u00c9E DES M\u00c9TIERS \u2013 CFA HEINRICH NESSEL Vierte grenz\u00fcberschreitende Kooperationsunterzeichnung Photo : IHK Karlsruhe \u201eEs sind Ereignisse wie das heutige, die unseren Oberrheinraum noch enger zusammenwachsen lassen. Die uns sp\u00fcren lassen, dass wir uns hier in einem gemeinsamen Lebens- und Arbeitsraum befinden.\u201c Das Ereignis, das IHK-Pr\u00e4sident Wolfgang Grenke ansprach, war die vierte grenz\u00fcberschreitende [&hellip;]\" \/>\n<meta property=\"og:url\" content=\"http:\/\/www.pamina-business.com\/de\/wirtschaft-macht-schule\/\" \/>\n<meta property=\"og:site_name\" content=\"PAMINA Business Club\" \/>\n<meta property=\"article:published_time\" content=\"2015-04-20T09:56:05+00:00\" \/>\n<meta property=\"article:modified_time\" content=\"2015-04-14T10:07:24+00:00\" \/>\n<meta property=\"og:image\" content=\"http:\/\/www.pamina-business.com\/wp-content\/uploads\/2015\/04\/addi-data-300x225.jpg\" \/>\n<meta name=\"author\" content=\"Monique STUTZMANN\" \/>\n<meta name=\"twitter:card\" content=\"summary_large_image\" \/>\n<meta name=\"twitter:label1\" content=\"Verfasst von\" \/>\n\t<meta name=\"twitter:data1\" content=\"Monique STUTZMANN\" \/>\n\t<meta name=\"twitter:label2\" content=\"Gesch\u00e4tzte Lesezeit\" \/>\n\t<meta name=\"twitter:data2\" content=\"2\u00a0Minuten\" \/>\n<script type=\"application\/ld+json\" class=\"yoast-schema-graph\">{\"@context\":\"https:\/\/schema.org\",\"@graph\":[{\"@type\":\"WebPage\",\"@id\":\"http:\/\/www.pamina-business.com\/de\/wirtschaft-macht-schule\/\",\"url\":\"http:\/\/www.pamina-business.com\/de\/wirtschaft-macht-schule\/\",\"name\":\"Wirtschaft macht Schule - PAMINA Business Club\",\"isPartOf\":{\"@id\":\"http:\/\/www.pamina-business.com\/de\/#website\"},\"primaryImageOfPage\":{\"@id\":\"http:\/\/www.pamina-business.com\/de\/wirtschaft-macht-schule\/#primaryimage\"},\"image\":{\"@id\":\"http:\/\/www.pamina-business.com\/de\/wirtschaft-macht-schule\/#primaryimage\"},\"thumbnailUrl\":\"http:\/\/www.pamina-business.com\/wp-content\/uploads\/2015\/04\/addi-data-300x225.jpg\",\"datePublished\":\"2015-04-20T09:56:05+00:00\",\"dateModified\":\"2015-04-14T10:07:24+00:00\",\"author\":{\"@id\":\"http:\/\/www.pamina-business.com\/de\/#\/schema\/person\/9ab02536dbdbc5e3ef40bbc3452c8c69\"},\"breadcrumb\":{\"@id\":\"http:\/\/www.pamina-business.com\/de\/wirtschaft-macht-schule\/#breadcrumb\"},\"inLanguage\":\"de\",\"potentialAction\":[{\"@type\":\"ReadAction\",\"target\":[\"http:\/\/www.pamina-business.com\/de\/wirtschaft-macht-schule\/\"]}]},{\"@type\":\"ImageObject\",\"inLanguage\":\"de\",\"@id\":\"http:\/\/www.pamina-business.com\/de\/wirtschaft-macht-schule\/#primaryimage\",\"url\":\"http:\/\/www.pamina-business.com\/wp-content\/uploads\/2015\/04\/addi-data-300x225.jpg\",\"contentUrl\":\"http:\/\/www.pamina-business.com\/wp-content\/uploads\/2015\/04\/addi-data-300x225.jpg\"},{\"@type\":\"BreadcrumbList\",\"@id\":\"http:\/\/www.pamina-business.com\/de\/wirtschaft-macht-schule\/#breadcrumb\",\"itemListElement\":[{\"@type\":\"ListItem\",\"position\":1,\"name\":\"Accueil\",\"item\":\"http:\/\/www.pamina-business.com\/de\/\"},{\"@type\":\"ListItem\",\"position\":2,\"name\":\"Wirtschaft macht Schule\"}]},{\"@type\":\"WebSite\",\"@id\":\"http:\/\/www.pamina-business.com\/de\/#website\",\"url\":\"http:\/\/www.pamina-business.com\/de\/\",\"name\":\"PAMINA Business Club\",\"description\":\"Un site utilisant WordPress\",\"potentialAction\":[{\"@type\":\"SearchAction\",\"target\":{\"@type\":\"EntryPoint\",\"urlTemplate\":\"http:\/\/www.pamina-business.com\/de\/?s={search_term_string}\"},\"query-input\":{\"@type\":\"PropertyValueSpecification\",\"valueRequired\":true,\"valueName\":\"search_term_string\"}}],\"inLanguage\":\"de\"},{\"@type\":\"Person\",\"@id\":\"http:\/\/www.pamina-business.com\/de\/#\/schema\/person\/9ab02536dbdbc5e3ef40bbc3452c8c69\",\"name\":\"Monique STUTZMANN\",\"image\":{\"@type\":\"ImageObject\",\"inLanguage\":\"de\",\"@id\":\"http:\/\/www.pamina-business.com\/de\/#\/schema\/person\/image\/\",\"url\":\"https:\/\/secure.gravatar.com\/avatar\/cc1c3adf9a9f6e969d3da7b6b34ec66f5f4a6844dfc9145380a75e42cd91882e?s=96&d=mm&r=g\",\"contentUrl\":\"https:\/\/secure.gravatar.com\/avatar\/cc1c3adf9a9f6e969d3da7b6b34ec66f5f4a6844dfc9145380a75e42cd91882e?s=96&d=mm&r=g\",\"caption\":\"Monique STUTZMANN\"},\"url\":\"https:\/\/www.pamina-business.com\/de\/author\/monique\/\"}]}<\/script>\n<!-- \/ Yoast SEO plugin. -->","yoast_head_json":{"title":"Wirtschaft macht Schule - PAMINA Business Club","robots":{"index":"index","follow":"follow","max-snippet":"max-snippet:-1","max-image-preview":"max-image-preview:large","max-video-preview":"max-video-preview:-1"},"canonical":"http:\/\/www.pamina-business.com\/de\/wirtschaft-macht-schule\/","og_locale":"de_DE","og_type":"article","og_title":"Wirtschaft macht Schule - PAMINA Business Club","og_description":"ADDI-DATA UND LYC\u00c9E DES M\u00c9TIERS \u2013 CFA HEINRICH NESSEL Vierte grenz\u00fcberschreitende Kooperationsunterzeichnung Photo : IHK Karlsruhe \u201eEs sind Ereignisse wie das heutige, die unseren Oberrheinraum noch enger zusammenwachsen lassen. Die uns sp\u00fcren lassen, dass wir uns hier in einem gemeinsamen Lebens- und Arbeitsraum befinden.\u201c Das Ereignis, das IHK-Pr\u00e4sident Wolfgang Grenke ansprach, war die vierte grenz\u00fcberschreitende [&hellip;]","og_url":"http:\/\/www.pamina-business.com\/de\/wirtschaft-macht-schule\/","og_site_name":"PAMINA Business Club","article_published_time":"2015-04-20T09:56:05+00:00","article_modified_time":"2015-04-14T10:07:24+00:00","og_image":[{"url":"http:\/\/www.pamina-business.com\/wp-content\/uploads\/2015\/04\/addi-data-300x225.jpg"}],"author":"Monique STUTZMANN","twitter_card":"summary_large_image","twitter_misc":{"Verfasst von":"Monique STUTZMANN","Gesch\u00e4tzte Lesezeit":"2\u00a0Minuten"},"schema":{"@context":"https:\/\/schema.org","@graph":[{"@type":"WebPage","@id":"http:\/\/www.pamina-business.com\/de\/wirtschaft-macht-schule\/","url":"http:\/\/www.pamina-business.com\/de\/wirtschaft-macht-schule\/","name":"Wirtschaft macht Schule - PAMINA Business Club","isPartOf":{"@id":"http:\/\/www.pamina-business.com\/de\/#website"},"primaryImageOfPage":{"@id":"http:\/\/www.pamina-business.com\/de\/wirtschaft-macht-schule\/#primaryimage"},"image":{"@id":"http:\/\/www.pamina-business.com\/de\/wirtschaft-macht-schule\/#primaryimage"},"thumbnailUrl":"http:\/\/www.pamina-business.com\/wp-content\/uploads\/2015\/04\/addi-data-300x225.jpg","datePublished":"2015-04-20T09:56:05+00:00","dateModified":"2015-04-14T10:07:24+00:00","author":{"@id":"http:\/\/www.pamina-business.com\/de\/#\/schema\/person\/9ab02536dbdbc5e3ef40bbc3452c8c69"},"breadcrumb":{"@id":"http:\/\/www.pamina-business.com\/de\/wirtschaft-macht-schule\/#breadcrumb"},"inLanguage":"de","potentialAction":[{"@type":"ReadAction","target":["http:\/\/www.pamina-business.com\/de\/wirtschaft-macht-schule\/"]}]},{"@type":"ImageObject","inLanguage":"de","@id":"http:\/\/www.pamina-business.com\/de\/wirtschaft-macht-schule\/#primaryimage","url":"http:\/\/www.pamina-business.com\/wp-content\/uploads\/2015\/04\/addi-data-300x225.jpg","contentUrl":"http:\/\/www.pamina-business.com\/wp-content\/uploads\/2015\/04\/addi-data-300x225.jpg"},{"@type":"BreadcrumbList","@id":"http:\/\/www.pamina-business.com\/de\/wirtschaft-macht-schule\/#breadcrumb","itemListElement":[{"@type":"ListItem","position":1,"name":"Accueil","item":"http:\/\/www.pamina-business.com\/de\/"},{"@type":"ListItem","position":2,"name":"Wirtschaft macht Schule"}]},{"@type":"WebSite","@id":"http:\/\/www.pamina-business.com\/de\/#website","url":"http:\/\/www.pamina-business.com\/de\/","name":"PAMINA Business Club","description":"Un site utilisant WordPress","potentialAction":[{"@type":"SearchAction","target":{"@type":"EntryPoint","urlTemplate":"http:\/\/www.pamina-business.com\/de\/?s={search_term_string}"},"query-input":{"@type":"PropertyValueSpecification","valueRequired":true,"valueName":"search_term_string"}}],"inLanguage":"de"},{"@type":"Person","@id":"http:\/\/www.pamina-business.com\/de\/#\/schema\/person\/9ab02536dbdbc5e3ef40bbc3452c8c69","name":"Monique STUTZMANN","image":{"@type":"ImageObject","inLanguage":"de","@id":"http:\/\/www.pamina-business.com\/de\/#\/schema\/person\/image\/","url":"https:\/\/secure.gravatar.com\/avatar\/cc1c3adf9a9f6e969d3da7b6b34ec66f5f4a6844dfc9145380a75e42cd91882e?s=96&d=mm&r=g","contentUrl":"https:\/\/secure.gravatar.com\/avatar\/cc1c3adf9a9f6e969d3da7b6b34ec66f5f4a6844dfc9145380a75e42cd91882e?s=96&d=mm&r=g","caption":"Monique STUTZMANN"},"url":"https:\/\/www.pamina-business.com\/de\/author\/monique\/"}]}},"_links":{"self":[{"href":"https:\/\/www.pamina-business.com\/de\/wp-json\/wp\/v2\/posts\/493","targetHints":{"allow":["GET"]}}],"collection":[{"href":"https:\/\/www.pamina-business.com\/de\/wp-json\/wp\/v2\/posts"}],"about":[{"href":"https:\/\/www.pamina-business.com\/de\/wp-json\/wp\/v2\/types\/post"}],"author":[{"embeddable":true,"href":"https:\/\/www.pamina-business.com\/de\/wp-json\/wp\/v2\/users\/3"}],"replies":[{"embeddable":true,"href":"https:\/\/www.pamina-business.com\/de\/wp-json\/wp\/v2\/comments?post=493"}],"version-history":[{"count":1,"href":"https:\/\/www.pamina-business.com\/de\/wp-json\/wp\/v2\/posts\/493\/revisions"}],"predecessor-version":[{"id":495,"href":"https:\/\/www.pamina-business.com\/de\/wp-json\/wp\/v2\/posts\/493\/revisions\/495"}],"wp:attachment":[{"href":"https:\/\/www.pamina-business.com\/de\/wp-json\/wp\/v2\/media?parent=493"}],"wp:term":[{"taxonomy":"category","embeddable":true,"href":"https:\/\/www.pamina-business.com\/de\/wp-json\/wp\/v2\/categories?post=493"},{"taxonomy":"post_tag","embeddable":true,"href":"https:\/\/www.pamina-business.com\/de\/wp-json\/wp\/v2\/tags?post=493"}],"curies":[{"name":"wp","href":"https:\/\/api.w.org\/{rel}","templated":true}]}}