{"id":468,"date":"2015-04-09T08:46:40","date_gmt":"2015-04-09T08:46:40","guid":{"rendered":"http:\/\/www.pamina-business.com\/?p=468"},"modified":"2015-04-08T13:48:48","modified_gmt":"2015-04-08T13:48:48","slug":"journee-du-savoir-faire-industriel-a-haguenau","status":"publish","type":"post","link":"https:\/\/www.pamina-business.com\/de\/journee-du-savoir-faire-industriel-a-haguenau\/","title":{"rendered":"Journ\u00e9e du savoir-faire industriel \u00e0 Haguenau"},"content":{"rendered":"<p><strong>A l&#8217;occasion des 900 ans de la ville de Haguenau, Fr\u00e9d\u00e9rique Dirian, charg\u00e9e Emploi-Formation \u00e0 l&#8217;UIMM (Union des Industries et M\u00e9tiers de la M\u00e9tallurgie) et Dominique Platz \u00e0 la Direction du d\u00e9veloppement \u00e9conomique du CAIRE, ont organis\u00e9 une journ\u00e9e du savoir-faire industriel. L&#8217;id\u00e9e de cette journ\u00e9e \u00e9tait de &#8222;mettre en avant les produits fabriqu\u00e9s par les entreprises et permettre aux exposants d&#8217;expliquer les comp\u00e9tences n\u00e9cessaires&#8220;.<\/strong><\/p>\n<p>Dans le cadre des 900 ans de Haguenau et de la Semaine de l&#8217;industrie, plusieurs entreprises se sont mobilis\u00e9es pour gagner en notori\u00e9t\u00e9 et attirer des jeunes talents :<br \/>\n&#8211; Itron qui fabrique des compteurs d&#8217;eau et d&#8217;\u00e9nergie thermique pour l&#8217;industrie (Haguenau)<br \/>\n&#8211; Norcan situ\u00e9e \u00e0 Haguenau et sp\u00e9cialis\u00e9e dans les profil\u00e9s en aluminium<br \/>\n&#8211; Schaeffler connue pour ses roulements \u00e0 aiguilles (Haguenau)<br \/>\n&#8211; SEW-Usocome sp\u00e9cialis\u00e9e dans les motor\u00e9ducteurs (Haguenau et Brumath)<br \/>\n&#8211; Siemens qui fabrique des outils de mesure de gaz ou de d\u00e9bit d&#8217;eau (Haguenau)<br \/>\n&#8211; Messier-Bugatti-Dowty reconnue pour ses trains d&#8217;atterrissage (Molsheim)<br \/>\n&#8211; Caddie qui fabrique des chariots pour la grande distribution, l&#8217;h\u00f4tellerie et les a\u00e9roports (Drusenheim)<br \/>\n&#8211; CEFA qui produit des \u00e9quipements militaires \u00e0 Soultz-sous-For\u00eats<br \/>\n&#8211; Alstom Transport qui fabrique des rames de trains r\u00e9gionaux (Reichshoffen)<br \/>\n&#8211; Sarel Schneider Industrie \u00e0 Sarre-Union<br \/>\n&#8211; Etesia qui produit des tondeuses \u00e0 Wissembourg<br \/>\n&#8211; Celtic qui met en bouteilles l&#8217;eau min\u00e9rale de Niederbronn-les-Bains.<\/p>\n<p>Source : DNA &#8211; 3 avril 2015<\/p>\n","protected":false},"excerpt":{"rendered":"<p>A l&#8217;occasion des 900 ans de la ville de Haguenau, Fr\u00e9d\u00e9rique Dirian, charg\u00e9e Emploi-Formation \u00e0 l&#8217;UIMM (Union des Industries et M\u00e9tiers de la M\u00e9tallurgie) et Dominique Platz \u00e0 la Direction du d\u00e9veloppement \u00e9conomique du CAIRE, ont organis\u00e9 une journ\u00e9e du savoir-faire industriel. L&#8217;id\u00e9e de cette journ\u00e9e \u00e9tait de &#8222;mettre en avant les produits fabriqu\u00e9s par [&hellip;]<\/p>\n","protected":false},"author":2,"featured_media":0,"comment_status":"open","ping_status":"open","sticky":false,"template":"","format":"standard","meta":{"_exactmetrics_skip_tracking":false,"_exactmetrics_sitenote_active":false,"_exactmetrics_sitenote_note":"","_exactmetrics_sitenote_category":0,"footnotes":""},"categories":[7,47],"tags":[],"class_list":["post-468","post","type-post","status-publish","format-standard","hentry","category-evenements-fr","category-industrie-fr"],"yoast_head":"<!-- This site is optimized with the Yoast SEO plugin v23.5 - https:\/\/yoast.com\/wordpress\/plugins\/seo\/ -->\n<title>Journ\u00e9e du savoir-faire industriel \u00e0 Haguenau - PAMINA Business Club<\/title>\n<meta name=\"robots\" content=\"index, follow, max-snippet:-1, max-image-preview:large, max-video-preview:-1\" \/>\n<link rel=\"canonical\" href=\"https:\/\/www.pamina-business.com\/journee-du-savoir-faire-industriel-a-haguenau\/\" \/>\n<meta property=\"og:locale\" content=\"de_DE\" \/>\n<meta property=\"og:type\" content=\"article\" \/>\n<meta property=\"og:title\" content=\"Journ\u00e9e du savoir-faire industriel \u00e0 Haguenau - PAMINA Business Club\" \/>\n<meta property=\"og:description\" content=\"A l&#8217;occasion des 900 ans de la ville de Haguenau, Fr\u00e9d\u00e9rique Dirian, charg\u00e9e Emploi-Formation \u00e0 l&#8217;UIMM (Union des Industries et M\u00e9tiers de la M\u00e9tallurgie) et Dominique Platz \u00e0 la Direction du d\u00e9veloppement \u00e9conomique du CAIRE, ont organis\u00e9 une journ\u00e9e du savoir-faire industriel. L&#8217;id\u00e9e de cette journ\u00e9e \u00e9tait de &#8222;mettre en avant les produits fabriqu\u00e9s par [&hellip;]\" \/>\n<meta property=\"og:url\" content=\"https:\/\/www.pamina-business.com\/journee-du-savoir-faire-industriel-a-haguenau\/\" \/>\n<meta property=\"og:site_name\" content=\"PAMINA Business Club\" \/>\n<meta property=\"article:published_time\" content=\"2015-04-09T08:46:40+00:00\" \/>\n<meta property=\"article:modified_time\" content=\"2015-04-08T13:48:48+00:00\" \/>\n<meta name=\"author\" content=\"Mathilde Lafaye\" \/>\n<meta name=\"twitter:card\" content=\"summary_large_image\" \/>\n<meta name=\"twitter:label1\" content=\"Verfasst von\" \/>\n\t<meta name=\"twitter:data1\" content=\"Mathilde Lafaye\" \/>\n\t<meta name=\"twitter:label2\" content=\"Gesch\u00e4tzte Lesezeit\" \/>\n\t<meta name=\"twitter:data2\" content=\"1\u00a0Minute\" \/>\n<script type=\"application\/ld+json\" class=\"yoast-schema-graph\">{\"@context\":\"https:\/\/schema.org\",\"@graph\":[{\"@type\":\"WebPage\",\"@id\":\"https:\/\/www.pamina-business.com\/journee-du-savoir-faire-industriel-a-haguenau\/\",\"url\":\"https:\/\/www.pamina-business.com\/journee-du-savoir-faire-industriel-a-haguenau\/\",\"name\":\"Journ\u00e9e du savoir-faire industriel \u00e0 Haguenau - PAMINA Business Club\",\"isPartOf\":{\"@id\":\"http:\/\/www.pamina-business.com\/de\/#website\"},\"datePublished\":\"2015-04-09T08:46:40+00:00\",\"dateModified\":\"2015-04-08T13:48:48+00:00\",\"author\":{\"@id\":\"http:\/\/www.pamina-business.com\/de\/#\/schema\/person\/184feea9fbad808d50c1eefebdbcd9be\"},\"breadcrumb\":{\"@id\":\"https:\/\/www.pamina-business.com\/journee-du-savoir-faire-industriel-a-haguenau\/#breadcrumb\"},\"inLanguage\":\"de\",\"potentialAction\":[{\"@type\":\"ReadAction\",\"target\":[\"https:\/\/www.pamina-business.com\/journee-du-savoir-faire-industriel-a-haguenau\/\"]}]},{\"@type\":\"BreadcrumbList\",\"@id\":\"https:\/\/www.pamina-business.com\/journee-du-savoir-faire-industriel-a-haguenau\/#breadcrumb\",\"itemListElement\":[{\"@type\":\"ListItem\",\"position\":1,\"name\":\"Accueil\",\"item\":\"http:\/\/www.pamina-business.com\/de\/\"},{\"@type\":\"ListItem\",\"position\":2,\"name\":\"Journ\u00e9e du savoir-faire industriel \u00e0 Haguenau\"}]},{\"@type\":\"WebSite\",\"@id\":\"http:\/\/www.pamina-business.com\/de\/#website\",\"url\":\"http:\/\/www.pamina-business.com\/de\/\",\"name\":\"PAMINA Business Club\",\"description\":\"Un site utilisant WordPress\",\"potentialAction\":[{\"@type\":\"SearchAction\",\"target\":{\"@type\":\"EntryPoint\",\"urlTemplate\":\"http:\/\/www.pamina-business.com\/de\/?s={search_term_string}\"},\"query-input\":{\"@type\":\"PropertyValueSpecification\",\"valueRequired\":true,\"valueName\":\"search_term_string\"}}],\"inLanguage\":\"de\"},{\"@type\":\"Person\",\"@id\":\"http:\/\/www.pamina-business.com\/de\/#\/schema\/person\/184feea9fbad808d50c1eefebdbcd9be\",\"name\":\"Mathilde Lafaye\",\"image\":{\"@type\":\"ImageObject\",\"inLanguage\":\"de\",\"@id\":\"http:\/\/www.pamina-business.com\/de\/#\/schema\/person\/image\/\",\"url\":\"https:\/\/secure.gravatar.com\/avatar\/8c9e676580786e01744d1678a355283bc36b914e4f9ee0d99e4ba2f24b738831?s=96&d=mm&r=g\",\"contentUrl\":\"https:\/\/secure.gravatar.com\/avatar\/8c9e676580786e01744d1678a355283bc36b914e4f9ee0d99e4ba2f24b738831?s=96&d=mm&r=g\",\"caption\":\"Mathilde Lafaye\"},\"url\":\"https:\/\/www.pamina-business.com\/de\/author\/mathilde\/\"}]}<\/script>\n<!-- \/ Yoast SEO plugin. -->","yoast_head_json":{"title":"Journ\u00e9e du savoir-faire industriel \u00e0 Haguenau - PAMINA Business Club","robots":{"index":"index","follow":"follow","max-snippet":"max-snippet:-1","max-image-preview":"max-image-preview:large","max-video-preview":"max-video-preview:-1"},"canonical":"https:\/\/www.pamina-business.com\/journee-du-savoir-faire-industriel-a-haguenau\/","og_locale":"de_DE","og_type":"article","og_title":"Journ\u00e9e du savoir-faire industriel \u00e0 Haguenau - PAMINA Business Club","og_description":"A l&#8217;occasion des 900 ans de la ville de Haguenau, Fr\u00e9d\u00e9rique Dirian, charg\u00e9e Emploi-Formation \u00e0 l&#8217;UIMM (Union des Industries et M\u00e9tiers de la M\u00e9tallurgie) et Dominique Platz \u00e0 la Direction du d\u00e9veloppement \u00e9conomique du CAIRE, ont organis\u00e9 une journ\u00e9e du savoir-faire industriel. L&#8217;id\u00e9e de cette journ\u00e9e \u00e9tait de &#8222;mettre en avant les produits fabriqu\u00e9s par [&hellip;]","og_url":"https:\/\/www.pamina-business.com\/journee-du-savoir-faire-industriel-a-haguenau\/","og_site_name":"PAMINA Business Club","article_published_time":"2015-04-09T08:46:40+00:00","article_modified_time":"2015-04-08T13:48:48+00:00","author":"Mathilde Lafaye","twitter_card":"summary_large_image","twitter_misc":{"Verfasst von":"Mathilde Lafaye","Gesch\u00e4tzte Lesezeit":"1\u00a0Minute"},"schema":{"@context":"https:\/\/schema.org","@graph":[{"@type":"WebPage","@id":"https:\/\/www.pamina-business.com\/journee-du-savoir-faire-industriel-a-haguenau\/","url":"https:\/\/www.pamina-business.com\/journee-du-savoir-faire-industriel-a-haguenau\/","name":"Journ\u00e9e du savoir-faire industriel \u00e0 Haguenau - PAMINA Business Club","isPartOf":{"@id":"http:\/\/www.pamina-business.com\/de\/#website"},"datePublished":"2015-04-09T08:46:40+00:00","dateModified":"2015-04-08T13:48:48+00:00","author":{"@id":"http:\/\/www.pamina-business.com\/de\/#\/schema\/person\/184feea9fbad808d50c1eefebdbcd9be"},"breadcrumb":{"@id":"https:\/\/www.pamina-business.com\/journee-du-savoir-faire-industriel-a-haguenau\/#breadcrumb"},"inLanguage":"de","potentialAction":[{"@type":"ReadAction","target":["https:\/\/www.pamina-business.com\/journee-du-savoir-faire-industriel-a-haguenau\/"]}]},{"@type":"BreadcrumbList","@id":"https:\/\/www.pamina-business.com\/journee-du-savoir-faire-industriel-a-haguenau\/#breadcrumb","itemListElement":[{"@type":"ListItem","position":1,"name":"Accueil","item":"http:\/\/www.pamina-business.com\/de\/"},{"@type":"ListItem","position":2,"name":"Journ\u00e9e du savoir-faire industriel \u00e0 Haguenau"}]},{"@type":"WebSite","@id":"http:\/\/www.pamina-business.com\/de\/#website","url":"http:\/\/www.pamina-business.com\/de\/","name":"PAMINA Business Club","description":"Un site utilisant WordPress","potentialAction":[{"@type":"SearchAction","target":{"@type":"EntryPoint","urlTemplate":"http:\/\/www.pamina-business.com\/de\/?s={search_term_string}"},"query-input":{"@type":"PropertyValueSpecification","valueRequired":true,"valueName":"search_term_string"}}],"inLanguage":"de"},{"@type":"Person","@id":"http:\/\/www.pamina-business.com\/de\/#\/schema\/person\/184feea9fbad808d50c1eefebdbcd9be","name":"Mathilde Lafaye","image":{"@type":"ImageObject","inLanguage":"de","@id":"http:\/\/www.pamina-business.com\/de\/#\/schema\/person\/image\/","url":"https:\/\/secure.gravatar.com\/avatar\/8c9e676580786e01744d1678a355283bc36b914e4f9ee0d99e4ba2f24b738831?s=96&d=mm&r=g","contentUrl":"https:\/\/secure.gravatar.com\/avatar\/8c9e676580786e01744d1678a355283bc36b914e4f9ee0d99e4ba2f24b738831?s=96&d=mm&r=g","caption":"Mathilde Lafaye"},"url":"https:\/\/www.pamina-business.com\/de\/author\/mathilde\/"}]}},"_links":{"self":[{"href":"https:\/\/www.pamina-business.com\/de\/wp-json\/wp\/v2\/posts\/468","targetHints":{"allow":["GET"]}}],"collection":[{"href":"https:\/\/www.pamina-business.com\/de\/wp-json\/wp\/v2\/posts"}],"about":[{"href":"https:\/\/www.pamina-business.com\/de\/wp-json\/wp\/v2\/types\/post"}],"author":[{"embeddable":true,"href":"https:\/\/www.pamina-business.com\/de\/wp-json\/wp\/v2\/users\/2"}],"replies":[{"embeddable":true,"href":"https:\/\/www.pamina-business.com\/de\/wp-json\/wp\/v2\/comments?post=468"}],"version-history":[{"count":3,"href":"https:\/\/www.pamina-business.com\/de\/wp-json\/wp\/v2\/posts\/468\/revisions"}],"predecessor-version":[{"id":471,"href":"https:\/\/www.pamina-business.com\/de\/wp-json\/wp\/v2\/posts\/468\/revisions\/471"}],"wp:attachment":[{"href":"https:\/\/www.pamina-business.com\/de\/wp-json\/wp\/v2\/media?parent=468"}],"wp:term":[{"taxonomy":"category","embeddable":true,"href":"https:\/\/www.pamina-business.com\/de\/wp-json\/wp\/v2\/categories?post=468"},{"taxonomy":"post_tag","embeddable":true,"href":"https:\/\/www.pamina-business.com\/de\/wp-json\/wp\/v2\/tags?post=468"}],"curies":[{"name":"wp","href":"https:\/\/api.w.org\/{rel}","templated":true}]}}