{"id":4574,"date":"2020-05-15T07:47:00","date_gmt":"2020-05-15T07:47:00","guid":{"rendered":"http:\/\/www.pamina-business.com\/?p=4574"},"modified":"2020-05-15T07:47:00","modified_gmt":"2020-05-15T07:47:00","slug":"covid-19-grenzueberschreitender-alltag","status":"publish","type":"post","link":"https:\/\/www.pamina-business.com\/de\/covid-19-grenzueberschreitender-alltag\/","title":{"rendered":"Covid-19 : Grenz\u00fcberschreitender Alltag"},"content":{"rendered":"<section id=\"mainSection\">\n<div class=\"fmodele fmodeleScroll tpl_fiche\">\n<div class=\"agendas-fiche\">\n<article class=\"media\">\n<div class=\"media-object\"><img decoding=\"async\" src=\"https:\/\/www.eurodistrict-pamina.eu\/globalflexit\/images\/img_base\/agendas\/835_556_1_16042020-b.jpg\" alt=\"up PAMINA vhs: Zeitzeugen gesucht - Grenzschlie\u00dfungen\" \/><\/div>\n<div class=\"media-body\">\n<h1 class=\"media-heading\">up PAMINA vhs: Zeitzeugen gesucht &#8211; Grenzschlie\u00dfungen<\/h1>\n<div class=\"date\">31 Mai 2020<\/div>\n<div class=\"contenu\">\n<p><strong>Die up PAMINA vhs sucht zusammen <\/strong><strong>dem Stadtarchiv von Wissembourg<\/strong> <strong>Berichte von Menschen, die durch die aktuellen Grenzschlie\u00dfungen betroffen sind:<\/strong><\/p>\n<div class=\"colorBox2\">\n<p class=\"bodytext\">Die COVID-19-Pandemie hat zu tiefgreifenden \u00c4nderungen in unserem Leben gef\u00fchrt, nicht nur, was den Gesundheitsschutz betrifft. Auch das gewohnte Miteinander in unseren Grenzregionen wurde auf den Kopf gestellt.<\/p>\n<p class=\"bodytext\">Mitte M\u00e4rz wurden die Grenzen geschlossen &#8211; ein tiefer Einschnitt in das gewohnte Leben im PAMINA-Raum, sowohl auf deutscher, als auch auf franz\u00f6sischer Seite.<\/p>\n<p class=\"bodytext\">Wir m\u00f6chten Sie nun bitten, uns Ihre Erfahrungen und Eindr\u00fccke in dieser neuen Situation zu schildern<\/p>\n<p class=\"bodytext\">&#8211; Wie haben Sie pers\u00f6nlich die Grenzschlie\u00dfung empfunden?<\/p>\n<p class=\"bodytext\">&#8211; Welche Auswirkungen hatte sie auf Ihr Leben, sei es im privaten oder im beruflichen Bereich?<\/p>\n<p class=\"bodytext\">&#8211; Welche k\u00fcnftigen Auswirkungen der Grenzschlie\u00dfung erwarten Sie f\u00fcr sich selbst, Ihre Region und den grenz\u00fcberschreitenden Raum?<\/p>\n<p class=\"bodytext\"><strong>Schildern Sie Ihre Reaktion, sagen Sie Ihre Meinung, schicken Sie uns Anekdoten, berichten Sie, was Sie sich f\u00fcr die Zeit nach Ende der Krise w\u00fcnschen, was Sie f\u00fcr n\u00f6tig halten! <\/strong><\/p>\n<p class=\"bodytext\">In Partnerschaft mit dem Stadtarchiv von Wissembourg sammeln wir Zeugnisse von Menschen, die durch die Grenzschlie\u00dfung betroffen sind. In welcher Sprache Ihre Beitr\u00e4ge abgefasst sind, bleibt Ihnen \u00fcberlassen: Franz\u00f6sisch, Deutsch, Els\u00e4ssisch, Pf\u00e4lzisch oder Badisch.<\/p>\n<p class=\"bodytext\">Bitte schicken Sie Ihre Texte per E-Mail an folgende Adresse: <a class=\"fDefault\" href=\"m&#97;&#x69;&#x6c;&#x74;o&#58;&#97;&#x2e;&#x73;t&#114;&#105;&#x65;&#x62;ig&#45;&#x77;&#x65;&#x69;s&#115;&#x65;&#x6e;&#x62;u&#114;&#103;&#x65;&#x72;&#64;&#117;&#112;&#x2d;&#x70;am&#105;&#x6e;&#x61;&#x2d;v&#104;&#115;&#x2e;&#x6f;r&#103;?subject=Zeitzeugen%20gesucht\">&#x61;&#46;s&#x74;&#114;&#105;&#x65;&#x62;&#105;g&#x2d;&#119;e&#x69;&#x73;&#115;e&#x6e;&#98;u&#x72;&#x67;&#101;r&#x40;&#117;p&#x2d;&#x70;&#97;m&#x69;&#110;a&#x2d;&#x76;&#104;&#x73;&#x2e;&#111;r&#x67;<\/a> Bitte vergessen Sie nicht, Ihre Kontaktdaten (Adresse, Tel. und E-Mail) anzugeben. Wir w\u00fcrden uns freuen, von Ihnen zu h\u00f6ren!<\/p>\n<p><em>Quelle<\/em> : <a href=\"http:\/\/www.eurodistrict-pamina.eu\">www.eurodistrict-pamina.eu<\/a><\/p>\n<p><em>Kontakt<\/em> : <a href=\"&#x6d;&#97;&#x69;&#x6c;&#116;&#x6f;&#58;i&#x6e;&#102;o&#x40;&#101;u&#x72;&#111;d&#x69;&#115;&#x74;&#x72;&#105;&#x63;&#x74;&#45;&#x70;&#97;m&#x69;&#110;a&#x2e;&#101;u\">&#x69;&#x6e;&#102;&#111;&#64;e&#x75;&#x72;&#x6f;&#100;&#105;st&#x72;&#x69;&#x63;&#116;&#45;p&#x61;&#x6d;&#x69;&#110;&#97;&#46;e&#x75;<\/a><\/p>\n<p>&nbsp;<\/p>\n<\/div>\n<\/div>\n<\/div>\n<\/article>\n<\/div>\n<\/div>\n<\/section>\n","protected":false},"excerpt":{"rendered":"<p>up PAMINA vhs: Zeitzeugen gesucht &#8211; Grenzschlie\u00dfungen 31 Mai 2020 Die up PAMINA vhs sucht zusammen dem Stadtarchiv von Wissembourg Berichte von Menschen, die durch die aktuellen Grenzschlie\u00dfungen betroffen sind: Die COVID-19-Pandemie hat zu tiefgreifenden \u00c4nderungen in unserem Leben gef\u00fchrt, nicht nur, was den Gesundheitsschutz betrifft. Auch das gewohnte Miteinander in unseren Grenzregionen wurde auf [&hellip;]<\/p>\n","protected":false},"author":3,"featured_media":0,"comment_status":"open","ping_status":"open","sticky":false,"template":"","format":"standard","meta":{"_exactmetrics_skip_tracking":false,"_exactmetrics_sitenote_active":false,"_exactmetrics_sitenote_note":"","_exactmetrics_sitenote_category":0,"footnotes":""},"categories":[59],"tags":[],"class_list":["post-4574","post","type-post","status-publish","format-standard","hentry","category-ereignisse-de"],"yoast_head":"<!-- This site is optimized with the Yoast SEO plugin v23.5 - https:\/\/yoast.com\/wordpress\/plugins\/seo\/ -->\n<title>Covid-19 : Grenz\u00fcberschreitender Alltag - PAMINA Business Club<\/title>\n<meta name=\"robots\" content=\"index, follow, max-snippet:-1, max-image-preview:large, max-video-preview:-1\" \/>\n<link rel=\"canonical\" href=\"https:\/\/www.pamina-business.com\/de\/covid-19-grenzueberschreitender-alltag\/\" \/>\n<meta property=\"og:locale\" content=\"de_DE\" \/>\n<meta property=\"og:type\" content=\"article\" \/>\n<meta property=\"og:title\" content=\"Covid-19 : Grenz\u00fcberschreitender Alltag - PAMINA Business Club\" \/>\n<meta property=\"og:description\" content=\"up PAMINA vhs: Zeitzeugen gesucht &#8211; Grenzschlie\u00dfungen 31 Mai 2020 Die up PAMINA vhs sucht zusammen dem Stadtarchiv von Wissembourg Berichte von Menschen, die durch die aktuellen Grenzschlie\u00dfungen betroffen sind: Die COVID-19-Pandemie hat zu tiefgreifenden \u00c4nderungen in unserem Leben gef\u00fchrt, nicht nur, was den Gesundheitsschutz betrifft. Auch das gewohnte Miteinander in unseren Grenzregionen wurde auf [&hellip;]\" \/>\n<meta property=\"og:url\" content=\"https:\/\/www.pamina-business.com\/de\/covid-19-grenzueberschreitender-alltag\/\" \/>\n<meta property=\"og:site_name\" content=\"PAMINA Business Club\" \/>\n<meta property=\"article:published_time\" content=\"2020-05-15T07:47:00+00:00\" \/>\n<meta property=\"og:image\" content=\"https:\/\/www.eurodistrict-pamina.eu\/globalflexit\/images\/img_base\/agendas\/835_556_1_16042020-b.jpg\" \/>\n<meta name=\"author\" content=\"Monique STUTZMANN\" \/>\n<meta name=\"twitter:card\" content=\"summary_large_image\" \/>\n<meta name=\"twitter:label1\" content=\"Verfasst von\" \/>\n\t<meta name=\"twitter:data1\" content=\"Monique STUTZMANN\" \/>\n\t<meta name=\"twitter:label2\" content=\"Gesch\u00e4tzte Lesezeit\" \/>\n\t<meta name=\"twitter:data2\" content=\"1\u00a0Minute\" \/>\n<script type=\"application\/ld+json\" class=\"yoast-schema-graph\">{\"@context\":\"https:\/\/schema.org\",\"@graph\":[{\"@type\":\"WebPage\",\"@id\":\"https:\/\/www.pamina-business.com\/de\/covid-19-grenzueberschreitender-alltag\/\",\"url\":\"https:\/\/www.pamina-business.com\/de\/covid-19-grenzueberschreitender-alltag\/\",\"name\":\"Covid-19 : Grenz\u00fcberschreitender Alltag - PAMINA Business Club\",\"isPartOf\":{\"@id\":\"https:\/\/www.pamina-business.com\/de\/#website\"},\"primaryImageOfPage\":{\"@id\":\"https:\/\/www.pamina-business.com\/de\/covid-19-grenzueberschreitender-alltag\/#primaryimage\"},\"image\":{\"@id\":\"https:\/\/www.pamina-business.com\/de\/covid-19-grenzueberschreitender-alltag\/#primaryimage\"},\"thumbnailUrl\":\"https:\/\/www.eurodistrict-pamina.eu\/globalflexit\/images\/img_base\/agendas\/835_556_1_16042020-b.jpg\",\"datePublished\":\"2020-05-15T07:47:00+00:00\",\"dateModified\":\"2020-05-15T07:47:00+00:00\",\"author\":{\"@id\":\"https:\/\/www.pamina-business.com\/de\/#\/schema\/person\/9ab02536dbdbc5e3ef40bbc3452c8c69\"},\"breadcrumb\":{\"@id\":\"https:\/\/www.pamina-business.com\/de\/covid-19-grenzueberschreitender-alltag\/#breadcrumb\"},\"inLanguage\":\"de\",\"potentialAction\":[{\"@type\":\"ReadAction\",\"target\":[\"https:\/\/www.pamina-business.com\/de\/covid-19-grenzueberschreitender-alltag\/\"]}]},{\"@type\":\"ImageObject\",\"inLanguage\":\"de\",\"@id\":\"https:\/\/www.pamina-business.com\/de\/covid-19-grenzueberschreitender-alltag\/#primaryimage\",\"url\":\"https:\/\/www.eurodistrict-pamina.eu\/globalflexit\/images\/img_base\/agendas\/835_556_1_16042020-b.jpg\",\"contentUrl\":\"https:\/\/www.eurodistrict-pamina.eu\/globalflexit\/images\/img_base\/agendas\/835_556_1_16042020-b.jpg\"},{\"@type\":\"BreadcrumbList\",\"@id\":\"https:\/\/www.pamina-business.com\/de\/covid-19-grenzueberschreitender-alltag\/#breadcrumb\",\"itemListElement\":[{\"@type\":\"ListItem\",\"position\":1,\"name\":\"Accueil\",\"item\":\"https:\/\/www.pamina-business.com\/de\/\"},{\"@type\":\"ListItem\",\"position\":2,\"name\":\"Covid-19 : Grenz\u00fcberschreitender Alltag\"}]},{\"@type\":\"WebSite\",\"@id\":\"https:\/\/www.pamina-business.com\/de\/#website\",\"url\":\"https:\/\/www.pamina-business.com\/de\/\",\"name\":\"PAMINA Business Club\",\"description\":\"Un site utilisant WordPress\",\"potentialAction\":[{\"@type\":\"SearchAction\",\"target\":{\"@type\":\"EntryPoint\",\"urlTemplate\":\"https:\/\/www.pamina-business.com\/de\/?s={search_term_string}\"},\"query-input\":{\"@type\":\"PropertyValueSpecification\",\"valueRequired\":true,\"valueName\":\"search_term_string\"}}],\"inLanguage\":\"de\"},{\"@type\":\"Person\",\"@id\":\"https:\/\/www.pamina-business.com\/de\/#\/schema\/person\/9ab02536dbdbc5e3ef40bbc3452c8c69\",\"name\":\"Monique STUTZMANN\",\"image\":{\"@type\":\"ImageObject\",\"inLanguage\":\"de\",\"@id\":\"https:\/\/www.pamina-business.com\/de\/#\/schema\/person\/image\/\",\"url\":\"https:\/\/secure.gravatar.com\/avatar\/cc1c3adf9a9f6e969d3da7b6b34ec66f5f4a6844dfc9145380a75e42cd91882e?s=96&d=mm&r=g\",\"contentUrl\":\"https:\/\/secure.gravatar.com\/avatar\/cc1c3adf9a9f6e969d3da7b6b34ec66f5f4a6844dfc9145380a75e42cd91882e?s=96&d=mm&r=g\",\"caption\":\"Monique STUTZMANN\"},\"url\":\"https:\/\/www.pamina-business.com\/de\/author\/monique\/\"}]}<\/script>\n<!-- \/ Yoast SEO plugin. -->","yoast_head_json":{"title":"Covid-19 : Grenz\u00fcberschreitender Alltag - PAMINA Business Club","robots":{"index":"index","follow":"follow","max-snippet":"max-snippet:-1","max-image-preview":"max-image-preview:large","max-video-preview":"max-video-preview:-1"},"canonical":"https:\/\/www.pamina-business.com\/de\/covid-19-grenzueberschreitender-alltag\/","og_locale":"de_DE","og_type":"article","og_title":"Covid-19 : Grenz\u00fcberschreitender Alltag - PAMINA Business Club","og_description":"up PAMINA vhs: Zeitzeugen gesucht &#8211; Grenzschlie\u00dfungen 31 Mai 2020 Die up PAMINA vhs sucht zusammen dem Stadtarchiv von Wissembourg Berichte von Menschen, die durch die aktuellen Grenzschlie\u00dfungen betroffen sind: Die COVID-19-Pandemie hat zu tiefgreifenden \u00c4nderungen in unserem Leben gef\u00fchrt, nicht nur, was den Gesundheitsschutz betrifft. Auch das gewohnte Miteinander in unseren Grenzregionen wurde auf [&hellip;]","og_url":"https:\/\/www.pamina-business.com\/de\/covid-19-grenzueberschreitender-alltag\/","og_site_name":"PAMINA Business Club","article_published_time":"2020-05-15T07:47:00+00:00","og_image":[{"url":"https:\/\/www.eurodistrict-pamina.eu\/globalflexit\/images\/img_base\/agendas\/835_556_1_16042020-b.jpg"}],"author":"Monique STUTZMANN","twitter_card":"summary_large_image","twitter_misc":{"Verfasst von":"Monique STUTZMANN","Gesch\u00e4tzte Lesezeit":"1\u00a0Minute"},"schema":{"@context":"https:\/\/schema.org","@graph":[{"@type":"WebPage","@id":"https:\/\/www.pamina-business.com\/de\/covid-19-grenzueberschreitender-alltag\/","url":"https:\/\/www.pamina-business.com\/de\/covid-19-grenzueberschreitender-alltag\/","name":"Covid-19 : Grenz\u00fcberschreitender Alltag - PAMINA Business Club","isPartOf":{"@id":"https:\/\/www.pamina-business.com\/de\/#website"},"primaryImageOfPage":{"@id":"https:\/\/www.pamina-business.com\/de\/covid-19-grenzueberschreitender-alltag\/#primaryimage"},"image":{"@id":"https:\/\/www.pamina-business.com\/de\/covid-19-grenzueberschreitender-alltag\/#primaryimage"},"thumbnailUrl":"https:\/\/www.eurodistrict-pamina.eu\/globalflexit\/images\/img_base\/agendas\/835_556_1_16042020-b.jpg","datePublished":"2020-05-15T07:47:00+00:00","dateModified":"2020-05-15T07:47:00+00:00","author":{"@id":"https:\/\/www.pamina-business.com\/de\/#\/schema\/person\/9ab02536dbdbc5e3ef40bbc3452c8c69"},"breadcrumb":{"@id":"https:\/\/www.pamina-business.com\/de\/covid-19-grenzueberschreitender-alltag\/#breadcrumb"},"inLanguage":"de","potentialAction":[{"@type":"ReadAction","target":["https:\/\/www.pamina-business.com\/de\/covid-19-grenzueberschreitender-alltag\/"]}]},{"@type":"ImageObject","inLanguage":"de","@id":"https:\/\/www.pamina-business.com\/de\/covid-19-grenzueberschreitender-alltag\/#primaryimage","url":"https:\/\/www.eurodistrict-pamina.eu\/globalflexit\/images\/img_base\/agendas\/835_556_1_16042020-b.jpg","contentUrl":"https:\/\/www.eurodistrict-pamina.eu\/globalflexit\/images\/img_base\/agendas\/835_556_1_16042020-b.jpg"},{"@type":"BreadcrumbList","@id":"https:\/\/www.pamina-business.com\/de\/covid-19-grenzueberschreitender-alltag\/#breadcrumb","itemListElement":[{"@type":"ListItem","position":1,"name":"Accueil","item":"https:\/\/www.pamina-business.com\/de\/"},{"@type":"ListItem","position":2,"name":"Covid-19 : Grenz\u00fcberschreitender Alltag"}]},{"@type":"WebSite","@id":"https:\/\/www.pamina-business.com\/de\/#website","url":"https:\/\/www.pamina-business.com\/de\/","name":"PAMINA Business Club","description":"Un site utilisant WordPress","potentialAction":[{"@type":"SearchAction","target":{"@type":"EntryPoint","urlTemplate":"https:\/\/www.pamina-business.com\/de\/?s={search_term_string}"},"query-input":{"@type":"PropertyValueSpecification","valueRequired":true,"valueName":"search_term_string"}}],"inLanguage":"de"},{"@type":"Person","@id":"https:\/\/www.pamina-business.com\/de\/#\/schema\/person\/9ab02536dbdbc5e3ef40bbc3452c8c69","name":"Monique STUTZMANN","image":{"@type":"ImageObject","inLanguage":"de","@id":"https:\/\/www.pamina-business.com\/de\/#\/schema\/person\/image\/","url":"https:\/\/secure.gravatar.com\/avatar\/cc1c3adf9a9f6e969d3da7b6b34ec66f5f4a6844dfc9145380a75e42cd91882e?s=96&d=mm&r=g","contentUrl":"https:\/\/secure.gravatar.com\/avatar\/cc1c3adf9a9f6e969d3da7b6b34ec66f5f4a6844dfc9145380a75e42cd91882e?s=96&d=mm&r=g","caption":"Monique STUTZMANN"},"url":"https:\/\/www.pamina-business.com\/de\/author\/monique\/"}]}},"_links":{"self":[{"href":"https:\/\/www.pamina-business.com\/de\/wp-json\/wp\/v2\/posts\/4574","targetHints":{"allow":["GET"]}}],"collection":[{"href":"https:\/\/www.pamina-business.com\/de\/wp-json\/wp\/v2\/posts"}],"about":[{"href":"https:\/\/www.pamina-business.com\/de\/wp-json\/wp\/v2\/types\/post"}],"author":[{"embeddable":true,"href":"https:\/\/www.pamina-business.com\/de\/wp-json\/wp\/v2\/users\/3"}],"replies":[{"embeddable":true,"href":"https:\/\/www.pamina-business.com\/de\/wp-json\/wp\/v2\/comments?post=4574"}],"version-history":[{"count":1,"href":"https:\/\/www.pamina-business.com\/de\/wp-json\/wp\/v2\/posts\/4574\/revisions"}],"predecessor-version":[{"id":4575,"href":"https:\/\/www.pamina-business.com\/de\/wp-json\/wp\/v2\/posts\/4574\/revisions\/4575"}],"wp:attachment":[{"href":"https:\/\/www.pamina-business.com\/de\/wp-json\/wp\/v2\/media?parent=4574"}],"wp:term":[{"taxonomy":"category","embeddable":true,"href":"https:\/\/www.pamina-business.com\/de\/wp-json\/wp\/v2\/categories?post=4574"},{"taxonomy":"post_tag","embeddable":true,"href":"https:\/\/www.pamina-business.com\/de\/wp-json\/wp\/v2\/tags?post=4574"}],"curies":[{"name":"wp","href":"https:\/\/api.w.org\/{rel}","templated":true}]}}