{"id":4431,"date":"2020-01-17T11:05:00","date_gmt":"2020-01-17T11:05:00","guid":{"rendered":"http:\/\/www.pamina-business.com\/?p=4431"},"modified":"2020-01-13T11:06:42","modified_gmt":"2020-01-13T11:06:42","slug":"education-bilinguisme-le-6-fevier-2020-a-karlsruhe","status":"publish","type":"post","link":"https:\/\/www.pamina-business.com\/de\/education-bilinguisme-le-6-fevier-2020-a-karlsruhe\/","title":{"rendered":"\u00c9ducation &#038; Bilinguisme le 6 f\u00e9vier 2020 \u00e0 Karlsruhe"},"content":{"rendered":"<nav id=\"breadcrumb\" class=\"detail\">\n<div class=\"row\">\n<div class=\"col-xs-12 col-lg-6 col-lg-pull-6\">\n<h2 class=\"nomPage\"><\/h2>\n<\/div>\n<\/div>\n<\/nav>\n<section id=\"mainSection\">\n<div class=\"fmodele fmodeleScroll tpl_fiche\">\n<div class=\"agendas-fiche\">\n<article class=\"media\">\n<div class=\"media-object\"><img decoding=\"async\" src=\"https:\/\/www.eurodistrict-pamina.eu\/globalflexit\/images\/img_base\/agendas\/835_556_1_kopie-von-logo-jumelles-gd2-1024x768.jpg\" alt=\"Journ\u00e9e franco-allemande au CCFA\" \/><\/div>\n<div class=\"media-body\">\n<h1 class=\"media-heading\">Journ\u00e9e franco-allemande au CCFA<\/h1>\n<div class=\"date\">06 F\u00e9vrier 2020<\/div>\n<div class=\"contenu\">Le 6 f\u00e9vrier 2020, le GECT Eurodistrict PAMINA participe \u00e0 la Journ\u00e9e franco-allemande de la fondation Centre Culturel Franco-Allemand (CCFA) \u00e0 Karlsruhe. Le programme propos\u00e9 s&#8217;adresse aux \u00e9l\u00e8ves, \u00e9tudiants, enseignants, parents et toute personne int\u00e9ress\u00e9e par la France.<\/p>\n<p>En plus des stands d&#8217;informations et de pr\u00e9sentations autour des sujets comme les \u00e9changes, les cursus d&#8217;\u00e9tudes franco-allemands, les stages, les diff\u00e9rences culturelles entre les deux pays voisins et les offres propos\u00e9es par le r\u00e9seau du CCFA, des ateliers et activit\u00e9s ludiques seront \u00e9galement propos\u00e9s.<\/p>\n<p>Le GECT Eurodistrict PAMINA proposera un stand et une animation autour de son projet du jeu \u00e9ducatif en ligne \u00ab\u00a0<a class=\"fDefault\" href=\"https:\/\/www.eurodistrict-pamina.eu\/fr\/education-bilinguisme\/jeu-numerique-le-passe-partout_-d.html#.WmYPIrzibcs\">Passe-Partout \u2013 Weltenbummler<\/a> \u00bb.<\/p>\n<p>Regierungspr\u00e4sidium Karlsruhe am Rondellplatz, Karl-Friedrich-Stra\u00dfe 17, 76133 Karlsruhe.<\/p>\n<p><strong>D\u00e9but : le 6 f\u00e9vrier 2020 8h. Entr\u00e9e libre<\/strong><\/p>\n<p><a class=\"flexit_ico_file\" href=\"https:\/\/www.eurodistrict-pamina.eu\/UserFiles\/File\/aktivitaten\/2019-11-20-dft-programm-rz-bogen-003.pdf\" target=\"_blank\" rel=\"noopener noreferrer\">Programme<\/a>\u00a0(en allemand)<br \/>\n<span class=\"legende\">photo :\u00a0\u00a9 Tomi Ungerer<\/span><\/div>\n<\/div>\n<\/article>\n<\/div>\n<\/div>\n<\/section>\n<div id=\"innerType\">\n<div class=\"container\">\n<div class=\"row\">\n<div class=\"col-xs-12 col-sm-9\">\n<div class=\"col-right\">\n<section id=\"mainSection\">\n<div class=\"btn-ico-wrapper\"><a class=\"btn-ico btn-ico-downloadpdf\" title=\"T\u00e9l\u00e9charger la page au format PDF\" href=\"https:\/\/www.eurodistrict-pamina.eu\/fr\/education-bilinguisme\/journee-franco-allemande-au-ccfa_-d.html?downloadpdf=1\" target=\"_blank\" rel=\"nofollow noopener noreferrer\">PDF<\/a> <a class=\"btn-ico btn-ico-print\" title=\"Imprimer la page\">Print<\/a><\/div>\n<\/section>\n<\/div>\n<\/div>\n<\/div>\n<\/div>\n<\/div>\n<footer id=\"mainFooter\">\n<div class=\"container\">\n<div class=\"row\">\n<div class=\"col-xs-12 col-sm-8\"><a class=\"contacts \" title=\"Contact\" href=\"https:\/\/www.eurodistrict-pamina.eu\/fr\/contact.html\" data-equalize=\"col-footer\"><span class=\"line-1\">Vous souhaitez nous<\/span><span class=\"line-2\">contacter<\/span><span class=\"line-3\">Cliquez ici<\/span><\/a><\/div>\n<div class=\"col-xs-12 col-sm-4\"><em>Source<\/em> : <a href=\"http:\/\/www.eurodistrict-pamina.eu\">www.eurodistrict-pamina.eu<\/a><\/div>\n<\/div>\n<\/div>\n<\/footer>\n","protected":false},"excerpt":{"rendered":"<p>Journ\u00e9e franco-allemande au CCFA 06 F\u00e9vrier 2020 Le 6 f\u00e9vrier 2020, le GECT Eurodistrict PAMINA participe \u00e0 la Journ\u00e9e franco-allemande de la fondation Centre Culturel Franco-Allemand (CCFA) \u00e0 Karlsruhe. Le programme propos\u00e9 s&#8217;adresse aux \u00e9l\u00e8ves, \u00e9tudiants, enseignants, parents et toute personne int\u00e9ress\u00e9e par la France. En plus des stands d&#8217;informations et de pr\u00e9sentations autour des [&hellip;]<\/p>\n","protected":false},"author":3,"featured_media":0,"comment_status":"open","ping_status":"open","sticky":false,"template":"","format":"standard","meta":{"_exactmetrics_skip_tracking":false,"_exactmetrics_sitenote_active":false,"_exactmetrics_sitenote_note":"","_exactmetrics_sitenote_category":0,"footnotes":""},"categories":[4,7],"tags":[],"class_list":["post-4431","post","type-post","status-publish","format-standard","hentry","category-education-fr","category-evenements-fr"],"yoast_head":"<!-- This site is optimized with the Yoast SEO plugin v23.5 - https:\/\/yoast.com\/wordpress\/plugins\/seo\/ -->\n<title>\u00c9ducation &amp; Bilinguisme le 6 f\u00e9vier 2020 \u00e0 Karlsruhe - PAMINA Business Club<\/title>\n<meta name=\"robots\" content=\"index, follow, max-snippet:-1, max-image-preview:large, max-video-preview:-1\" \/>\n<link rel=\"canonical\" href=\"http:\/\/www.pamina-business.com\/education-bilinguisme-le-6-fevier-2020-a-karlsruhe\/\" \/>\n<meta property=\"og:locale\" content=\"de_DE\" \/>\n<meta property=\"og:type\" content=\"article\" \/>\n<meta property=\"og:title\" content=\"\u00c9ducation &amp; Bilinguisme le 6 f\u00e9vier 2020 \u00e0 Karlsruhe - PAMINA Business Club\" \/>\n<meta property=\"og:description\" content=\"Journ\u00e9e franco-allemande au CCFA 06 F\u00e9vrier 2020 Le 6 f\u00e9vrier 2020, le GECT Eurodistrict PAMINA participe \u00e0 la Journ\u00e9e franco-allemande de la fondation Centre Culturel Franco-Allemand (CCFA) \u00e0 Karlsruhe. Le programme propos\u00e9 s&#8217;adresse aux \u00e9l\u00e8ves, \u00e9tudiants, enseignants, parents et toute personne int\u00e9ress\u00e9e par la France. En plus des stands d&#8217;informations et de pr\u00e9sentations autour des [&hellip;]\" \/>\n<meta property=\"og:url\" content=\"http:\/\/www.pamina-business.com\/education-bilinguisme-le-6-fevier-2020-a-karlsruhe\/\" \/>\n<meta property=\"og:site_name\" content=\"PAMINA Business Club\" \/>\n<meta property=\"article:published_time\" content=\"2020-01-17T11:05:00+00:00\" \/>\n<meta property=\"article:modified_time\" content=\"2020-01-13T11:06:42+00:00\" \/>\n<meta property=\"og:image\" content=\"https:\/\/www.eurodistrict-pamina.eu\/globalflexit\/images\/img_base\/agendas\/835_556_1_kopie-von-logo-jumelles-gd2-1024x768.jpg\" \/>\n<meta name=\"author\" content=\"Monique STUTZMANN\" \/>\n<meta name=\"twitter:card\" content=\"summary_large_image\" \/>\n<meta name=\"twitter:label1\" content=\"Verfasst von\" \/>\n\t<meta name=\"twitter:data1\" content=\"Monique STUTZMANN\" \/>\n\t<meta name=\"twitter:label2\" content=\"Gesch\u00e4tzte Lesezeit\" \/>\n\t<meta name=\"twitter:data2\" content=\"1\u00a0Minute\" \/>\n<script type=\"application\/ld+json\" class=\"yoast-schema-graph\">{\"@context\":\"https:\/\/schema.org\",\"@graph\":[{\"@type\":\"WebPage\",\"@id\":\"http:\/\/www.pamina-business.com\/education-bilinguisme-le-6-fevier-2020-a-karlsruhe\/\",\"url\":\"http:\/\/www.pamina-business.com\/education-bilinguisme-le-6-fevier-2020-a-karlsruhe\/\",\"name\":\"\u00c9ducation & Bilinguisme le 6 f\u00e9vier 2020 \u00e0 Karlsruhe - PAMINA Business Club\",\"isPartOf\":{\"@id\":\"https:\/\/www.pamina-business.com\/de\/#website\"},\"primaryImageOfPage\":{\"@id\":\"http:\/\/www.pamina-business.com\/education-bilinguisme-le-6-fevier-2020-a-karlsruhe\/#primaryimage\"},\"image\":{\"@id\":\"http:\/\/www.pamina-business.com\/education-bilinguisme-le-6-fevier-2020-a-karlsruhe\/#primaryimage\"},\"thumbnailUrl\":\"https:\/\/www.eurodistrict-pamina.eu\/globalflexit\/images\/img_base\/agendas\/835_556_1_kopie-von-logo-jumelles-gd2-1024x768.jpg\",\"datePublished\":\"2020-01-17T11:05:00+00:00\",\"dateModified\":\"2020-01-13T11:06:42+00:00\",\"author\":{\"@id\":\"https:\/\/www.pamina-business.com\/de\/#\/schema\/person\/9ab02536dbdbc5e3ef40bbc3452c8c69\"},\"breadcrumb\":{\"@id\":\"http:\/\/www.pamina-business.com\/education-bilinguisme-le-6-fevier-2020-a-karlsruhe\/#breadcrumb\"},\"inLanguage\":\"de\",\"potentialAction\":[{\"@type\":\"ReadAction\",\"target\":[\"http:\/\/www.pamina-business.com\/education-bilinguisme-le-6-fevier-2020-a-karlsruhe\/\"]}]},{\"@type\":\"ImageObject\",\"inLanguage\":\"de\",\"@id\":\"http:\/\/www.pamina-business.com\/education-bilinguisme-le-6-fevier-2020-a-karlsruhe\/#primaryimage\",\"url\":\"https:\/\/www.eurodistrict-pamina.eu\/globalflexit\/images\/img_base\/agendas\/835_556_1_kopie-von-logo-jumelles-gd2-1024x768.jpg\",\"contentUrl\":\"https:\/\/www.eurodistrict-pamina.eu\/globalflexit\/images\/img_base\/agendas\/835_556_1_kopie-von-logo-jumelles-gd2-1024x768.jpg\"},{\"@type\":\"BreadcrumbList\",\"@id\":\"http:\/\/www.pamina-business.com\/education-bilinguisme-le-6-fevier-2020-a-karlsruhe\/#breadcrumb\",\"itemListElement\":[{\"@type\":\"ListItem\",\"position\":1,\"name\":\"Accueil\",\"item\":\"https:\/\/www.pamina-business.com\/de\/\"},{\"@type\":\"ListItem\",\"position\":2,\"name\":\"\u00c9ducation &#038; Bilinguisme le 6 f\u00e9vier 2020 \u00e0 Karlsruhe\"}]},{\"@type\":\"WebSite\",\"@id\":\"https:\/\/www.pamina-business.com\/de\/#website\",\"url\":\"https:\/\/www.pamina-business.com\/de\/\",\"name\":\"PAMINA Business Club\",\"description\":\"Un site utilisant WordPress\",\"potentialAction\":[{\"@type\":\"SearchAction\",\"target\":{\"@type\":\"EntryPoint\",\"urlTemplate\":\"https:\/\/www.pamina-business.com\/de\/?s={search_term_string}\"},\"query-input\":{\"@type\":\"PropertyValueSpecification\",\"valueRequired\":true,\"valueName\":\"search_term_string\"}}],\"inLanguage\":\"de\"},{\"@type\":\"Person\",\"@id\":\"https:\/\/www.pamina-business.com\/de\/#\/schema\/person\/9ab02536dbdbc5e3ef40bbc3452c8c69\",\"name\":\"Monique STUTZMANN\",\"image\":{\"@type\":\"ImageObject\",\"inLanguage\":\"de\",\"@id\":\"https:\/\/www.pamina-business.com\/de\/#\/schema\/person\/image\/\",\"url\":\"https:\/\/secure.gravatar.com\/avatar\/cc1c3adf9a9f6e969d3da7b6b34ec66f5f4a6844dfc9145380a75e42cd91882e?s=96&d=mm&r=g\",\"contentUrl\":\"https:\/\/secure.gravatar.com\/avatar\/cc1c3adf9a9f6e969d3da7b6b34ec66f5f4a6844dfc9145380a75e42cd91882e?s=96&d=mm&r=g\",\"caption\":\"Monique STUTZMANN\"},\"url\":\"https:\/\/www.pamina-business.com\/de\/author\/monique\/\"}]}<\/script>\n<!-- \/ Yoast SEO plugin. -->","yoast_head_json":{"title":"\u00c9ducation & Bilinguisme le 6 f\u00e9vier 2020 \u00e0 Karlsruhe - PAMINA Business Club","robots":{"index":"index","follow":"follow","max-snippet":"max-snippet:-1","max-image-preview":"max-image-preview:large","max-video-preview":"max-video-preview:-1"},"canonical":"http:\/\/www.pamina-business.com\/education-bilinguisme-le-6-fevier-2020-a-karlsruhe\/","og_locale":"de_DE","og_type":"article","og_title":"\u00c9ducation & Bilinguisme le 6 f\u00e9vier 2020 \u00e0 Karlsruhe - PAMINA Business Club","og_description":"Journ\u00e9e franco-allemande au CCFA 06 F\u00e9vrier 2020 Le 6 f\u00e9vrier 2020, le GECT Eurodistrict PAMINA participe \u00e0 la Journ\u00e9e franco-allemande de la fondation Centre Culturel Franco-Allemand (CCFA) \u00e0 Karlsruhe. Le programme propos\u00e9 s&#8217;adresse aux \u00e9l\u00e8ves, \u00e9tudiants, enseignants, parents et toute personne int\u00e9ress\u00e9e par la France. En plus des stands d&#8217;informations et de pr\u00e9sentations autour des [&hellip;]","og_url":"http:\/\/www.pamina-business.com\/education-bilinguisme-le-6-fevier-2020-a-karlsruhe\/","og_site_name":"PAMINA Business Club","article_published_time":"2020-01-17T11:05:00+00:00","article_modified_time":"2020-01-13T11:06:42+00:00","og_image":[{"url":"https:\/\/www.eurodistrict-pamina.eu\/globalflexit\/images\/img_base\/agendas\/835_556_1_kopie-von-logo-jumelles-gd2-1024x768.jpg"}],"author":"Monique STUTZMANN","twitter_card":"summary_large_image","twitter_misc":{"Verfasst von":"Monique STUTZMANN","Gesch\u00e4tzte Lesezeit":"1\u00a0Minute"},"schema":{"@context":"https:\/\/schema.org","@graph":[{"@type":"WebPage","@id":"http:\/\/www.pamina-business.com\/education-bilinguisme-le-6-fevier-2020-a-karlsruhe\/","url":"http:\/\/www.pamina-business.com\/education-bilinguisme-le-6-fevier-2020-a-karlsruhe\/","name":"\u00c9ducation & Bilinguisme le 6 f\u00e9vier 2020 \u00e0 Karlsruhe - PAMINA Business Club","isPartOf":{"@id":"https:\/\/www.pamina-business.com\/de\/#website"},"primaryImageOfPage":{"@id":"http:\/\/www.pamina-business.com\/education-bilinguisme-le-6-fevier-2020-a-karlsruhe\/#primaryimage"},"image":{"@id":"http:\/\/www.pamina-business.com\/education-bilinguisme-le-6-fevier-2020-a-karlsruhe\/#primaryimage"},"thumbnailUrl":"https:\/\/www.eurodistrict-pamina.eu\/globalflexit\/images\/img_base\/agendas\/835_556_1_kopie-von-logo-jumelles-gd2-1024x768.jpg","datePublished":"2020-01-17T11:05:00+00:00","dateModified":"2020-01-13T11:06:42+00:00","author":{"@id":"https:\/\/www.pamina-business.com\/de\/#\/schema\/person\/9ab02536dbdbc5e3ef40bbc3452c8c69"},"breadcrumb":{"@id":"http:\/\/www.pamina-business.com\/education-bilinguisme-le-6-fevier-2020-a-karlsruhe\/#breadcrumb"},"inLanguage":"de","potentialAction":[{"@type":"ReadAction","target":["http:\/\/www.pamina-business.com\/education-bilinguisme-le-6-fevier-2020-a-karlsruhe\/"]}]},{"@type":"ImageObject","inLanguage":"de","@id":"http:\/\/www.pamina-business.com\/education-bilinguisme-le-6-fevier-2020-a-karlsruhe\/#primaryimage","url":"https:\/\/www.eurodistrict-pamina.eu\/globalflexit\/images\/img_base\/agendas\/835_556_1_kopie-von-logo-jumelles-gd2-1024x768.jpg","contentUrl":"https:\/\/www.eurodistrict-pamina.eu\/globalflexit\/images\/img_base\/agendas\/835_556_1_kopie-von-logo-jumelles-gd2-1024x768.jpg"},{"@type":"BreadcrumbList","@id":"http:\/\/www.pamina-business.com\/education-bilinguisme-le-6-fevier-2020-a-karlsruhe\/#breadcrumb","itemListElement":[{"@type":"ListItem","position":1,"name":"Accueil","item":"https:\/\/www.pamina-business.com\/de\/"},{"@type":"ListItem","position":2,"name":"\u00c9ducation &#038; Bilinguisme le 6 f\u00e9vier 2020 \u00e0 Karlsruhe"}]},{"@type":"WebSite","@id":"https:\/\/www.pamina-business.com\/de\/#website","url":"https:\/\/www.pamina-business.com\/de\/","name":"PAMINA Business Club","description":"Un site utilisant WordPress","potentialAction":[{"@type":"SearchAction","target":{"@type":"EntryPoint","urlTemplate":"https:\/\/www.pamina-business.com\/de\/?s={search_term_string}"},"query-input":{"@type":"PropertyValueSpecification","valueRequired":true,"valueName":"search_term_string"}}],"inLanguage":"de"},{"@type":"Person","@id":"https:\/\/www.pamina-business.com\/de\/#\/schema\/person\/9ab02536dbdbc5e3ef40bbc3452c8c69","name":"Monique STUTZMANN","image":{"@type":"ImageObject","inLanguage":"de","@id":"https:\/\/www.pamina-business.com\/de\/#\/schema\/person\/image\/","url":"https:\/\/secure.gravatar.com\/avatar\/cc1c3adf9a9f6e969d3da7b6b34ec66f5f4a6844dfc9145380a75e42cd91882e?s=96&d=mm&r=g","contentUrl":"https:\/\/secure.gravatar.com\/avatar\/cc1c3adf9a9f6e969d3da7b6b34ec66f5f4a6844dfc9145380a75e42cd91882e?s=96&d=mm&r=g","caption":"Monique STUTZMANN"},"url":"https:\/\/www.pamina-business.com\/de\/author\/monique\/"}]}},"_links":{"self":[{"href":"https:\/\/www.pamina-business.com\/de\/wp-json\/wp\/v2\/posts\/4431","targetHints":{"allow":["GET"]}}],"collection":[{"href":"https:\/\/www.pamina-business.com\/de\/wp-json\/wp\/v2\/posts"}],"about":[{"href":"https:\/\/www.pamina-business.com\/de\/wp-json\/wp\/v2\/types\/post"}],"author":[{"embeddable":true,"href":"https:\/\/www.pamina-business.com\/de\/wp-json\/wp\/v2\/users\/3"}],"replies":[{"embeddable":true,"href":"https:\/\/www.pamina-business.com\/de\/wp-json\/wp\/v2\/comments?post=4431"}],"version-history":[{"count":1,"href":"https:\/\/www.pamina-business.com\/de\/wp-json\/wp\/v2\/posts\/4431\/revisions"}],"predecessor-version":[{"id":4432,"href":"https:\/\/www.pamina-business.com\/de\/wp-json\/wp\/v2\/posts\/4431\/revisions\/4432"}],"wp:attachment":[{"href":"https:\/\/www.pamina-business.com\/de\/wp-json\/wp\/v2\/media?parent=4431"}],"wp:term":[{"taxonomy":"category","embeddable":true,"href":"https:\/\/www.pamina-business.com\/de\/wp-json\/wp\/v2\/categories?post=4431"},{"taxonomy":"post_tag","embeddable":true,"href":"https:\/\/www.pamina-business.com\/de\/wp-json\/wp\/v2\/tags?post=4431"}],"curies":[{"name":"wp","href":"https:\/\/api.w.org\/{rel}","templated":true}]}}