{"id":429,"date":"2015-03-27T14:07:34","date_gmt":"2015-03-27T14:07:34","guid":{"rendered":"http:\/\/www.pamina-business.com\/?p=429"},"modified":"2015-03-23T14:10:42","modified_gmt":"2015-03-23T14:10:42","slug":"kandidaten-fur-european-dialogue-silver-award-gesucht-bewerbungsfrist-endet-am-31-mai-2015","status":"publish","type":"post","link":"https:\/\/www.pamina-business.com\/de\/kandidaten-fur-european-dialogue-silver-award-gesucht-bewerbungsfrist-endet-am-31-mai-2015\/","title":{"rendered":"Kandidaten f\u00fcr European Dialogue Silver Award gesucht : Bewerbungsfrist endet am 31.Mai 2015"},"content":{"rendered":"<div id=\"content\">\n<div id=\"contentMiddle\">\n<div id=\"contentMain\">\n<div id=\"c3672\" class=\"csc-default\">\n<div class=\"csc-textpic csc-textpic-center csc-textpic-above\">\n<div class=\"csc-textpic-imagewrap csc-textpic-single-image\"><img loading=\"lazy\" decoding=\"async\" src=\"http:\/\/www.technologieregion-karlsruhe.de\/uploads\/pics\/EDSA_Logo_001.jpg\" alt=\"\" width=\"283\" height=\"155\" \/><\/div>\n<div class=\"csc-textpic-text\">\n<p class=\"bodytext\">Wer in der F\u00e4cherstadt lebt, arbeitet und jemanden kennt, der Karlsruhe in und \u00fcber die Region hinaus bekannt macht und\/oder Menschen aus dem Ausland f\u00fcr einen nachhaltigen Kontakt f\u00fcr unsere Stadt gewinnt, der hat noch bis 31. Mai Gelegenheit, eine Person oder eine Gruppe f\u00fcr den &#8222;Silver Award&#8220; vorzuschlagen.<\/p>\n<p class=\"bodytext\">&#8222;Mit Blick auf das enorme internationale Potenzial Karlsruhes entscheidet die ausgew\u00e4hlte Jury 2015 wieder \u00fcber die Vergabe des Preises an eine Gruppe, eine Institution, eine Vereinigung, an eine Firma oder an eine Person, die auf besondere Art und Weise den Dialog zwischen der lokalen und der internationalen F\u00e4cherstadt gef\u00f6rdert und unterst\u00fctzt hat&#8220;, beschreibt Award-Jurypr\u00e4sident Finbarr Hurley, der stellvertretende Direktor f\u00fcr Kindergarten und Grundschule an der Europ\u00e4ischen Schule Karlsruhe (ESK), die Idee f\u00fcr den &#8222;European Dialogue Silver Award&#8220;. Mit ausschlaggebend bei der Bewertung der Jury seien die Nachhaltigkeit der Aktivit\u00e4t bzw. des Projektes, die Bereicherung f\u00fcr die Region und die F\u00f6rderung des Dialogs zwischen Karlsruhe Lokal und International. Die Jurymitglieder um Jury-Pr\u00e4sident Finbarr Hurley sind: Daniel Caspary, Mitglied Europ\u00e4isches Parlaments; Jochen Ehlg\u00f6tz, Gesch\u00e4ftsf\u00fchrer TechnologieRegion Karlsruhe GbR; Prof. Dr. Thomas Fangh\u00e4nel, Principal Advisor to the Director General European Commission Joint Research Centre-JRC, Br\u00fcssel; Heinz Fenrich, Ehrenb\u00fcrger der Stadt Karlsruhe und Oberb\u00fcrgermeister a. D; Prof. Dr. Nicholas S. Foulkes, Universit\u00e4t Heidelberg und Institut f\u00fcr Toxikologie und Genetik, KIT Karlsruhe; Kirsten G\u00f6tze, Richterin; Hanns Heidberg, HCG HEIDBERG CONSULTING GMBH; Prof. Dr. Liesel Hermes, Rektorin der p\u00e4dagogischen Hochschule Karlsruhe a. D.; Johannes Jung, Leiter der Vertretung des Landes Baden-W\u00fcrttemberg bei der EU; G\u00fcnther Kopp, Redaktion Karlsruhe-Stadt, Badische Neueste Nachrichten; Dr. Roland Schenkel, Generaldirektor der Gemeinsamen Forschungsstelle der EU a. D.; Prof. Dr. Hermann J. Schnorbach, Praxis Dr. Schnorbach und Kollegen Zahn\u00e4rzte\/Karlsruhe; Dr. med. Luiz-Carlos Stephan, Facharzt f\u00fcr Allgemeinmedizin, Naturheilverfahren und Palliativmedizin.<\/p>\n<p class=\"bodytext\"><em>Quelle<\/em> : Newsletter der TechnologieRegion Karlsruhe \/ Ausgabe Nr. 2 \/ M\u00e4rz 2015<\/p>\n<p class=\"bodytext\"><em>Weitere Informationen unter<\/em>: <a class=\"external-link-new-window\" href=\"http:\/\/edsa2.tacoffice.web-republic.de\/de\/content\/der-european-dialogue-silver-award\" target=\"_blank\">www.edsaward.de<\/a><\/p>\n<\/div>\n<\/div>\n<\/div>\n<\/div>\n<div class=\"border-flow-bottom\"><\/div>\n<\/div>\n<div id=\"contentRight\">\n<div id=\"c3671\" class=\"csc-default\">\n<div id=\"c605\" class=\"csc-default\">\n<div id=\"c3662\" class=\"csc-default\">\n<div class=\"bildundlink\"><a href=\"http:\/\/welcome.technologieregion-karlsruhe.de\/de\" target=\"_blank\"> <img decoding=\"async\" src=\"http:\/\/www.technologieregion-karlsruhe.de\/uploads\/tx_templavoila\/DE_150x152px_Webbanner_TRK_a.png\" alt=\"\" \/><\/a><span class=\"internal-link\">WILLKOMMENSPORTAL der TechnologieRegion Karlsruhe<\/span><\/p>\n<\/div>\n<\/div>\n<div id=\"c83\" class=\"csc-default\">\n<h3>Die TRK stellt vor:<\/h3>\n<\/div>\n<div id=\"c3534\" class=\"csc-default\">\n<div class=\"bildundlink\"><a href=\"http:\/\/standortstaging.alta4cloud.com\/\" target=\"_blank\"> <img decoding=\"async\" src=\"http:\/\/www.technologieregion-karlsruhe.de\/uploads\/tx_templavoila\/Standortfinder_5_01.jpg\" alt=\"\" \/><\/a><span class=\"internal-link\">Standortfinder &#8211; Gewerbe- und Immobilienportal<\/span><\/p>\n<\/div>\n<\/div>\n<div id=\"c2338\" class=\"csc-default\">\n<div class=\"bildundlink\"><a href=\"http:\/\/energieregion-karlsruhe.com\/\" target=\"_parent\"> <img decoding=\"async\" src=\"http:\/\/www.technologieregion-karlsruhe.de\/uploads\/tx_templavoila\/ER_Button_150x200px_web_01.jpg\" alt=\"\" \/><\/a><span class=\"internal-link\">Das neue Informationsportal ist online!<\/span><\/p>\n<\/div>\n<\/div>\n<div id=\"c2149\" class=\"csc-default\">\n<div class=\"bildundlink\"><a href=\"http:\/\/www.technologieregion-karlsruhe.de\/wirtschaft\/fachkraefteallianz.html\" target=\"_parent\"> <img decoding=\"async\" src=\"http:\/\/www.technologieregion-karlsruhe.de\/uploads\/tx_templavoila\/Fachkraefteallianz-Button_150x200pix.jpg\" alt=\"\" \/><\/a><span class=\"internal-link\">Mehr Informationen zur Fachkr\u00e4fteallianz<\/span><\/p>\n<\/div>\n<\/div>\n<div id=\"c2923\" class=\"csc-default\">\n<div class=\"bildundlink\"><a href=\"http:\/\/www.technologieregion-karlsruhe.de\/index.php?id=350\" target=\"_blank\"> <img decoding=\"async\" src=\"http:\/\/www.technologieregion-karlsruhe.de\/uploads\/tx_templavoila\/FKAButton150englV1_02.jpg\" alt=\"\" \/><\/a><span class=\"internal-link\">More information about Skills Alliance<\/span><\/p>\n<\/div>\n<\/div>\n<div id=\"c1736\" class=\"csc-default\">\n<div class=\"bildundlink\"><a href=\"http:\/\/www.technologieregion-karlsruhe.de\/wirtschaft\/arbeitgeberforum.html\" target=\"_parent\"> <img decoding=\"async\" src=\"http:\/\/www.technologieregion-karlsruhe.de\/uploads\/tx_templavoila\/TRK_Arbeitgeberforum_Internetbanner_150x200.png\" alt=\"\" \/><\/a><span class=\"internal-link\">Mehr Informationen zum Arbeitgeberforum<\/span><\/p>\n<\/div>\n<\/div>\n<div id=\"c359\" class=\"csc-default\">\n<div class=\"bildundlink\"><a href=\"http:\/\/karriereregion.de\" target=\"_blank\"> <img decoding=\"async\" src=\"http:\/\/www.technologieregion-karlsruhe.de\/typo3temp\/pics\/Logo_karriereregion02_ohnePerspektive_web_cb4d7f0359.png\" alt=\"\" \/><\/a><span class=\"internal-link\">Mehr Informationen zur KarriereRegion<\/span><\/p>\n<\/div>\n<\/div>\n<div id=\"c1122\" class=\"csc-default\">\n<div class=\"bildundlink\"><a href=\"http:\/\/www.technologieregion-karlsruhe.de\/\" target=\"_parent\"> <img decoding=\"async\" src=\"http:\/\/www.technologieregion-karlsruhe.de\/uploads\/tx_templavoila\/maginalie-kita_01.jpg\" alt=\"\" \/><\/a><span class=\"internal-link\">Mehr Informationen zur Kinderbetreuung<\/span><\/p>\n<\/div>\n<\/div>\n<div id=\"c360\" class=\"csc-default\">\n<div class=\"bildundlink\"><a href=\"http:\/\/www.technologieregion-karlsruhe.de\/fileadmin\/PDF\/Flyer_Handwerkerparkausweis.pdf\" target=\"_blank\"> <img decoding=\"async\" src=\"http:\/\/www.technologieregion-karlsruhe.de\/typo3temp\/pics\/Handwerkerparkausweis_Titel_f68d7c7290.jpg\" alt=\"\" \/><\/a><span class=\"internal-link\">Mehr Informationen zum Handwerkerparkausweis<\/span><\/p>\n<\/div>\n<\/div>\n<div id=\"c1428\" class=\"csc-default\">\n<div class=\"bildundlink\"><a href=\"http:\/\/www.innoallianz-ka.de\" target=\"_parent\"> <img decoding=\"async\" src=\"http:\/\/www.technologieregion-karlsruhe.de\/uploads\/tx_templavoila\/banner_innovationsallianz.jpg\" alt=\"\" \/><\/a><span class=\"internal-link\">Innovationsallianz Karlsruhe<\/span><\/p>\n<\/div>\n<\/div>\n<div id=\"c361\" class=\"csc-default\">\n<div class=\"bildundlink\"><a href=\"http:\/\/www.technologieregion-karlsruhe.de\/wir-ueber-uns\/foerderverein-wr.html\" target=\"_parent\"> <img decoding=\"async\" src=\"http:\/\/www.technologieregion-karlsruhe.de\/uploads\/tx_templavoila\/banner_wir.jpg\" alt=\"\" \/><\/a><span class=\"internal-link\">WIR &#8211; Der F\u00f6rderverein der TechnologieRegion<\/span><\/p>\n<\/div>\n<\/div>\n<div id=\"c1134\" class=\"csc-default\">\n<div class=\"csc-textpic csc-textpic-center csc-textpic-above\">\n<div class=\"csc-textpic-imagewrap csc-textpic-single-image\"><img loading=\"lazy\" decoding=\"async\" src=\"http:\/\/www.technologieregion-karlsruhe.de\/uploads\/pics\/break_01.jpg\" alt=\"\" width=\"179\" height=\"10\" \/><\/div>\n<div class=\"csc-textpic-text\"><\/div>\n<\/div>\n<div class=\"csc-textpic-clear\"><\/div>\n<\/div>\n<div id=\"c1130\" class=\"csc-default\">\n<h3>Partner der TRK:<\/h3>\n<\/div>\n<div id=\"c1131\" class=\"csc-default\">\n<div class=\"bildundlink\"><a href=\"http:\/\/www.swr.de\" target=\"_blank\"> <img decoding=\"async\" src=\"http:\/\/www.technologieregion-karlsruhe.de\/uploads\/tx_templavoila\/logo-swr.jpg\" alt=\"\" \/><\/a><span class=\"internal-link\">swr.de<\/span><\/p>\n<\/div>\n<\/div>\n<div id=\"c1784\" class=\"csc-default\">\n<div class=\"bildundlink\"><a href=\"http:\/\/www.ka-news.de\" target=\"_blank\"> <img decoding=\"async\" src=\"http:\/\/www.technologieregion-karlsruhe.de\/uploads\/tx_templavoila\/logo_ka_news.jpg\" alt=\"\" \/><\/a><span class=\"internal-link\">ka-news.de<\/span><\/p>\n<\/div>\n<\/div>\n<div id=\"c1941\" class=\"csc-default\">\n<div class=\"bildundlink\"><a href=\"http:\/\/www.baden-tv.com\" target=\"_blank\"> <img decoding=\"async\" src=\"http:\/\/www.technologieregion-karlsruhe.de\/uploads\/tx_templavoila\/badenTV_logo_01.jpg\" alt=\"\" \/><\/a><span class=\"internal-link\">baden-tv.com<\/span><\/p>\n<\/div>\n<\/div>\n<div id=\"c2817\" class=\"csc-default\">\n<div class=\"bildundlink\"><a href=\"http:\/\/www.fairantwortung.net\" target=\"_blank\"> <img decoding=\"async\" src=\"http:\/\/www.technologieregion-karlsruhe.de\/uploads\/tx_templavoila\/logo-fairantwortung.jpg\" alt=\"\" \/><\/a><span class=\"internal-link\">fairantwortung.net<\/span><\/p>\n<\/div>\n<\/div>\n<div id=\"c2952\" class=\"csc-default\">\n<div class=\"bildundlink\"><a href=\"http:\/\/www.gruendersommer.de\" target=\"_blank\"> <img decoding=\"async\" src=\"http:\/\/www.technologieregion-karlsruhe.de\/uploads\/tx_templavoila\/Gruenderallianz.jpg\" alt=\"\" \/><\/a><span class=\"internal-link\">Gr\u00fcnderzeit 2014<\/span><\/p>\n<\/div>\n<\/div>\n<div id=\"c3308\" class=\"csc-default\">\n<div class=\"bildundlink\"><a href=\"http:\/\/www.kit-gruenderschmiede.de\" target=\"_blank\"> <img decoding=\"async\" src=\"http:\/\/www.technologieregion-karlsruhe.de\/uploads\/tx_templavoila\/logo-gruenderschmiede.jpg\" alt=\"\" \/><\/a><span class=\"internal-link\">KIT-Gr\u00fcnderschmiede<\/span><\/p>\n<\/div>\n<\/div>\n<div id=\"c3533\" class=\"csc-default\">\n<div class=\"bildundlink\"><a href=\"http:\/\/www.wirtschaftsforum-baden-baden.com\/\" target=\"_blank\"> <img decoding=\"async\" src=\"http:\/\/www.technologieregion-karlsruhe.de\/uploads\/tx_templavoila\/IWF-Logo.jpg\" alt=\"\" \/><\/a><span class=\"internal-link\">IWF Baden-Baden<\/span><\/p>\n<\/div>\n<\/div>\n<\/div>\n<\/div>\n<\/div>\n<\/div>\n","protected":false},"excerpt":{"rendered":"<p>Wer in der F\u00e4cherstadt lebt, arbeitet und jemanden kennt, der Karlsruhe in und \u00fcber die Region hinaus bekannt macht und\/oder Menschen aus dem Ausland f\u00fcr einen nachhaltigen Kontakt f\u00fcr unsere Stadt gewinnt, der hat noch bis 31. Mai Gelegenheit, eine Person oder eine Gruppe f\u00fcr den &#8222;Silver Award&#8220; vorzuschlagen. &#8222;Mit Blick auf das enorme internationale [&hellip;]<\/p>\n","protected":false},"author":3,"featured_media":0,"comment_status":"open","ping_status":"open","sticky":false,"template":"","format":"standard","meta":{"_exactmetrics_skip_tracking":false,"_exactmetrics_sitenote_active":false,"_exactmetrics_sitenote_note":"","_exactmetrics_sitenote_category":0,"footnotes":""},"categories":[57],"tags":[],"class_list":["post-429","post","type-post","status-publish","format-standard","hentry","category-berufsbildung-de"],"yoast_head":"<!-- This site is optimized with the Yoast SEO plugin v23.5 - https:\/\/yoast.com\/wordpress\/plugins\/seo\/ -->\n<title>Kandidaten f\u00fcr European Dialogue Silver Award gesucht : Bewerbungsfrist endet am 31.Mai 2015 - PAMINA Business Club<\/title>\n<meta name=\"robots\" content=\"index, follow, max-snippet:-1, max-image-preview:large, max-video-preview:-1\" \/>\n<link rel=\"canonical\" href=\"http:\/\/www.pamina-business.com\/de\/kandidaten-fur-european-dialogue-silver-award-gesucht-bewerbungsfrist-endet-am-31-mai-2015\/\" \/>\n<meta property=\"og:locale\" content=\"de_DE\" \/>\n<meta property=\"og:type\" content=\"article\" \/>\n<meta property=\"og:title\" content=\"Kandidaten f\u00fcr European Dialogue Silver Award gesucht : Bewerbungsfrist endet am 31.Mai 2015 - PAMINA Business Club\" \/>\n<meta property=\"og:description\" content=\"Wer in der F\u00e4cherstadt lebt, arbeitet und jemanden kennt, der Karlsruhe in und \u00fcber die Region hinaus bekannt macht und\/oder Menschen aus dem Ausland f\u00fcr einen nachhaltigen Kontakt f\u00fcr unsere Stadt gewinnt, der hat noch bis 31. Mai Gelegenheit, eine Person oder eine Gruppe f\u00fcr den &#8222;Silver Award&#8220; vorzuschlagen. &#8222;Mit Blick auf das enorme internationale [&hellip;]\" \/>\n<meta property=\"og:url\" content=\"http:\/\/www.pamina-business.com\/de\/kandidaten-fur-european-dialogue-silver-award-gesucht-bewerbungsfrist-endet-am-31-mai-2015\/\" \/>\n<meta property=\"og:site_name\" content=\"PAMINA Business Club\" \/>\n<meta property=\"article:published_time\" content=\"2015-03-27T14:07:34+00:00\" \/>\n<meta property=\"article:modified_time\" content=\"2015-03-23T14:10:42+00:00\" \/>\n<meta property=\"og:image\" content=\"http:\/\/www.technologieregion-karlsruhe.de\/uploads\/pics\/EDSA_Logo_001.jpg\" \/>\n<meta name=\"author\" content=\"Monique STUTZMANN\" \/>\n<meta name=\"twitter:card\" content=\"summary_large_image\" \/>\n<meta name=\"twitter:label1\" content=\"Verfasst von\" \/>\n\t<meta name=\"twitter:data1\" content=\"Monique STUTZMANN\" \/>\n\t<meta name=\"twitter:label2\" content=\"Gesch\u00e4tzte Lesezeit\" \/>\n\t<meta name=\"twitter:data2\" content=\"2\u00a0Minuten\" \/>\n<script type=\"application\/ld+json\" class=\"yoast-schema-graph\">{\"@context\":\"https:\/\/schema.org\",\"@graph\":[{\"@type\":\"WebPage\",\"@id\":\"http:\/\/www.pamina-business.com\/de\/kandidaten-fur-european-dialogue-silver-award-gesucht-bewerbungsfrist-endet-am-31-mai-2015\/\",\"url\":\"http:\/\/www.pamina-business.com\/de\/kandidaten-fur-european-dialogue-silver-award-gesucht-bewerbungsfrist-endet-am-31-mai-2015\/\",\"name\":\"Kandidaten f\u00fcr European Dialogue Silver Award gesucht : Bewerbungsfrist endet am 31.Mai 2015 - PAMINA Business Club\",\"isPartOf\":{\"@id\":\"http:\/\/www.pamina-business.com\/de\/#website\"},\"primaryImageOfPage\":{\"@id\":\"http:\/\/www.pamina-business.com\/de\/kandidaten-fur-european-dialogue-silver-award-gesucht-bewerbungsfrist-endet-am-31-mai-2015\/#primaryimage\"},\"image\":{\"@id\":\"http:\/\/www.pamina-business.com\/de\/kandidaten-fur-european-dialogue-silver-award-gesucht-bewerbungsfrist-endet-am-31-mai-2015\/#primaryimage\"},\"thumbnailUrl\":\"http:\/\/www.technologieregion-karlsruhe.de\/uploads\/pics\/EDSA_Logo_001.jpg\",\"datePublished\":\"2015-03-27T14:07:34+00:00\",\"dateModified\":\"2015-03-23T14:10:42+00:00\",\"author\":{\"@id\":\"http:\/\/www.pamina-business.com\/de\/#\/schema\/person\/9ab02536dbdbc5e3ef40bbc3452c8c69\"},\"breadcrumb\":{\"@id\":\"http:\/\/www.pamina-business.com\/de\/kandidaten-fur-european-dialogue-silver-award-gesucht-bewerbungsfrist-endet-am-31-mai-2015\/#breadcrumb\"},\"inLanguage\":\"de\",\"potentialAction\":[{\"@type\":\"ReadAction\",\"target\":[\"http:\/\/www.pamina-business.com\/de\/kandidaten-fur-european-dialogue-silver-award-gesucht-bewerbungsfrist-endet-am-31-mai-2015\/\"]}]},{\"@type\":\"ImageObject\",\"inLanguage\":\"de\",\"@id\":\"http:\/\/www.pamina-business.com\/de\/kandidaten-fur-european-dialogue-silver-award-gesucht-bewerbungsfrist-endet-am-31-mai-2015\/#primaryimage\",\"url\":\"http:\/\/www.technologieregion-karlsruhe.de\/uploads\/pics\/EDSA_Logo_001.jpg\",\"contentUrl\":\"http:\/\/www.technologieregion-karlsruhe.de\/uploads\/pics\/EDSA_Logo_001.jpg\"},{\"@type\":\"BreadcrumbList\",\"@id\":\"http:\/\/www.pamina-business.com\/de\/kandidaten-fur-european-dialogue-silver-award-gesucht-bewerbungsfrist-endet-am-31-mai-2015\/#breadcrumb\",\"itemListElement\":[{\"@type\":\"ListItem\",\"position\":1,\"name\":\"Accueil\",\"item\":\"http:\/\/www.pamina-business.com\/de\/\"},{\"@type\":\"ListItem\",\"position\":2,\"name\":\"Kandidaten f\u00fcr European Dialogue Silver Award gesucht : Bewerbungsfrist endet am 31.Mai 2015\"}]},{\"@type\":\"WebSite\",\"@id\":\"http:\/\/www.pamina-business.com\/de\/#website\",\"url\":\"http:\/\/www.pamina-business.com\/de\/\",\"name\":\"PAMINA Business Club\",\"description\":\"Un site utilisant WordPress\",\"potentialAction\":[{\"@type\":\"SearchAction\",\"target\":{\"@type\":\"EntryPoint\",\"urlTemplate\":\"http:\/\/www.pamina-business.com\/de\/?s={search_term_string}\"},\"query-input\":{\"@type\":\"PropertyValueSpecification\",\"valueRequired\":true,\"valueName\":\"search_term_string\"}}],\"inLanguage\":\"de\"},{\"@type\":\"Person\",\"@id\":\"http:\/\/www.pamina-business.com\/de\/#\/schema\/person\/9ab02536dbdbc5e3ef40bbc3452c8c69\",\"name\":\"Monique STUTZMANN\",\"image\":{\"@type\":\"ImageObject\",\"inLanguage\":\"de\",\"@id\":\"http:\/\/www.pamina-business.com\/de\/#\/schema\/person\/image\/\",\"url\":\"https:\/\/secure.gravatar.com\/avatar\/cc1c3adf9a9f6e969d3da7b6b34ec66f5f4a6844dfc9145380a75e42cd91882e?s=96&d=mm&r=g\",\"contentUrl\":\"https:\/\/secure.gravatar.com\/avatar\/cc1c3adf9a9f6e969d3da7b6b34ec66f5f4a6844dfc9145380a75e42cd91882e?s=96&d=mm&r=g\",\"caption\":\"Monique STUTZMANN\"},\"url\":\"https:\/\/www.pamina-business.com\/de\/author\/monique\/\"}]}<\/script>\n<!-- \/ Yoast SEO plugin. -->","yoast_head_json":{"title":"Kandidaten f\u00fcr European Dialogue Silver Award gesucht : Bewerbungsfrist endet am 31.Mai 2015 - PAMINA Business Club","robots":{"index":"index","follow":"follow","max-snippet":"max-snippet:-1","max-image-preview":"max-image-preview:large","max-video-preview":"max-video-preview:-1"},"canonical":"http:\/\/www.pamina-business.com\/de\/kandidaten-fur-european-dialogue-silver-award-gesucht-bewerbungsfrist-endet-am-31-mai-2015\/","og_locale":"de_DE","og_type":"article","og_title":"Kandidaten f\u00fcr European Dialogue Silver Award gesucht : Bewerbungsfrist endet am 31.Mai 2015 - PAMINA Business Club","og_description":"Wer in der F\u00e4cherstadt lebt, arbeitet und jemanden kennt, der Karlsruhe in und \u00fcber die Region hinaus bekannt macht und\/oder Menschen aus dem Ausland f\u00fcr einen nachhaltigen Kontakt f\u00fcr unsere Stadt gewinnt, der hat noch bis 31. Mai Gelegenheit, eine Person oder eine Gruppe f\u00fcr den &#8222;Silver Award&#8220; vorzuschlagen. &#8222;Mit Blick auf das enorme internationale [&hellip;]","og_url":"http:\/\/www.pamina-business.com\/de\/kandidaten-fur-european-dialogue-silver-award-gesucht-bewerbungsfrist-endet-am-31-mai-2015\/","og_site_name":"PAMINA Business Club","article_published_time":"2015-03-27T14:07:34+00:00","article_modified_time":"2015-03-23T14:10:42+00:00","og_image":[{"url":"http:\/\/www.technologieregion-karlsruhe.de\/uploads\/pics\/EDSA_Logo_001.jpg"}],"author":"Monique STUTZMANN","twitter_card":"summary_large_image","twitter_misc":{"Verfasst von":"Monique STUTZMANN","Gesch\u00e4tzte Lesezeit":"2\u00a0Minuten"},"schema":{"@context":"https:\/\/schema.org","@graph":[{"@type":"WebPage","@id":"http:\/\/www.pamina-business.com\/de\/kandidaten-fur-european-dialogue-silver-award-gesucht-bewerbungsfrist-endet-am-31-mai-2015\/","url":"http:\/\/www.pamina-business.com\/de\/kandidaten-fur-european-dialogue-silver-award-gesucht-bewerbungsfrist-endet-am-31-mai-2015\/","name":"Kandidaten f\u00fcr European Dialogue Silver Award gesucht : Bewerbungsfrist endet am 31.Mai 2015 - PAMINA Business Club","isPartOf":{"@id":"http:\/\/www.pamina-business.com\/de\/#website"},"primaryImageOfPage":{"@id":"http:\/\/www.pamina-business.com\/de\/kandidaten-fur-european-dialogue-silver-award-gesucht-bewerbungsfrist-endet-am-31-mai-2015\/#primaryimage"},"image":{"@id":"http:\/\/www.pamina-business.com\/de\/kandidaten-fur-european-dialogue-silver-award-gesucht-bewerbungsfrist-endet-am-31-mai-2015\/#primaryimage"},"thumbnailUrl":"http:\/\/www.technologieregion-karlsruhe.de\/uploads\/pics\/EDSA_Logo_001.jpg","datePublished":"2015-03-27T14:07:34+00:00","dateModified":"2015-03-23T14:10:42+00:00","author":{"@id":"http:\/\/www.pamina-business.com\/de\/#\/schema\/person\/9ab02536dbdbc5e3ef40bbc3452c8c69"},"breadcrumb":{"@id":"http:\/\/www.pamina-business.com\/de\/kandidaten-fur-european-dialogue-silver-award-gesucht-bewerbungsfrist-endet-am-31-mai-2015\/#breadcrumb"},"inLanguage":"de","potentialAction":[{"@type":"ReadAction","target":["http:\/\/www.pamina-business.com\/de\/kandidaten-fur-european-dialogue-silver-award-gesucht-bewerbungsfrist-endet-am-31-mai-2015\/"]}]},{"@type":"ImageObject","inLanguage":"de","@id":"http:\/\/www.pamina-business.com\/de\/kandidaten-fur-european-dialogue-silver-award-gesucht-bewerbungsfrist-endet-am-31-mai-2015\/#primaryimage","url":"http:\/\/www.technologieregion-karlsruhe.de\/uploads\/pics\/EDSA_Logo_001.jpg","contentUrl":"http:\/\/www.technologieregion-karlsruhe.de\/uploads\/pics\/EDSA_Logo_001.jpg"},{"@type":"BreadcrumbList","@id":"http:\/\/www.pamina-business.com\/de\/kandidaten-fur-european-dialogue-silver-award-gesucht-bewerbungsfrist-endet-am-31-mai-2015\/#breadcrumb","itemListElement":[{"@type":"ListItem","position":1,"name":"Accueil","item":"http:\/\/www.pamina-business.com\/de\/"},{"@type":"ListItem","position":2,"name":"Kandidaten f\u00fcr European Dialogue Silver Award gesucht : Bewerbungsfrist endet am 31.Mai 2015"}]},{"@type":"WebSite","@id":"http:\/\/www.pamina-business.com\/de\/#website","url":"http:\/\/www.pamina-business.com\/de\/","name":"PAMINA Business Club","description":"Un site utilisant WordPress","potentialAction":[{"@type":"SearchAction","target":{"@type":"EntryPoint","urlTemplate":"http:\/\/www.pamina-business.com\/de\/?s={search_term_string}"},"query-input":{"@type":"PropertyValueSpecification","valueRequired":true,"valueName":"search_term_string"}}],"inLanguage":"de"},{"@type":"Person","@id":"http:\/\/www.pamina-business.com\/de\/#\/schema\/person\/9ab02536dbdbc5e3ef40bbc3452c8c69","name":"Monique STUTZMANN","image":{"@type":"ImageObject","inLanguage":"de","@id":"http:\/\/www.pamina-business.com\/de\/#\/schema\/person\/image\/","url":"https:\/\/secure.gravatar.com\/avatar\/cc1c3adf9a9f6e969d3da7b6b34ec66f5f4a6844dfc9145380a75e42cd91882e?s=96&d=mm&r=g","contentUrl":"https:\/\/secure.gravatar.com\/avatar\/cc1c3adf9a9f6e969d3da7b6b34ec66f5f4a6844dfc9145380a75e42cd91882e?s=96&d=mm&r=g","caption":"Monique STUTZMANN"},"url":"https:\/\/www.pamina-business.com\/de\/author\/monique\/"}]}},"_links":{"self":[{"href":"https:\/\/www.pamina-business.com\/de\/wp-json\/wp\/v2\/posts\/429","targetHints":{"allow":["GET"]}}],"collection":[{"href":"https:\/\/www.pamina-business.com\/de\/wp-json\/wp\/v2\/posts"}],"about":[{"href":"https:\/\/www.pamina-business.com\/de\/wp-json\/wp\/v2\/types\/post"}],"author":[{"embeddable":true,"href":"https:\/\/www.pamina-business.com\/de\/wp-json\/wp\/v2\/users\/3"}],"replies":[{"embeddable":true,"href":"https:\/\/www.pamina-business.com\/de\/wp-json\/wp\/v2\/comments?post=429"}],"version-history":[{"count":1,"href":"https:\/\/www.pamina-business.com\/de\/wp-json\/wp\/v2\/posts\/429\/revisions"}],"predecessor-version":[{"id":430,"href":"https:\/\/www.pamina-business.com\/de\/wp-json\/wp\/v2\/posts\/429\/revisions\/430"}],"wp:attachment":[{"href":"https:\/\/www.pamina-business.com\/de\/wp-json\/wp\/v2\/media?parent=429"}],"wp:term":[{"taxonomy":"category","embeddable":true,"href":"https:\/\/www.pamina-business.com\/de\/wp-json\/wp\/v2\/categories?post=429"},{"taxonomy":"post_tag","embeddable":true,"href":"https:\/\/www.pamina-business.com\/de\/wp-json\/wp\/v2\/tags?post=429"}],"curies":[{"name":"wp","href":"https:\/\/api.w.org\/{rel}","templated":true}]}}