{"id":4148,"date":"2019-10-07T09:19:54","date_gmt":"2019-10-07T09:19:54","guid":{"rendered":"http:\/\/www.pamina-business.com\/?p=4148"},"modified":"2019-09-30T09:29:09","modified_gmt":"2019-09-30T09:29:09","slug":"technologieregion-karlsruhe-auf-munchner-immobilien-messe-expo-real-unter-dem-motto-kunstliche-intelligenz-in-der-arbeitswelt","status":"publish","type":"post","link":"https:\/\/www.pamina-business.com\/de\/technologieregion-karlsruhe-auf-munchner-immobilien-messe-expo-real-unter-dem-motto-kunstliche-intelligenz-in-der-arbeitswelt\/","title":{"rendered":"TechnologieRegion Karlsruhe auf M\u00fcnchner Immobilien-Messe EXPO REAL unter dem Motto: \u201eK\u00fcnstliche Intelligenz in der Arbeitswelt\u201c"},"content":{"rendered":"<div class=\"teaser-text\">\n<p>14 Immobilienprofis aus der TechnologieRegion Karlsruhe reisen vom 7. bis 9. Oktober 2019 nach M\u00fcnchen, um sich an einem Gemeinschaftsstand auf der EXPO REAL zu pr\u00e4sentieren, Europas gr\u00f6\u00dfter Fachmesse f\u00fcr Immobilien und Investitionen<\/p>\n<\/div>\n<div class=\"news-img-wrap\">\n<div class=\"outer\">\n<div class=\"mediaelement mediaelement-image\">\n<p><a class=\"lightbox\" title=\"\" href=\"https:\/\/technologieregion-karlsruhe.de\/fileadmin\/user_upload\/TRK_Messestand__2_.jpg\" rel=\"lightbox[myImageSet]\"> <img loading=\"lazy\" decoding=\"async\" src=\"https:\/\/technologieregion-karlsruhe.de\/fileadmin\/_processed_\/9\/b\/csm_TRK_Messestand__2__6e4280651c.jpg\" alt=\"\" width=\"282\" height=\"188\" \/><\/a><\/p>\n<div class=\"icon-container\"><\/div>\n<\/div>\n<\/div>\n<div class=\"outer\">\n<div class=\"mediaelement mediaelement-image\">\n<p><a class=\"lightbox\" title=\"\" href=\"https:\/\/technologieregion-karlsruhe.de\/fileadmin\/user_upload\/TRK_Messestand__1_.jpg\" rel=\"lightbox[myImageSet]\"> <img loading=\"lazy\" decoding=\"async\" src=\"https:\/\/technologieregion-karlsruhe.de\/fileadmin\/_processed_\/d\/e\/csm_TRK_Messestand__1__dfde799e2a.jpg\" alt=\"\" width=\"282\" height=\"188\" \/><\/a><\/p>\n<div class=\"icon-container\"><\/div>\n<\/div>\n<\/div>\n<\/div>\n<div class=\"news-text-wrap\">\n<p>Die Region setzt mit ihren Kommunen und Unternehmen auch in diesem Jahr ein zukunftsweisendes Zeichen mit einer Keynote am eigenen Stand: \u201eK\u00fcnstliche Intelligenz, die Ver\u00e4nderung der Arbeitswelt und deren Folgen f\u00fcr die Gesch\u00e4ftsmodelle der Immobilienbranche\u201c werden von Netz\u00f6konom Dr. Holger Schmidt beleuchtet. Der Handelsblatt-Kolumnist und langj\u00e4hrige FAZ-Wirtschaftsjournalist lehrt digitale Transformation an der TU Darmstadt und ist unter anderem Erfinder des Plattform-Index, einer Aktien-\u00dcbersicht elektronischer Gesch\u00e4ftsmodelle. In seiner Keynote zieht er eine klare Grenze zwischen Digitalisierung und KI, erkl\u00e4rt, warum KI gerade auch die Arbeitswelt der akademischen Berufe ver\u00e4ndert und zeigt auf, wo bisherige Gesch\u00e4ftsmodelle der Immobilienwirtschaft unter Druck geraten.<\/p>\n<p>\u201eDurch den Einsatz von KI ver\u00e4ndern sich unsere St\u00e4dte zusehends: Wenn Arbeitspl\u00e4tze wegfallen oder in anderer Form genutzt werden, wirkt sich das auf die ben\u00f6tigten Gewerbe- und B\u00fcrofl\u00e4chen und den Zuschnitt von Geb\u00e4uden aus\u201c, kommentiert Jochen Ehlg\u00f6tz, Gesch\u00e4ftsf\u00fchrer der TechnologieRegion Karlsruhe GmbH die diesj\u00e4hrige Keynote.<\/p>\n<p>Nach der Keynote, die am Montag, den 7. Oktober um 14 Uhr in Halle B1, Stand 130 auf der EXPO REAL stattfindet, laden die Aussteller zum Get-together um 15 Uhr. F\u00fcr 15.30 Uhr hat sich Staatssekret\u00e4rin Katrin Sch\u00fctz vom Ministerium f\u00fcr Wirtschaft, Arbeit und Wohnungsbau Baden-W\u00fcrttemberg f\u00fcr einen Rundgang \u00fcber den TRK-Messestand angek\u00fcndigt. \u201eWie wichtig die Messe f\u00fcr die Region ist, zeigt sich auch daran, dass wir 2019 zwei neue Mitglieder in unserer Aussteller-Gemeinschaft begr\u00fc\u00dfen d\u00fcrfen: Die EnBW Real Estate und die TIMONGRUPPE\u201c, so Jochen Ehlg\u00f6tz weiter. \u201eWir freuen uns auf gute Gespr\u00e4che, neue Impulse und Abschl\u00fcsse auf der EXPO REAL.\u201c<\/p>\n<p>Au\u00dferdem am Stand vertreten sind big. bechtold-Gruppe, Entwicklungsgesellschaft Cit\u00e9, Gewerbeentwicklung Baden-Baden, evohaus, IHK Karlsruhe, KIT, Vollack, VOLKSWOHNUNG, weisenburger bau, Wirtschaftsf\u00f6rderung Karlsruhe, Wirtschaftsf\u00f6rderung Rastatt und Wirtschaftsstandort Elsass. Auf der EXPO REAL in M\u00fcnchen treffen sich jedes Jahr 45.000 Unternehmer, Makler, Eigent\u00fcmer und Dienstleister aus 72 L\u00e4ndern, um Kontakte zu kn\u00fcpfen, Impulse zu sammeln und Gesch\u00e4fte zu machen. Die TechnologieRegion Karlsruhe ist einer der 2.095 Aussteller auf Europas gr\u00f6\u00dfter Fachmesse f\u00fcr Immobilien und Investitionen.<\/p>\n<\/div>\n<p><em>Quelle<\/em> : Newsletter der Technologie Region Karlsruhe N\u00b0 8 September 2019<\/p>\n<p><a href=\"http:\/\/www.technologieregion-karlsruhe.de\">www.technologieregion-kalrsruhe.de<\/a><\/p>\n<p><em>Kontakt<\/em> :<\/p>\n<div class=\"news-text-wrap\">\n<p>Weitere Informationen finden Sie auch unter: <a class=\"external-link-new-window\" href=\"https:\/\/technologieregion-karlsruhe.de\/wir-ueber-uns\/expo-real.html\" target=\"_blank\">technologieregion-karlsruhe.de\/expo-real<\/a><\/p>\n<\/div>\n","protected":false},"excerpt":{"rendered":"<p>14 Immobilienprofis aus der TechnologieRegion Karlsruhe reisen vom 7. bis 9. Oktober 2019 nach M\u00fcnchen, um sich an einem Gemeinschaftsstand auf der EXPO REAL zu pr\u00e4sentieren, Europas gr\u00f6\u00dfter Fachmesse f\u00fcr Immobilien und Investitionen Die Region setzt mit ihren Kommunen und Unternehmen auch in diesem Jahr ein zukunftsweisendes Zeichen mit einer Keynote am eigenen Stand: \u201eK\u00fcnstliche [&hellip;]<\/p>\n","protected":false},"author":3,"featured_media":0,"comment_status":"open","ping_status":"open","sticky":false,"template":"","format":"standard","meta":{"_exactmetrics_skip_tracking":false,"_exactmetrics_sitenote_active":false,"_exactmetrics_sitenote_note":"","_exactmetrics_sitenote_category":0,"footnotes":""},"categories":[59,64,60],"tags":[],"class_list":["post-4148","post","type-post","status-publish","format-standard","hentry","category-ereignisse-de","category-handel-stadtplanung-de","category-industrie-de"],"yoast_head":"<!-- This site is optimized with the Yoast SEO plugin v23.5 - https:\/\/yoast.com\/wordpress\/plugins\/seo\/ -->\n<title>TechnologieRegion Karlsruhe auf M\u00fcnchner Immobilien-Messe EXPO REAL unter dem Motto: \u201eK\u00fcnstliche Intelligenz in der Arbeitswelt\u201c - PAMINA Business Club<\/title>\n<meta name=\"robots\" content=\"index, follow, max-snippet:-1, max-image-preview:large, max-video-preview:-1\" \/>\n<link rel=\"canonical\" href=\"https:\/\/www.pamina-business.com\/de\/technologieregion-karlsruhe-auf-munchner-immobilien-messe-expo-real-unter-dem-motto-kunstliche-intelligenz-in-der-arbeitswelt\/\" \/>\n<meta property=\"og:locale\" content=\"de_DE\" \/>\n<meta property=\"og:type\" content=\"article\" \/>\n<meta property=\"og:title\" content=\"TechnologieRegion Karlsruhe auf M\u00fcnchner Immobilien-Messe EXPO REAL unter dem Motto: \u201eK\u00fcnstliche Intelligenz in der Arbeitswelt\u201c - PAMINA Business Club\" \/>\n<meta property=\"og:description\" content=\"14 Immobilienprofis aus der TechnologieRegion Karlsruhe reisen vom 7. bis 9. Oktober 2019 nach M\u00fcnchen, um sich an einem Gemeinschaftsstand auf der EXPO REAL zu pr\u00e4sentieren, Europas gr\u00f6\u00dfter Fachmesse f\u00fcr Immobilien und Investitionen Die Region setzt mit ihren Kommunen und Unternehmen auch in diesem Jahr ein zukunftsweisendes Zeichen mit einer Keynote am eigenen Stand: \u201eK\u00fcnstliche [&hellip;]\" \/>\n<meta property=\"og:url\" content=\"https:\/\/www.pamina-business.com\/de\/technologieregion-karlsruhe-auf-munchner-immobilien-messe-expo-real-unter-dem-motto-kunstliche-intelligenz-in-der-arbeitswelt\/\" \/>\n<meta property=\"og:site_name\" content=\"PAMINA Business Club\" \/>\n<meta property=\"article:published_time\" content=\"2019-10-07T09:19:54+00:00\" \/>\n<meta property=\"article:modified_time\" content=\"2019-09-30T09:29:09+00:00\" \/>\n<meta property=\"og:image\" content=\"https:\/\/technologieregion-karlsruhe.de\/fileadmin\/_processed_\/9\/b\/csm_TRK_Messestand__2__6e4280651c.jpg\" \/>\n<meta name=\"author\" content=\"Monique STUTZMANN\" \/>\n<meta name=\"twitter:card\" content=\"summary_large_image\" \/>\n<meta name=\"twitter:label1\" content=\"Verfasst von\" \/>\n\t<meta name=\"twitter:data1\" content=\"Monique STUTZMANN\" \/>\n\t<meta name=\"twitter:label2\" content=\"Gesch\u00e4tzte Lesezeit\" \/>\n\t<meta name=\"twitter:data2\" content=\"2\u00a0Minuten\" \/>\n<script type=\"application\/ld+json\" class=\"yoast-schema-graph\">{\"@context\":\"https:\/\/schema.org\",\"@graph\":[{\"@type\":\"WebPage\",\"@id\":\"https:\/\/www.pamina-business.com\/de\/technologieregion-karlsruhe-auf-munchner-immobilien-messe-expo-real-unter-dem-motto-kunstliche-intelligenz-in-der-arbeitswelt\/\",\"url\":\"https:\/\/www.pamina-business.com\/de\/technologieregion-karlsruhe-auf-munchner-immobilien-messe-expo-real-unter-dem-motto-kunstliche-intelligenz-in-der-arbeitswelt\/\",\"name\":\"TechnologieRegion Karlsruhe auf M\u00fcnchner Immobilien-Messe EXPO REAL unter dem Motto: \u201eK\u00fcnstliche Intelligenz in der Arbeitswelt\u201c - PAMINA Business Club\",\"isPartOf\":{\"@id\":\"http:\/\/www.pamina-business.com\/de\/#website\"},\"primaryImageOfPage\":{\"@id\":\"https:\/\/www.pamina-business.com\/de\/technologieregion-karlsruhe-auf-munchner-immobilien-messe-expo-real-unter-dem-motto-kunstliche-intelligenz-in-der-arbeitswelt\/#primaryimage\"},\"image\":{\"@id\":\"https:\/\/www.pamina-business.com\/de\/technologieregion-karlsruhe-auf-munchner-immobilien-messe-expo-real-unter-dem-motto-kunstliche-intelligenz-in-der-arbeitswelt\/#primaryimage\"},\"thumbnailUrl\":\"https:\/\/technologieregion-karlsruhe.de\/fileadmin\/_processed_\/9\/b\/csm_TRK_Messestand__2__6e4280651c.jpg\",\"datePublished\":\"2019-10-07T09:19:54+00:00\",\"dateModified\":\"2019-09-30T09:29:09+00:00\",\"author\":{\"@id\":\"http:\/\/www.pamina-business.com\/de\/#\/schema\/person\/9ab02536dbdbc5e3ef40bbc3452c8c69\"},\"breadcrumb\":{\"@id\":\"https:\/\/www.pamina-business.com\/de\/technologieregion-karlsruhe-auf-munchner-immobilien-messe-expo-real-unter-dem-motto-kunstliche-intelligenz-in-der-arbeitswelt\/#breadcrumb\"},\"inLanguage\":\"de\",\"potentialAction\":[{\"@type\":\"ReadAction\",\"target\":[\"https:\/\/www.pamina-business.com\/de\/technologieregion-karlsruhe-auf-munchner-immobilien-messe-expo-real-unter-dem-motto-kunstliche-intelligenz-in-der-arbeitswelt\/\"]}]},{\"@type\":\"ImageObject\",\"inLanguage\":\"de\",\"@id\":\"https:\/\/www.pamina-business.com\/de\/technologieregion-karlsruhe-auf-munchner-immobilien-messe-expo-real-unter-dem-motto-kunstliche-intelligenz-in-der-arbeitswelt\/#primaryimage\",\"url\":\"https:\/\/technologieregion-karlsruhe.de\/fileadmin\/_processed_\/9\/b\/csm_TRK_Messestand__2__6e4280651c.jpg\",\"contentUrl\":\"https:\/\/technologieregion-karlsruhe.de\/fileadmin\/_processed_\/9\/b\/csm_TRK_Messestand__2__6e4280651c.jpg\"},{\"@type\":\"BreadcrumbList\",\"@id\":\"https:\/\/www.pamina-business.com\/de\/technologieregion-karlsruhe-auf-munchner-immobilien-messe-expo-real-unter-dem-motto-kunstliche-intelligenz-in-der-arbeitswelt\/#breadcrumb\",\"itemListElement\":[{\"@type\":\"ListItem\",\"position\":1,\"name\":\"Accueil\",\"item\":\"http:\/\/www.pamina-business.com\/de\/\"},{\"@type\":\"ListItem\",\"position\":2,\"name\":\"TechnologieRegion Karlsruhe auf M\u00fcnchner Immobilien-Messe EXPO REAL unter dem Motto: \u201eK\u00fcnstliche Intelligenz in der Arbeitswelt\u201c\"}]},{\"@type\":\"WebSite\",\"@id\":\"http:\/\/www.pamina-business.com\/de\/#website\",\"url\":\"http:\/\/www.pamina-business.com\/de\/\",\"name\":\"PAMINA Business Club\",\"description\":\"Un site utilisant WordPress\",\"potentialAction\":[{\"@type\":\"SearchAction\",\"target\":{\"@type\":\"EntryPoint\",\"urlTemplate\":\"http:\/\/www.pamina-business.com\/de\/?s={search_term_string}\"},\"query-input\":{\"@type\":\"PropertyValueSpecification\",\"valueRequired\":true,\"valueName\":\"search_term_string\"}}],\"inLanguage\":\"de\"},{\"@type\":\"Person\",\"@id\":\"http:\/\/www.pamina-business.com\/de\/#\/schema\/person\/9ab02536dbdbc5e3ef40bbc3452c8c69\",\"name\":\"Monique STUTZMANN\",\"image\":{\"@type\":\"ImageObject\",\"inLanguage\":\"de\",\"@id\":\"http:\/\/www.pamina-business.com\/de\/#\/schema\/person\/image\/\",\"url\":\"https:\/\/secure.gravatar.com\/avatar\/cc1c3adf9a9f6e969d3da7b6b34ec66f5f4a6844dfc9145380a75e42cd91882e?s=96&d=mm&r=g\",\"contentUrl\":\"https:\/\/secure.gravatar.com\/avatar\/cc1c3adf9a9f6e969d3da7b6b34ec66f5f4a6844dfc9145380a75e42cd91882e?s=96&d=mm&r=g\",\"caption\":\"Monique STUTZMANN\"},\"url\":\"https:\/\/www.pamina-business.com\/de\/author\/monique\/\"}]}<\/script>\n<!-- \/ Yoast SEO plugin. -->","yoast_head_json":{"title":"TechnologieRegion Karlsruhe auf M\u00fcnchner Immobilien-Messe EXPO REAL unter dem Motto: \u201eK\u00fcnstliche Intelligenz in der Arbeitswelt\u201c - PAMINA Business Club","robots":{"index":"index","follow":"follow","max-snippet":"max-snippet:-1","max-image-preview":"max-image-preview:large","max-video-preview":"max-video-preview:-1"},"canonical":"https:\/\/www.pamina-business.com\/de\/technologieregion-karlsruhe-auf-munchner-immobilien-messe-expo-real-unter-dem-motto-kunstliche-intelligenz-in-der-arbeitswelt\/","og_locale":"de_DE","og_type":"article","og_title":"TechnologieRegion Karlsruhe auf M\u00fcnchner Immobilien-Messe EXPO REAL unter dem Motto: \u201eK\u00fcnstliche Intelligenz in der Arbeitswelt\u201c - PAMINA Business Club","og_description":"14 Immobilienprofis aus der TechnologieRegion Karlsruhe reisen vom 7. bis 9. Oktober 2019 nach M\u00fcnchen, um sich an einem Gemeinschaftsstand auf der EXPO REAL zu pr\u00e4sentieren, Europas gr\u00f6\u00dfter Fachmesse f\u00fcr Immobilien und Investitionen Die Region setzt mit ihren Kommunen und Unternehmen auch in diesem Jahr ein zukunftsweisendes Zeichen mit einer Keynote am eigenen Stand: \u201eK\u00fcnstliche [&hellip;]","og_url":"https:\/\/www.pamina-business.com\/de\/technologieregion-karlsruhe-auf-munchner-immobilien-messe-expo-real-unter-dem-motto-kunstliche-intelligenz-in-der-arbeitswelt\/","og_site_name":"PAMINA Business Club","article_published_time":"2019-10-07T09:19:54+00:00","article_modified_time":"2019-09-30T09:29:09+00:00","og_image":[{"url":"https:\/\/technologieregion-karlsruhe.de\/fileadmin\/_processed_\/9\/b\/csm_TRK_Messestand__2__6e4280651c.jpg"}],"author":"Monique STUTZMANN","twitter_card":"summary_large_image","twitter_misc":{"Verfasst von":"Monique STUTZMANN","Gesch\u00e4tzte Lesezeit":"2\u00a0Minuten"},"schema":{"@context":"https:\/\/schema.org","@graph":[{"@type":"WebPage","@id":"https:\/\/www.pamina-business.com\/de\/technologieregion-karlsruhe-auf-munchner-immobilien-messe-expo-real-unter-dem-motto-kunstliche-intelligenz-in-der-arbeitswelt\/","url":"https:\/\/www.pamina-business.com\/de\/technologieregion-karlsruhe-auf-munchner-immobilien-messe-expo-real-unter-dem-motto-kunstliche-intelligenz-in-der-arbeitswelt\/","name":"TechnologieRegion Karlsruhe auf M\u00fcnchner Immobilien-Messe EXPO REAL unter dem Motto: \u201eK\u00fcnstliche Intelligenz in der Arbeitswelt\u201c - PAMINA Business Club","isPartOf":{"@id":"http:\/\/www.pamina-business.com\/de\/#website"},"primaryImageOfPage":{"@id":"https:\/\/www.pamina-business.com\/de\/technologieregion-karlsruhe-auf-munchner-immobilien-messe-expo-real-unter-dem-motto-kunstliche-intelligenz-in-der-arbeitswelt\/#primaryimage"},"image":{"@id":"https:\/\/www.pamina-business.com\/de\/technologieregion-karlsruhe-auf-munchner-immobilien-messe-expo-real-unter-dem-motto-kunstliche-intelligenz-in-der-arbeitswelt\/#primaryimage"},"thumbnailUrl":"https:\/\/technologieregion-karlsruhe.de\/fileadmin\/_processed_\/9\/b\/csm_TRK_Messestand__2__6e4280651c.jpg","datePublished":"2019-10-07T09:19:54+00:00","dateModified":"2019-09-30T09:29:09+00:00","author":{"@id":"http:\/\/www.pamina-business.com\/de\/#\/schema\/person\/9ab02536dbdbc5e3ef40bbc3452c8c69"},"breadcrumb":{"@id":"https:\/\/www.pamina-business.com\/de\/technologieregion-karlsruhe-auf-munchner-immobilien-messe-expo-real-unter-dem-motto-kunstliche-intelligenz-in-der-arbeitswelt\/#breadcrumb"},"inLanguage":"de","potentialAction":[{"@type":"ReadAction","target":["https:\/\/www.pamina-business.com\/de\/technologieregion-karlsruhe-auf-munchner-immobilien-messe-expo-real-unter-dem-motto-kunstliche-intelligenz-in-der-arbeitswelt\/"]}]},{"@type":"ImageObject","inLanguage":"de","@id":"https:\/\/www.pamina-business.com\/de\/technologieregion-karlsruhe-auf-munchner-immobilien-messe-expo-real-unter-dem-motto-kunstliche-intelligenz-in-der-arbeitswelt\/#primaryimage","url":"https:\/\/technologieregion-karlsruhe.de\/fileadmin\/_processed_\/9\/b\/csm_TRK_Messestand__2__6e4280651c.jpg","contentUrl":"https:\/\/technologieregion-karlsruhe.de\/fileadmin\/_processed_\/9\/b\/csm_TRK_Messestand__2__6e4280651c.jpg"},{"@type":"BreadcrumbList","@id":"https:\/\/www.pamina-business.com\/de\/technologieregion-karlsruhe-auf-munchner-immobilien-messe-expo-real-unter-dem-motto-kunstliche-intelligenz-in-der-arbeitswelt\/#breadcrumb","itemListElement":[{"@type":"ListItem","position":1,"name":"Accueil","item":"http:\/\/www.pamina-business.com\/de\/"},{"@type":"ListItem","position":2,"name":"TechnologieRegion Karlsruhe auf M\u00fcnchner Immobilien-Messe EXPO REAL unter dem Motto: \u201eK\u00fcnstliche Intelligenz in der Arbeitswelt\u201c"}]},{"@type":"WebSite","@id":"http:\/\/www.pamina-business.com\/de\/#website","url":"http:\/\/www.pamina-business.com\/de\/","name":"PAMINA Business Club","description":"Un site utilisant WordPress","potentialAction":[{"@type":"SearchAction","target":{"@type":"EntryPoint","urlTemplate":"http:\/\/www.pamina-business.com\/de\/?s={search_term_string}"},"query-input":{"@type":"PropertyValueSpecification","valueRequired":true,"valueName":"search_term_string"}}],"inLanguage":"de"},{"@type":"Person","@id":"http:\/\/www.pamina-business.com\/de\/#\/schema\/person\/9ab02536dbdbc5e3ef40bbc3452c8c69","name":"Monique STUTZMANN","image":{"@type":"ImageObject","inLanguage":"de","@id":"http:\/\/www.pamina-business.com\/de\/#\/schema\/person\/image\/","url":"https:\/\/secure.gravatar.com\/avatar\/cc1c3adf9a9f6e969d3da7b6b34ec66f5f4a6844dfc9145380a75e42cd91882e?s=96&d=mm&r=g","contentUrl":"https:\/\/secure.gravatar.com\/avatar\/cc1c3adf9a9f6e969d3da7b6b34ec66f5f4a6844dfc9145380a75e42cd91882e?s=96&d=mm&r=g","caption":"Monique STUTZMANN"},"url":"https:\/\/www.pamina-business.com\/de\/author\/monique\/"}]}},"_links":{"self":[{"href":"https:\/\/www.pamina-business.com\/de\/wp-json\/wp\/v2\/posts\/4148","targetHints":{"allow":["GET"]}}],"collection":[{"href":"https:\/\/www.pamina-business.com\/de\/wp-json\/wp\/v2\/posts"}],"about":[{"href":"https:\/\/www.pamina-business.com\/de\/wp-json\/wp\/v2\/types\/post"}],"author":[{"embeddable":true,"href":"https:\/\/www.pamina-business.com\/de\/wp-json\/wp\/v2\/users\/3"}],"replies":[{"embeddable":true,"href":"https:\/\/www.pamina-business.com\/de\/wp-json\/wp\/v2\/comments?post=4148"}],"version-history":[{"count":4,"href":"https:\/\/www.pamina-business.com\/de\/wp-json\/wp\/v2\/posts\/4148\/revisions"}],"predecessor-version":[{"id":4152,"href":"https:\/\/www.pamina-business.com\/de\/wp-json\/wp\/v2\/posts\/4148\/revisions\/4152"}],"wp:attachment":[{"href":"https:\/\/www.pamina-business.com\/de\/wp-json\/wp\/v2\/media?parent=4148"}],"wp:term":[{"taxonomy":"category","embeddable":true,"href":"https:\/\/www.pamina-business.com\/de\/wp-json\/wp\/v2\/categories?post=4148"},{"taxonomy":"post_tag","embeddable":true,"href":"https:\/\/www.pamina-business.com\/de\/wp-json\/wp\/v2\/tags?post=4148"}],"curies":[{"name":"wp","href":"https:\/\/api.w.org\/{rel}","templated":true}]}}