{"id":4002,"date":"2019-08-05T13:14:44","date_gmt":"2019-08-05T13:14:44","guid":{"rendered":"http:\/\/www.pamina-business.com\/?p=4002"},"modified":"2019-07-16T13:21:01","modified_gmt":"2019-07-16T13:21:01","slug":"5-eme-congres-trinational-climat-energie-le-17-10-2019-a-basel","status":"publish","type":"post","link":"https:\/\/www.pamina-business.com\/de\/5-eme-congres-trinational-climat-energie-le-17-10-2019-a-basel\/","title":{"rendered":"5 \u00e8me congr\u00e8s trinational climat-\u00e9nergie le 17.10.2019 \u00e0 Basel."},"content":{"rendered":"<p>TRION &#8211; climate organise un congr\u00e8s trinational consacr\u00e9 au climat et \u00e0 l&#8217;\u00e9nergie le 17.10.2019 \u00e0 Basel.<\/p>\n<p>Le th\u00e8me sera &#8220; Economie circulaire dans les secteurs du b\u00e2timent et de l&#8217;\u00e9nergie.<\/p>\n<p>Voir sous :<\/p>\n<p><a href=\"http:\/\/www.pamina-business.com\/wp-content\/uploads\/2019\/07\/Trion-Climate-171019.jpg\"><img loading=\"lazy\" decoding=\"async\" class=\"alignnone size-medium wp-image-3999\" src=\"http:\/\/www.pamina-business.com\/wp-content\/uploads\/2019\/07\/Trion-Climate-171019-208x300.jpg\" alt=\"Trion Climate 171019\" width=\"208\" height=\"300\" srcset=\"https:\/\/www.pamina-business.com\/wp-content\/uploads\/2019\/07\/Trion-Climate-171019-208x300.jpg 208w, https:\/\/www.pamina-business.com\/wp-content\/uploads\/2019\/07\/Trion-Climate-171019-709x1024.jpg 709w, https:\/\/www.pamina-business.com\/wp-content\/uploads\/2019\/07\/Trion-Climate-171019.jpg 720w\" sizes=\"auto, (max-width: 208px) 100vw, 208px\" \/><\/a><\/p>\n<p>Inscription sur le site : <a href=\"http:\/\/www.trion-climate.net\">www.trion-climate.net<\/a><\/p>\n<p><em>Source et contact :\u00a0 <strong>La direction de TRION-climate e.V.<\/strong><\/p>\n<p>Netzwerk f\u00fcr Energie und Klima der Trinationalen Metropolregion Oberrhein<br \/>\nR\u00e9seau \u00e9nergie-climat, R\u00e9gion M\u00e9tropolitaine Trinationale du Rhin Sup\u00e9rieur<\/p>\n<p>TRION-climate e.V. \u00a0 \u00a0 \u00a0 \u00a0 \u00a0 \u00a0<strong>@Info Trion <\/strong><br \/>\nGesch\u00e4ftsstelle \u00a0 \u00a0 \u00a0 \u00a0 \u00a0 \u00a0 \u00a0 \u00a0 \u00a0 \u00a0 \u00a0<a href=\"http:\/\/www.trion-climate.net\/\">www.trion-climate.net<\/a><br \/>\nFabrikstra\u00dfe 12 \u00a0 \u00a0 \u00a0 \u00a0 \u00a0 \u00a0 \u00a0 \u00a0 Tel. 0049 (0)7851\/48 42 580<br \/>\nD-77694 Kehl \u00a0 \u00a0 \u00a0 \u00a0 \u00a0 \u00a0 \u00a0 \u00a0 \u00a0 \u00a0Fax 0049 (0)7851\/48 42 582<\/p>\n<p><\/em><\/p>\n<p><\/script><\/p>\n<p><\/script><\/p>\n","protected":false},"excerpt":{"rendered":"<p>TRION &#8211; climate organise un congr\u00e8s trinational consacr\u00e9 au climat et \u00e0 l&#8217;\u00e9nergie le 17.10.2019 \u00e0 Basel. Le th\u00e8me sera &#8220; Economie circulaire dans les secteurs du b\u00e2timent et de l&#8217;\u00e9nergie. Voir sous : Inscription sur le site : www.trion-climate.net Source et contact :\u00a0 La direction de TRION-climate e.V. Netzwerk f\u00fcr Energie und Klima der [&hellip;]<\/p>\n","protected":false},"author":3,"featured_media":0,"comment_status":"open","ping_status":"open","sticky":false,"template":"","format":"standard","meta":{"_exactmetrics_skip_tracking":false,"_exactmetrics_sitenote_active":false,"_exactmetrics_sitenote_note":"","_exactmetrics_sitenote_category":0,"footnotes":""},"categories":[50,7],"tags":[],"class_list":["post-4002","post","type-post","status-publish","format-standard","hentry","category-energie-fr","category-evenements-fr"],"yoast_head":"<!-- This site is optimized with the Yoast SEO plugin v23.5 - https:\/\/yoast.com\/wordpress\/plugins\/seo\/ -->\n<title>5 \u00e8me congr\u00e8s trinational climat-\u00e9nergie le 17.10.2019 \u00e0 Basel. - PAMINA Business Club<\/title>\n<meta name=\"robots\" content=\"index, follow, max-snippet:-1, max-image-preview:large, max-video-preview:-1\" \/>\n<link rel=\"canonical\" href=\"https:\/\/www.pamina-business.com\/5-eme-congres-trinational-climat-energie-le-17-10-2019-a-basel\/\" \/>\n<meta property=\"og:locale\" content=\"de_DE\" \/>\n<meta property=\"og:type\" content=\"article\" \/>\n<meta property=\"og:title\" content=\"5 \u00e8me congr\u00e8s trinational climat-\u00e9nergie le 17.10.2019 \u00e0 Basel. - PAMINA Business Club\" \/>\n<meta property=\"og:description\" content=\"TRION &#8211; climate organise un congr\u00e8s trinational consacr\u00e9 au climat et \u00e0 l&#8217;\u00e9nergie le 17.10.2019 \u00e0 Basel. Le th\u00e8me sera &#8220; Economie circulaire dans les secteurs du b\u00e2timent et de l&#8217;\u00e9nergie. Voir sous : Inscription sur le site : www.trion-climate.net Source et contact :\u00a0 La direction de TRION-climate e.V. Netzwerk f\u00fcr Energie und Klima der [&hellip;]\" \/>\n<meta property=\"og:url\" content=\"https:\/\/www.pamina-business.com\/5-eme-congres-trinational-climat-energie-le-17-10-2019-a-basel\/\" \/>\n<meta property=\"og:site_name\" content=\"PAMINA Business Club\" \/>\n<meta property=\"article:published_time\" content=\"2019-08-05T13:14:44+00:00\" \/>\n<meta property=\"article:modified_time\" content=\"2019-07-16T13:21:01+00:00\" \/>\n<meta property=\"og:image\" content=\"http:\/\/www.pamina-business.com\/wp-content\/uploads\/2019\/07\/Trion-Climate-171019-208x300.jpg\" \/>\n<meta name=\"author\" content=\"Monique STUTZMANN\" \/>\n<meta name=\"twitter:card\" content=\"summary_large_image\" \/>\n<meta name=\"twitter:label1\" content=\"Verfasst von\" \/>\n\t<meta name=\"twitter:data1\" content=\"Monique STUTZMANN\" \/>\n<script type=\"application\/ld+json\" class=\"yoast-schema-graph\">{\"@context\":\"https:\/\/schema.org\",\"@graph\":[{\"@type\":\"WebPage\",\"@id\":\"https:\/\/www.pamina-business.com\/5-eme-congres-trinational-climat-energie-le-17-10-2019-a-basel\/\",\"url\":\"https:\/\/www.pamina-business.com\/5-eme-congres-trinational-climat-energie-le-17-10-2019-a-basel\/\",\"name\":\"5 \u00e8me congr\u00e8s trinational climat-\u00e9nergie le 17.10.2019 \u00e0 Basel. - PAMINA Business Club\",\"isPartOf\":{\"@id\":\"https:\/\/www.pamina-business.com\/de\/#website\"},\"primaryImageOfPage\":{\"@id\":\"https:\/\/www.pamina-business.com\/5-eme-congres-trinational-climat-energie-le-17-10-2019-a-basel\/#primaryimage\"},\"image\":{\"@id\":\"https:\/\/www.pamina-business.com\/5-eme-congres-trinational-climat-energie-le-17-10-2019-a-basel\/#primaryimage\"},\"thumbnailUrl\":\"http:\/\/www.pamina-business.com\/wp-content\/uploads\/2019\/07\/Trion-Climate-171019-208x300.jpg\",\"datePublished\":\"2019-08-05T13:14:44+00:00\",\"dateModified\":\"2019-07-16T13:21:01+00:00\",\"author\":{\"@id\":\"https:\/\/www.pamina-business.com\/de\/#\/schema\/person\/9ab02536dbdbc5e3ef40bbc3452c8c69\"},\"breadcrumb\":{\"@id\":\"https:\/\/www.pamina-business.com\/5-eme-congres-trinational-climat-energie-le-17-10-2019-a-basel\/#breadcrumb\"},\"inLanguage\":\"de\",\"potentialAction\":[{\"@type\":\"ReadAction\",\"target\":[\"https:\/\/www.pamina-business.com\/5-eme-congres-trinational-climat-energie-le-17-10-2019-a-basel\/\"]}]},{\"@type\":\"ImageObject\",\"inLanguage\":\"de\",\"@id\":\"https:\/\/www.pamina-business.com\/5-eme-congres-trinational-climat-energie-le-17-10-2019-a-basel\/#primaryimage\",\"url\":\"http:\/\/www.pamina-business.com\/wp-content\/uploads\/2019\/07\/Trion-Climate-171019-208x300.jpg\",\"contentUrl\":\"http:\/\/www.pamina-business.com\/wp-content\/uploads\/2019\/07\/Trion-Climate-171019-208x300.jpg\"},{\"@type\":\"BreadcrumbList\",\"@id\":\"https:\/\/www.pamina-business.com\/5-eme-congres-trinational-climat-energie-le-17-10-2019-a-basel\/#breadcrumb\",\"itemListElement\":[{\"@type\":\"ListItem\",\"position\":1,\"name\":\"Accueil\",\"item\":\"https:\/\/www.pamina-business.com\/de\/\"},{\"@type\":\"ListItem\",\"position\":2,\"name\":\"5 \u00e8me congr\u00e8s trinational climat-\u00e9nergie le 17.10.2019 \u00e0 Basel.\"}]},{\"@type\":\"WebSite\",\"@id\":\"https:\/\/www.pamina-business.com\/de\/#website\",\"url\":\"https:\/\/www.pamina-business.com\/de\/\",\"name\":\"PAMINA Business Club\",\"description\":\"Un site utilisant WordPress\",\"potentialAction\":[{\"@type\":\"SearchAction\",\"target\":{\"@type\":\"EntryPoint\",\"urlTemplate\":\"https:\/\/www.pamina-business.com\/de\/?s={search_term_string}\"},\"query-input\":{\"@type\":\"PropertyValueSpecification\",\"valueRequired\":true,\"valueName\":\"search_term_string\"}}],\"inLanguage\":\"de\"},{\"@type\":\"Person\",\"@id\":\"https:\/\/www.pamina-business.com\/de\/#\/schema\/person\/9ab02536dbdbc5e3ef40bbc3452c8c69\",\"name\":\"Monique STUTZMANN\",\"image\":{\"@type\":\"ImageObject\",\"inLanguage\":\"de\",\"@id\":\"https:\/\/www.pamina-business.com\/de\/#\/schema\/person\/image\/\",\"url\":\"https:\/\/secure.gravatar.com\/avatar\/cc1c3adf9a9f6e969d3da7b6b34ec66f5f4a6844dfc9145380a75e42cd91882e?s=96&d=mm&r=g\",\"contentUrl\":\"https:\/\/secure.gravatar.com\/avatar\/cc1c3adf9a9f6e969d3da7b6b34ec66f5f4a6844dfc9145380a75e42cd91882e?s=96&d=mm&r=g\",\"caption\":\"Monique STUTZMANN\"},\"url\":\"https:\/\/www.pamina-business.com\/de\/author\/monique\/\"}]}<\/script>\n<!-- \/ Yoast SEO plugin. -->","yoast_head_json":{"title":"5 \u00e8me congr\u00e8s trinational climat-\u00e9nergie le 17.10.2019 \u00e0 Basel. - PAMINA Business Club","robots":{"index":"index","follow":"follow","max-snippet":"max-snippet:-1","max-image-preview":"max-image-preview:large","max-video-preview":"max-video-preview:-1"},"canonical":"https:\/\/www.pamina-business.com\/5-eme-congres-trinational-climat-energie-le-17-10-2019-a-basel\/","og_locale":"de_DE","og_type":"article","og_title":"5 \u00e8me congr\u00e8s trinational climat-\u00e9nergie le 17.10.2019 \u00e0 Basel. - PAMINA Business Club","og_description":"TRION &#8211; climate organise un congr\u00e8s trinational consacr\u00e9 au climat et \u00e0 l&#8217;\u00e9nergie le 17.10.2019 \u00e0 Basel. Le th\u00e8me sera &#8220; Economie circulaire dans les secteurs du b\u00e2timent et de l&#8217;\u00e9nergie. Voir sous : Inscription sur le site : www.trion-climate.net Source et contact :\u00a0 La direction de TRION-climate e.V. Netzwerk f\u00fcr Energie und Klima der [&hellip;]","og_url":"https:\/\/www.pamina-business.com\/5-eme-congres-trinational-climat-energie-le-17-10-2019-a-basel\/","og_site_name":"PAMINA Business Club","article_published_time":"2019-08-05T13:14:44+00:00","article_modified_time":"2019-07-16T13:21:01+00:00","og_image":[{"url":"http:\/\/www.pamina-business.com\/wp-content\/uploads\/2019\/07\/Trion-Climate-171019-208x300.jpg"}],"author":"Monique STUTZMANN","twitter_card":"summary_large_image","twitter_misc":{"Verfasst von":"Monique STUTZMANN"},"schema":{"@context":"https:\/\/schema.org","@graph":[{"@type":"WebPage","@id":"https:\/\/www.pamina-business.com\/5-eme-congres-trinational-climat-energie-le-17-10-2019-a-basel\/","url":"https:\/\/www.pamina-business.com\/5-eme-congres-trinational-climat-energie-le-17-10-2019-a-basel\/","name":"5 \u00e8me congr\u00e8s trinational climat-\u00e9nergie le 17.10.2019 \u00e0 Basel. - PAMINA Business Club","isPartOf":{"@id":"https:\/\/www.pamina-business.com\/de\/#website"},"primaryImageOfPage":{"@id":"https:\/\/www.pamina-business.com\/5-eme-congres-trinational-climat-energie-le-17-10-2019-a-basel\/#primaryimage"},"image":{"@id":"https:\/\/www.pamina-business.com\/5-eme-congres-trinational-climat-energie-le-17-10-2019-a-basel\/#primaryimage"},"thumbnailUrl":"http:\/\/www.pamina-business.com\/wp-content\/uploads\/2019\/07\/Trion-Climate-171019-208x300.jpg","datePublished":"2019-08-05T13:14:44+00:00","dateModified":"2019-07-16T13:21:01+00:00","author":{"@id":"https:\/\/www.pamina-business.com\/de\/#\/schema\/person\/9ab02536dbdbc5e3ef40bbc3452c8c69"},"breadcrumb":{"@id":"https:\/\/www.pamina-business.com\/5-eme-congres-trinational-climat-energie-le-17-10-2019-a-basel\/#breadcrumb"},"inLanguage":"de","potentialAction":[{"@type":"ReadAction","target":["https:\/\/www.pamina-business.com\/5-eme-congres-trinational-climat-energie-le-17-10-2019-a-basel\/"]}]},{"@type":"ImageObject","inLanguage":"de","@id":"https:\/\/www.pamina-business.com\/5-eme-congres-trinational-climat-energie-le-17-10-2019-a-basel\/#primaryimage","url":"http:\/\/www.pamina-business.com\/wp-content\/uploads\/2019\/07\/Trion-Climate-171019-208x300.jpg","contentUrl":"http:\/\/www.pamina-business.com\/wp-content\/uploads\/2019\/07\/Trion-Climate-171019-208x300.jpg"},{"@type":"BreadcrumbList","@id":"https:\/\/www.pamina-business.com\/5-eme-congres-trinational-climat-energie-le-17-10-2019-a-basel\/#breadcrumb","itemListElement":[{"@type":"ListItem","position":1,"name":"Accueil","item":"https:\/\/www.pamina-business.com\/de\/"},{"@type":"ListItem","position":2,"name":"5 \u00e8me congr\u00e8s trinational climat-\u00e9nergie le 17.10.2019 \u00e0 Basel."}]},{"@type":"WebSite","@id":"https:\/\/www.pamina-business.com\/de\/#website","url":"https:\/\/www.pamina-business.com\/de\/","name":"PAMINA Business Club","description":"Un site utilisant WordPress","potentialAction":[{"@type":"SearchAction","target":{"@type":"EntryPoint","urlTemplate":"https:\/\/www.pamina-business.com\/de\/?s={search_term_string}"},"query-input":{"@type":"PropertyValueSpecification","valueRequired":true,"valueName":"search_term_string"}}],"inLanguage":"de"},{"@type":"Person","@id":"https:\/\/www.pamina-business.com\/de\/#\/schema\/person\/9ab02536dbdbc5e3ef40bbc3452c8c69","name":"Monique STUTZMANN","image":{"@type":"ImageObject","inLanguage":"de","@id":"https:\/\/www.pamina-business.com\/de\/#\/schema\/person\/image\/","url":"https:\/\/secure.gravatar.com\/avatar\/cc1c3adf9a9f6e969d3da7b6b34ec66f5f4a6844dfc9145380a75e42cd91882e?s=96&d=mm&r=g","contentUrl":"https:\/\/secure.gravatar.com\/avatar\/cc1c3adf9a9f6e969d3da7b6b34ec66f5f4a6844dfc9145380a75e42cd91882e?s=96&d=mm&r=g","caption":"Monique STUTZMANN"},"url":"https:\/\/www.pamina-business.com\/de\/author\/monique\/"}]}},"_links":{"self":[{"href":"https:\/\/www.pamina-business.com\/de\/wp-json\/wp\/v2\/posts\/4002","targetHints":{"allow":["GET"]}}],"collection":[{"href":"https:\/\/www.pamina-business.com\/de\/wp-json\/wp\/v2\/posts"}],"about":[{"href":"https:\/\/www.pamina-business.com\/de\/wp-json\/wp\/v2\/types\/post"}],"author":[{"embeddable":true,"href":"https:\/\/www.pamina-business.com\/de\/wp-json\/wp\/v2\/users\/3"}],"replies":[{"embeddable":true,"href":"https:\/\/www.pamina-business.com\/de\/wp-json\/wp\/v2\/comments?post=4002"}],"version-history":[{"count":2,"href":"https:\/\/www.pamina-business.com\/de\/wp-json\/wp\/v2\/posts\/4002\/revisions"}],"predecessor-version":[{"id":4004,"href":"https:\/\/www.pamina-business.com\/de\/wp-json\/wp\/v2\/posts\/4002\/revisions\/4004"}],"wp:attachment":[{"href":"https:\/\/www.pamina-business.com\/de\/wp-json\/wp\/v2\/media?parent=4002"}],"wp:term":[{"taxonomy":"category","embeddable":true,"href":"https:\/\/www.pamina-business.com\/de\/wp-json\/wp\/v2\/categories?post=4002"},{"taxonomy":"post_tag","embeddable":true,"href":"https:\/\/www.pamina-business.com\/de\/wp-json\/wp\/v2\/tags?post=4002"}],"curies":[{"name":"wp","href":"https:\/\/api.w.org\/{rel}","templated":true}]}}