{"id":3901,"date":"2019-06-28T08:24:29","date_gmt":"2019-06-28T08:24:29","guid":{"rendered":"http:\/\/www.pamina-business.com\/?p=3901"},"modified":"2019-06-18T08:27:37","modified_gmt":"2019-06-18T08:27:37","slug":"festival-de-musique-dettlingen-la-region-pamina-est-invitee","status":"publish","type":"post","link":"https:\/\/www.pamina-business.com\/de\/festival-de-musique-dettlingen-la-region-pamina-est-invitee\/","title":{"rendered":"Festival de musique d&#8217;Ettlingen : la r\u00e9gion PAMINA est invit\u00e9e."},"content":{"rendered":"<section id=\"mainSection\">\n<div class=\"fmodele fmodeleScroll tpl_fiche\">\n<div class=\"agendas-fiche\">\n<article class=\"media\">\n<div class=\"media-object\"><img decoding=\"async\" src=\"https:\/\/www.eurodistrict-pamina.eu\/globalflexit\/images\/img_base\/agendas\/835_556_1_plakat-ettlinger-musikfestival-fur-vereine.jpg\" alt=\"Ettlinger Musikfestival - die PAMINA Region zu Gast\" \/><\/div>\n<div class=\"media-body\"><br class=\"media-heading\" \/><\/p>\n<div class=\"contenu\">\n<p>Le dimanche 7 juillet, le festival de musique de la ville d&#8217;Ettlingen proposera une <strong>rencontre pour les formations musicales amateurs de toutes sortes.<\/strong> Les associations musicales et ensembles de chant, les cuivres, l&#8217;accord\u00e9on, la mandoline et les orchestres classiques, ainsi que les petits ensembles, b\u00e9n\u00e9ficient d&#8217;un spectacle professionnel sur les sc\u00e8nes en plein air de la vieille ville. Les sp\u00e9ctacles auront lieu dans la cour du ch\u00e2teau avec le magnifique d\u00e9cor du c\u00e9l\u00e8bre festival du ch\u00e2teau d&#8217;Ettlingen ainsi que dans diff\u00e9rentes salles du ch\u00e2teau.<\/p>\n<p>Le festival de musique offre un espace d&#8217;\u00e9change et d&#8217;inspiration mutuelle, il offre des suggestions, des impulsions et des id\u00e9es pour son propre travail. <strong>70 chorales et orchestres de Harthausen en Palatinat \u00e0 Illkirch-Graffenstaden en Alsace et Ottenh\u00f6fen en For\u00eat-Noire pr\u00e9sentent leur programme musical<\/strong>.<\/p>\n<p>Le salon de jazz sur le parvis du ch\u00e2teau, la sc\u00e8ne de musique pop dans la cour du ch\u00e2teau et la r\u00e9union des chorales d&#8217;enfants et de jeunes de l&#8217;Association des chorales de Karlsruhe sur la place Hugo-Rimmelspacher-Platz font partie des points forts de la manifestation.<\/p>\n<p><strong>La journ\u00e9e commence \u00e0 10h30 avec un service oecum\u00e9nique sur la sc\u00e8ne principale de la place du march\u00e9. A 11h30, les pr\u00e9sentations des diff\u00e9rents groupes de musique commencent.<\/strong><\/p>\n<p>Apr\u00e8s les concerts de centaines de\u00a0musiciens, \u00e0\u00a0<strong>18h00<\/strong> tous les visiteurs viennent ensemble sur la place du march\u00e9 afin de laisser la journ\u00e9e se terminer avec un <strong>grand concert de cl\u00f4ture<\/strong>.<\/p>\n<p><em>Source<\/em> : <a href=\"http:\/\/www.eurodistrict-pamina.eu\">www.eurodistrict-pamina.eu<\/a><\/p>\n<p><em>Contact<\/em> : <a href=\"&#x6d;&#97;i&#x6c;&#116;o&#x3a;&#105;n&#x66;&#111;&#64;&#x65;&#117;r&#x6f;&#x64;i&#x73;&#x74;&#114;&#x69;&#x63;&#116;&#x2d;&#x70;&#97;m&#x69;&#110;a&#x2e;&#101;u\">&#x69;&#110;f&#x6f;&#64;e&#x75;&#x72;&#111;&#x64;&#x69;&#115;t&#x72;&#105;c&#x74;&#x2d;&#112;&#x61;&#x6d;&#105;n&#x61;&#46;e&#x75; <\/a><\/p>\n<\/div>\n<\/div>\n<\/article>\n<\/div>\n<\/div>\n<\/section>\n<p><\/script><\/p>\n","protected":false},"excerpt":{"rendered":"<p>Le dimanche 7 juillet, le festival de musique de la ville d&#8217;Ettlingen proposera une rencontre pour les formations musicales amateurs de toutes sortes. Les associations musicales et ensembles de chant, les cuivres, l&#8217;accord\u00e9on, la mandoline et les orchestres classiques, ainsi que les petits ensembles, b\u00e9n\u00e9ficient d&#8217;un spectacle professionnel sur les sc\u00e8nes en plein air de [&hellip;]<\/p>\n","protected":false},"author":3,"featured_media":0,"comment_status":"open","ping_status":"open","sticky":false,"template":"","format":"standard","meta":{"_exactmetrics_skip_tracking":false,"_exactmetrics_sitenote_active":false,"_exactmetrics_sitenote_note":"","_exactmetrics_sitenote_category":0,"footnotes":""},"categories":[7,13],"tags":[],"class_list":["post-3901","post","type-post","status-publish","format-standard","hentry","category-evenements-fr","category-tourisme-fr"],"yoast_head":"<!-- This site is optimized with the Yoast SEO plugin v23.5 - https:\/\/yoast.com\/wordpress\/plugins\/seo\/ -->\n<title>Festival de musique d&#039;Ettlingen : la r\u00e9gion PAMINA est invit\u00e9e. - PAMINA Business Club<\/title>\n<meta name=\"robots\" content=\"index, follow, max-snippet:-1, max-image-preview:large, max-video-preview:-1\" \/>\n<link rel=\"canonical\" href=\"https:\/\/www.pamina-business.com\/de\/festival-de-musique-dettlingen-la-region-pamina-est-invitee\/\" \/>\n<meta property=\"og:locale\" content=\"de_DE\" \/>\n<meta property=\"og:type\" content=\"article\" \/>\n<meta property=\"og:title\" content=\"Festival de musique d&#039;Ettlingen : la r\u00e9gion PAMINA est invit\u00e9e. - PAMINA Business Club\" \/>\n<meta property=\"og:description\" content=\"Le dimanche 7 juillet, le festival de musique de la ville d&#8217;Ettlingen proposera une rencontre pour les formations musicales amateurs de toutes sortes. Les associations musicales et ensembles de chant, les cuivres, l&#8217;accord\u00e9on, la mandoline et les orchestres classiques, ainsi que les petits ensembles, b\u00e9n\u00e9ficient d&#8217;un spectacle professionnel sur les sc\u00e8nes en plein air de [&hellip;]\" \/>\n<meta property=\"og:url\" content=\"https:\/\/www.pamina-business.com\/de\/festival-de-musique-dettlingen-la-region-pamina-est-invitee\/\" \/>\n<meta property=\"og:site_name\" content=\"PAMINA Business Club\" \/>\n<meta property=\"article:published_time\" content=\"2019-06-28T08:24:29+00:00\" \/>\n<meta property=\"article:modified_time\" content=\"2019-06-18T08:27:37+00:00\" \/>\n<meta property=\"og:image\" content=\"https:\/\/www.eurodistrict-pamina.eu\/globalflexit\/images\/img_base\/agendas\/835_556_1_plakat-ettlinger-musikfestival-fur-vereine.jpg\" \/>\n<meta name=\"author\" content=\"Monique STUTZMANN\" \/>\n<meta name=\"twitter:card\" content=\"summary_large_image\" \/>\n<meta name=\"twitter:label1\" content=\"Verfasst von\" \/>\n\t<meta name=\"twitter:data1\" content=\"Monique STUTZMANN\" \/>\n\t<meta name=\"twitter:label2\" content=\"Gesch\u00e4tzte Lesezeit\" \/>\n\t<meta name=\"twitter:data2\" content=\"1\u00a0Minute\" \/>\n<script type=\"application\/ld+json\" class=\"yoast-schema-graph\">{\"@context\":\"https:\/\/schema.org\",\"@graph\":[{\"@type\":\"WebPage\",\"@id\":\"https:\/\/www.pamina-business.com\/de\/festival-de-musique-dettlingen-la-region-pamina-est-invitee\/\",\"url\":\"https:\/\/www.pamina-business.com\/de\/festival-de-musique-dettlingen-la-region-pamina-est-invitee\/\",\"name\":\"Festival de musique d'Ettlingen : la r\u00e9gion PAMINA est invit\u00e9e. - PAMINA Business Club\",\"isPartOf\":{\"@id\":\"https:\/\/www.pamina-business.com\/en\/#website\"},\"primaryImageOfPage\":{\"@id\":\"https:\/\/www.pamina-business.com\/de\/festival-de-musique-dettlingen-la-region-pamina-est-invitee\/#primaryimage\"},\"image\":{\"@id\":\"https:\/\/www.pamina-business.com\/de\/festival-de-musique-dettlingen-la-region-pamina-est-invitee\/#primaryimage\"},\"thumbnailUrl\":\"https:\/\/www.eurodistrict-pamina.eu\/globalflexit\/images\/img_base\/agendas\/835_556_1_plakat-ettlinger-musikfestival-fur-vereine.jpg\",\"datePublished\":\"2019-06-28T08:24:29+00:00\",\"dateModified\":\"2019-06-18T08:27:37+00:00\",\"author\":{\"@id\":\"https:\/\/www.pamina-business.com\/en\/#\/schema\/person\/9ab02536dbdbc5e3ef40bbc3452c8c69\"},\"breadcrumb\":{\"@id\":\"https:\/\/www.pamina-business.com\/de\/festival-de-musique-dettlingen-la-region-pamina-est-invitee\/#breadcrumb\"},\"inLanguage\":\"de\",\"potentialAction\":[{\"@type\":\"ReadAction\",\"target\":[\"https:\/\/www.pamina-business.com\/de\/festival-de-musique-dettlingen-la-region-pamina-est-invitee\/\"]}]},{\"@type\":\"ImageObject\",\"inLanguage\":\"de\",\"@id\":\"https:\/\/www.pamina-business.com\/de\/festival-de-musique-dettlingen-la-region-pamina-est-invitee\/#primaryimage\",\"url\":\"https:\/\/www.eurodistrict-pamina.eu\/globalflexit\/images\/img_base\/agendas\/835_556_1_plakat-ettlinger-musikfestival-fur-vereine.jpg\",\"contentUrl\":\"https:\/\/www.eurodistrict-pamina.eu\/globalflexit\/images\/img_base\/agendas\/835_556_1_plakat-ettlinger-musikfestival-fur-vereine.jpg\"},{\"@type\":\"BreadcrumbList\",\"@id\":\"https:\/\/www.pamina-business.com\/de\/festival-de-musique-dettlingen-la-region-pamina-est-invitee\/#breadcrumb\",\"itemListElement\":[{\"@type\":\"ListItem\",\"position\":1,\"name\":\"Accueil\",\"item\":\"https:\/\/www.pamina-business.com\/de\/\"},{\"@type\":\"ListItem\",\"position\":2,\"name\":\"Festival de musique d&#8217;Ettlingen : la r\u00e9gion PAMINA est invit\u00e9e.\"}]},{\"@type\":\"WebSite\",\"@id\":\"https:\/\/www.pamina-business.com\/en\/#website\",\"url\":\"https:\/\/www.pamina-business.com\/en\/\",\"name\":\"PAMINA Business Club\",\"description\":\"Un site utilisant WordPress\",\"potentialAction\":[{\"@type\":\"SearchAction\",\"target\":{\"@type\":\"EntryPoint\",\"urlTemplate\":\"https:\/\/www.pamina-business.com\/en\/?s={search_term_string}\"},\"query-input\":{\"@type\":\"PropertyValueSpecification\",\"valueRequired\":true,\"valueName\":\"search_term_string\"}}],\"inLanguage\":\"de\"},{\"@type\":\"Person\",\"@id\":\"https:\/\/www.pamina-business.com\/en\/#\/schema\/person\/9ab02536dbdbc5e3ef40bbc3452c8c69\",\"name\":\"Monique STUTZMANN\",\"image\":{\"@type\":\"ImageObject\",\"inLanguage\":\"de\",\"@id\":\"https:\/\/www.pamina-business.com\/en\/#\/schema\/person\/image\/\",\"url\":\"https:\/\/secure.gravatar.com\/avatar\/cc1c3adf9a9f6e969d3da7b6b34ec66f5f4a6844dfc9145380a75e42cd91882e?s=96&d=mm&r=g\",\"contentUrl\":\"https:\/\/secure.gravatar.com\/avatar\/cc1c3adf9a9f6e969d3da7b6b34ec66f5f4a6844dfc9145380a75e42cd91882e?s=96&d=mm&r=g\",\"caption\":\"Monique STUTZMANN\"},\"url\":\"https:\/\/www.pamina-business.com\/de\/author\/monique\/\"}]}<\/script>\n<!-- \/ Yoast SEO plugin. -->","yoast_head_json":{"title":"Festival de musique d'Ettlingen : la r\u00e9gion PAMINA est invit\u00e9e. - PAMINA Business Club","robots":{"index":"index","follow":"follow","max-snippet":"max-snippet:-1","max-image-preview":"max-image-preview:large","max-video-preview":"max-video-preview:-1"},"canonical":"https:\/\/www.pamina-business.com\/de\/festival-de-musique-dettlingen-la-region-pamina-est-invitee\/","og_locale":"de_DE","og_type":"article","og_title":"Festival de musique d'Ettlingen : la r\u00e9gion PAMINA est invit\u00e9e. - PAMINA Business Club","og_description":"Le dimanche 7 juillet, le festival de musique de la ville d&#8217;Ettlingen proposera une rencontre pour les formations musicales amateurs de toutes sortes. Les associations musicales et ensembles de chant, les cuivres, l&#8217;accord\u00e9on, la mandoline et les orchestres classiques, ainsi que les petits ensembles, b\u00e9n\u00e9ficient d&#8217;un spectacle professionnel sur les sc\u00e8nes en plein air de [&hellip;]","og_url":"https:\/\/www.pamina-business.com\/de\/festival-de-musique-dettlingen-la-region-pamina-est-invitee\/","og_site_name":"PAMINA Business Club","article_published_time":"2019-06-28T08:24:29+00:00","article_modified_time":"2019-06-18T08:27:37+00:00","og_image":[{"url":"https:\/\/www.eurodistrict-pamina.eu\/globalflexit\/images\/img_base\/agendas\/835_556_1_plakat-ettlinger-musikfestival-fur-vereine.jpg"}],"author":"Monique STUTZMANN","twitter_card":"summary_large_image","twitter_misc":{"Verfasst von":"Monique STUTZMANN","Gesch\u00e4tzte Lesezeit":"1\u00a0Minute"},"schema":{"@context":"https:\/\/schema.org","@graph":[{"@type":"WebPage","@id":"https:\/\/www.pamina-business.com\/de\/festival-de-musique-dettlingen-la-region-pamina-est-invitee\/","url":"https:\/\/www.pamina-business.com\/de\/festival-de-musique-dettlingen-la-region-pamina-est-invitee\/","name":"Festival de musique d'Ettlingen : la r\u00e9gion PAMINA est invit\u00e9e. - PAMINA Business Club","isPartOf":{"@id":"https:\/\/www.pamina-business.com\/en\/#website"},"primaryImageOfPage":{"@id":"https:\/\/www.pamina-business.com\/de\/festival-de-musique-dettlingen-la-region-pamina-est-invitee\/#primaryimage"},"image":{"@id":"https:\/\/www.pamina-business.com\/de\/festival-de-musique-dettlingen-la-region-pamina-est-invitee\/#primaryimage"},"thumbnailUrl":"https:\/\/www.eurodistrict-pamina.eu\/globalflexit\/images\/img_base\/agendas\/835_556_1_plakat-ettlinger-musikfestival-fur-vereine.jpg","datePublished":"2019-06-28T08:24:29+00:00","dateModified":"2019-06-18T08:27:37+00:00","author":{"@id":"https:\/\/www.pamina-business.com\/en\/#\/schema\/person\/9ab02536dbdbc5e3ef40bbc3452c8c69"},"breadcrumb":{"@id":"https:\/\/www.pamina-business.com\/de\/festival-de-musique-dettlingen-la-region-pamina-est-invitee\/#breadcrumb"},"inLanguage":"de","potentialAction":[{"@type":"ReadAction","target":["https:\/\/www.pamina-business.com\/de\/festival-de-musique-dettlingen-la-region-pamina-est-invitee\/"]}]},{"@type":"ImageObject","inLanguage":"de","@id":"https:\/\/www.pamina-business.com\/de\/festival-de-musique-dettlingen-la-region-pamina-est-invitee\/#primaryimage","url":"https:\/\/www.eurodistrict-pamina.eu\/globalflexit\/images\/img_base\/agendas\/835_556_1_plakat-ettlinger-musikfestival-fur-vereine.jpg","contentUrl":"https:\/\/www.eurodistrict-pamina.eu\/globalflexit\/images\/img_base\/agendas\/835_556_1_plakat-ettlinger-musikfestival-fur-vereine.jpg"},{"@type":"BreadcrumbList","@id":"https:\/\/www.pamina-business.com\/de\/festival-de-musique-dettlingen-la-region-pamina-est-invitee\/#breadcrumb","itemListElement":[{"@type":"ListItem","position":1,"name":"Accueil","item":"https:\/\/www.pamina-business.com\/de\/"},{"@type":"ListItem","position":2,"name":"Festival de musique d&#8217;Ettlingen : la r\u00e9gion PAMINA est invit\u00e9e."}]},{"@type":"WebSite","@id":"https:\/\/www.pamina-business.com\/en\/#website","url":"https:\/\/www.pamina-business.com\/en\/","name":"PAMINA Business Club","description":"Un site utilisant WordPress","potentialAction":[{"@type":"SearchAction","target":{"@type":"EntryPoint","urlTemplate":"https:\/\/www.pamina-business.com\/en\/?s={search_term_string}"},"query-input":{"@type":"PropertyValueSpecification","valueRequired":true,"valueName":"search_term_string"}}],"inLanguage":"de"},{"@type":"Person","@id":"https:\/\/www.pamina-business.com\/en\/#\/schema\/person\/9ab02536dbdbc5e3ef40bbc3452c8c69","name":"Monique STUTZMANN","image":{"@type":"ImageObject","inLanguage":"de","@id":"https:\/\/www.pamina-business.com\/en\/#\/schema\/person\/image\/","url":"https:\/\/secure.gravatar.com\/avatar\/cc1c3adf9a9f6e969d3da7b6b34ec66f5f4a6844dfc9145380a75e42cd91882e?s=96&d=mm&r=g","contentUrl":"https:\/\/secure.gravatar.com\/avatar\/cc1c3adf9a9f6e969d3da7b6b34ec66f5f4a6844dfc9145380a75e42cd91882e?s=96&d=mm&r=g","caption":"Monique STUTZMANN"},"url":"https:\/\/www.pamina-business.com\/de\/author\/monique\/"}]}},"_links":{"self":[{"href":"https:\/\/www.pamina-business.com\/de\/wp-json\/wp\/v2\/posts\/3901","targetHints":{"allow":["GET"]}}],"collection":[{"href":"https:\/\/www.pamina-business.com\/de\/wp-json\/wp\/v2\/posts"}],"about":[{"href":"https:\/\/www.pamina-business.com\/de\/wp-json\/wp\/v2\/types\/post"}],"author":[{"embeddable":true,"href":"https:\/\/www.pamina-business.com\/de\/wp-json\/wp\/v2\/users\/3"}],"replies":[{"embeddable":true,"href":"https:\/\/www.pamina-business.com\/de\/wp-json\/wp\/v2\/comments?post=3901"}],"version-history":[{"count":1,"href":"https:\/\/www.pamina-business.com\/de\/wp-json\/wp\/v2\/posts\/3901\/revisions"}],"predecessor-version":[{"id":3902,"href":"https:\/\/www.pamina-business.com\/de\/wp-json\/wp\/v2\/posts\/3901\/revisions\/3902"}],"wp:attachment":[{"href":"https:\/\/www.pamina-business.com\/de\/wp-json\/wp\/v2\/media?parent=3901"}],"wp:term":[{"taxonomy":"category","embeddable":true,"href":"https:\/\/www.pamina-business.com\/de\/wp-json\/wp\/v2\/categories?post=3901"},{"taxonomy":"post_tag","embeddable":true,"href":"https:\/\/www.pamina-business.com\/de\/wp-json\/wp\/v2\/tags?post=3901"}],"curies":[{"name":"wp","href":"https:\/\/api.w.org\/{rel}","templated":true}]}}