{"id":3859,"date":"2019-05-28T14:22:36","date_gmt":"2019-05-28T14:22:36","guid":{"rendered":"http:\/\/www.pamina-business.com\/?p=3859"},"modified":"2019-05-27T14:25:38","modified_gmt":"2019-05-27T14:25:38","slug":"stadt-karlsruhe-die-veranstaltungen-in-mai-und-juni-2019","status":"publish","type":"post","link":"https:\/\/www.pamina-business.com\/de\/stadt-karlsruhe-die-veranstaltungen-in-mai-und-juni-2019\/","title":{"rendered":"Stadt Karlsruhe : die Veranstaltungen in Mai und Juni 2019"},"content":{"rendered":"<p><strong>Vortrag \u201eEnergiewende im W\u00e4rmesektor\u201c<\/strong><br \/>\nBene M\u00fcller, Vorstand der solarcomplex AG, Singen<br \/>\n29.05.2019<br \/>\n<strong>an der Hochschule Karlsruhe \u2013 Technik und Wirtschaft<\/strong><br \/>\nFakult\u00e4t f\u00fcr Elektro- und Informationstechnik von<br \/>\n15.40 bis 17.10 Uhr im H\u00f6rsaal Elektrotechnik<br \/>\n(he) im Geb\u00e4ude LI der Hochschule Karlsruhe, Moltkestr. 30,<br \/>\n76133 Karlsruhe, zum \u00f6ffentlichen Vortrag \u201eEnergiewende im W\u00e4rmesektor\u201c ein. Der Eintritt ist frei.<\/p>\n<p><a href=\"http:\/\/energieforum-karlsruhe.de\/de\/news-events\/events\/veranstaltungen-detail\/7c39782ed3264e3099e5aa49c7c06d5c\/?L=0ador.html86\u00c3\u00a6\u00e2\u20ac\u00a2\u00c2\u00b8\u00c3\u00a6\u00c2\ufffd\u00e2\u20ac\u00ba\u00c3\u00a7\u00c2\u00ae\u00e2\u20ac\u201d\u00c3\u00a5\u00e2\u20ac\u00a6\u00c2\u00ac\u00c3\u00a5\u00c2\u00bc\u00c2\ufffd.xls44&amp;tx_dpcalendar_list%5Bevent%5D=84&amp;tx_dpcalendar_list%5Baction%5D=show&amp;tx_dpcalendar_list%5Bcontroller%5D=Event#c571\"><strong>Company Speed Dating Energy<\/strong><\/a><br \/>\n06.06.2019<br \/>\n<strong>Rekrutierungsveranstaltung f\u00fcr Energiesektor am KIT<\/strong><br \/>\nSie suchen einen Einstieg in der Energiebranche und m\u00f6chten verschiedene Unternehmen aus dieser Sparte kennenlernen?<br \/>\nBeim Company Speed Dating Energy haben Sie die einmalige Gelegenheit: Studierende und Unternehmensvertreter\/innen kommen in&#8230; <a href=\"http:\/\/energieforum-karlsruhe.de\/de\/news-events\/events\/veranstaltungen-detail\/7c39782ed3264e3099e5aa49c7c06d5c\/?L=0ador.html86\u00c3\u00a6\u00e2\u20ac\u00a2\u00c2\u00b8\u00c3\u00a6\u00c2\ufffd\u00e2\u20ac\u00ba\u00c3\u00a7\u00c2\u00ae\u00e2\u20ac\u201d\u00c3\u00a5\u00e2\u20ac\u00a6\u00c2\u00ac\u00c3\u00a5\u00c2\u00bc\u00c2\ufffd.xls44&amp;tx_dpcalendar_list%5Bevent%5D=84&amp;tx_dpcalendar_list%5Baction%5D=show&amp;tx_dpcalendar_list%5Bcontroller%5D=Event#c571\">mehr<\/a><\/p>\n<p><strong>NEW YORK SERIE III &#8211; New Leadership\/Digital Women<\/strong><br \/>\n27.06.2019, 18:00 &#8211; 21:00 Uhr<br \/>\n<strong>Grenke Digital im Schlachthof Karlsruhe<\/strong><br \/>\nWir laden euch herzlich zum zweiten Teil unserer New Work Themenabend Serie ein.<br \/>\nAm 27. Juni um 18 Uhr geht es weiter zum Thema \u201eNew Leadership\u201c. Gastgeber der Veranstaltung ist diesmal die Grenke Digital im Schlachthof Karlsruhe.<br \/>\nWir freuen uns riesig mit Christiane&#8230; <a href=\"http:\/\/energieforum-karlsruhe.de\/de\/news-events\/events\/veranstaltungen-detail\/a4707689ce4661fe02d6544326c868d5\/?L=0ador.html86\u00c3\u00a6\u00e2\u20ac\u00a2\u00c2\u00b8\u00c3\u00a6\u00c2\ufffd\u00e2\u20ac\u00ba\u00c3\u00a7\u00c2\u00ae\u00e2\u20ac\u201d\u00c3\u00a5\u00e2\u20ac\u00a6\u00c2\u00ac\u00c3\u00a5\u00c2\u00bc\u00c2\ufffd.xls44&amp;tx_dpcalendar_list%5Bevent%5D=91&amp;tx_dpcalendar_list%5Baction%5D=show&amp;tx_dpcalendar_list%5Bcontroller%5D=Event#c571\">mehr<\/a><\/p>\n<p>Die Vorbereitung l\u00e4uft f\u00fcr die<\/p>\n<p><strong>Energy4u am 26.09.2019<\/strong><br \/>\n<strong>Einreichung der Vortr\u00e4ge bis 31. Mai 2019 !<\/strong><br \/>\n<strong>einfach anmelden:<\/strong><br \/>\n<a href=\"http:\/\/energy4u.net\/\"><strong>http:\/\/energy4u.net\/<\/strong><\/a><\/p>\n<p><strong>Innovative Ideen, spannende Vortr\u00e4ge sowie gewinnbringende Kontakte der \u00a0Energiebranche.<\/strong><br \/>\n\u2192 Sie haben ein innovatives Produkt, Dienstleistung oder Gesch\u00e4ftsidee?<br \/>\n\u2192 Sie suchen Kunden, Entwicklungspartner, Investoren oder F\u00f6rderungen?<br \/>\n\u2192 Sie sind als Unternehmen auf der Suche nach neuen Energiel\u00f6sungen?<\/p>\n<p><strong>Konferenzbereiche: <\/strong><br \/>\n<strong>\u00a0<\/strong>von 9-18 Uhr auf dem Campus der Hochschule Karlsruhe &#8211; Wirtschaft und Technik<\/p>\n<table width=\"626\">\n<tbody>\n<tr>\n<td width=\"622\"><strong>Bereich 1: Energiewandlung<\/strong><\/td>\n<\/tr>\n<tr>\n<td width=\"622\">Energie ist durch die Sonne im \u00dcberfluss verf\u00fcgbar. Der Themenbereich fokussiert sich auf die effiziente Umwandlung, um sie als elektrische, thermische und mechanische Energie zur Verf\u00fcgung zu stellen.<\/td>\n<\/tr>\n<tr>\n<td width=\"622\"><strong>Bereich 2: Energiespeicherung<\/strong><\/td>\n<\/tr>\n<tr>\n<td width=\"622\">Energiespeicherung besitzt viele Vorteile. So wird z. B. zeitliche Unterschied ausgeglichen, der zwischen Energieverf\u00fcgbarkeit und aktuellem Energiebedarf besteht. Energiespeicherung kann somit zur Reduzierung fossiler Brennstoffe und zur Nutzung von Erneuerbarer Energie beitragen.<\/td>\n<\/tr>\n<tr>\n<td width=\"622\"><strong>Bereich 3: Energietransport<\/strong><\/td>\n<\/tr>\n<tr>\n<td width=\"622\">Sonnenenergie ist vor allem im S\u00fcden verf\u00fcgbar, Wind- und Wellenenergie an der K\u00fcste und auf h\u00f6heren Bergen. Die dort gewandelte Energie muss effizient von Region zu Region ausgetauscht werden.<\/td>\n<\/tr>\n<tr>\n<td width=\"622\"><strong>Bereich 4: Energieeffizienz<\/strong><\/td>\n<\/tr>\n<tr>\n<td width=\"622\">Prozesse der Energiegewinnung sollten so effizient wie m\u00f6glich durchgef\u00fchrt werden, um m\u00f6glichst viel der von Sonne, Wind und Wasser stammenden Energie nutzbar zu machen. Dazu geh\u00f6ren z.B. effiziente Mobilit\u00e4t und als Sonderform Elektromobilit\u00e4t.<\/td>\n<\/tr>\n<\/tbody>\n<\/table>\n<p><em>Quelle und Information<\/em> :<\/p>\n<p>Andrea B\u00fchler<br \/>\nStadt Karlsruhe<br \/>\nWirtschaftsf\u00f6rderung<br \/>\nTechnologietransfermanagement<br \/>\nClustermanagerin Energie Forum<\/p>\n<p>Tel: +49 721 133-7334<br \/>\nFax: +49 721 133-7309<br \/>\nE-Mail: <a href=\"&#x6d;&#x61;&#105;lt&#x6f;&#x3a;&#97;&#110;d&#x72;&#x65;&#97;&#46;b&#x75;&#x65;&#x68;&#108;er&#x40;&#x77;&#105;&#102;o&#x65;&#x2e;&#107;&#97;r&#x6c;&#x73;&#114;&#117;h&#x65;&#x2e;&#x64;&#101;\">&#97;n&#x64;r&#x65;a&#x2e;b&#x75;&#101;&#x68;&#108;&#x65;&#114;&#x40;&#119;i&#102;o&#x65;&#46;&#x6b;a&#x72;&#108;&#x73;&#114;&#x75;&#104;&#x65;&#46;&#x64;&#101;<\/a><br \/>\nInternet: <a href=\"http:\/\/www.karlsruhe.de\/wirtschaft\">www.karlsruhe.de\/wirtschaft<\/a><br \/>\n<a href=\"www.energieforum-karlsruhe.de\">www.energieforum-karlsruhe.de<\/a><br \/>\n<a href=\"http:\/\/www.technologietransfer-aus-karlsruhe.de\">www.technologietransfer-aus-karlsruhe.de<\/a><br \/>\n<a href=\"https:\/\/www.unserebroschuere.de\/energieforum-karlsruhe-de\/MailView\/\">Brosch\u00fcre deutsch<\/a><br \/>\n<a href=\"https:\/\/www.unserebroschuere.de\/energieforum-karlsruhe-en\/MailView\/\">Brosch\u00fcre englisch<\/a><\/p>\n","protected":false},"excerpt":{"rendered":"<p>Vortrag \u201eEnergiewende im W\u00e4rmesektor\u201c Bene M\u00fcller, Vorstand der solarcomplex AG, Singen 29.05.2019 an der Hochschule Karlsruhe \u2013 Technik und Wirtschaft Fakult\u00e4t f\u00fcr Elektro- und Informationstechnik von 15.40 bis 17.10 Uhr im H\u00f6rsaal Elektrotechnik (he) im Geb\u00e4ude LI der Hochschule Karlsruhe, Moltkestr. 30, 76133 Karlsruhe, zum \u00f6ffentlichen Vortrag \u201eEnergiewende im W\u00e4rmesektor\u201c ein. Der Eintritt ist frei. [&hellip;]<\/p>\n","protected":false},"author":3,"featured_media":0,"comment_status":"open","ping_status":"open","sticky":false,"template":"","format":"standard","meta":{"_exactmetrics_skip_tracking":false,"_exactmetrics_sitenote_active":false,"_exactmetrics_sitenote_note":"","_exactmetrics_sitenote_category":0,"footnotes":""},"categories":[59],"tags":[],"class_list":["post-3859","post","type-post","status-publish","format-standard","hentry","category-ereignisse-de"],"yoast_head":"<!-- This site is optimized with the Yoast SEO plugin v23.5 - https:\/\/yoast.com\/wordpress\/plugins\/seo\/ -->\n<title>Stadt Karlsruhe : die Veranstaltungen in Mai und Juni 2019 - PAMINA Business Club<\/title>\n<meta name=\"robots\" content=\"index, follow, max-snippet:-1, max-image-preview:large, max-video-preview:-1\" \/>\n<link rel=\"canonical\" href=\"https:\/\/www.pamina-business.com\/de\/stadt-karlsruhe-die-veranstaltungen-in-mai-und-juni-2019\/\" \/>\n<meta property=\"og:locale\" content=\"de_DE\" \/>\n<meta property=\"og:type\" content=\"article\" \/>\n<meta property=\"og:title\" content=\"Stadt Karlsruhe : die Veranstaltungen in Mai und Juni 2019 - PAMINA Business Club\" \/>\n<meta property=\"og:description\" content=\"Vortrag \u201eEnergiewende im W\u00e4rmesektor\u201c Bene M\u00fcller, Vorstand der solarcomplex AG, Singen 29.05.2019 an der Hochschule Karlsruhe \u2013 Technik und Wirtschaft Fakult\u00e4t f\u00fcr Elektro- und Informationstechnik von 15.40 bis 17.10 Uhr im H\u00f6rsaal Elektrotechnik (he) im Geb\u00e4ude LI der Hochschule Karlsruhe, Moltkestr. 30, 76133 Karlsruhe, zum \u00f6ffentlichen Vortrag \u201eEnergiewende im W\u00e4rmesektor\u201c ein. Der Eintritt ist frei. [&hellip;]\" \/>\n<meta property=\"og:url\" content=\"https:\/\/www.pamina-business.com\/de\/stadt-karlsruhe-die-veranstaltungen-in-mai-und-juni-2019\/\" \/>\n<meta property=\"og:site_name\" content=\"PAMINA Business Club\" \/>\n<meta property=\"article:published_time\" content=\"2019-05-28T14:22:36+00:00\" \/>\n<meta property=\"article:modified_time\" content=\"2019-05-27T14:25:38+00:00\" \/>\n<meta name=\"author\" content=\"Monique STUTZMANN\" \/>\n<meta name=\"twitter:card\" content=\"summary_large_image\" \/>\n<meta name=\"twitter:label1\" content=\"Verfasst von\" \/>\n\t<meta name=\"twitter:data1\" content=\"Monique STUTZMANN\" \/>\n\t<meta name=\"twitter:label2\" content=\"Gesch\u00e4tzte Lesezeit\" \/>\n\t<meta name=\"twitter:data2\" content=\"2\u00a0Minuten\" \/>\n<script type=\"application\/ld+json\" class=\"yoast-schema-graph\">{\"@context\":\"https:\/\/schema.org\",\"@graph\":[{\"@type\":\"WebPage\",\"@id\":\"https:\/\/www.pamina-business.com\/de\/stadt-karlsruhe-die-veranstaltungen-in-mai-und-juni-2019\/\",\"url\":\"https:\/\/www.pamina-business.com\/de\/stadt-karlsruhe-die-veranstaltungen-in-mai-und-juni-2019\/\",\"name\":\"Stadt Karlsruhe : die Veranstaltungen in Mai und Juni 2019 - PAMINA Business Club\",\"isPartOf\":{\"@id\":\"http:\/\/www.pamina-business.com\/de\/#website\"},\"datePublished\":\"2019-05-28T14:22:36+00:00\",\"dateModified\":\"2019-05-27T14:25:38+00:00\",\"author\":{\"@id\":\"http:\/\/www.pamina-business.com\/de\/#\/schema\/person\/9ab02536dbdbc5e3ef40bbc3452c8c69\"},\"breadcrumb\":{\"@id\":\"https:\/\/www.pamina-business.com\/de\/stadt-karlsruhe-die-veranstaltungen-in-mai-und-juni-2019\/#breadcrumb\"},\"inLanguage\":\"de\",\"potentialAction\":[{\"@type\":\"ReadAction\",\"target\":[\"https:\/\/www.pamina-business.com\/de\/stadt-karlsruhe-die-veranstaltungen-in-mai-und-juni-2019\/\"]}]},{\"@type\":\"BreadcrumbList\",\"@id\":\"https:\/\/www.pamina-business.com\/de\/stadt-karlsruhe-die-veranstaltungen-in-mai-und-juni-2019\/#breadcrumb\",\"itemListElement\":[{\"@type\":\"ListItem\",\"position\":1,\"name\":\"Accueil\",\"item\":\"http:\/\/www.pamina-business.com\/de\/\"},{\"@type\":\"ListItem\",\"position\":2,\"name\":\"Stadt Karlsruhe : die Veranstaltungen in Mai und Juni 2019\"}]},{\"@type\":\"WebSite\",\"@id\":\"http:\/\/www.pamina-business.com\/de\/#website\",\"url\":\"http:\/\/www.pamina-business.com\/de\/\",\"name\":\"PAMINA Business Club\",\"description\":\"Un site utilisant WordPress\",\"potentialAction\":[{\"@type\":\"SearchAction\",\"target\":{\"@type\":\"EntryPoint\",\"urlTemplate\":\"http:\/\/www.pamina-business.com\/de\/?s={search_term_string}\"},\"query-input\":{\"@type\":\"PropertyValueSpecification\",\"valueRequired\":true,\"valueName\":\"search_term_string\"}}],\"inLanguage\":\"de\"},{\"@type\":\"Person\",\"@id\":\"http:\/\/www.pamina-business.com\/de\/#\/schema\/person\/9ab02536dbdbc5e3ef40bbc3452c8c69\",\"name\":\"Monique STUTZMANN\",\"image\":{\"@type\":\"ImageObject\",\"inLanguage\":\"de\",\"@id\":\"http:\/\/www.pamina-business.com\/de\/#\/schema\/person\/image\/\",\"url\":\"https:\/\/secure.gravatar.com\/avatar\/cc1c3adf9a9f6e969d3da7b6b34ec66f5f4a6844dfc9145380a75e42cd91882e?s=96&d=mm&r=g\",\"contentUrl\":\"https:\/\/secure.gravatar.com\/avatar\/cc1c3adf9a9f6e969d3da7b6b34ec66f5f4a6844dfc9145380a75e42cd91882e?s=96&d=mm&r=g\",\"caption\":\"Monique STUTZMANN\"},\"url\":\"https:\/\/www.pamina-business.com\/de\/author\/monique\/\"}]}<\/script>\n<!-- \/ Yoast SEO plugin. -->","yoast_head_json":{"title":"Stadt Karlsruhe : die Veranstaltungen in Mai und Juni 2019 - PAMINA Business Club","robots":{"index":"index","follow":"follow","max-snippet":"max-snippet:-1","max-image-preview":"max-image-preview:large","max-video-preview":"max-video-preview:-1"},"canonical":"https:\/\/www.pamina-business.com\/de\/stadt-karlsruhe-die-veranstaltungen-in-mai-und-juni-2019\/","og_locale":"de_DE","og_type":"article","og_title":"Stadt Karlsruhe : die Veranstaltungen in Mai und Juni 2019 - PAMINA Business Club","og_description":"Vortrag \u201eEnergiewende im W\u00e4rmesektor\u201c Bene M\u00fcller, Vorstand der solarcomplex AG, Singen 29.05.2019 an der Hochschule Karlsruhe \u2013 Technik und Wirtschaft Fakult\u00e4t f\u00fcr Elektro- und Informationstechnik von 15.40 bis 17.10 Uhr im H\u00f6rsaal Elektrotechnik (he) im Geb\u00e4ude LI der Hochschule Karlsruhe, Moltkestr. 30, 76133 Karlsruhe, zum \u00f6ffentlichen Vortrag \u201eEnergiewende im W\u00e4rmesektor\u201c ein. Der Eintritt ist frei. [&hellip;]","og_url":"https:\/\/www.pamina-business.com\/de\/stadt-karlsruhe-die-veranstaltungen-in-mai-und-juni-2019\/","og_site_name":"PAMINA Business Club","article_published_time":"2019-05-28T14:22:36+00:00","article_modified_time":"2019-05-27T14:25:38+00:00","author":"Monique STUTZMANN","twitter_card":"summary_large_image","twitter_misc":{"Verfasst von":"Monique STUTZMANN","Gesch\u00e4tzte Lesezeit":"2\u00a0Minuten"},"schema":{"@context":"https:\/\/schema.org","@graph":[{"@type":"WebPage","@id":"https:\/\/www.pamina-business.com\/de\/stadt-karlsruhe-die-veranstaltungen-in-mai-und-juni-2019\/","url":"https:\/\/www.pamina-business.com\/de\/stadt-karlsruhe-die-veranstaltungen-in-mai-und-juni-2019\/","name":"Stadt Karlsruhe : die Veranstaltungen in Mai und Juni 2019 - PAMINA Business Club","isPartOf":{"@id":"http:\/\/www.pamina-business.com\/de\/#website"},"datePublished":"2019-05-28T14:22:36+00:00","dateModified":"2019-05-27T14:25:38+00:00","author":{"@id":"http:\/\/www.pamina-business.com\/de\/#\/schema\/person\/9ab02536dbdbc5e3ef40bbc3452c8c69"},"breadcrumb":{"@id":"https:\/\/www.pamina-business.com\/de\/stadt-karlsruhe-die-veranstaltungen-in-mai-und-juni-2019\/#breadcrumb"},"inLanguage":"de","potentialAction":[{"@type":"ReadAction","target":["https:\/\/www.pamina-business.com\/de\/stadt-karlsruhe-die-veranstaltungen-in-mai-und-juni-2019\/"]}]},{"@type":"BreadcrumbList","@id":"https:\/\/www.pamina-business.com\/de\/stadt-karlsruhe-die-veranstaltungen-in-mai-und-juni-2019\/#breadcrumb","itemListElement":[{"@type":"ListItem","position":1,"name":"Accueil","item":"http:\/\/www.pamina-business.com\/de\/"},{"@type":"ListItem","position":2,"name":"Stadt Karlsruhe : die Veranstaltungen in Mai und Juni 2019"}]},{"@type":"WebSite","@id":"http:\/\/www.pamina-business.com\/de\/#website","url":"http:\/\/www.pamina-business.com\/de\/","name":"PAMINA Business Club","description":"Un site utilisant WordPress","potentialAction":[{"@type":"SearchAction","target":{"@type":"EntryPoint","urlTemplate":"http:\/\/www.pamina-business.com\/de\/?s={search_term_string}"},"query-input":{"@type":"PropertyValueSpecification","valueRequired":true,"valueName":"search_term_string"}}],"inLanguage":"de"},{"@type":"Person","@id":"http:\/\/www.pamina-business.com\/de\/#\/schema\/person\/9ab02536dbdbc5e3ef40bbc3452c8c69","name":"Monique STUTZMANN","image":{"@type":"ImageObject","inLanguage":"de","@id":"http:\/\/www.pamina-business.com\/de\/#\/schema\/person\/image\/","url":"https:\/\/secure.gravatar.com\/avatar\/cc1c3adf9a9f6e969d3da7b6b34ec66f5f4a6844dfc9145380a75e42cd91882e?s=96&d=mm&r=g","contentUrl":"https:\/\/secure.gravatar.com\/avatar\/cc1c3adf9a9f6e969d3da7b6b34ec66f5f4a6844dfc9145380a75e42cd91882e?s=96&d=mm&r=g","caption":"Monique STUTZMANN"},"url":"https:\/\/www.pamina-business.com\/de\/author\/monique\/"}]}},"_links":{"self":[{"href":"https:\/\/www.pamina-business.com\/de\/wp-json\/wp\/v2\/posts\/3859","targetHints":{"allow":["GET"]}}],"collection":[{"href":"https:\/\/www.pamina-business.com\/de\/wp-json\/wp\/v2\/posts"}],"about":[{"href":"https:\/\/www.pamina-business.com\/de\/wp-json\/wp\/v2\/types\/post"}],"author":[{"embeddable":true,"href":"https:\/\/www.pamina-business.com\/de\/wp-json\/wp\/v2\/users\/3"}],"replies":[{"embeddable":true,"href":"https:\/\/www.pamina-business.com\/de\/wp-json\/wp\/v2\/comments?post=3859"}],"version-history":[{"count":1,"href":"https:\/\/www.pamina-business.com\/de\/wp-json\/wp\/v2\/posts\/3859\/revisions"}],"predecessor-version":[{"id":3860,"href":"https:\/\/www.pamina-business.com\/de\/wp-json\/wp\/v2\/posts\/3859\/revisions\/3860"}],"wp:attachment":[{"href":"https:\/\/www.pamina-business.com\/de\/wp-json\/wp\/v2\/media?parent=3859"}],"wp:term":[{"taxonomy":"category","embeddable":true,"href":"https:\/\/www.pamina-business.com\/de\/wp-json\/wp\/v2\/categories?post=3859"},{"taxonomy":"post_tag","embeddable":true,"href":"https:\/\/www.pamina-business.com\/de\/wp-json\/wp\/v2\/tags?post=3859"}],"curies":[{"name":"wp","href":"https:\/\/api.w.org\/{rel}","templated":true}]}}