{"id":3688,"date":"2019-03-15T10:35:50","date_gmt":"2019-03-15T10:35:50","guid":{"rendered":"http:\/\/www.pamina-business.com\/?p=3688"},"modified":"2019-03-04T10:38:54","modified_gmt":"2019-03-04T10:38:54","slug":"le-groupe-ernst-dans-les-vosges-du-nord-saggrandit","status":"publish","type":"post","link":"https:\/\/www.pamina-business.com\/de\/le-groupe-ernst-dans-les-vosges-du-nord-saggrandit\/","title":{"rendered":"Le groupe Ernst dans les Vosges du Nord s&#8217;aggrandit"},"content":{"rendered":"<h1>Ernst ne cesse de s&#8217;agrandir !<\/h1>\n<p class=\"article_date_auteur\">\n<div class=\"wysiwyg\">\n<p><img loading=\"lazy\" decoding=\"async\" src=\"http:\/\/www.adira.com\/upload\/images\/Entreprises\/ERNST__groupe.jpg\" alt=\"\" width=\"600\" height=\"359\" \/><\/p>\n<p>La soci\u00e9t\u00e9 ERNST, filiale fran\u00e7aise du Groupe ERNST, sp\u00e9cialis\u00e9 dans le d\u00e9coupage et l&#8217;emboutissage de pi\u00e8ces m\u00e9caniques pour l&#8217;industrie automobile, conna\u00eet actuellement un d\u00e9veloppement exponentiel. Cr\u00e9\u00e9e en 1997 \u00e0 Niederbronn-les-Bains, l&#8217;entreprise compte pr\u00e8s de 70 salari\u00e9s. Gr\u00e2ce \u00e0 sa proximit\u00e9 avec le si\u00e8ge allemand d&#8217;Oberkirch, l&#8217;usine alsacienne b\u00e9n\u00e9ficie d&#8217;une assistance et d&#8217;une compl\u00e9mentarit\u00e9 en termes de production et de logistique.<\/p>\n<p>Aujourd&#8217;hui, pour faire face \u00e0 une demande croissante, l&#8217;usine fran\u00e7aise s&#8217;agrandit de 1 500 m\u00b2 suppl\u00e9mentaires, ce qui portera la surface globale du site \u00e0 5 000 m\u00b2. Le nouveau hall logistique, haut de 12 m, permet de doubler la surface de stockage et de lib\u00e9rer de la place en production. Au niveau des effectifs, un doublement progressif de l&#8217;\u00e9quipe est pr\u00e9vu d&#8217;ici 3 \u00e0 5 ans, en vue de d\u00e9passer le seuil des 150 salari\u00e9s. Une inauguration officielle du site devrait avoir lieu au cours de l&#8217;\u00e9t\u00e9 2019, avant de d\u00e9marrer d&#8217;autres projets d&#8217;agrandissement jusqu&#8217;\u00e0 l&#8217;horizon 2024 &#8211; 2025.<\/p>\n<p>Dans ce contexte de fort d\u00e9veloppement, l&#8217;ADIRA accompagne l&#8217;entreprise pour la recherche de subventions et le financement de ses extensions, l&#8217;aide au recrutement et la promotion de l&#8217;entreprise aupr\u00e8s des m\u00e9dias locaux. Plus r\u00e9cemment, elle a orient\u00e9 son dirigeant, M. Schaal, vers le r\u00e9seau RESILIAN, un r\u00e9seau d&#8217;entrepreneurs locaux tr\u00e8s investis dans l&#8217;innovation.<\/p>\n<p>Enfin, Fr\u00e9d\u00e9ric Bierry, en tant que Pr\u00e9sident de l&#8217;ADIRA, a choisi de se rendre dans la soci\u00e9t\u00e9 Ernst pour la signature de la convention avec Fernand Feig, Pr\u00e9sident de la Communaut\u00e9 de communes du Pays de Niederbronn. Cette convention a \u00e9t\u00e9 sign\u00e9e en pr\u00e9sence des Conseillers d\u00e9partementaux Nathalie Marajo-Guthmuller et R\u00e9mi Bertrand et de plusieurs \u00e9lus locaux. Cette convention de partenariat a officialis\u00e9 l&#8217;accompagnement de l&#8217;ADIRA aupr\u00e8s de toutes les Communaut\u00e9s de Communes d&#8217;Alsace, en aidant ces derni\u00e8res sur des aspects aussi vari\u00e9s que l&#8217;am\u00e9nagement du territoire, la recherche d&#8217;investisseurs ou de financements, l&#8217;implantation d&#8217;entreprises\u2026<\/p>\n<p><img loading=\"lazy\" decoding=\"async\" src=\"http:\/\/www.adira.com\/upload\/images\/Entreprises\/ERNST_signature_convention.jpg\" alt=\"\" width=\"600\" height=\"396\" \/><\/p>\n<p><em>Source<\/em> : <a href=\"http:\/\/www.adira.com\">www.adira.com<\/a><\/p>\n<p><em>Contact<\/em> : <a href=\"&#109;a&#105;l&#116;o&#x3a;a&#x6c;e&#x78;a&#x6e;d&#x72;e&#x2e;m&#x69;c&#x68;i&#x65;l&#x73;&#64;&#x61;&#100;&#x69;&#114;&#x61;&#46;&#x63;&#111;&#x6d;\">&#97;&#x6c;&#101;&#x78;&#97;&#x6e;&#100;&#x72;e&#x2e;m&#x69;c&#x68;i&#101;&#x6c;&#115;&#x40;&#97;&#x64;&#105;&#x72;&#97;&#x2e;c&#x6f;m<\/a><\/p>\n<\/div>\n","protected":false},"excerpt":{"rendered":"<p>Ernst ne cesse de s&#8217;agrandir ! La soci\u00e9t\u00e9 ERNST, filiale fran\u00e7aise du Groupe ERNST, sp\u00e9cialis\u00e9 dans le d\u00e9coupage et l&#8217;emboutissage de pi\u00e8ces m\u00e9caniques pour l&#8217;industrie automobile, conna\u00eet actuellement un d\u00e9veloppement exponentiel. Cr\u00e9\u00e9e en 1997 \u00e0 Niederbronn-les-Bains, l&#8217;entreprise compte pr\u00e8s de 70 salari\u00e9s. Gr\u00e2ce \u00e0 sa proximit\u00e9 avec le si\u00e8ge allemand d&#8217;Oberkirch, l&#8217;usine alsacienne b\u00e9n\u00e9ficie d&#8217;une [&hellip;]<\/p>\n","protected":false},"author":3,"featured_media":0,"comment_status":"open","ping_status":"open","sticky":false,"template":"","format":"standard","meta":{"_exactmetrics_skip_tracking":false,"_exactmetrics_sitenote_active":false,"_exactmetrics_sitenote_note":"","_exactmetrics_sitenote_category":0,"footnotes":""},"categories":[65,47],"tags":[],"class_list":["post-3688","post","type-post","status-publish","format-standard","hentry","category-economie","category-industrie-fr"],"yoast_head":"<!-- This site is optimized with the Yoast SEO plugin v23.5 - https:\/\/yoast.com\/wordpress\/plugins\/seo\/ -->\n<title>Le groupe Ernst dans les Vosges du Nord s&#039;aggrandit - PAMINA Business Club<\/title>\n<meta name=\"robots\" content=\"index, follow, max-snippet:-1, max-image-preview:large, max-video-preview:-1\" \/>\n<link rel=\"canonical\" href=\"https:\/\/www.pamina-business.com\/le-groupe-ernst-dans-les-vosges-du-nord-saggrandit\/\" \/>\n<meta property=\"og:locale\" content=\"de_DE\" \/>\n<meta property=\"og:type\" content=\"article\" \/>\n<meta property=\"og:title\" content=\"Le groupe Ernst dans les Vosges du Nord s&#039;aggrandit - PAMINA Business Club\" \/>\n<meta property=\"og:description\" content=\"Ernst ne cesse de s&#8217;agrandir ! La soci\u00e9t\u00e9 ERNST, filiale fran\u00e7aise du Groupe ERNST, sp\u00e9cialis\u00e9 dans le d\u00e9coupage et l&#8217;emboutissage de pi\u00e8ces m\u00e9caniques pour l&#8217;industrie automobile, conna\u00eet actuellement un d\u00e9veloppement exponentiel. Cr\u00e9\u00e9e en 1997 \u00e0 Niederbronn-les-Bains, l&#8217;entreprise compte pr\u00e8s de 70 salari\u00e9s. Gr\u00e2ce \u00e0 sa proximit\u00e9 avec le si\u00e8ge allemand d&#8217;Oberkirch, l&#8217;usine alsacienne b\u00e9n\u00e9ficie d&#8217;une [&hellip;]\" \/>\n<meta property=\"og:url\" content=\"https:\/\/www.pamina-business.com\/le-groupe-ernst-dans-les-vosges-du-nord-saggrandit\/\" \/>\n<meta property=\"og:site_name\" content=\"PAMINA Business Club\" \/>\n<meta property=\"article:published_time\" content=\"2019-03-15T10:35:50+00:00\" \/>\n<meta property=\"article:modified_time\" content=\"2019-03-04T10:38:54+00:00\" \/>\n<meta property=\"og:image\" content=\"http:\/\/www.adira.com\/upload\/images\/Entreprises\/ERNST__groupe.jpg\" \/>\n<meta name=\"author\" content=\"Monique STUTZMANN\" \/>\n<meta name=\"twitter:card\" content=\"summary_large_image\" \/>\n<meta name=\"twitter:label1\" content=\"Verfasst von\" \/>\n\t<meta name=\"twitter:data1\" content=\"Monique STUTZMANN\" \/>\n\t<meta name=\"twitter:label2\" content=\"Gesch\u00e4tzte Lesezeit\" \/>\n\t<meta name=\"twitter:data2\" content=\"2\u00a0Minuten\" \/>\n<script type=\"application\/ld+json\" class=\"yoast-schema-graph\">{\"@context\":\"https:\/\/schema.org\",\"@graph\":[{\"@type\":\"WebPage\",\"@id\":\"https:\/\/www.pamina-business.com\/le-groupe-ernst-dans-les-vosges-du-nord-saggrandit\/\",\"url\":\"https:\/\/www.pamina-business.com\/le-groupe-ernst-dans-les-vosges-du-nord-saggrandit\/\",\"name\":\"Le groupe Ernst dans les Vosges du Nord s'aggrandit - PAMINA Business Club\",\"isPartOf\":{\"@id\":\"https:\/\/www.pamina-business.com\/de\/#website\"},\"primaryImageOfPage\":{\"@id\":\"https:\/\/www.pamina-business.com\/le-groupe-ernst-dans-les-vosges-du-nord-saggrandit\/#primaryimage\"},\"image\":{\"@id\":\"https:\/\/www.pamina-business.com\/le-groupe-ernst-dans-les-vosges-du-nord-saggrandit\/#primaryimage\"},\"thumbnailUrl\":\"http:\/\/www.adira.com\/upload\/images\/Entreprises\/ERNST__groupe.jpg\",\"datePublished\":\"2019-03-15T10:35:50+00:00\",\"dateModified\":\"2019-03-04T10:38:54+00:00\",\"author\":{\"@id\":\"https:\/\/www.pamina-business.com\/de\/#\/schema\/person\/9ab02536dbdbc5e3ef40bbc3452c8c69\"},\"breadcrumb\":{\"@id\":\"https:\/\/www.pamina-business.com\/le-groupe-ernst-dans-les-vosges-du-nord-saggrandit\/#breadcrumb\"},\"inLanguage\":\"de\",\"potentialAction\":[{\"@type\":\"ReadAction\",\"target\":[\"https:\/\/www.pamina-business.com\/le-groupe-ernst-dans-les-vosges-du-nord-saggrandit\/\"]}]},{\"@type\":\"ImageObject\",\"inLanguage\":\"de\",\"@id\":\"https:\/\/www.pamina-business.com\/le-groupe-ernst-dans-les-vosges-du-nord-saggrandit\/#primaryimage\",\"url\":\"http:\/\/www.adira.com\/upload\/images\/Entreprises\/ERNST__groupe.jpg\",\"contentUrl\":\"http:\/\/www.adira.com\/upload\/images\/Entreprises\/ERNST__groupe.jpg\"},{\"@type\":\"BreadcrumbList\",\"@id\":\"https:\/\/www.pamina-business.com\/le-groupe-ernst-dans-les-vosges-du-nord-saggrandit\/#breadcrumb\",\"itemListElement\":[{\"@type\":\"ListItem\",\"position\":1,\"name\":\"Accueil\",\"item\":\"https:\/\/www.pamina-business.com\/de\/\"},{\"@type\":\"ListItem\",\"position\":2,\"name\":\"Le groupe Ernst dans les Vosges du Nord s&rsquo;aggrandit\"}]},{\"@type\":\"WebSite\",\"@id\":\"https:\/\/www.pamina-business.com\/de\/#website\",\"url\":\"https:\/\/www.pamina-business.com\/de\/\",\"name\":\"PAMINA Business Club\",\"description\":\"Un site utilisant WordPress\",\"potentialAction\":[{\"@type\":\"SearchAction\",\"target\":{\"@type\":\"EntryPoint\",\"urlTemplate\":\"https:\/\/www.pamina-business.com\/de\/?s={search_term_string}\"},\"query-input\":{\"@type\":\"PropertyValueSpecification\",\"valueRequired\":true,\"valueName\":\"search_term_string\"}}],\"inLanguage\":\"de\"},{\"@type\":\"Person\",\"@id\":\"https:\/\/www.pamina-business.com\/de\/#\/schema\/person\/9ab02536dbdbc5e3ef40bbc3452c8c69\",\"name\":\"Monique STUTZMANN\",\"image\":{\"@type\":\"ImageObject\",\"inLanguage\":\"de\",\"@id\":\"https:\/\/www.pamina-business.com\/de\/#\/schema\/person\/image\/\",\"url\":\"https:\/\/secure.gravatar.com\/avatar\/cc1c3adf9a9f6e969d3da7b6b34ec66f5f4a6844dfc9145380a75e42cd91882e?s=96&d=mm&r=g\",\"contentUrl\":\"https:\/\/secure.gravatar.com\/avatar\/cc1c3adf9a9f6e969d3da7b6b34ec66f5f4a6844dfc9145380a75e42cd91882e?s=96&d=mm&r=g\",\"caption\":\"Monique STUTZMANN\"},\"url\":\"https:\/\/www.pamina-business.com\/de\/author\/monique\/\"}]}<\/script>\n<!-- \/ Yoast SEO plugin. -->","yoast_head_json":{"title":"Le groupe Ernst dans les Vosges du Nord s'aggrandit - PAMINA Business Club","robots":{"index":"index","follow":"follow","max-snippet":"max-snippet:-1","max-image-preview":"max-image-preview:large","max-video-preview":"max-video-preview:-1"},"canonical":"https:\/\/www.pamina-business.com\/le-groupe-ernst-dans-les-vosges-du-nord-saggrandit\/","og_locale":"de_DE","og_type":"article","og_title":"Le groupe Ernst dans les Vosges du Nord s'aggrandit - PAMINA Business Club","og_description":"Ernst ne cesse de s&#8217;agrandir ! La soci\u00e9t\u00e9 ERNST, filiale fran\u00e7aise du Groupe ERNST, sp\u00e9cialis\u00e9 dans le d\u00e9coupage et l&#8217;emboutissage de pi\u00e8ces m\u00e9caniques pour l&#8217;industrie automobile, conna\u00eet actuellement un d\u00e9veloppement exponentiel. Cr\u00e9\u00e9e en 1997 \u00e0 Niederbronn-les-Bains, l&#8217;entreprise compte pr\u00e8s de 70 salari\u00e9s. Gr\u00e2ce \u00e0 sa proximit\u00e9 avec le si\u00e8ge allemand d&#8217;Oberkirch, l&#8217;usine alsacienne b\u00e9n\u00e9ficie d&#8217;une [&hellip;]","og_url":"https:\/\/www.pamina-business.com\/le-groupe-ernst-dans-les-vosges-du-nord-saggrandit\/","og_site_name":"PAMINA Business Club","article_published_time":"2019-03-15T10:35:50+00:00","article_modified_time":"2019-03-04T10:38:54+00:00","og_image":[{"url":"http:\/\/www.adira.com\/upload\/images\/Entreprises\/ERNST__groupe.jpg"}],"author":"Monique STUTZMANN","twitter_card":"summary_large_image","twitter_misc":{"Verfasst von":"Monique STUTZMANN","Gesch\u00e4tzte Lesezeit":"2\u00a0Minuten"},"schema":{"@context":"https:\/\/schema.org","@graph":[{"@type":"WebPage","@id":"https:\/\/www.pamina-business.com\/le-groupe-ernst-dans-les-vosges-du-nord-saggrandit\/","url":"https:\/\/www.pamina-business.com\/le-groupe-ernst-dans-les-vosges-du-nord-saggrandit\/","name":"Le groupe Ernst dans les Vosges du Nord s'aggrandit - PAMINA Business Club","isPartOf":{"@id":"https:\/\/www.pamina-business.com\/de\/#website"},"primaryImageOfPage":{"@id":"https:\/\/www.pamina-business.com\/le-groupe-ernst-dans-les-vosges-du-nord-saggrandit\/#primaryimage"},"image":{"@id":"https:\/\/www.pamina-business.com\/le-groupe-ernst-dans-les-vosges-du-nord-saggrandit\/#primaryimage"},"thumbnailUrl":"http:\/\/www.adira.com\/upload\/images\/Entreprises\/ERNST__groupe.jpg","datePublished":"2019-03-15T10:35:50+00:00","dateModified":"2019-03-04T10:38:54+00:00","author":{"@id":"https:\/\/www.pamina-business.com\/de\/#\/schema\/person\/9ab02536dbdbc5e3ef40bbc3452c8c69"},"breadcrumb":{"@id":"https:\/\/www.pamina-business.com\/le-groupe-ernst-dans-les-vosges-du-nord-saggrandit\/#breadcrumb"},"inLanguage":"de","potentialAction":[{"@type":"ReadAction","target":["https:\/\/www.pamina-business.com\/le-groupe-ernst-dans-les-vosges-du-nord-saggrandit\/"]}]},{"@type":"ImageObject","inLanguage":"de","@id":"https:\/\/www.pamina-business.com\/le-groupe-ernst-dans-les-vosges-du-nord-saggrandit\/#primaryimage","url":"http:\/\/www.adira.com\/upload\/images\/Entreprises\/ERNST__groupe.jpg","contentUrl":"http:\/\/www.adira.com\/upload\/images\/Entreprises\/ERNST__groupe.jpg"},{"@type":"BreadcrumbList","@id":"https:\/\/www.pamina-business.com\/le-groupe-ernst-dans-les-vosges-du-nord-saggrandit\/#breadcrumb","itemListElement":[{"@type":"ListItem","position":1,"name":"Accueil","item":"https:\/\/www.pamina-business.com\/de\/"},{"@type":"ListItem","position":2,"name":"Le groupe Ernst dans les Vosges du Nord s&rsquo;aggrandit"}]},{"@type":"WebSite","@id":"https:\/\/www.pamina-business.com\/de\/#website","url":"https:\/\/www.pamina-business.com\/de\/","name":"PAMINA Business Club","description":"Un site utilisant WordPress","potentialAction":[{"@type":"SearchAction","target":{"@type":"EntryPoint","urlTemplate":"https:\/\/www.pamina-business.com\/de\/?s={search_term_string}"},"query-input":{"@type":"PropertyValueSpecification","valueRequired":true,"valueName":"search_term_string"}}],"inLanguage":"de"},{"@type":"Person","@id":"https:\/\/www.pamina-business.com\/de\/#\/schema\/person\/9ab02536dbdbc5e3ef40bbc3452c8c69","name":"Monique STUTZMANN","image":{"@type":"ImageObject","inLanguage":"de","@id":"https:\/\/www.pamina-business.com\/de\/#\/schema\/person\/image\/","url":"https:\/\/secure.gravatar.com\/avatar\/cc1c3adf9a9f6e969d3da7b6b34ec66f5f4a6844dfc9145380a75e42cd91882e?s=96&d=mm&r=g","contentUrl":"https:\/\/secure.gravatar.com\/avatar\/cc1c3adf9a9f6e969d3da7b6b34ec66f5f4a6844dfc9145380a75e42cd91882e?s=96&d=mm&r=g","caption":"Monique STUTZMANN"},"url":"https:\/\/www.pamina-business.com\/de\/author\/monique\/"}]}},"_links":{"self":[{"href":"https:\/\/www.pamina-business.com\/de\/wp-json\/wp\/v2\/posts\/3688","targetHints":{"allow":["GET"]}}],"collection":[{"href":"https:\/\/www.pamina-business.com\/de\/wp-json\/wp\/v2\/posts"}],"about":[{"href":"https:\/\/www.pamina-business.com\/de\/wp-json\/wp\/v2\/types\/post"}],"author":[{"embeddable":true,"href":"https:\/\/www.pamina-business.com\/de\/wp-json\/wp\/v2\/users\/3"}],"replies":[{"embeddable":true,"href":"https:\/\/www.pamina-business.com\/de\/wp-json\/wp\/v2\/comments?post=3688"}],"version-history":[{"count":1,"href":"https:\/\/www.pamina-business.com\/de\/wp-json\/wp\/v2\/posts\/3688\/revisions"}],"predecessor-version":[{"id":3689,"href":"https:\/\/www.pamina-business.com\/de\/wp-json\/wp\/v2\/posts\/3688\/revisions\/3689"}],"wp:attachment":[{"href":"https:\/\/www.pamina-business.com\/de\/wp-json\/wp\/v2\/media?parent=3688"}],"wp:term":[{"taxonomy":"category","embeddable":true,"href":"https:\/\/www.pamina-business.com\/de\/wp-json\/wp\/v2\/categories?post=3688"},{"taxonomy":"post_tag","embeddable":true,"href":"https:\/\/www.pamina-business.com\/de\/wp-json\/wp\/v2\/tags?post=3688"}],"curies":[{"name":"wp","href":"https:\/\/api.w.org\/{rel}","templated":true}]}}