{"id":3060,"date":"2018-03-21T10:05:08","date_gmt":"2018-03-21T10:05:08","guid":{"rendered":"http:\/\/www.pamina-business.com\/?p=3060"},"modified":"2018-03-20T10:28:49","modified_gmt":"2018-03-20T10:28:49","slug":"meet-up-franco-allemand-le-4-avril-2018-a-la-ci-alsace-eurometropole","status":"publish","type":"post","link":"https:\/\/www.pamina-business.com\/de\/meet-up-franco-allemand-le-4-avril-2018-a-la-ci-alsace-eurometropole\/","title":{"rendered":"Meet Up Franco-Allemand le 4 avril 2018 \u00e0 la CCI Alsace Eurom\u00e9tropole"},"content":{"rendered":"<p>Le 4 avril 2018 aura lieu le Meet-Up franco-allemand pour les Start-Ups et les entreprises \u00e0 la CCI Alsace Eurom\u00e9tropole \u00e0 Strasbourg.<\/p>\n<p>Cette manifestation fait suite au&#8220;Pamina On Tour&#8220; organis\u00e9 par le Pamina Business Club \u00e0 Paris qui a eu lieu en d\u00e9cembre dernier.<\/p>\n<p>La rencontre a permis de renforcer les contacts entre Karlsruhe, Cyberforum, French Tech, Bruchsal et d&#8217;autres partenaires.<\/p>\n<p>Vous trouverez ci-apr\u00e8s le programme de la journ\u00e9e et le lien pour les inscriptions : <a href=\"http:\/\/www.pamina-business.com\/wp-content\/uploads\/2018\/03\/Meet-up-F.pdf\">Meet up F<\/a><\/p>\n<p><em>Source<\/em> : <a href=\"http:\/\/www.wifoe.karlsruhe.de\">www.wifoe.karlsruhe.de<\/a><\/p>\n<p><em>Contact<\/em> : <a href=\"http:\/\/www.lafrenchtech.eu\">www.lafrenchtech-alsace.eu<\/a><\/p>\n<p>&nbsp;<\/p>\n","protected":false},"excerpt":{"rendered":"<p>Le 4 avril 2018 aura lieu le Meet-Up franco-allemand pour les Start-Ups et les entreprises \u00e0 la CCI Alsace Eurom\u00e9tropole \u00e0 Strasbourg. Cette manifestation fait suite au&#8220;Pamina On Tour&#8220; organis\u00e9 par le Pamina Business Club \u00e0 Paris qui a eu lieu en d\u00e9cembre dernier. La rencontre a permis de renforcer les contacts entre Karlsruhe, Cyberforum, [&hellip;]<\/p>\n","protected":false},"author":3,"featured_media":0,"comment_status":"open","ping_status":"open","sticky":false,"template":"","format":"standard","meta":{"_exactmetrics_skip_tracking":false,"_exactmetrics_sitenote_active":false,"_exactmetrics_sitenote_note":"","_exactmetrics_sitenote_category":0,"footnotes":""},"categories":[7,47],"tags":[],"class_list":["post-3060","post","type-post","status-publish","format-standard","hentry","category-evenements-fr","category-industrie-fr"],"yoast_head":"<!-- This site is optimized with the Yoast SEO plugin v23.5 - https:\/\/yoast.com\/wordpress\/plugins\/seo\/ -->\n<title>Meet Up Franco-Allemand le 4 avril 2018 \u00e0 la CCI Alsace Eurom\u00e9tropole - PAMINA Business Club<\/title>\n<meta name=\"robots\" content=\"index, follow, max-snippet:-1, max-image-preview:large, max-video-preview:-1\" \/>\n<link rel=\"canonical\" href=\"https:\/\/www.pamina-business.com\/meet-up-franco-allemand-le-4-avril-2018-a-la-ci-alsace-eurometropole\/\" \/>\n<meta property=\"og:locale\" content=\"de_DE\" \/>\n<meta property=\"og:type\" content=\"article\" \/>\n<meta property=\"og:title\" content=\"Meet Up Franco-Allemand le 4 avril 2018 \u00e0 la CCI Alsace Eurom\u00e9tropole - PAMINA Business Club\" \/>\n<meta property=\"og:description\" content=\"Le 4 avril 2018 aura lieu le Meet-Up franco-allemand pour les Start-Ups et les entreprises \u00e0 la CCI Alsace Eurom\u00e9tropole \u00e0 Strasbourg. Cette manifestation fait suite au&#8220;Pamina On Tour&#8220; organis\u00e9 par le Pamina Business Club \u00e0 Paris qui a eu lieu en d\u00e9cembre dernier. La rencontre a permis de renforcer les contacts entre Karlsruhe, Cyberforum, [&hellip;]\" \/>\n<meta property=\"og:url\" content=\"https:\/\/www.pamina-business.com\/meet-up-franco-allemand-le-4-avril-2018-a-la-ci-alsace-eurometropole\/\" \/>\n<meta property=\"og:site_name\" content=\"PAMINA Business Club\" \/>\n<meta property=\"article:published_time\" content=\"2018-03-21T10:05:08+00:00\" \/>\n<meta property=\"article:modified_time\" content=\"2018-03-20T10:28:49+00:00\" \/>\n<meta name=\"author\" content=\"Monique STUTZMANN\" \/>\n<meta name=\"twitter:card\" content=\"summary_large_image\" \/>\n<meta name=\"twitter:label1\" content=\"Verfasst von\" \/>\n\t<meta name=\"twitter:data1\" content=\"Monique STUTZMANN\" \/>\n<script type=\"application\/ld+json\" class=\"yoast-schema-graph\">{\"@context\":\"https:\/\/schema.org\",\"@graph\":[{\"@type\":\"WebPage\",\"@id\":\"https:\/\/www.pamina-business.com\/meet-up-franco-allemand-le-4-avril-2018-a-la-ci-alsace-eurometropole\/\",\"url\":\"https:\/\/www.pamina-business.com\/meet-up-franco-allemand-le-4-avril-2018-a-la-ci-alsace-eurometropole\/\",\"name\":\"Meet Up Franco-Allemand le 4 avril 2018 \u00e0 la CCI Alsace Eurom\u00e9tropole - PAMINA Business Club\",\"isPartOf\":{\"@id\":\"http:\/\/www.pamina-business.com\/de\/#website\"},\"datePublished\":\"2018-03-21T10:05:08+00:00\",\"dateModified\":\"2018-03-20T10:28:49+00:00\",\"author\":{\"@id\":\"http:\/\/www.pamina-business.com\/de\/#\/schema\/person\/9ab02536dbdbc5e3ef40bbc3452c8c69\"},\"breadcrumb\":{\"@id\":\"https:\/\/www.pamina-business.com\/meet-up-franco-allemand-le-4-avril-2018-a-la-ci-alsace-eurometropole\/#breadcrumb\"},\"inLanguage\":\"de\",\"potentialAction\":[{\"@type\":\"ReadAction\",\"target\":[\"https:\/\/www.pamina-business.com\/meet-up-franco-allemand-le-4-avril-2018-a-la-ci-alsace-eurometropole\/\"]}]},{\"@type\":\"BreadcrumbList\",\"@id\":\"https:\/\/www.pamina-business.com\/meet-up-franco-allemand-le-4-avril-2018-a-la-ci-alsace-eurometropole\/#breadcrumb\",\"itemListElement\":[{\"@type\":\"ListItem\",\"position\":1,\"name\":\"Accueil\",\"item\":\"http:\/\/www.pamina-business.com\/de\/\"},{\"@type\":\"ListItem\",\"position\":2,\"name\":\"Meet Up Franco-Allemand le 4 avril 2018 \u00e0 la CCI Alsace Eurom\u00e9tropole\"}]},{\"@type\":\"WebSite\",\"@id\":\"http:\/\/www.pamina-business.com\/de\/#website\",\"url\":\"http:\/\/www.pamina-business.com\/de\/\",\"name\":\"PAMINA Business Club\",\"description\":\"Un site utilisant WordPress\",\"potentialAction\":[{\"@type\":\"SearchAction\",\"target\":{\"@type\":\"EntryPoint\",\"urlTemplate\":\"http:\/\/www.pamina-business.com\/de\/?s={search_term_string}\"},\"query-input\":{\"@type\":\"PropertyValueSpecification\",\"valueRequired\":true,\"valueName\":\"search_term_string\"}}],\"inLanguage\":\"de\"},{\"@type\":\"Person\",\"@id\":\"http:\/\/www.pamina-business.com\/de\/#\/schema\/person\/9ab02536dbdbc5e3ef40bbc3452c8c69\",\"name\":\"Monique STUTZMANN\",\"image\":{\"@type\":\"ImageObject\",\"inLanguage\":\"de\",\"@id\":\"http:\/\/www.pamina-business.com\/de\/#\/schema\/person\/image\/\",\"url\":\"https:\/\/secure.gravatar.com\/avatar\/cc1c3adf9a9f6e969d3da7b6b34ec66f5f4a6844dfc9145380a75e42cd91882e?s=96&d=mm&r=g\",\"contentUrl\":\"https:\/\/secure.gravatar.com\/avatar\/cc1c3adf9a9f6e969d3da7b6b34ec66f5f4a6844dfc9145380a75e42cd91882e?s=96&d=mm&r=g\",\"caption\":\"Monique STUTZMANN\"},\"url\":\"https:\/\/www.pamina-business.com\/de\/author\/monique\/\"}]}<\/script>\n<!-- \/ Yoast SEO plugin. -->","yoast_head_json":{"title":"Meet Up Franco-Allemand le 4 avril 2018 \u00e0 la CCI Alsace Eurom\u00e9tropole - PAMINA Business Club","robots":{"index":"index","follow":"follow","max-snippet":"max-snippet:-1","max-image-preview":"max-image-preview:large","max-video-preview":"max-video-preview:-1"},"canonical":"https:\/\/www.pamina-business.com\/meet-up-franco-allemand-le-4-avril-2018-a-la-ci-alsace-eurometropole\/","og_locale":"de_DE","og_type":"article","og_title":"Meet Up Franco-Allemand le 4 avril 2018 \u00e0 la CCI Alsace Eurom\u00e9tropole - PAMINA Business Club","og_description":"Le 4 avril 2018 aura lieu le Meet-Up franco-allemand pour les Start-Ups et les entreprises \u00e0 la CCI Alsace Eurom\u00e9tropole \u00e0 Strasbourg. Cette manifestation fait suite au&#8220;Pamina On Tour&#8220; organis\u00e9 par le Pamina Business Club \u00e0 Paris qui a eu lieu en d\u00e9cembre dernier. La rencontre a permis de renforcer les contacts entre Karlsruhe, Cyberforum, [&hellip;]","og_url":"https:\/\/www.pamina-business.com\/meet-up-franco-allemand-le-4-avril-2018-a-la-ci-alsace-eurometropole\/","og_site_name":"PAMINA Business Club","article_published_time":"2018-03-21T10:05:08+00:00","article_modified_time":"2018-03-20T10:28:49+00:00","author":"Monique STUTZMANN","twitter_card":"summary_large_image","twitter_misc":{"Verfasst von":"Monique STUTZMANN"},"schema":{"@context":"https:\/\/schema.org","@graph":[{"@type":"WebPage","@id":"https:\/\/www.pamina-business.com\/meet-up-franco-allemand-le-4-avril-2018-a-la-ci-alsace-eurometropole\/","url":"https:\/\/www.pamina-business.com\/meet-up-franco-allemand-le-4-avril-2018-a-la-ci-alsace-eurometropole\/","name":"Meet Up Franco-Allemand le 4 avril 2018 \u00e0 la CCI Alsace Eurom\u00e9tropole - PAMINA Business Club","isPartOf":{"@id":"http:\/\/www.pamina-business.com\/de\/#website"},"datePublished":"2018-03-21T10:05:08+00:00","dateModified":"2018-03-20T10:28:49+00:00","author":{"@id":"http:\/\/www.pamina-business.com\/de\/#\/schema\/person\/9ab02536dbdbc5e3ef40bbc3452c8c69"},"breadcrumb":{"@id":"https:\/\/www.pamina-business.com\/meet-up-franco-allemand-le-4-avril-2018-a-la-ci-alsace-eurometropole\/#breadcrumb"},"inLanguage":"de","potentialAction":[{"@type":"ReadAction","target":["https:\/\/www.pamina-business.com\/meet-up-franco-allemand-le-4-avril-2018-a-la-ci-alsace-eurometropole\/"]}]},{"@type":"BreadcrumbList","@id":"https:\/\/www.pamina-business.com\/meet-up-franco-allemand-le-4-avril-2018-a-la-ci-alsace-eurometropole\/#breadcrumb","itemListElement":[{"@type":"ListItem","position":1,"name":"Accueil","item":"http:\/\/www.pamina-business.com\/de\/"},{"@type":"ListItem","position":2,"name":"Meet Up Franco-Allemand le 4 avril 2018 \u00e0 la CCI Alsace Eurom\u00e9tropole"}]},{"@type":"WebSite","@id":"http:\/\/www.pamina-business.com\/de\/#website","url":"http:\/\/www.pamina-business.com\/de\/","name":"PAMINA Business Club","description":"Un site utilisant WordPress","potentialAction":[{"@type":"SearchAction","target":{"@type":"EntryPoint","urlTemplate":"http:\/\/www.pamina-business.com\/de\/?s={search_term_string}"},"query-input":{"@type":"PropertyValueSpecification","valueRequired":true,"valueName":"search_term_string"}}],"inLanguage":"de"},{"@type":"Person","@id":"http:\/\/www.pamina-business.com\/de\/#\/schema\/person\/9ab02536dbdbc5e3ef40bbc3452c8c69","name":"Monique STUTZMANN","image":{"@type":"ImageObject","inLanguage":"de","@id":"http:\/\/www.pamina-business.com\/de\/#\/schema\/person\/image\/","url":"https:\/\/secure.gravatar.com\/avatar\/cc1c3adf9a9f6e969d3da7b6b34ec66f5f4a6844dfc9145380a75e42cd91882e?s=96&d=mm&r=g","contentUrl":"https:\/\/secure.gravatar.com\/avatar\/cc1c3adf9a9f6e969d3da7b6b34ec66f5f4a6844dfc9145380a75e42cd91882e?s=96&d=mm&r=g","caption":"Monique STUTZMANN"},"url":"https:\/\/www.pamina-business.com\/de\/author\/monique\/"}]}},"_links":{"self":[{"href":"https:\/\/www.pamina-business.com\/de\/wp-json\/wp\/v2\/posts\/3060","targetHints":{"allow":["GET"]}}],"collection":[{"href":"https:\/\/www.pamina-business.com\/de\/wp-json\/wp\/v2\/posts"}],"about":[{"href":"https:\/\/www.pamina-business.com\/de\/wp-json\/wp\/v2\/types\/post"}],"author":[{"embeddable":true,"href":"https:\/\/www.pamina-business.com\/de\/wp-json\/wp\/v2\/users\/3"}],"replies":[{"embeddable":true,"href":"https:\/\/www.pamina-business.com\/de\/wp-json\/wp\/v2\/comments?post=3060"}],"version-history":[{"count":3,"href":"https:\/\/www.pamina-business.com\/de\/wp-json\/wp\/v2\/posts\/3060\/revisions"}],"predecessor-version":[{"id":3064,"href":"https:\/\/www.pamina-business.com\/de\/wp-json\/wp\/v2\/posts\/3060\/revisions\/3064"}],"wp:attachment":[{"href":"https:\/\/www.pamina-business.com\/de\/wp-json\/wp\/v2\/media?parent=3060"}],"wp:term":[{"taxonomy":"category","embeddable":true,"href":"https:\/\/www.pamina-business.com\/de\/wp-json\/wp\/v2\/categories?post=3060"},{"taxonomy":"post_tag","embeddable":true,"href":"https:\/\/www.pamina-business.com\/de\/wp-json\/wp\/v2\/tags?post=3060"}],"curies":[{"name":"wp","href":"https:\/\/api.w.org\/{rel}","templated":true}]}}