{"id":3035,"date":"2018-03-28T07:48:12","date_gmt":"2018-03-28T07:48:12","guid":{"rendered":"http:\/\/www.pamina-business.com\/?p=3035"},"modified":"2018-03-13T07:57:39","modified_gmt":"2018-03-13T07:57:39","slug":"kick-off-des-kleinprojekts-teprata-theorie-und-praxis-in-tandem","status":"publish","type":"post","link":"https:\/\/www.pamina-business.com\/de\/kick-off-des-kleinprojekts-teprata-theorie-und-praxis-in-tandem\/","title":{"rendered":"Kick-Off des Kleinprojekts TePraTa &#8211; Theorie und Praxis in Tandem"},"content":{"rendered":"<section id=\"mainSection\">\n<div class=\"fmodele tpl_fiche\">\n<div class=\"agendas-fiche\">\n<article class=\"media\">\n<div class=\"media-object\"><img decoding=\"async\" src=\"http:\/\/www.eurodistrict-pamina.eu\/globalflexit\/images\/img_base\/agendas\/835_556_1_teprata-2017-mg-4709-klein.jpg\" alt=\"Kick-Off des Kleinprojekts TePraTa - Theorie und Praxis in Tandem\" \/><\/div>\n<div class=\"media-body\"><br class=\"media-heading\" \/><\/p>\n<div class=\"contenu\">Das Pilotprojekt TePraTa (<strong>Theorie und Praxis in Tandem<\/strong>) erm\u00f6glicht es deutschen Sch\u00fclerinnen und Sch\u00fclern am n\u00f6rdlichen Oberrhein, Projekte, gemeinsam mit franz\u00f6sischen Sch\u00fclerinnen und Sch\u00fclern der Mittel- und Oberschule im Auftrag von grenznahen Unternehmen durchzuf\u00fchren.<\/p>\n<p>Das TePraTa INTERREG V A Kleinprojekt zielt darauf ab, Sch\u00fclerInnen <a class=\"fDefault\" href=\"http:\/\/www.eurodistrict-pamina.eu\/de\/gebiet.html\">im PAMINA-Raum<\/a> bei der \u00dcberwindung ihrer kulturellen und sprachlichen Barrieren zu unterst\u00fctzen. Es handelt sich um eine grenz\u00fcberschreitende Ausweitung des <a class=\"fDefault\" href=\"https:\/\/www.theo-prax.de\/das-ist-theoprax\/das-sind-unsere-ziele.html\" target=\"_blank\">TheoPrax-Ansatzes<\/a>, einer Methodik des TheoPrax-Zentrums im Fraunhofer-Instituts ICT in Pfinztal bei Karlsruhe.<\/p>\n<h5 class=\"fDefault\"><strong>Bildungsprojekt<\/strong><\/h5>\n<p>Ziel ist es, dass die Sch\u00fclerinnen und Sch\u00fcler in Zusammenarbeit mit einer Partnerschule und einem els\u00e4ssischen oder deutschen Unternehmen aus der S\u00fcdpfalz oder Nordbaden an einem grenz\u00fcberschreitenden Projekt arbeiten. Die Auswahl des Unternehmens erfolgt nach dem Profil der Sch\u00fcler in Absprache mit den Lehrern. Das identifizierte Unternehmen schl\u00e4gt Lehrern und Sch\u00fclern ein Projekt vor.<\/p>\n<p>Die Sch\u00fclerInnen erwerben sprachliche, aber auch interkulturelle Kompetenzen und verstehen die Bedeutung der europ\u00e4ischen Zusammenarbeit, insbesondere in unserer deutsch-franz\u00f6sischen Grenzregion.<\/p>\n<h5 class=\"fDefault\">\n<strong>3 deutsch-franz\u00f6sische Tandems am Experiment beteiligt<\/strong><\/h5>\n<ul class=\"liste3\">\n<li><strong>Lyc\u00e9e Marc Bloch in Bischheim<\/strong> mit STI2D-Klasse und <strong>Markgrafen-Gymnasium in Karlsruhe<\/strong> in Zusammenarbeit mit <strong>Trumpf Machines in Haguenau<\/strong>.<\/li>\n<li><strong>Berufsbildungsabteilung<\/strong> des <strong>Lyc\u00e9e Stanislas in Wissembourg <\/strong>mit einer Metallbauklasse und der <strong>BBS S\u00fcdliche Weinstra\u00dfe in Bad Bergzabern<\/strong> in Zusammenarbeit mit der Firma <strong>Tenneco GmbH in Edenkoben<\/strong>.<\/li>\n<li><strong>Coll\u00e8ge Suzanne Lalique-Haviland in Wingen-sur-Moder<\/strong> und die <strong>Realschule Plus des Pamina Schulzentrums in Herxheim <\/strong>mit der <strong>TheoPrax Stiftung<\/strong> in Pfinztal.<\/li>\n<\/ul>\n<h5 class=\"fDefault\"><strong>Finanzierung , Tr\u00e4gerschaft und Partnerschaft<\/strong><\/h5>\n<p>Das TePraTa-Projekt ist ein INTERREG V A Kleinprojekt auf dem Gebiet des Eurodistrikt PAMINA, das zu 60% aus europ\u00e4ischen Mitteln (EFRE) kofinanziert wird.<\/p>\n<p>Das TheoPrax Zentrum des Fraunhofer Instituts ICT ist der Tr\u00e4ger dieses einj\u00e4hrigen Pilotprojekts. Hauptpartner sind der Eurodistrikt PAMINA, die CCI Alsace Eurom\u00e9tropole, die ADD Neutstadt, der Club Ecole-Entreprise und das Regierungspr\u00e4sidium Karlsruhe.<\/p>\n<p>Die<strong> Abschlussveranstaltung<\/strong> mit Abschlusspr\u00e4sentationen der Leistungen der jeweiligen Deutsch-Franz\u00f6sischen Sch\u00fcler-Tandems im Beisein der beteiligten Unternehmen und Partner findet am <strong>21. Juni am Fraunhofer-Institut ICT in Pfinztal bei Karlsruhe<\/strong>.<\/p>\n<p><a class=\"fDefault\" href=\"https:\/\/www.theo-prax.de\/fileadmin\/media\/Auftakt%20TePraTa%20D-F.pdf\" target=\"_blank\">Das Programm in PDF-Format downloaden<\/a><\/p>\n<p><img decoding=\"async\" src=\"http:\/\/www.eurodistrict-pamina.eu\/globalflexit\/images\/UserFiles\/Image\/450_160_1_drapeau-ue-feder3-min-01-dr.png\" \/><\/div>\n<div class=\"contenu\"><em>Quelle<\/em> :<a href=\"http:\/\/www.eurodistrict-pamina.eu\"> www.eurodistrict-pamina.eu<\/a><\/div>\n<div class=\"contenu\"><em>Source<\/em> : <a href=\"mailto:info&#64;&#101;&#117;&#114;&#111;&#100;&#105;&#115;&#116;&#114;&#105;&#99;&#116;&#45;&#112;&#97;&#x6d;&#x69;&#x6e;&#x61;&#x2e;&#x65;&#x75;\">&#105;n&#x66;o&#x40;e&#x75;r&#x6f;d&#x69;s&#x74;&#114;&#x69;&#99;&#x74;&#45;&#x70;&#97;&#x6d;&#105;&#x6e;&#97;&#x2e;&#101;u <\/a><\/div>\n<\/div>\n<\/article>\n<\/div>\n<\/div>\n<\/section>\n","protected":false},"excerpt":{"rendered":"<p>Das Pilotprojekt TePraTa (Theorie und Praxis in Tandem) erm\u00f6glicht es deutschen Sch\u00fclerinnen und Sch\u00fclern am n\u00f6rdlichen Oberrhein, Projekte, gemeinsam mit franz\u00f6sischen Sch\u00fclerinnen und Sch\u00fclern der Mittel- und Oberschule im Auftrag von grenznahen Unternehmen durchzuf\u00fchren. Das TePraTa INTERREG V A Kleinprojekt zielt darauf ab, Sch\u00fclerInnen im PAMINA-Raum bei der \u00dcberwindung ihrer kulturellen und sprachlichen Barrieren zu [&hellip;]<\/p>\n","protected":false},"author":3,"featured_media":0,"comment_status":"open","ping_status":"open","sticky":false,"template":"","format":"standard","meta":{"_exactmetrics_skip_tracking":false,"_exactmetrics_sitenote_active":false,"_exactmetrics_sitenote_note":"","_exactmetrics_sitenote_category":0,"footnotes":""},"categories":[57],"tags":[],"class_list":["post-3035","post","type-post","status-publish","format-standard","hentry","category-berufsbildung-de"],"yoast_head":"<!-- This site is optimized with the Yoast SEO plugin v23.5 - https:\/\/yoast.com\/wordpress\/plugins\/seo\/ -->\n<title>Kick-Off des Kleinprojekts TePraTa - Theorie und Praxis in Tandem - PAMINA Business Club<\/title>\n<meta name=\"robots\" content=\"index, follow, max-snippet:-1, max-image-preview:large, max-video-preview:-1\" \/>\n<link rel=\"canonical\" href=\"http:\/\/www.pamina-business.com\/de\/kick-off-des-kleinprojekts-teprata-theorie-und-praxis-in-tandem\/\" \/>\n<meta property=\"og:locale\" content=\"de_DE\" \/>\n<meta property=\"og:type\" content=\"article\" \/>\n<meta property=\"og:title\" content=\"Kick-Off des Kleinprojekts TePraTa - Theorie und Praxis in Tandem - PAMINA Business Club\" \/>\n<meta property=\"og:description\" content=\"Das Pilotprojekt TePraTa (Theorie und Praxis in Tandem) erm\u00f6glicht es deutschen Sch\u00fclerinnen und Sch\u00fclern am n\u00f6rdlichen Oberrhein, Projekte, gemeinsam mit franz\u00f6sischen Sch\u00fclerinnen und Sch\u00fclern der Mittel- und Oberschule im Auftrag von grenznahen Unternehmen durchzuf\u00fchren. Das TePraTa INTERREG V A Kleinprojekt zielt darauf ab, Sch\u00fclerInnen im PAMINA-Raum bei der \u00dcberwindung ihrer kulturellen und sprachlichen Barrieren zu [&hellip;]\" \/>\n<meta property=\"og:url\" content=\"http:\/\/www.pamina-business.com\/de\/kick-off-des-kleinprojekts-teprata-theorie-und-praxis-in-tandem\/\" \/>\n<meta property=\"og:site_name\" content=\"PAMINA Business Club\" \/>\n<meta property=\"article:published_time\" content=\"2018-03-28T07:48:12+00:00\" \/>\n<meta property=\"article:modified_time\" content=\"2018-03-13T07:57:39+00:00\" \/>\n<meta property=\"og:image\" content=\"http:\/\/www.eurodistrict-pamina.eu\/globalflexit\/images\/img_base\/agendas\/835_556_1_teprata-2017-mg-4709-klein.jpg\" \/>\n<meta name=\"author\" content=\"Monique STUTZMANN\" \/>\n<meta name=\"twitter:card\" content=\"summary_large_image\" \/>\n<meta name=\"twitter:label1\" content=\"Verfasst von\" \/>\n\t<meta name=\"twitter:data1\" content=\"Monique STUTZMANN\" \/>\n\t<meta name=\"twitter:label2\" content=\"Gesch\u00e4tzte Lesezeit\" \/>\n\t<meta name=\"twitter:data2\" content=\"2\u00a0Minuten\" \/>\n<script type=\"application\/ld+json\" class=\"yoast-schema-graph\">{\"@context\":\"https:\/\/schema.org\",\"@graph\":[{\"@type\":\"WebPage\",\"@id\":\"http:\/\/www.pamina-business.com\/de\/kick-off-des-kleinprojekts-teprata-theorie-und-praxis-in-tandem\/\",\"url\":\"http:\/\/www.pamina-business.com\/de\/kick-off-des-kleinprojekts-teprata-theorie-und-praxis-in-tandem\/\",\"name\":\"Kick-Off des Kleinprojekts TePraTa - Theorie und Praxis in Tandem - PAMINA Business Club\",\"isPartOf\":{\"@id\":\"https:\/\/www.pamina-business.com\/en\/#website\"},\"primaryImageOfPage\":{\"@id\":\"http:\/\/www.pamina-business.com\/de\/kick-off-des-kleinprojekts-teprata-theorie-und-praxis-in-tandem\/#primaryimage\"},\"image\":{\"@id\":\"http:\/\/www.pamina-business.com\/de\/kick-off-des-kleinprojekts-teprata-theorie-und-praxis-in-tandem\/#primaryimage\"},\"thumbnailUrl\":\"http:\/\/www.eurodistrict-pamina.eu\/globalflexit\/images\/img_base\/agendas\/835_556_1_teprata-2017-mg-4709-klein.jpg\",\"datePublished\":\"2018-03-28T07:48:12+00:00\",\"dateModified\":\"2018-03-13T07:57:39+00:00\",\"author\":{\"@id\":\"https:\/\/www.pamina-business.com\/en\/#\/schema\/person\/9ab02536dbdbc5e3ef40bbc3452c8c69\"},\"breadcrumb\":{\"@id\":\"http:\/\/www.pamina-business.com\/de\/kick-off-des-kleinprojekts-teprata-theorie-und-praxis-in-tandem\/#breadcrumb\"},\"inLanguage\":\"de\",\"potentialAction\":[{\"@type\":\"ReadAction\",\"target\":[\"http:\/\/www.pamina-business.com\/de\/kick-off-des-kleinprojekts-teprata-theorie-und-praxis-in-tandem\/\"]}]},{\"@type\":\"ImageObject\",\"inLanguage\":\"de\",\"@id\":\"http:\/\/www.pamina-business.com\/de\/kick-off-des-kleinprojekts-teprata-theorie-und-praxis-in-tandem\/#primaryimage\",\"url\":\"http:\/\/www.eurodistrict-pamina.eu\/globalflexit\/images\/img_base\/agendas\/835_556_1_teprata-2017-mg-4709-klein.jpg\",\"contentUrl\":\"http:\/\/www.eurodistrict-pamina.eu\/globalflexit\/images\/img_base\/agendas\/835_556_1_teprata-2017-mg-4709-klein.jpg\"},{\"@type\":\"BreadcrumbList\",\"@id\":\"http:\/\/www.pamina-business.com\/de\/kick-off-des-kleinprojekts-teprata-theorie-und-praxis-in-tandem\/#breadcrumb\",\"itemListElement\":[{\"@type\":\"ListItem\",\"position\":1,\"name\":\"Accueil\",\"item\":\"https:\/\/www.pamina-business.com\/de\/\"},{\"@type\":\"ListItem\",\"position\":2,\"name\":\"Kick-Off des Kleinprojekts TePraTa &#8211; Theorie und Praxis in Tandem\"}]},{\"@type\":\"WebSite\",\"@id\":\"https:\/\/www.pamina-business.com\/en\/#website\",\"url\":\"https:\/\/www.pamina-business.com\/en\/\",\"name\":\"PAMINA Business Club\",\"description\":\"Un site utilisant WordPress\",\"potentialAction\":[{\"@type\":\"SearchAction\",\"target\":{\"@type\":\"EntryPoint\",\"urlTemplate\":\"https:\/\/www.pamina-business.com\/en\/?s={search_term_string}\"},\"query-input\":{\"@type\":\"PropertyValueSpecification\",\"valueRequired\":true,\"valueName\":\"search_term_string\"}}],\"inLanguage\":\"de\"},{\"@type\":\"Person\",\"@id\":\"https:\/\/www.pamina-business.com\/en\/#\/schema\/person\/9ab02536dbdbc5e3ef40bbc3452c8c69\",\"name\":\"Monique STUTZMANN\",\"image\":{\"@type\":\"ImageObject\",\"inLanguage\":\"de\",\"@id\":\"https:\/\/www.pamina-business.com\/en\/#\/schema\/person\/image\/\",\"url\":\"https:\/\/secure.gravatar.com\/avatar\/cc1c3adf9a9f6e969d3da7b6b34ec66f5f4a6844dfc9145380a75e42cd91882e?s=96&d=mm&r=g\",\"contentUrl\":\"https:\/\/secure.gravatar.com\/avatar\/cc1c3adf9a9f6e969d3da7b6b34ec66f5f4a6844dfc9145380a75e42cd91882e?s=96&d=mm&r=g\",\"caption\":\"Monique STUTZMANN\"},\"url\":\"https:\/\/www.pamina-business.com\/de\/author\/monique\/\"}]}<\/script>\n<!-- \/ Yoast SEO plugin. -->","yoast_head_json":{"title":"Kick-Off des Kleinprojekts TePraTa - Theorie und Praxis in Tandem - PAMINA Business Club","robots":{"index":"index","follow":"follow","max-snippet":"max-snippet:-1","max-image-preview":"max-image-preview:large","max-video-preview":"max-video-preview:-1"},"canonical":"http:\/\/www.pamina-business.com\/de\/kick-off-des-kleinprojekts-teprata-theorie-und-praxis-in-tandem\/","og_locale":"de_DE","og_type":"article","og_title":"Kick-Off des Kleinprojekts TePraTa - Theorie und Praxis in Tandem - PAMINA Business Club","og_description":"Das Pilotprojekt TePraTa (Theorie und Praxis in Tandem) erm\u00f6glicht es deutschen Sch\u00fclerinnen und Sch\u00fclern am n\u00f6rdlichen Oberrhein, Projekte, gemeinsam mit franz\u00f6sischen Sch\u00fclerinnen und Sch\u00fclern der Mittel- und Oberschule im Auftrag von grenznahen Unternehmen durchzuf\u00fchren. Das TePraTa INTERREG V A Kleinprojekt zielt darauf ab, Sch\u00fclerInnen im PAMINA-Raum bei der \u00dcberwindung ihrer kulturellen und sprachlichen Barrieren zu [&hellip;]","og_url":"http:\/\/www.pamina-business.com\/de\/kick-off-des-kleinprojekts-teprata-theorie-und-praxis-in-tandem\/","og_site_name":"PAMINA Business Club","article_published_time":"2018-03-28T07:48:12+00:00","article_modified_time":"2018-03-13T07:57:39+00:00","og_image":[{"url":"http:\/\/www.eurodistrict-pamina.eu\/globalflexit\/images\/img_base\/agendas\/835_556_1_teprata-2017-mg-4709-klein.jpg"}],"author":"Monique STUTZMANN","twitter_card":"summary_large_image","twitter_misc":{"Verfasst von":"Monique STUTZMANN","Gesch\u00e4tzte Lesezeit":"2\u00a0Minuten"},"schema":{"@context":"https:\/\/schema.org","@graph":[{"@type":"WebPage","@id":"http:\/\/www.pamina-business.com\/de\/kick-off-des-kleinprojekts-teprata-theorie-und-praxis-in-tandem\/","url":"http:\/\/www.pamina-business.com\/de\/kick-off-des-kleinprojekts-teprata-theorie-und-praxis-in-tandem\/","name":"Kick-Off des Kleinprojekts TePraTa - Theorie und Praxis in Tandem - PAMINA Business Club","isPartOf":{"@id":"https:\/\/www.pamina-business.com\/en\/#website"},"primaryImageOfPage":{"@id":"http:\/\/www.pamina-business.com\/de\/kick-off-des-kleinprojekts-teprata-theorie-und-praxis-in-tandem\/#primaryimage"},"image":{"@id":"http:\/\/www.pamina-business.com\/de\/kick-off-des-kleinprojekts-teprata-theorie-und-praxis-in-tandem\/#primaryimage"},"thumbnailUrl":"http:\/\/www.eurodistrict-pamina.eu\/globalflexit\/images\/img_base\/agendas\/835_556_1_teprata-2017-mg-4709-klein.jpg","datePublished":"2018-03-28T07:48:12+00:00","dateModified":"2018-03-13T07:57:39+00:00","author":{"@id":"https:\/\/www.pamina-business.com\/en\/#\/schema\/person\/9ab02536dbdbc5e3ef40bbc3452c8c69"},"breadcrumb":{"@id":"http:\/\/www.pamina-business.com\/de\/kick-off-des-kleinprojekts-teprata-theorie-und-praxis-in-tandem\/#breadcrumb"},"inLanguage":"de","potentialAction":[{"@type":"ReadAction","target":["http:\/\/www.pamina-business.com\/de\/kick-off-des-kleinprojekts-teprata-theorie-und-praxis-in-tandem\/"]}]},{"@type":"ImageObject","inLanguage":"de","@id":"http:\/\/www.pamina-business.com\/de\/kick-off-des-kleinprojekts-teprata-theorie-und-praxis-in-tandem\/#primaryimage","url":"http:\/\/www.eurodistrict-pamina.eu\/globalflexit\/images\/img_base\/agendas\/835_556_1_teprata-2017-mg-4709-klein.jpg","contentUrl":"http:\/\/www.eurodistrict-pamina.eu\/globalflexit\/images\/img_base\/agendas\/835_556_1_teprata-2017-mg-4709-klein.jpg"},{"@type":"BreadcrumbList","@id":"http:\/\/www.pamina-business.com\/de\/kick-off-des-kleinprojekts-teprata-theorie-und-praxis-in-tandem\/#breadcrumb","itemListElement":[{"@type":"ListItem","position":1,"name":"Accueil","item":"https:\/\/www.pamina-business.com\/de\/"},{"@type":"ListItem","position":2,"name":"Kick-Off des Kleinprojekts TePraTa &#8211; Theorie und Praxis in Tandem"}]},{"@type":"WebSite","@id":"https:\/\/www.pamina-business.com\/en\/#website","url":"https:\/\/www.pamina-business.com\/en\/","name":"PAMINA Business Club","description":"Un site utilisant WordPress","potentialAction":[{"@type":"SearchAction","target":{"@type":"EntryPoint","urlTemplate":"https:\/\/www.pamina-business.com\/en\/?s={search_term_string}"},"query-input":{"@type":"PropertyValueSpecification","valueRequired":true,"valueName":"search_term_string"}}],"inLanguage":"de"},{"@type":"Person","@id":"https:\/\/www.pamina-business.com\/en\/#\/schema\/person\/9ab02536dbdbc5e3ef40bbc3452c8c69","name":"Monique STUTZMANN","image":{"@type":"ImageObject","inLanguage":"de","@id":"https:\/\/www.pamina-business.com\/en\/#\/schema\/person\/image\/","url":"https:\/\/secure.gravatar.com\/avatar\/cc1c3adf9a9f6e969d3da7b6b34ec66f5f4a6844dfc9145380a75e42cd91882e?s=96&d=mm&r=g","contentUrl":"https:\/\/secure.gravatar.com\/avatar\/cc1c3adf9a9f6e969d3da7b6b34ec66f5f4a6844dfc9145380a75e42cd91882e?s=96&d=mm&r=g","caption":"Monique STUTZMANN"},"url":"https:\/\/www.pamina-business.com\/de\/author\/monique\/"}]}},"_links":{"self":[{"href":"https:\/\/www.pamina-business.com\/de\/wp-json\/wp\/v2\/posts\/3035","targetHints":{"allow":["GET"]}}],"collection":[{"href":"https:\/\/www.pamina-business.com\/de\/wp-json\/wp\/v2\/posts"}],"about":[{"href":"https:\/\/www.pamina-business.com\/de\/wp-json\/wp\/v2\/types\/post"}],"author":[{"embeddable":true,"href":"https:\/\/www.pamina-business.com\/de\/wp-json\/wp\/v2\/users\/3"}],"replies":[{"embeddable":true,"href":"https:\/\/www.pamina-business.com\/de\/wp-json\/wp\/v2\/comments?post=3035"}],"version-history":[{"count":1,"href":"https:\/\/www.pamina-business.com\/de\/wp-json\/wp\/v2\/posts\/3035\/revisions"}],"predecessor-version":[{"id":3036,"href":"https:\/\/www.pamina-business.com\/de\/wp-json\/wp\/v2\/posts\/3035\/revisions\/3036"}],"wp:attachment":[{"href":"https:\/\/www.pamina-business.com\/de\/wp-json\/wp\/v2\/media?parent=3035"}],"wp:term":[{"taxonomy":"category","embeddable":true,"href":"https:\/\/www.pamina-business.com\/de\/wp-json\/wp\/v2\/categories?post=3035"},{"taxonomy":"post_tag","embeddable":true,"href":"https:\/\/www.pamina-business.com\/de\/wp-json\/wp\/v2\/tags?post=3035"}],"curies":[{"name":"wp","href":"https:\/\/api.w.org\/{rel}","templated":true}]}}