{"id":2699,"date":"2017-08-22T14:40:39","date_gmt":"2017-08-22T14:40:39","guid":{"rendered":"http:\/\/www.pamina-business.com\/?p=2699"},"modified":"2017-07-31T14:43:20","modified_gmt":"2017-07-31T14:43:20","slug":"salon-windenergie-expo-congress-energie-eolienne-15-et-16-novembre-2017-a-offenburg","status":"publish","type":"post","link":"https:\/\/www.pamina-business.com\/de\/salon-windenergie-expo-congress-energie-eolienne-15-et-16-novembre-2017-a-offenburg\/","title":{"rendered":"Salon Windenergie &#8211; expo &#038; congress \u00ab Energie \u00e9olienne\u00bb 15 et 16 novembre 2017 \u00e0 Offenburg"},"content":{"rendered":"<p><strong>\u00c0\u00a0:<\/strong> <a href=\"&#x6d;&#97;&#x69;&#x6c;&#116;&#x6f;&#58;i&#x6e;&#102;o&#x40;&#116;r&#x69;&#111;n&#x2d;&#99;&#x6c;&#x69;&#109;&#x61;&#x74;&#101;&#x2e;&#110;e&#x74;\">&#x69;&#x6e;&#x66;&#111;&#64;tr&#x69;&#x6f;&#x6e;&#x2d;&#99;&#108;im&#x61;&#x74;&#x65;&#46;&#110;&#101;t<\/a><br \/>\nTRION-climate est partenaire du salon <a href=\"http:\/\/www.windenergie-offenburg.de\/\">Windenergie &#8211; expo &amp; congress<\/a> \u00a0\u00ab Energie \u00e9olienne\u00bb qui se tiendra les 15 et 16 novembre 2017 \u00e0 Offenburg. Nous soutenons l\u2019internationalisation de cet \u00e9v\u00e8nement et deux des quatre congr\u00e8s proposeront la traduction simultan\u00e9e en Fran\u00e7ais.<\/p>\n<p>Dans le cadre de cette coop\u00e9ration, nous sommes heureux d\u2019offrir les avantages suivants \u00e0 nos adh\u00e9rents. Cette offre s\u2019adresse \u00e0 tous les collaborateurs d\u2019entreprises, collectivit\u00e9s et autres organismes ayant adh\u00e9r\u00e9 \u00e0 TRION-climate.<\/p>\n<ol>\n<li><u> Tickets d\u2019entr\u00e9e gratuits <\/u><\/li>\n<\/ol>\n<p>Nous mettons \u00e0 disposition de nos adh\u00e9rents un certain nombre de <strong>tickets d\u2019entr\u00e9e<\/strong> gratuits. Les demandes se font via le formulaire sur <a href=\"http:\/\/www.trion-climate.net\">www.trion-climate.net<\/a> et seront accept\u00e9es par ordre chronologique.<\/p>\n<ol start=\"2\">\n<li><u> Sous-exposant au stand de TRION<\/u><\/li>\n<\/ol>\n<p>Nos adh\u00e9rents peuvent se pr\u00e9senter gratuitement en tant que <strong>sous-exposant<\/strong> au stand de TRION (1 roll-up et des brochures). Le nombre de sous-exposants \u00e9tant limit\u00e9, les demandes seront accept\u00e9es par ordre chronologique. Si cette offre vous int\u00e9resse veuillez nous contacter sur <a href=\"&#x6d;&#x61;&#x69;&#x6c;&#116;&#111;:in&#x66;&#x6f;&#x40;&#x74;&#114;&#105;on-&#x63;&#x6c;&#x69;&#x6d;&#97;&#116;&#101;&#46;n&#x65;&#x74;\">&#x69;&#x6e;&#102;o&#64;&#x74;&#x72;&#105;&#111;n&#x2d;&#x63;&#108;&#105;m&#x61;&#x74;&#x65;&#46;ne&#x74;<\/a>.<\/p>\n<ol start=\"3\">\n<li><u> Tarif exposants avantageux <\/u><\/li>\n<\/ol>\n<p>Si vous souhaitez \u00eatre pr\u00e9sent avec votre propre stand, vous b\u00e9n\u00e9ficiez d\u2019une <strong>r\u00e9duction de 50%<\/strong> sur le tarif r\u00e9gulier d\u2019exposants. Si cette offre vous int\u00e9resse veuillez nous contacter sur<\/p>\n<p><a href=\"&#109;&#x61;&#x69;l&#116;&#x6f;&#x3a;i&#110;&#x66;o&#64;&#x74;&#x72;i&#111;&#x6e;-&#99;&#x6c;&#x69;m&#97;&#x74;&#x65;&#46;&#x6e;&#x65;t\">&#x69;&#110;f&#x6f;&#x40;&#116;r&#x69;&#111;n&#x2d;&#x63;&#108;i&#x6d;&#97;t&#x65;&#x2e;&#110;e&#x74;<\/a>.<\/p>\n<p>Si votre organisme ne fait pas encore partie de nos adh\u00e9rents, nous sommes \u00e0 votre disposition pour de plus amples informations sur l\u2019association TRION-climate et le montant de la cotisation annuelle.<\/p>\n<p><em>Source<\/em> : <a href=\"http:\/\/www.trion-climate.net\">www.trion-climate.net <\/a><\/p>\n<p>Netzwerk f\u00fcr Energie und Klima der Trinationalen Metropolregion Oberrhein<\/p>\n<p>R\u00e9seau \u00e9nergie-climat, R\u00e9gion M\u00e9tropolitaine Trinationale du Rhin Sup\u00e9rieur<\/p>\n<p><em>Contact<\/em> :<\/p>\n<p>TRION-climate\u00a0e.V\u00a0\u00a0\u00a0\u00a0\u00a0\u00a0\u00a0\u00a0\u00a0\u00a0\u00a0\u00a0 <a href=\"http:\/\/www.trion-climate.net\/\">www.TRION-climate.net<\/a><strong>\u00a0\u00a0\u00a0\u00a0\u00a0 <\/strong><\/p>\n<p>Fabrikstra\u00dfe 12\u00a0\u00a0\u00a0\u00a0\u00a0\u00a0\u00a0\u00a0\u00a0\u00a0\u00a0\u00a0\u00a0\u00a0\u00a0\u00a0 Tel. 0049 (0)7851\/48 42 580<\/p>\n<p>D-77694 Kehl\u00a0\u00a0\u00a0\u00a0\u00a0\u00a0\u00a0\u00a0\u00a0\u00a0\u00a0\u00a0\u00a0\u00a0\u00a0\u00a0\u00a0\u00a0\u00a0 Fax 0049 (0)7851\/48 42 582<\/p>\n","protected":false},"excerpt":{"rendered":"<p>\u00c0\u00a0: &#105;n&#x66;o&#x40;&#116;&#x72;&#105;&#x6f;&#110;-&#x63;l&#x69;&#109;&#x61;&#116;&#x65;&#46;&#x6e;&#101;t TRION-climate est partenaire du salon Windenergie &#8211; expo &amp; congress \u00a0\u00ab Energie \u00e9olienne\u00bb qui se tiendra les 15 et 16 novembre 2017 \u00e0 Offenburg. Nous soutenons l\u2019internationalisation de cet \u00e9v\u00e8nement et deux des quatre congr\u00e8s proposeront la traduction simultan\u00e9e en Fran\u00e7ais. Dans le cadre de cette coop\u00e9ration, nous sommes heureux d\u2019offrir les avantages [&hellip;]<\/p>\n","protected":false},"author":3,"featured_media":0,"comment_status":"open","ping_status":"open","sticky":false,"template":"","format":"standard","meta":{"_exactmetrics_skip_tracking":false,"_exactmetrics_sitenote_active":false,"_exactmetrics_sitenote_note":"","_exactmetrics_sitenote_category":0,"footnotes":""},"categories":[50,7,53],"tags":[],"class_list":["post-2699","post","type-post","status-publish","format-standard","hentry","category-energie-fr","category-evenements-fr","category-innovation-fr"],"yoast_head":"<!-- This site is optimized with the Yoast SEO plugin v23.5 - https:\/\/yoast.com\/wordpress\/plugins\/seo\/ -->\n<title>Salon Windenergie - expo &amp; congress \u00ab Energie \u00e9olienne\u00bb 15 et 16 novembre 2017 \u00e0 Offenburg - PAMINA Business Club<\/title>\n<meta name=\"robots\" content=\"index, follow, max-snippet:-1, max-image-preview:large, max-video-preview:-1\" \/>\n<link rel=\"canonical\" href=\"https:\/\/www.pamina-business.com\/salon-windenergie-expo-congress-energie-eolienne-15-et-16-novembre-2017-a-offenburg\/\" \/>\n<meta property=\"og:locale\" content=\"de_DE\" \/>\n<meta property=\"og:type\" content=\"article\" \/>\n<meta property=\"og:title\" content=\"Salon Windenergie - expo &amp; congress \u00ab Energie \u00e9olienne\u00bb 15 et 16 novembre 2017 \u00e0 Offenburg - PAMINA Business Club\" \/>\n<meta property=\"og:description\" content=\"\u00c0\u00a0: i&#110;&#102;&#x6f;&#x40;&#x74;r&#105;&#111;&#x6e;&#x2d;&#x63;li&#109;&#x61;&#x74;&#x65;&#046;n&#101;&#116; TRION-climate est partenaire du salon Windenergie &#8211; expo &amp; congress \u00a0\u00ab Energie \u00e9olienne\u00bb qui se tiendra les 15 et 16 novembre 2017 \u00e0 Offenburg. Nous soutenons l\u2019internationalisation de cet \u00e9v\u00e8nement et deux des quatre congr\u00e8s proposeront la traduction simultan\u00e9e en Fran\u00e7ais. Dans le cadre de cette coop\u00e9ration, nous sommes heureux d\u2019offrir les avantages [&hellip;]\" \/>\n<meta property=\"og:url\" content=\"https:\/\/www.pamina-business.com\/salon-windenergie-expo-congress-energie-eolienne-15-et-16-novembre-2017-a-offenburg\/\" \/>\n<meta property=\"og:site_name\" content=\"PAMINA Business Club\" \/>\n<meta property=\"article:published_time\" content=\"2017-08-22T14:40:39+00:00\" \/>\n<meta property=\"article:modified_time\" content=\"2017-07-31T14:43:20+00:00\" \/>\n<meta name=\"author\" content=\"Monique STUTZMANN\" \/>\n<meta name=\"twitter:card\" content=\"summary_large_image\" \/>\n<meta name=\"twitter:label1\" content=\"Verfasst von\" \/>\n\t<meta name=\"twitter:data1\" content=\"Monique STUTZMANN\" \/>\n\t<meta name=\"twitter:label2\" content=\"Gesch\u00e4tzte Lesezeit\" \/>\n\t<meta name=\"twitter:data2\" content=\"1\u00a0Minute\" \/>\n<script type=\"application\/ld+json\" class=\"yoast-schema-graph\">{\"@context\":\"https:\/\/schema.org\",\"@graph\":[{\"@type\":\"WebPage\",\"@id\":\"https:\/\/www.pamina-business.com\/salon-windenergie-expo-congress-energie-eolienne-15-et-16-novembre-2017-a-offenburg\/\",\"url\":\"https:\/\/www.pamina-business.com\/salon-windenergie-expo-congress-energie-eolienne-15-et-16-novembre-2017-a-offenburg\/\",\"name\":\"Salon Windenergie - expo & congress \u00ab Energie \u00e9olienne\u00bb 15 et 16 novembre 2017 \u00e0 Offenburg - PAMINA Business Club\",\"isPartOf\":{\"@id\":\"https:\/\/www.pamina-business.com\/de\/#website\"},\"datePublished\":\"2017-08-22T14:40:39+00:00\",\"dateModified\":\"2017-07-31T14:43:20+00:00\",\"author\":{\"@id\":\"https:\/\/www.pamina-business.com\/de\/#\/schema\/person\/9ab02536dbdbc5e3ef40bbc3452c8c69\"},\"breadcrumb\":{\"@id\":\"https:\/\/www.pamina-business.com\/salon-windenergie-expo-congress-energie-eolienne-15-et-16-novembre-2017-a-offenburg\/#breadcrumb\"},\"inLanguage\":\"de\",\"potentialAction\":[{\"@type\":\"ReadAction\",\"target\":[\"https:\/\/www.pamina-business.com\/salon-windenergie-expo-congress-energie-eolienne-15-et-16-novembre-2017-a-offenburg\/\"]}]},{\"@type\":\"BreadcrumbList\",\"@id\":\"https:\/\/www.pamina-business.com\/salon-windenergie-expo-congress-energie-eolienne-15-et-16-novembre-2017-a-offenburg\/#breadcrumb\",\"itemListElement\":[{\"@type\":\"ListItem\",\"position\":1,\"name\":\"Accueil\",\"item\":\"https:\/\/www.pamina-business.com\/de\/\"},{\"@type\":\"ListItem\",\"position\":2,\"name\":\"Salon Windenergie &#8211; expo &#038; congress \u00ab Energie \u00e9olienne\u00bb 15 et 16 novembre 2017 \u00e0 Offenburg\"}]},{\"@type\":\"WebSite\",\"@id\":\"https:\/\/www.pamina-business.com\/de\/#website\",\"url\":\"https:\/\/www.pamina-business.com\/de\/\",\"name\":\"PAMINA Business Club\",\"description\":\"Un site utilisant WordPress\",\"potentialAction\":[{\"@type\":\"SearchAction\",\"target\":{\"@type\":\"EntryPoint\",\"urlTemplate\":\"https:\/\/www.pamina-business.com\/de\/?s={search_term_string}\"},\"query-input\":{\"@type\":\"PropertyValueSpecification\",\"valueRequired\":true,\"valueName\":\"search_term_string\"}}],\"inLanguage\":\"de\"},{\"@type\":\"Person\",\"@id\":\"https:\/\/www.pamina-business.com\/de\/#\/schema\/person\/9ab02536dbdbc5e3ef40bbc3452c8c69\",\"name\":\"Monique STUTZMANN\",\"image\":{\"@type\":\"ImageObject\",\"inLanguage\":\"de\",\"@id\":\"https:\/\/www.pamina-business.com\/de\/#\/schema\/person\/image\/\",\"url\":\"https:\/\/secure.gravatar.com\/avatar\/cc1c3adf9a9f6e969d3da7b6b34ec66f5f4a6844dfc9145380a75e42cd91882e?s=96&d=mm&r=g\",\"contentUrl\":\"https:\/\/secure.gravatar.com\/avatar\/cc1c3adf9a9f6e969d3da7b6b34ec66f5f4a6844dfc9145380a75e42cd91882e?s=96&d=mm&r=g\",\"caption\":\"Monique STUTZMANN\"},\"url\":\"https:\/\/www.pamina-business.com\/de\/author\/monique\/\"}]}<\/script>\n<!-- \/ Yoast SEO plugin. -->","yoast_head_json":{"title":"Salon Windenergie - expo & congress \u00ab Energie \u00e9olienne\u00bb 15 et 16 novembre 2017 \u00e0 Offenburg - PAMINA Business Club","robots":{"index":"index","follow":"follow","max-snippet":"max-snippet:-1","max-image-preview":"max-image-preview:large","max-video-preview":"max-video-preview:-1"},"canonical":"https:\/\/www.pamina-business.com\/salon-windenergie-expo-congress-energie-eolienne-15-et-16-novembre-2017-a-offenburg\/","og_locale":"de_DE","og_type":"article","og_title":"Salon Windenergie - expo & congress \u00ab Energie \u00e9olienne\u00bb 15 et 16 novembre 2017 \u00e0 Offenburg - PAMINA Business Club","og_description":"\u00c0\u00a0: i&#110;&#102;&#x6f;&#x40;&#x74;r&#105;&#111;&#x6e;&#x2d;&#x63;li&#109;&#x61;&#x74;&#x65;&#46;n&#101;&#116; TRION-climate est partenaire du salon Windenergie &#8211; expo &amp; congress \u00a0\u00ab Energie \u00e9olienne\u00bb qui se tiendra les 15 et 16 novembre 2017 \u00e0 Offenburg. Nous soutenons l\u2019internationalisation de cet \u00e9v\u00e8nement et deux des quatre congr\u00e8s proposeront la traduction simultan\u00e9e en Fran\u00e7ais. Dans le cadre de cette coop\u00e9ration, nous sommes heureux d\u2019offrir les avantages [&hellip;]","og_url":"https:\/\/www.pamina-business.com\/salon-windenergie-expo-congress-energie-eolienne-15-et-16-novembre-2017-a-offenburg\/","og_site_name":"PAMINA Business Club","article_published_time":"2017-08-22T14:40:39+00:00","article_modified_time":"2017-07-31T14:43:20+00:00","author":"Monique STUTZMANN","twitter_card":"summary_large_image","twitter_misc":{"Verfasst von":"Monique STUTZMANN","Gesch\u00e4tzte Lesezeit":"1\u00a0Minute"},"schema":{"@context":"https:\/\/schema.org","@graph":[{"@type":"WebPage","@id":"https:\/\/www.pamina-business.com\/salon-windenergie-expo-congress-energie-eolienne-15-et-16-novembre-2017-a-offenburg\/","url":"https:\/\/www.pamina-business.com\/salon-windenergie-expo-congress-energie-eolienne-15-et-16-novembre-2017-a-offenburg\/","name":"Salon Windenergie - expo & congress \u00ab Energie \u00e9olienne\u00bb 15 et 16 novembre 2017 \u00e0 Offenburg - PAMINA Business Club","isPartOf":{"@id":"https:\/\/www.pamina-business.com\/de\/#website"},"datePublished":"2017-08-22T14:40:39+00:00","dateModified":"2017-07-31T14:43:20+00:00","author":{"@id":"https:\/\/www.pamina-business.com\/de\/#\/schema\/person\/9ab02536dbdbc5e3ef40bbc3452c8c69"},"breadcrumb":{"@id":"https:\/\/www.pamina-business.com\/salon-windenergie-expo-congress-energie-eolienne-15-et-16-novembre-2017-a-offenburg\/#breadcrumb"},"inLanguage":"de","potentialAction":[{"@type":"ReadAction","target":["https:\/\/www.pamina-business.com\/salon-windenergie-expo-congress-energie-eolienne-15-et-16-novembre-2017-a-offenburg\/"]}]},{"@type":"BreadcrumbList","@id":"https:\/\/www.pamina-business.com\/salon-windenergie-expo-congress-energie-eolienne-15-et-16-novembre-2017-a-offenburg\/#breadcrumb","itemListElement":[{"@type":"ListItem","position":1,"name":"Accueil","item":"https:\/\/www.pamina-business.com\/de\/"},{"@type":"ListItem","position":2,"name":"Salon Windenergie &#8211; expo &#038; congress \u00ab Energie \u00e9olienne\u00bb 15 et 16 novembre 2017 \u00e0 Offenburg"}]},{"@type":"WebSite","@id":"https:\/\/www.pamina-business.com\/de\/#website","url":"https:\/\/www.pamina-business.com\/de\/","name":"PAMINA Business Club","description":"Un site utilisant WordPress","potentialAction":[{"@type":"SearchAction","target":{"@type":"EntryPoint","urlTemplate":"https:\/\/www.pamina-business.com\/de\/?s={search_term_string}"},"query-input":{"@type":"PropertyValueSpecification","valueRequired":true,"valueName":"search_term_string"}}],"inLanguage":"de"},{"@type":"Person","@id":"https:\/\/www.pamina-business.com\/de\/#\/schema\/person\/9ab02536dbdbc5e3ef40bbc3452c8c69","name":"Monique STUTZMANN","image":{"@type":"ImageObject","inLanguage":"de","@id":"https:\/\/www.pamina-business.com\/de\/#\/schema\/person\/image\/","url":"https:\/\/secure.gravatar.com\/avatar\/cc1c3adf9a9f6e969d3da7b6b34ec66f5f4a6844dfc9145380a75e42cd91882e?s=96&d=mm&r=g","contentUrl":"https:\/\/secure.gravatar.com\/avatar\/cc1c3adf9a9f6e969d3da7b6b34ec66f5f4a6844dfc9145380a75e42cd91882e?s=96&d=mm&r=g","caption":"Monique STUTZMANN"},"url":"https:\/\/www.pamina-business.com\/de\/author\/monique\/"}]}},"_links":{"self":[{"href":"https:\/\/www.pamina-business.com\/de\/wp-json\/wp\/v2\/posts\/2699","targetHints":{"allow":["GET"]}}],"collection":[{"href":"https:\/\/www.pamina-business.com\/de\/wp-json\/wp\/v2\/posts"}],"about":[{"href":"https:\/\/www.pamina-business.com\/de\/wp-json\/wp\/v2\/types\/post"}],"author":[{"embeddable":true,"href":"https:\/\/www.pamina-business.com\/de\/wp-json\/wp\/v2\/users\/3"}],"replies":[{"embeddable":true,"href":"https:\/\/www.pamina-business.com\/de\/wp-json\/wp\/v2\/comments?post=2699"}],"version-history":[{"count":1,"href":"https:\/\/www.pamina-business.com\/de\/wp-json\/wp\/v2\/posts\/2699\/revisions"}],"predecessor-version":[{"id":2700,"href":"https:\/\/www.pamina-business.com\/de\/wp-json\/wp\/v2\/posts\/2699\/revisions\/2700"}],"wp:attachment":[{"href":"https:\/\/www.pamina-business.com\/de\/wp-json\/wp\/v2\/media?parent=2699"}],"wp:term":[{"taxonomy":"category","embeddable":true,"href":"https:\/\/www.pamina-business.com\/de\/wp-json\/wp\/v2\/categories?post=2699"},{"taxonomy":"post_tag","embeddable":true,"href":"https:\/\/www.pamina-business.com\/de\/wp-json\/wp\/v2\/tags?post=2699"}],"curies":[{"name":"wp","href":"https:\/\/api.w.org\/{rel}","templated":true}]}}