{"id":2484,"date":"2017-05-02T07:03:17","date_gmt":"2017-05-02T07:03:17","guid":{"rendered":"http:\/\/www.pamina-business.com\/?p=2484"},"modified":"2017-04-25T07:10:05","modified_gmt":"2017-04-25T07:10:05","slug":"eltern-alsace-table-ronde-le-12-mai-2017-chez-socomec-consacree-a-lenseignement-bilingue","status":"publish","type":"post","link":"https:\/\/www.pamina-business.com\/de\/eltern-alsace-table-ronde-le-12-mai-2017-chez-socomec-consacree-a-lenseignement-bilingue\/","title":{"rendered":"&#8222;Eltern Alsace &#8220; : table ronde le 12 mai 2017 chez Socomec consacr\u00e9e \u00e0 l&#8217;enseignement bilingue."},"content":{"rendered":"<p>L&#8217;association &#8222;Eltern Alsace&#8220; invite \u00e0 la table ronde qu&#8217;elle organise \u00e0 Benfeld -dans les locaux du Groupe SOCOMEC- le 12 mai 2017 (19H) \u00e0 l&#8217;occasion de son Assembl\u00e9e G\u00e9n\u00e9rale.<\/p>\n<p>Les acteurs du monde \u00e9conomique franco-allemand seront l\u00e0 pour d\u00e9battre avec vous de l&#8217;immense opportunit\u00e9 que repr\u00e9sente pour l&#8217;Alsace et sa jeunesse l&#8217;enseignement bilingue pr\u00e9coce d\u00e8s lors que se profile pour nos enfants la th\u00e9matique de l&#8217;orientation professionnelle et de l&#8217;entr\u00e9e dans le monde du travail.<\/p>\n<p>Avec le pr\u00e9sident de la Chambre de Commerce de Freiburg, avec le PDG de W\u00fcrth France, et sous la houlette de M. Luc Julien Saint-Amand, grand sp\u00e9cialiste des relations franco-allemandes, Eltern Alsace convie \u00e0 une discussion dynamique et conviviale avec des acteurs de premier plan des \u00e9changes professionnels franco-allemands.<\/p>\n<p>Voir le programme d\u00e9taill\u00e9 en annexe : <a href=\"http:\/\/www.pamina-business.com\/wp-content\/uploads\/2017\/05\/D\u00c9PLIANT-AG-BENFELD.pdf\">D\u00c9PLIANT AG BENFELD<\/a><\/p>\n<p>Vous pouvez confirmez votre pr\u00e9sence par mail \u00e0<\/p>\n<p>Anne-C\u00e9cile Birgi<\/p>\n<p><em>Source<\/em><strong> : ELTERN Alsace<\/strong><\/p>\n<p>11 rue Mittlerweg<\/p>\n<p>68025 Colmar cedex<\/p>\n<p>Tel\u00a0: +33 (0)3 89 20 46 74<\/p>\n<p><em>Information<\/em> : E-mail\u00a0: <a href=\"&#x6d;&#x61;&#x69;&#x6c;&#x74;&#x6f;&#x3a;&#x63;&#x6f;&#x6e;&#x74;&#x61;&#x63;&#x74;&#x40;&#x65;&#x6c;&#x74;&#x65;&#x72;&#x6e;&#x2d;&#x62;&#x69;&#x6c;&#x69;&#x6e;&#x67;&#x75;&#x69;&#x73;&#x6d;&#x65;&#x2e;&#x6f;&#x72;&#x67;\">&#x63;o&#x6e;&#116;&#x61;&#99;&#x74;&#x40;e&#x6c;&#116;&#x65;&#114;&#x6e;&#45;b&#x69;&#108;&#x69;&#110;&#x67;&#117;i&#x73;&#109;&#x65;&#46;&#x6f;&#114;g<\/a><\/p>\n<p>Site Internet\u00a0: <a href=\"http:\/\/www.eltern-bilinguisme.org\/\">www.eltern-bilinguisme.org<\/a><\/p>\n","protected":false},"excerpt":{"rendered":"<p>L&#8217;association &#8222;Eltern Alsace&#8220; invite \u00e0 la table ronde qu&#8217;elle organise \u00e0 Benfeld -dans les locaux du Groupe SOCOMEC- le 12 mai 2017 (19H) \u00e0 l&#8217;occasion de son Assembl\u00e9e G\u00e9n\u00e9rale. Les acteurs du monde \u00e9conomique franco-allemand seront l\u00e0 pour d\u00e9battre avec vous de l&#8217;immense opportunit\u00e9 que repr\u00e9sente pour l&#8217;Alsace et sa jeunesse l&#8217;enseignement bilingue pr\u00e9coce d\u00e8s [&hellip;]<\/p>\n","protected":false},"author":3,"featured_media":0,"comment_status":"open","ping_status":"open","sticky":false,"template":"","format":"standard","meta":{"_exactmetrics_skip_tracking":false,"_exactmetrics_sitenote_active":false,"_exactmetrics_sitenote_note":"","_exactmetrics_sitenote_category":0,"footnotes":""},"categories":[4,7],"tags":[],"class_list":["post-2484","post","type-post","status-publish","format-standard","hentry","category-education-fr","category-evenements-fr"],"yoast_head":"<!-- This site is optimized with the Yoast SEO plugin v23.5 - https:\/\/yoast.com\/wordpress\/plugins\/seo\/ -->\n<title>&quot;Eltern Alsace &quot; : table ronde le 12 mai 2017 chez Socomec consacr\u00e9e \u00e0 l&#039;enseignement bilingue. - PAMINA Business Club<\/title>\n<meta name=\"robots\" content=\"index, follow, max-snippet:-1, max-image-preview:large, max-video-preview:-1\" \/>\n<link rel=\"canonical\" href=\"http:\/\/www.pamina-business.com\/en\/eltern-alsace-table-ronde-le-12-mai-2017-chez-socomec-consacree-a-lenseignement-bilingue\/\" \/>\n<meta property=\"og:locale\" content=\"de_DE\" \/>\n<meta property=\"og:type\" content=\"article\" \/>\n<meta property=\"og:title\" content=\"&quot;Eltern Alsace &quot; : table ronde le 12 mai 2017 chez Socomec consacr\u00e9e \u00e0 l&#039;enseignement bilingue. - PAMINA Business Club\" \/>\n<meta property=\"og:description\" content=\"L&#8217;association &#8222;Eltern Alsace&#8220; invite \u00e0 la table ronde qu&#8217;elle organise \u00e0 Benfeld -dans les locaux du Groupe SOCOMEC- le 12 mai 2017 (19H) \u00e0 l&#8217;occasion de son Assembl\u00e9e G\u00e9n\u00e9rale. Les acteurs du monde \u00e9conomique franco-allemand seront l\u00e0 pour d\u00e9battre avec vous de l&#8217;immense opportunit\u00e9 que repr\u00e9sente pour l&#8217;Alsace et sa jeunesse l&#8217;enseignement bilingue pr\u00e9coce d\u00e8s [&hellip;]\" \/>\n<meta property=\"og:url\" content=\"http:\/\/www.pamina-business.com\/en\/eltern-alsace-table-ronde-le-12-mai-2017-chez-socomec-consacree-a-lenseignement-bilingue\/\" \/>\n<meta property=\"og:site_name\" content=\"PAMINA Business Club\" \/>\n<meta property=\"article:published_time\" content=\"2017-05-02T07:03:17+00:00\" \/>\n<meta property=\"article:modified_time\" content=\"2017-04-25T07:10:05+00:00\" \/>\n<meta name=\"author\" content=\"Monique STUTZMANN\" \/>\n<meta name=\"twitter:card\" content=\"summary_large_image\" \/>\n<meta name=\"twitter:label1\" content=\"Verfasst von\" \/>\n\t<meta name=\"twitter:data1\" content=\"Monique STUTZMANN\" \/>\n\t<meta name=\"twitter:label2\" content=\"Gesch\u00e4tzte Lesezeit\" \/>\n\t<meta name=\"twitter:data2\" content=\"1\u00a0Minute\" \/>\n<script type=\"application\/ld+json\" class=\"yoast-schema-graph\">{\"@context\":\"https:\/\/schema.org\",\"@graph\":[{\"@type\":\"WebPage\",\"@id\":\"http:\/\/www.pamina-business.com\/en\/eltern-alsace-table-ronde-le-12-mai-2017-chez-socomec-consacree-a-lenseignement-bilingue\/\",\"url\":\"http:\/\/www.pamina-business.com\/en\/eltern-alsace-table-ronde-le-12-mai-2017-chez-socomec-consacree-a-lenseignement-bilingue\/\",\"name\":\"\\\"Eltern Alsace \\\" : table ronde le 12 mai 2017 chez Socomec consacr\u00e9e \u00e0 l'enseignement bilingue. - PAMINA Business Club\",\"isPartOf\":{\"@id\":\"http:\/\/www.pamina-business.com\/de\/#website\"},\"datePublished\":\"2017-05-02T07:03:17+00:00\",\"dateModified\":\"2017-04-25T07:10:05+00:00\",\"author\":{\"@id\":\"http:\/\/www.pamina-business.com\/de\/#\/schema\/person\/9ab02536dbdbc5e3ef40bbc3452c8c69\"},\"breadcrumb\":{\"@id\":\"http:\/\/www.pamina-business.com\/en\/eltern-alsace-table-ronde-le-12-mai-2017-chez-socomec-consacree-a-lenseignement-bilingue\/#breadcrumb\"},\"inLanguage\":\"de\",\"potentialAction\":[{\"@type\":\"ReadAction\",\"target\":[\"http:\/\/www.pamina-business.com\/en\/eltern-alsace-table-ronde-le-12-mai-2017-chez-socomec-consacree-a-lenseignement-bilingue\/\"]}]},{\"@type\":\"BreadcrumbList\",\"@id\":\"http:\/\/www.pamina-business.com\/en\/eltern-alsace-table-ronde-le-12-mai-2017-chez-socomec-consacree-a-lenseignement-bilingue\/#breadcrumb\",\"itemListElement\":[{\"@type\":\"ListItem\",\"position\":1,\"name\":\"Accueil\",\"item\":\"http:\/\/www.pamina-business.com\/de\/\"},{\"@type\":\"ListItem\",\"position\":2,\"name\":\"&#8220;Eltern Alsace &#8221; : table ronde le 12 mai 2017 chez Socomec consacr\u00e9e \u00e0 l&#8217;enseignement bilingue.\"}]},{\"@type\":\"WebSite\",\"@id\":\"http:\/\/www.pamina-business.com\/de\/#website\",\"url\":\"http:\/\/www.pamina-business.com\/de\/\",\"name\":\"PAMINA Business Club\",\"description\":\"Un site utilisant WordPress\",\"potentialAction\":[{\"@type\":\"SearchAction\",\"target\":{\"@type\":\"EntryPoint\",\"urlTemplate\":\"http:\/\/www.pamina-business.com\/de\/?s={search_term_string}\"},\"query-input\":{\"@type\":\"PropertyValueSpecification\",\"valueRequired\":true,\"valueName\":\"search_term_string\"}}],\"inLanguage\":\"de\"},{\"@type\":\"Person\",\"@id\":\"http:\/\/www.pamina-business.com\/de\/#\/schema\/person\/9ab02536dbdbc5e3ef40bbc3452c8c69\",\"name\":\"Monique STUTZMANN\",\"image\":{\"@type\":\"ImageObject\",\"inLanguage\":\"de\",\"@id\":\"http:\/\/www.pamina-business.com\/de\/#\/schema\/person\/image\/\",\"url\":\"https:\/\/secure.gravatar.com\/avatar\/cc1c3adf9a9f6e969d3da7b6b34ec66f5f4a6844dfc9145380a75e42cd91882e?s=96&d=mm&r=g\",\"contentUrl\":\"https:\/\/secure.gravatar.com\/avatar\/cc1c3adf9a9f6e969d3da7b6b34ec66f5f4a6844dfc9145380a75e42cd91882e?s=96&d=mm&r=g\",\"caption\":\"Monique STUTZMANN\"},\"url\":\"https:\/\/www.pamina-business.com\/de\/author\/monique\/\"}]}<\/script>\n<!-- \/ Yoast SEO plugin. -->","yoast_head_json":{"title":"\"Eltern Alsace \" : table ronde le 12 mai 2017 chez Socomec consacr\u00e9e \u00e0 l'enseignement bilingue. - PAMINA Business Club","robots":{"index":"index","follow":"follow","max-snippet":"max-snippet:-1","max-image-preview":"max-image-preview:large","max-video-preview":"max-video-preview:-1"},"canonical":"http:\/\/www.pamina-business.com\/en\/eltern-alsace-table-ronde-le-12-mai-2017-chez-socomec-consacree-a-lenseignement-bilingue\/","og_locale":"de_DE","og_type":"article","og_title":"\"Eltern Alsace \" : table ronde le 12 mai 2017 chez Socomec consacr\u00e9e \u00e0 l'enseignement bilingue. - PAMINA Business Club","og_description":"L&#8217;association &#8222;Eltern Alsace&#8220; invite \u00e0 la table ronde qu&#8217;elle organise \u00e0 Benfeld -dans les locaux du Groupe SOCOMEC- le 12 mai 2017 (19H) \u00e0 l&#8217;occasion de son Assembl\u00e9e G\u00e9n\u00e9rale. Les acteurs du monde \u00e9conomique franco-allemand seront l\u00e0 pour d\u00e9battre avec vous de l&#8217;immense opportunit\u00e9 que repr\u00e9sente pour l&#8217;Alsace et sa jeunesse l&#8217;enseignement bilingue pr\u00e9coce d\u00e8s [&hellip;]","og_url":"http:\/\/www.pamina-business.com\/en\/eltern-alsace-table-ronde-le-12-mai-2017-chez-socomec-consacree-a-lenseignement-bilingue\/","og_site_name":"PAMINA Business Club","article_published_time":"2017-05-02T07:03:17+00:00","article_modified_time":"2017-04-25T07:10:05+00:00","author":"Monique STUTZMANN","twitter_card":"summary_large_image","twitter_misc":{"Verfasst von":"Monique STUTZMANN","Gesch\u00e4tzte Lesezeit":"1\u00a0Minute"},"schema":{"@context":"https:\/\/schema.org","@graph":[{"@type":"WebPage","@id":"http:\/\/www.pamina-business.com\/en\/eltern-alsace-table-ronde-le-12-mai-2017-chez-socomec-consacree-a-lenseignement-bilingue\/","url":"http:\/\/www.pamina-business.com\/en\/eltern-alsace-table-ronde-le-12-mai-2017-chez-socomec-consacree-a-lenseignement-bilingue\/","name":"\"Eltern Alsace \" : table ronde le 12 mai 2017 chez Socomec consacr\u00e9e \u00e0 l'enseignement bilingue. - PAMINA Business Club","isPartOf":{"@id":"http:\/\/www.pamina-business.com\/de\/#website"},"datePublished":"2017-05-02T07:03:17+00:00","dateModified":"2017-04-25T07:10:05+00:00","author":{"@id":"http:\/\/www.pamina-business.com\/de\/#\/schema\/person\/9ab02536dbdbc5e3ef40bbc3452c8c69"},"breadcrumb":{"@id":"http:\/\/www.pamina-business.com\/en\/eltern-alsace-table-ronde-le-12-mai-2017-chez-socomec-consacree-a-lenseignement-bilingue\/#breadcrumb"},"inLanguage":"de","potentialAction":[{"@type":"ReadAction","target":["http:\/\/www.pamina-business.com\/en\/eltern-alsace-table-ronde-le-12-mai-2017-chez-socomec-consacree-a-lenseignement-bilingue\/"]}]},{"@type":"BreadcrumbList","@id":"http:\/\/www.pamina-business.com\/en\/eltern-alsace-table-ronde-le-12-mai-2017-chez-socomec-consacree-a-lenseignement-bilingue\/#breadcrumb","itemListElement":[{"@type":"ListItem","position":1,"name":"Accueil","item":"http:\/\/www.pamina-business.com\/de\/"},{"@type":"ListItem","position":2,"name":"&#8220;Eltern Alsace &#8221; : table ronde le 12 mai 2017 chez Socomec consacr\u00e9e \u00e0 l&#8217;enseignement bilingue."}]},{"@type":"WebSite","@id":"http:\/\/www.pamina-business.com\/de\/#website","url":"http:\/\/www.pamina-business.com\/de\/","name":"PAMINA Business Club","description":"Un site utilisant WordPress","potentialAction":[{"@type":"SearchAction","target":{"@type":"EntryPoint","urlTemplate":"http:\/\/www.pamina-business.com\/de\/?s={search_term_string}"},"query-input":{"@type":"PropertyValueSpecification","valueRequired":true,"valueName":"search_term_string"}}],"inLanguage":"de"},{"@type":"Person","@id":"http:\/\/www.pamina-business.com\/de\/#\/schema\/person\/9ab02536dbdbc5e3ef40bbc3452c8c69","name":"Monique STUTZMANN","image":{"@type":"ImageObject","inLanguage":"de","@id":"http:\/\/www.pamina-business.com\/de\/#\/schema\/person\/image\/","url":"https:\/\/secure.gravatar.com\/avatar\/cc1c3adf9a9f6e969d3da7b6b34ec66f5f4a6844dfc9145380a75e42cd91882e?s=96&d=mm&r=g","contentUrl":"https:\/\/secure.gravatar.com\/avatar\/cc1c3adf9a9f6e969d3da7b6b34ec66f5f4a6844dfc9145380a75e42cd91882e?s=96&d=mm&r=g","caption":"Monique STUTZMANN"},"url":"https:\/\/www.pamina-business.com\/de\/author\/monique\/"}]}},"_links":{"self":[{"href":"https:\/\/www.pamina-business.com\/de\/wp-json\/wp\/v2\/posts\/2484","targetHints":{"allow":["GET"]}}],"collection":[{"href":"https:\/\/www.pamina-business.com\/de\/wp-json\/wp\/v2\/posts"}],"about":[{"href":"https:\/\/www.pamina-business.com\/de\/wp-json\/wp\/v2\/types\/post"}],"author":[{"embeddable":true,"href":"https:\/\/www.pamina-business.com\/de\/wp-json\/wp\/v2\/users\/3"}],"replies":[{"embeddable":true,"href":"https:\/\/www.pamina-business.com\/de\/wp-json\/wp\/v2\/comments?post=2484"}],"version-history":[{"count":2,"href":"https:\/\/www.pamina-business.com\/de\/wp-json\/wp\/v2\/posts\/2484\/revisions"}],"predecessor-version":[{"id":2487,"href":"https:\/\/www.pamina-business.com\/de\/wp-json\/wp\/v2\/posts\/2484\/revisions\/2487"}],"wp:attachment":[{"href":"https:\/\/www.pamina-business.com\/de\/wp-json\/wp\/v2\/media?parent=2484"}],"wp:term":[{"taxonomy":"category","embeddable":true,"href":"https:\/\/www.pamina-business.com\/de\/wp-json\/wp\/v2\/categories?post=2484"},{"taxonomy":"post_tag","embeddable":true,"href":"https:\/\/www.pamina-business.com\/de\/wp-json\/wp\/v2\/tags?post=2484"}],"curies":[{"name":"wp","href":"https:\/\/api.w.org\/{rel}","templated":true}]}}