{"id":2472,"date":"2017-04-25T08:58:12","date_gmt":"2017-04-25T08:58:12","guid":{"rendered":"http:\/\/www.pamina-business.com\/?p=2472"},"modified":"2017-04-24T09:00:25","modified_gmt":"2017-04-24T09:00:25","slug":"kommt-am-19-und-20-mai-2017-zur-ausbildungsmesse-nach-landau-2","status":"publish","type":"post","link":"https:\/\/www.pamina-business.com\/de\/kommt-am-19-und-20-mai-2017-zur-ausbildungsmesse-nach-landau-2\/","title":{"rendered":"Kommt am 19. Und 20. Mai 2017 zur Ausbildungsmesse nach Landau"},"content":{"rendered":"<p>Die Agentur f\u00fcr Arbeit Landau veranstaltet am 19. und 20. Mai in der Jugendstillhalle, Mahlastra\u00dfe 3 die \u201eAusbildungsmesse und Hochschulinfotage 2017\u201c. Diese Messe, bei der vor allem die duale Berufsausbildung im Vordergrund steht, bietet jungen Menschen, die an einer Ausbildung interessiert sind, eine gute Gelegenheit, zahlreiche in der S\u00fcdpfalz ans\u00e4ssige Betriebe aus Industrie, Handwerk oder dem Sozial- und Gesundheitswesen kennen zu lernen. Eine Liste aller teilnehmenden Unternehmen findet ihr unter: <a href=\"http:\/\/www.ausbildungsmesse-landau.de\">www.ausbildungsmesse-landau.de<\/a><br \/>\nDie Veranstaltung richtet sich insbesondere auch an junge Leute, die sich f\u00fcr das grenz\u00fcberschreitende Ausbildungssystem im Oberrheingebiet interessieren. Dieses System, das vom Eurodistrict PAMINA unterst\u00fctzt wird, unterliegt dem Rahmenabkommen vom 12. September 2013 und wurde von 28 deutschen und franz\u00f6sischen Partnern unterzeichnet. Es sieht vor, dass der theoretische Teil der Ausbildung im Heimatland und der praktische Teil in einem Betrieb im Nachbarland absolviert wird.<\/p>\n<p><em>Quelle<\/em> : <a href=\"http:\/\/www.eurodistrict-pamina.eu\">www.eurodistrict-pamina.eu <\/a><\/p>\n","protected":false},"excerpt":{"rendered":"<p>Die Agentur f\u00fcr Arbeit Landau veranstaltet am 19. und 20. Mai in der Jugendstillhalle, Mahlastra\u00dfe 3 die \u201eAusbildungsmesse und Hochschulinfotage 2017\u201c. Diese Messe, bei der vor allem die duale Berufsausbildung im Vordergrund steht, bietet jungen Menschen, die an einer Ausbildung interessiert sind, eine gute Gelegenheit, zahlreiche in der S\u00fcdpfalz ans\u00e4ssige Betriebe aus Industrie, Handwerk oder [&hellip;]<\/p>\n","protected":false},"author":3,"featured_media":0,"comment_status":"open","ping_status":"open","sticky":false,"template":"","format":"standard","meta":{"_exactmetrics_skip_tracking":false,"_exactmetrics_sitenote_active":false,"_exactmetrics_sitenote_note":"","_exactmetrics_sitenote_category":0,"footnotes":""},"categories":[57,59],"tags":[],"class_list":["post-2472","post","type-post","status-publish","format-standard","hentry","category-berufsbildung-de","category-ereignisse-de"],"yoast_head":"<!-- This site is optimized with the Yoast SEO plugin v23.5 - https:\/\/yoast.com\/wordpress\/plugins\/seo\/ -->\n<title>Kommt am 19. Und 20. Mai 2017 zur Ausbildungsmesse nach Landau - PAMINA Business Club<\/title>\n<meta name=\"robots\" content=\"index, follow, max-snippet:-1, max-image-preview:large, max-video-preview:-1\" \/>\n<link rel=\"canonical\" href=\"https:\/\/www.pamina-business.com\/de\/kommt-am-19-und-20-mai-2017-zur-ausbildungsmesse-nach-landau-2\/\" \/>\n<meta property=\"og:locale\" content=\"de_DE\" \/>\n<meta property=\"og:type\" content=\"article\" \/>\n<meta property=\"og:title\" content=\"Kommt am 19. Und 20. Mai 2017 zur Ausbildungsmesse nach Landau - PAMINA Business Club\" \/>\n<meta property=\"og:description\" content=\"Die Agentur f\u00fcr Arbeit Landau veranstaltet am 19. und 20. Mai in der Jugendstillhalle, Mahlastra\u00dfe 3 die \u201eAusbildungsmesse und Hochschulinfotage 2017\u201c. Diese Messe, bei der vor allem die duale Berufsausbildung im Vordergrund steht, bietet jungen Menschen, die an einer Ausbildung interessiert sind, eine gute Gelegenheit, zahlreiche in der S\u00fcdpfalz ans\u00e4ssige Betriebe aus Industrie, Handwerk oder [&hellip;]\" \/>\n<meta property=\"og:url\" content=\"https:\/\/www.pamina-business.com\/de\/kommt-am-19-und-20-mai-2017-zur-ausbildungsmesse-nach-landau-2\/\" \/>\n<meta property=\"og:site_name\" content=\"PAMINA Business Club\" \/>\n<meta property=\"article:published_time\" content=\"2017-04-25T08:58:12+00:00\" \/>\n<meta property=\"article:modified_time\" content=\"2017-04-24T09:00:25+00:00\" \/>\n<meta name=\"author\" content=\"Monique STUTZMANN\" \/>\n<meta name=\"twitter:card\" content=\"summary_large_image\" \/>\n<meta name=\"twitter:label1\" content=\"Verfasst von\" \/>\n\t<meta name=\"twitter:data1\" content=\"Monique STUTZMANN\" \/>\n\t<meta name=\"twitter:label2\" content=\"Gesch\u00e4tzte Lesezeit\" \/>\n\t<meta name=\"twitter:data2\" content=\"1\u00a0Minute\" \/>\n<script type=\"application\/ld+json\" class=\"yoast-schema-graph\">{\"@context\":\"https:\/\/schema.org\",\"@graph\":[{\"@type\":\"WebPage\",\"@id\":\"https:\/\/www.pamina-business.com\/de\/kommt-am-19-und-20-mai-2017-zur-ausbildungsmesse-nach-landau-2\/\",\"url\":\"https:\/\/www.pamina-business.com\/de\/kommt-am-19-und-20-mai-2017-zur-ausbildungsmesse-nach-landau-2\/\",\"name\":\"Kommt am 19. Und 20. Mai 2017 zur Ausbildungsmesse nach Landau - PAMINA Business Club\",\"isPartOf\":{\"@id\":\"http:\/\/www.pamina-business.com\/de\/#website\"},\"datePublished\":\"2017-04-25T08:58:12+00:00\",\"dateModified\":\"2017-04-24T09:00:25+00:00\",\"author\":{\"@id\":\"http:\/\/www.pamina-business.com\/de\/#\/schema\/person\/9ab02536dbdbc5e3ef40bbc3452c8c69\"},\"breadcrumb\":{\"@id\":\"https:\/\/www.pamina-business.com\/de\/kommt-am-19-und-20-mai-2017-zur-ausbildungsmesse-nach-landau-2\/#breadcrumb\"},\"inLanguage\":\"de\",\"potentialAction\":[{\"@type\":\"ReadAction\",\"target\":[\"https:\/\/www.pamina-business.com\/de\/kommt-am-19-und-20-mai-2017-zur-ausbildungsmesse-nach-landau-2\/\"]}]},{\"@type\":\"BreadcrumbList\",\"@id\":\"https:\/\/www.pamina-business.com\/de\/kommt-am-19-und-20-mai-2017-zur-ausbildungsmesse-nach-landau-2\/#breadcrumb\",\"itemListElement\":[{\"@type\":\"ListItem\",\"position\":1,\"name\":\"Accueil\",\"item\":\"http:\/\/www.pamina-business.com\/de\/\"},{\"@type\":\"ListItem\",\"position\":2,\"name\":\"Kommt am 19. Und 20. Mai 2017 zur Ausbildungsmesse nach Landau\"}]},{\"@type\":\"WebSite\",\"@id\":\"http:\/\/www.pamina-business.com\/de\/#website\",\"url\":\"http:\/\/www.pamina-business.com\/de\/\",\"name\":\"PAMINA Business Club\",\"description\":\"Un site utilisant WordPress\",\"potentialAction\":[{\"@type\":\"SearchAction\",\"target\":{\"@type\":\"EntryPoint\",\"urlTemplate\":\"http:\/\/www.pamina-business.com\/de\/?s={search_term_string}\"},\"query-input\":{\"@type\":\"PropertyValueSpecification\",\"valueRequired\":true,\"valueName\":\"search_term_string\"}}],\"inLanguage\":\"de\"},{\"@type\":\"Person\",\"@id\":\"http:\/\/www.pamina-business.com\/de\/#\/schema\/person\/9ab02536dbdbc5e3ef40bbc3452c8c69\",\"name\":\"Monique STUTZMANN\",\"image\":{\"@type\":\"ImageObject\",\"inLanguage\":\"de\",\"@id\":\"http:\/\/www.pamina-business.com\/de\/#\/schema\/person\/image\/\",\"url\":\"https:\/\/secure.gravatar.com\/avatar\/cc1c3adf9a9f6e969d3da7b6b34ec66f5f4a6844dfc9145380a75e42cd91882e?s=96&d=mm&r=g\",\"contentUrl\":\"https:\/\/secure.gravatar.com\/avatar\/cc1c3adf9a9f6e969d3da7b6b34ec66f5f4a6844dfc9145380a75e42cd91882e?s=96&d=mm&r=g\",\"caption\":\"Monique STUTZMANN\"},\"url\":\"https:\/\/www.pamina-business.com\/de\/author\/monique\/\"}]}<\/script>\n<!-- \/ Yoast SEO plugin. -->","yoast_head_json":{"title":"Kommt am 19. Und 20. Mai 2017 zur Ausbildungsmesse nach Landau - PAMINA Business Club","robots":{"index":"index","follow":"follow","max-snippet":"max-snippet:-1","max-image-preview":"max-image-preview:large","max-video-preview":"max-video-preview:-1"},"canonical":"https:\/\/www.pamina-business.com\/de\/kommt-am-19-und-20-mai-2017-zur-ausbildungsmesse-nach-landau-2\/","og_locale":"de_DE","og_type":"article","og_title":"Kommt am 19. Und 20. Mai 2017 zur Ausbildungsmesse nach Landau - PAMINA Business Club","og_description":"Die Agentur f\u00fcr Arbeit Landau veranstaltet am 19. und 20. Mai in der Jugendstillhalle, Mahlastra\u00dfe 3 die \u201eAusbildungsmesse und Hochschulinfotage 2017\u201c. Diese Messe, bei der vor allem die duale Berufsausbildung im Vordergrund steht, bietet jungen Menschen, die an einer Ausbildung interessiert sind, eine gute Gelegenheit, zahlreiche in der S\u00fcdpfalz ans\u00e4ssige Betriebe aus Industrie, Handwerk oder [&hellip;]","og_url":"https:\/\/www.pamina-business.com\/de\/kommt-am-19-und-20-mai-2017-zur-ausbildungsmesse-nach-landau-2\/","og_site_name":"PAMINA Business Club","article_published_time":"2017-04-25T08:58:12+00:00","article_modified_time":"2017-04-24T09:00:25+00:00","author":"Monique STUTZMANN","twitter_card":"summary_large_image","twitter_misc":{"Verfasst von":"Monique STUTZMANN","Gesch\u00e4tzte Lesezeit":"1\u00a0Minute"},"schema":{"@context":"https:\/\/schema.org","@graph":[{"@type":"WebPage","@id":"https:\/\/www.pamina-business.com\/de\/kommt-am-19-und-20-mai-2017-zur-ausbildungsmesse-nach-landau-2\/","url":"https:\/\/www.pamina-business.com\/de\/kommt-am-19-und-20-mai-2017-zur-ausbildungsmesse-nach-landau-2\/","name":"Kommt am 19. Und 20. Mai 2017 zur Ausbildungsmesse nach Landau - PAMINA Business Club","isPartOf":{"@id":"http:\/\/www.pamina-business.com\/de\/#website"},"datePublished":"2017-04-25T08:58:12+00:00","dateModified":"2017-04-24T09:00:25+00:00","author":{"@id":"http:\/\/www.pamina-business.com\/de\/#\/schema\/person\/9ab02536dbdbc5e3ef40bbc3452c8c69"},"breadcrumb":{"@id":"https:\/\/www.pamina-business.com\/de\/kommt-am-19-und-20-mai-2017-zur-ausbildungsmesse-nach-landau-2\/#breadcrumb"},"inLanguage":"de","potentialAction":[{"@type":"ReadAction","target":["https:\/\/www.pamina-business.com\/de\/kommt-am-19-und-20-mai-2017-zur-ausbildungsmesse-nach-landau-2\/"]}]},{"@type":"BreadcrumbList","@id":"https:\/\/www.pamina-business.com\/de\/kommt-am-19-und-20-mai-2017-zur-ausbildungsmesse-nach-landau-2\/#breadcrumb","itemListElement":[{"@type":"ListItem","position":1,"name":"Accueil","item":"http:\/\/www.pamina-business.com\/de\/"},{"@type":"ListItem","position":2,"name":"Kommt am 19. Und 20. Mai 2017 zur Ausbildungsmesse nach Landau"}]},{"@type":"WebSite","@id":"http:\/\/www.pamina-business.com\/de\/#website","url":"http:\/\/www.pamina-business.com\/de\/","name":"PAMINA Business Club","description":"Un site utilisant WordPress","potentialAction":[{"@type":"SearchAction","target":{"@type":"EntryPoint","urlTemplate":"http:\/\/www.pamina-business.com\/de\/?s={search_term_string}"},"query-input":{"@type":"PropertyValueSpecification","valueRequired":true,"valueName":"search_term_string"}}],"inLanguage":"de"},{"@type":"Person","@id":"http:\/\/www.pamina-business.com\/de\/#\/schema\/person\/9ab02536dbdbc5e3ef40bbc3452c8c69","name":"Monique STUTZMANN","image":{"@type":"ImageObject","inLanguage":"de","@id":"http:\/\/www.pamina-business.com\/de\/#\/schema\/person\/image\/","url":"https:\/\/secure.gravatar.com\/avatar\/cc1c3adf9a9f6e969d3da7b6b34ec66f5f4a6844dfc9145380a75e42cd91882e?s=96&d=mm&r=g","contentUrl":"https:\/\/secure.gravatar.com\/avatar\/cc1c3adf9a9f6e969d3da7b6b34ec66f5f4a6844dfc9145380a75e42cd91882e?s=96&d=mm&r=g","caption":"Monique STUTZMANN"},"url":"https:\/\/www.pamina-business.com\/de\/author\/monique\/"}]}},"_links":{"self":[{"href":"https:\/\/www.pamina-business.com\/de\/wp-json\/wp\/v2\/posts\/2472","targetHints":{"allow":["GET"]}}],"collection":[{"href":"https:\/\/www.pamina-business.com\/de\/wp-json\/wp\/v2\/posts"}],"about":[{"href":"https:\/\/www.pamina-business.com\/de\/wp-json\/wp\/v2\/types\/post"}],"author":[{"embeddable":true,"href":"https:\/\/www.pamina-business.com\/de\/wp-json\/wp\/v2\/users\/3"}],"replies":[{"embeddable":true,"href":"https:\/\/www.pamina-business.com\/de\/wp-json\/wp\/v2\/comments?post=2472"}],"version-history":[{"count":1,"href":"https:\/\/www.pamina-business.com\/de\/wp-json\/wp\/v2\/posts\/2472\/revisions"}],"predecessor-version":[{"id":2473,"href":"https:\/\/www.pamina-business.com\/de\/wp-json\/wp\/v2\/posts\/2472\/revisions\/2473"}],"wp:attachment":[{"href":"https:\/\/www.pamina-business.com\/de\/wp-json\/wp\/v2\/media?parent=2472"}],"wp:term":[{"taxonomy":"category","embeddable":true,"href":"https:\/\/www.pamina-business.com\/de\/wp-json\/wp\/v2\/categories?post=2472"},{"taxonomy":"post_tag","embeddable":true,"href":"https:\/\/www.pamina-business.com\/de\/wp-json\/wp\/v2\/tags?post=2472"}],"curies":[{"name":"wp","href":"https:\/\/api.w.org\/{rel}","templated":true}]}}