{"id":2464,"date":"2017-04-24T08:22:07","date_gmt":"2017-04-24T08:22:07","guid":{"rendered":"http:\/\/www.pamina-business.com\/?p=2464"},"modified":"2017-04-24T08:25:18","modified_gmt":"2017-04-24T08:25:18","slug":"seminaire-pour-la-jeunesse-le-4-mai-2017-a-herxheim-dans-le-palatinat","status":"publish","type":"post","link":"https:\/\/www.pamina-business.com\/de\/seminaire-pour-la-jeunesse-le-4-mai-2017-a-herxheim-dans-le-palatinat\/","title":{"rendered":"Seminar f\u00fcr Jugendarbeiter am 4. Mai 2017 in Herxheim in der Pfalz"},"content":{"rendered":"<section id=\"mainSection\">\n<div class=\"fmodele tpl_fiche\">\n<div class=\"agendas-fiche\">\n<article class=\"media\">\n<div class=\"media-body\">\n<section id=\"mainSection\">\n<div class=\"fmodele tpl_fiche\">\n<div class=\"agendas-fiche\">\n<article class=\"media\">\n<div class=\"media-object\"><img decoding=\"async\" src=\"http:\/\/www.eurodistrict-pamina.eu\/globalflexit\/images\/img_base\/agendas\/835_556_1_239259-original-r-k-b-by-stephanie-hofschlaeger-pixeliode.jpg\" alt=\"Seminar f\u00fcr Jugendarbeiter: \u201eRechtsextremismus und Rechtspopulismus \u2013 Situationsanalyse und Grenz\u00fcberschreitende Umgangswege in der Jugendarbeit am Oberrhein\u201c\" \/><\/div>\n<div class=\"media-body\">\n<h1 class=\"media-heading\">Seminar f\u00fcr Jugendarbeiter: \u201eRechtsextremismus und Rechtspopulismus \u2013 Situationsanalyse und Grenz\u00fcberschreitende Umgangswege in der Jugendarbeit am Oberrhein\u201c<\/h1>\n<div class=\"date\"><\/div>\n<div class=\"contenu\">Fremdenfeindlichkeit und Antisemitismus kennen keine Grenzen. Rechtsextreme sind europaweit aktiv, international vernetzt und zeigen sich erstaunlich kooperativ wenn es darum geht, ihre menschenverachtenden Ideologien zu verbreiten. Besonders Jugendliche und junge Heranwachsende r\u00fccken immer st\u00e4rker in den Fokus der rechtsextremen Akquise &#8211; und das immer h\u00e4ufiger mit Erfolg. Rechte Kleidung und rechte Musik sind Teil einer neuen Subkultur. Es erscheint Jugendlichen als cool, extreme Positionen zu vertreten.<br \/>\nWas sind die Gr\u00fcnde daf\u00fcr? Wie erfolgreich sind Rechtsextreme in der Schweiz, in Deutschland und in Frankreich und wie kann Jugendarbeit dagegen wirken?<br \/>\nNeben einem l\u00e4nderspezifischen \u00dcberblick \u00fcber Rechtsextremismus in der Schweiz, in Deutschland und in Frankreich sollen ausgew\u00e4hlte Best-Practice-Projekte aus den L\u00e4ndern vorgestellt werden.<\/p>\n<p>Ein Seminar der Deutsch-Franz\u00f6sisch-Schweizerischen Oberrheinkonferenz in Kooperation mit dem Jugendnetzwerk des Eurodistrikt PAMINA und dem Landkreis S\u00fcdliche Weinstra\u00dfe<\/p>\n<h5 class=\"fDefault\">F\u00fcr wen:<\/h5>\n<p>Franz\u00f6sische, deutsche und schweizerische T\u00e4tige in der Erziehung, Sozialarbeit, P\u00e4dagogik und Schule mit Interesse am grenz\u00fcberschreitenden Austausch.<\/p>\n<h5 class=\"fDefault\">Praktische Infos:<\/h5>\n<p>Der Teilnahmebeitrag betr\u00e4gt 15,- Euro. F\u00fcr die Verpflegung sorgt der Veranstalter. Reisekosten m\u00fcssen die Teilnehmer selbst \u00fcbernehmen. <strong><span class=\"color4\">Anmeldeschluss: 01. Mai 2017.<\/span><br \/>\n<span class=\"color3\">Wo:<\/span> <\/strong>Rathaus der Verbandsgemeinde, Obere Hauptstr. 2, 76863 Herxheim\/ Pfalz, Deutschland<br \/>\n<strong><span class=\"color3\">Wann:<\/span><\/strong> Donnerstag, 04.05.2017, 09.30 bis 16.00 Uhr<\/p>\n<p><a class=\"flexit_ico_file pdf\" href=\"http:\/\/www.eurodistrict-pamina.eu\/UserFiles\/File\/jeunesse\/seminar-rechtsextremismus-programm.pdf\" target=\"_blank\">Programm<\/a><br \/>\n<a class=\"flexit_ico_file pdf\" href=\"http:\/\/www.eurodistrict-pamina.eu\/UserFiles\/File\/jeunesse\/seminar-rechtsextremismus-anmeldung.pdf\" target=\"_blank\">Anmeldung<\/a><\/p>\n<p><span class=\"legende\">photo: \u00a9 Stephanie Hofschl\u00e4ger \/ <a class=\"fDefault\" href=\"http:\/\/www.pixelio.de\" target=\"_blank\">PIXELIO<\/a><\/span><\/div>\n<\/div>\n<\/article>\n<\/div>\n<\/div>\n<\/section>\n<\/div>\n<div class=\"contenu\"><\/div>\n<div class=\"contenu\"><em>Quelle\u00a0<\/em> : Eurodistrict Pamina <a href=\"http:\/\/www.eurodistrict-pamina.eu\">www.eurodistrict-pamina.eu <\/a><\/div>\n<\/article>\n<\/div>\n<\/div>\n<\/section>\n","protected":false},"excerpt":{"rendered":"<p>Seminar f\u00fcr Jugendarbeiter: \u201eRechtsextremismus und Rechtspopulismus \u2013 Situationsanalyse und Grenz\u00fcberschreitende Umgangswege in der Jugendarbeit am Oberrhein\u201c Fremdenfeindlichkeit und Antisemitismus kennen keine Grenzen. Rechtsextreme sind europaweit aktiv, international vernetzt und zeigen sich erstaunlich kooperativ wenn es darum geht, ihre menschenverachtenden Ideologien zu verbreiten. Besonders Jugendliche und junge Heranwachsende r\u00fccken immer st\u00e4rker in den Fokus der rechtsextremen [&hellip;]<\/p>\n","protected":false},"author":3,"featured_media":0,"comment_status":"open","ping_status":"open","sticky":false,"template":"","format":"standard","meta":{"_exactmetrics_skip_tracking":false,"_exactmetrics_sitenote_active":false,"_exactmetrics_sitenote_note":"","_exactmetrics_sitenote_category":0,"footnotes":""},"categories":[4,7],"tags":[],"class_list":["post-2464","post","type-post","status-publish","format-standard","hentry","category-education-fr","category-evenements-fr"],"yoast_head":"<!-- This site is optimized with the Yoast SEO plugin v23.5 - https:\/\/yoast.com\/wordpress\/plugins\/seo\/ -->\n<title>Seminar f\u00fcr Jugendarbeiter am 4. Mai 2017 in Herxheim in der Pfalz - PAMINA Business Club<\/title>\n<meta name=\"robots\" content=\"index, follow, max-snippet:-1, max-image-preview:large, max-video-preview:-1\" \/>\n<link rel=\"canonical\" href=\"http:\/\/www.pamina-business.com\/seminaire-pour-la-jeunesse-le-4-mai-2017-a-herxheim-dans-le-palatinat\/\" \/>\n<meta property=\"og:locale\" content=\"de_DE\" \/>\n<meta property=\"og:type\" content=\"article\" \/>\n<meta property=\"og:title\" content=\"Seminar f\u00fcr Jugendarbeiter am 4. Mai 2017 in Herxheim in der Pfalz - PAMINA Business Club\" \/>\n<meta property=\"og:description\" content=\"Seminar f\u00fcr Jugendarbeiter: \u201eRechtsextremismus und Rechtspopulismus \u2013 Situationsanalyse und Grenz\u00fcberschreitende Umgangswege in der Jugendarbeit am Oberrhein\u201c Fremdenfeindlichkeit und Antisemitismus kennen keine Grenzen. Rechtsextreme sind europaweit aktiv, international vernetzt und zeigen sich erstaunlich kooperativ wenn es darum geht, ihre menschenverachtenden Ideologien zu verbreiten. Besonders Jugendliche und junge Heranwachsende r\u00fccken immer st\u00e4rker in den Fokus der rechtsextremen [&hellip;]\" \/>\n<meta property=\"og:url\" content=\"http:\/\/www.pamina-business.com\/seminaire-pour-la-jeunesse-le-4-mai-2017-a-herxheim-dans-le-palatinat\/\" \/>\n<meta property=\"og:site_name\" content=\"PAMINA Business Club\" \/>\n<meta property=\"article:published_time\" content=\"2017-04-24T08:22:07+00:00\" \/>\n<meta property=\"article:modified_time\" content=\"2017-04-24T08:25:18+00:00\" \/>\n<meta property=\"og:image\" content=\"http:\/\/www.eurodistrict-pamina.eu\/globalflexit\/images\/img_base\/agendas\/835_556_1_239259-original-r-k-b-by-stephanie-hofschlaeger-pixeliode.jpg\" \/>\n<meta name=\"author\" content=\"Monique STUTZMANN\" \/>\n<meta name=\"twitter:card\" content=\"summary_large_image\" \/>\n<meta name=\"twitter:label1\" content=\"Verfasst von\" \/>\n\t<meta name=\"twitter:data1\" content=\"Monique STUTZMANN\" \/>\n\t<meta name=\"twitter:label2\" content=\"Gesch\u00e4tzte Lesezeit\" \/>\n\t<meta name=\"twitter:data2\" content=\"1\u00a0Minute\" \/>\n<script type=\"application\/ld+json\" class=\"yoast-schema-graph\">{\"@context\":\"https:\/\/schema.org\",\"@graph\":[{\"@type\":\"WebPage\",\"@id\":\"http:\/\/www.pamina-business.com\/seminaire-pour-la-jeunesse-le-4-mai-2017-a-herxheim-dans-le-palatinat\/\",\"url\":\"http:\/\/www.pamina-business.com\/seminaire-pour-la-jeunesse-le-4-mai-2017-a-herxheim-dans-le-palatinat\/\",\"name\":\"Seminar f\u00fcr Jugendarbeiter am 4. Mai 2017 in Herxheim in der Pfalz - PAMINA Business Club\",\"isPartOf\":{\"@id\":\"http:\/\/www.pamina-business.com\/de\/#website\"},\"primaryImageOfPage\":{\"@id\":\"http:\/\/www.pamina-business.com\/seminaire-pour-la-jeunesse-le-4-mai-2017-a-herxheim-dans-le-palatinat\/#primaryimage\"},\"image\":{\"@id\":\"http:\/\/www.pamina-business.com\/seminaire-pour-la-jeunesse-le-4-mai-2017-a-herxheim-dans-le-palatinat\/#primaryimage\"},\"thumbnailUrl\":\"http:\/\/www.eurodistrict-pamina.eu\/globalflexit\/images\/img_base\/agendas\/835_556_1_239259-original-r-k-b-by-stephanie-hofschlaeger-pixeliode.jpg\",\"datePublished\":\"2017-04-24T08:22:07+00:00\",\"dateModified\":\"2017-04-24T08:25:18+00:00\",\"author\":{\"@id\":\"http:\/\/www.pamina-business.com\/de\/#\/schema\/person\/9ab02536dbdbc5e3ef40bbc3452c8c69\"},\"breadcrumb\":{\"@id\":\"http:\/\/www.pamina-business.com\/seminaire-pour-la-jeunesse-le-4-mai-2017-a-herxheim-dans-le-palatinat\/#breadcrumb\"},\"inLanguage\":\"de\",\"potentialAction\":[{\"@type\":\"ReadAction\",\"target\":[\"http:\/\/www.pamina-business.com\/seminaire-pour-la-jeunesse-le-4-mai-2017-a-herxheim-dans-le-palatinat\/\"]}]},{\"@type\":\"ImageObject\",\"inLanguage\":\"de\",\"@id\":\"http:\/\/www.pamina-business.com\/seminaire-pour-la-jeunesse-le-4-mai-2017-a-herxheim-dans-le-palatinat\/#primaryimage\",\"url\":\"http:\/\/www.eurodistrict-pamina.eu\/globalflexit\/images\/img_base\/agendas\/835_556_1_239259-original-r-k-b-by-stephanie-hofschlaeger-pixeliode.jpg\",\"contentUrl\":\"http:\/\/www.eurodistrict-pamina.eu\/globalflexit\/images\/img_base\/agendas\/835_556_1_239259-original-r-k-b-by-stephanie-hofschlaeger-pixeliode.jpg\"},{\"@type\":\"BreadcrumbList\",\"@id\":\"http:\/\/www.pamina-business.com\/seminaire-pour-la-jeunesse-le-4-mai-2017-a-herxheim-dans-le-palatinat\/#breadcrumb\",\"itemListElement\":[{\"@type\":\"ListItem\",\"position\":1,\"name\":\"Accueil\",\"item\":\"http:\/\/www.pamina-business.com\/de\/\"},{\"@type\":\"ListItem\",\"position\":2,\"name\":\"Seminar f\u00fcr Jugendarbeiter am 4. Mai 2017 in Herxheim in der Pfalz\"}]},{\"@type\":\"WebSite\",\"@id\":\"http:\/\/www.pamina-business.com\/de\/#website\",\"url\":\"http:\/\/www.pamina-business.com\/de\/\",\"name\":\"PAMINA Business Club\",\"description\":\"Un site utilisant WordPress\",\"potentialAction\":[{\"@type\":\"SearchAction\",\"target\":{\"@type\":\"EntryPoint\",\"urlTemplate\":\"http:\/\/www.pamina-business.com\/de\/?s={search_term_string}\"},\"query-input\":{\"@type\":\"PropertyValueSpecification\",\"valueRequired\":true,\"valueName\":\"search_term_string\"}}],\"inLanguage\":\"de\"},{\"@type\":\"Person\",\"@id\":\"http:\/\/www.pamina-business.com\/de\/#\/schema\/person\/9ab02536dbdbc5e3ef40bbc3452c8c69\",\"name\":\"Monique STUTZMANN\",\"image\":{\"@type\":\"ImageObject\",\"inLanguage\":\"de\",\"@id\":\"http:\/\/www.pamina-business.com\/de\/#\/schema\/person\/image\/\",\"url\":\"https:\/\/secure.gravatar.com\/avatar\/cc1c3adf9a9f6e969d3da7b6b34ec66f5f4a6844dfc9145380a75e42cd91882e?s=96&d=mm&r=g\",\"contentUrl\":\"https:\/\/secure.gravatar.com\/avatar\/cc1c3adf9a9f6e969d3da7b6b34ec66f5f4a6844dfc9145380a75e42cd91882e?s=96&d=mm&r=g\",\"caption\":\"Monique STUTZMANN\"},\"url\":\"https:\/\/www.pamina-business.com\/de\/author\/monique\/\"}]}<\/script>\n<!-- \/ Yoast SEO plugin. -->","yoast_head_json":{"title":"Seminar f\u00fcr Jugendarbeiter am 4. Mai 2017 in Herxheim in der Pfalz - PAMINA Business Club","robots":{"index":"index","follow":"follow","max-snippet":"max-snippet:-1","max-image-preview":"max-image-preview:large","max-video-preview":"max-video-preview:-1"},"canonical":"http:\/\/www.pamina-business.com\/seminaire-pour-la-jeunesse-le-4-mai-2017-a-herxheim-dans-le-palatinat\/","og_locale":"de_DE","og_type":"article","og_title":"Seminar f\u00fcr Jugendarbeiter am 4. Mai 2017 in Herxheim in der Pfalz - PAMINA Business Club","og_description":"Seminar f\u00fcr Jugendarbeiter: \u201eRechtsextremismus und Rechtspopulismus \u2013 Situationsanalyse und Grenz\u00fcberschreitende Umgangswege in der Jugendarbeit am Oberrhein\u201c Fremdenfeindlichkeit und Antisemitismus kennen keine Grenzen. Rechtsextreme sind europaweit aktiv, international vernetzt und zeigen sich erstaunlich kooperativ wenn es darum geht, ihre menschenverachtenden Ideologien zu verbreiten. Besonders Jugendliche und junge Heranwachsende r\u00fccken immer st\u00e4rker in den Fokus der rechtsextremen [&hellip;]","og_url":"http:\/\/www.pamina-business.com\/seminaire-pour-la-jeunesse-le-4-mai-2017-a-herxheim-dans-le-palatinat\/","og_site_name":"PAMINA Business Club","article_published_time":"2017-04-24T08:22:07+00:00","article_modified_time":"2017-04-24T08:25:18+00:00","og_image":[{"url":"http:\/\/www.eurodistrict-pamina.eu\/globalflexit\/images\/img_base\/agendas\/835_556_1_239259-original-r-k-b-by-stephanie-hofschlaeger-pixeliode.jpg"}],"author":"Monique STUTZMANN","twitter_card":"summary_large_image","twitter_misc":{"Verfasst von":"Monique STUTZMANN","Gesch\u00e4tzte Lesezeit":"1\u00a0Minute"},"schema":{"@context":"https:\/\/schema.org","@graph":[{"@type":"WebPage","@id":"http:\/\/www.pamina-business.com\/seminaire-pour-la-jeunesse-le-4-mai-2017-a-herxheim-dans-le-palatinat\/","url":"http:\/\/www.pamina-business.com\/seminaire-pour-la-jeunesse-le-4-mai-2017-a-herxheim-dans-le-palatinat\/","name":"Seminar f\u00fcr Jugendarbeiter am 4. Mai 2017 in Herxheim in der Pfalz - PAMINA Business Club","isPartOf":{"@id":"http:\/\/www.pamina-business.com\/de\/#website"},"primaryImageOfPage":{"@id":"http:\/\/www.pamina-business.com\/seminaire-pour-la-jeunesse-le-4-mai-2017-a-herxheim-dans-le-palatinat\/#primaryimage"},"image":{"@id":"http:\/\/www.pamina-business.com\/seminaire-pour-la-jeunesse-le-4-mai-2017-a-herxheim-dans-le-palatinat\/#primaryimage"},"thumbnailUrl":"http:\/\/www.eurodistrict-pamina.eu\/globalflexit\/images\/img_base\/agendas\/835_556_1_239259-original-r-k-b-by-stephanie-hofschlaeger-pixeliode.jpg","datePublished":"2017-04-24T08:22:07+00:00","dateModified":"2017-04-24T08:25:18+00:00","author":{"@id":"http:\/\/www.pamina-business.com\/de\/#\/schema\/person\/9ab02536dbdbc5e3ef40bbc3452c8c69"},"breadcrumb":{"@id":"http:\/\/www.pamina-business.com\/seminaire-pour-la-jeunesse-le-4-mai-2017-a-herxheim-dans-le-palatinat\/#breadcrumb"},"inLanguage":"de","potentialAction":[{"@type":"ReadAction","target":["http:\/\/www.pamina-business.com\/seminaire-pour-la-jeunesse-le-4-mai-2017-a-herxheim-dans-le-palatinat\/"]}]},{"@type":"ImageObject","inLanguage":"de","@id":"http:\/\/www.pamina-business.com\/seminaire-pour-la-jeunesse-le-4-mai-2017-a-herxheim-dans-le-palatinat\/#primaryimage","url":"http:\/\/www.eurodistrict-pamina.eu\/globalflexit\/images\/img_base\/agendas\/835_556_1_239259-original-r-k-b-by-stephanie-hofschlaeger-pixeliode.jpg","contentUrl":"http:\/\/www.eurodistrict-pamina.eu\/globalflexit\/images\/img_base\/agendas\/835_556_1_239259-original-r-k-b-by-stephanie-hofschlaeger-pixeliode.jpg"},{"@type":"BreadcrumbList","@id":"http:\/\/www.pamina-business.com\/seminaire-pour-la-jeunesse-le-4-mai-2017-a-herxheim-dans-le-palatinat\/#breadcrumb","itemListElement":[{"@type":"ListItem","position":1,"name":"Accueil","item":"http:\/\/www.pamina-business.com\/de\/"},{"@type":"ListItem","position":2,"name":"Seminar f\u00fcr Jugendarbeiter am 4. Mai 2017 in Herxheim in der Pfalz"}]},{"@type":"WebSite","@id":"http:\/\/www.pamina-business.com\/de\/#website","url":"http:\/\/www.pamina-business.com\/de\/","name":"PAMINA Business Club","description":"Un site utilisant WordPress","potentialAction":[{"@type":"SearchAction","target":{"@type":"EntryPoint","urlTemplate":"http:\/\/www.pamina-business.com\/de\/?s={search_term_string}"},"query-input":{"@type":"PropertyValueSpecification","valueRequired":true,"valueName":"search_term_string"}}],"inLanguage":"de"},{"@type":"Person","@id":"http:\/\/www.pamina-business.com\/de\/#\/schema\/person\/9ab02536dbdbc5e3ef40bbc3452c8c69","name":"Monique STUTZMANN","image":{"@type":"ImageObject","inLanguage":"de","@id":"http:\/\/www.pamina-business.com\/de\/#\/schema\/person\/image\/","url":"https:\/\/secure.gravatar.com\/avatar\/cc1c3adf9a9f6e969d3da7b6b34ec66f5f4a6844dfc9145380a75e42cd91882e?s=96&d=mm&r=g","contentUrl":"https:\/\/secure.gravatar.com\/avatar\/cc1c3adf9a9f6e969d3da7b6b34ec66f5f4a6844dfc9145380a75e42cd91882e?s=96&d=mm&r=g","caption":"Monique STUTZMANN"},"url":"https:\/\/www.pamina-business.com\/de\/author\/monique\/"}]}},"_links":{"self":[{"href":"https:\/\/www.pamina-business.com\/de\/wp-json\/wp\/v2\/posts\/2464","targetHints":{"allow":["GET"]}}],"collection":[{"href":"https:\/\/www.pamina-business.com\/de\/wp-json\/wp\/v2\/posts"}],"about":[{"href":"https:\/\/www.pamina-business.com\/de\/wp-json\/wp\/v2\/types\/post"}],"author":[{"embeddable":true,"href":"https:\/\/www.pamina-business.com\/de\/wp-json\/wp\/v2\/users\/3"}],"replies":[{"embeddable":true,"href":"https:\/\/www.pamina-business.com\/de\/wp-json\/wp\/v2\/comments?post=2464"}],"version-history":[{"count":3,"href":"https:\/\/www.pamina-business.com\/de\/wp-json\/wp\/v2\/posts\/2464\/revisions"}],"predecessor-version":[{"id":2467,"href":"https:\/\/www.pamina-business.com\/de\/wp-json\/wp\/v2\/posts\/2464\/revisions\/2467"}],"wp:attachment":[{"href":"https:\/\/www.pamina-business.com\/de\/wp-json\/wp\/v2\/media?parent=2464"}],"wp:term":[{"taxonomy":"category","embeddable":true,"href":"https:\/\/www.pamina-business.com\/de\/wp-json\/wp\/v2\/categories?post=2464"},{"taxonomy":"post_tag","embeddable":true,"href":"https:\/\/www.pamina-business.com\/de\/wp-json\/wp\/v2\/tags?post=2464"}],"curies":[{"name":"wp","href":"https:\/\/api.w.org\/{rel}","templated":true}]}}