{"id":236,"date":"2015-02-05T14:03:53","date_gmt":"2015-02-05T14:03:53","guid":{"rendered":"http:\/\/www.pamina-business.com\/?p=236"},"modified":"2015-11-17T10:14:19","modified_gmt":"2015-11-17T10:14:19","slug":"succes-de-levenement-du-pamina-business-club-sur-la-formation-en-alternance","status":"publish","type":"post","link":"https:\/\/www.pamina-business.com\/de\/succes-de-levenement-du-pamina-business-club-sur-la-formation-en-alternance\/","title":{"rendered":"Succ\u00e8s de l&#8217;\u00e9v\u00e9nement du PAMINA Business Club sur la formation en alternance"},"content":{"rendered":"<p><strong>Pr\u00e8s d&#8217;une centaine de participants ont assist\u00e9 le 4 f\u00e9vrier 2015 \u00e0 l&#8217;\u00e9v\u00e9nement organis\u00e9 par le PAMINA Business Club sur le th\u00e8me &#8222;l&#8217;avenir passe par la formation en alternance dans l&#8217;espace PAMINA&#8220;. Cette manifestation a r\u00e9uni \u00e0 la Festhalle de W\u00f6rth de nombreux acteurs du d\u00e9veloppement \u00e9conomique et du monde de l&#8217;\u00e9ducation tant fran\u00e7ais qu&#8217;allemands.<\/strong><\/p>\n<p>Sont intervenus pour exposer des points de vue compl\u00e9mentaires :<br \/>\n&#8211; Maria Farrenkopf, Pr\u00e9sidente du PAMINA Business Club<br \/>\n&#8211; Dr Fritz Brechtel, Landrat Kreis Gemersheim et Pr\u00e9sident de l&#8217;Eurodistrict Regio PAMINA<br \/>\n&#8211; Christine Gross-Herick, Agentur f\u00fcr Arbeit, Landau<br \/>\n&#8211; Dieter Wolf, Responsable de la formation chez Siemens AG<br \/>\n&#8211; Frank Rotter, CCI Alsace<br \/>\n&#8211; Sylvia M\u00fcller-Wolf, Agentur f\u00fcr Arbeit, Karlsruhe<br \/>\n&#8211; St\u00e9phanie Ferrari, CCI Alsace<br \/>\n&#8211; Laur\u00e9line Flaux et Christof Hilligardt, Agentur f\u00fcr Arbeit<br \/>\nL&#8217;animation a \u00e9t\u00e9 assur\u00e9e par Marc Watgen, Dienstleistungszentrum Landau der IHK Pfalz.<\/p>\n<div id=\"attachment_239\" style=\"width: 760px\" class=\"wp-caption alignnone\"><a href=\"http:\/\/www.pamina-business.com\/wp-content\/uploads\/2015\/02\/2015-02-04_Zukunftswerkstatt-1.jpg\"><img loading=\"lazy\" decoding=\"async\" aria-describedby=\"caption-attachment-239\" class=\"wp-image-239 size-large\" src=\"http:\/\/www.pamina-business.com\/wp-content\/uploads\/2015\/02\/2015-02-04_Zukunftswerkstatt-1-1024x682.jpg\" alt=\"K2, Kilian Kunz\" width=\"750\" height=\"500\" srcset=\"https:\/\/www.pamina-business.com\/wp-content\/uploads\/2015\/02\/2015-02-04_Zukunftswerkstatt-1-1024x682.jpg 1024w, https:\/\/www.pamina-business.com\/wp-content\/uploads\/2015\/02\/2015-02-04_Zukunftswerkstatt-1-300x200.jpg 300w, https:\/\/www.pamina-business.com\/wp-content\/uploads\/2015\/02\/2015-02-04_Zukunftswerkstatt-1.jpg 2000w\" sizes=\"auto, (max-width: 750px) 100vw, 750px\" \/><\/a><p id=\"caption-attachment-239\" class=\"wp-caption-text\">K2, Kilian Kunz<\/p><\/div>\n<p>Les participants ont \u00e9t\u00e9 accueillis par Maria Farrenkopf qui a pr\u00e9sent\u00e9 le PAMINA Business Club et a soulign\u00e9 l&#8217;importance des questions de formation pour le d\u00e9veloppement \u00e9conomique.<\/p>\n<p>Le Dr Fritz Brechtel a pour sa part \u00e9voqu\u00e9 la n\u00e9cessit\u00e9 de travailler en r\u00e9seau avec les voisins pour assurer les comp\u00e9tences dont auront besoin les entreprises d&#8217;ici 10 \u00e0 20 ans. Les interactions entre entreprises et \u00e9coles sont toujours b\u00e9n\u00e9fiques pour tous et l&#8217;espace PAMINA pr\u00e9sente un potentiel de d\u00e9veloppement pour la formation en alternance transfrontali\u00e8re.<\/p>\n<p>De mani\u00e8re compl\u00e9mentaire, Christine Gross-Herick a insist\u00e9 sur la probl\u00e9matique du vieillissement de la population en Allemagne. D&#8217;ici 2 \u00e0 3 ans, 1 salari\u00e9 sur 3 va sortir de la vie active. La formation en alternance garantit un acc\u00e8s facilit\u00e9 au march\u00e9 de l&#8217;emploi. Dans l&#8217;arrondissement de Landau, 60 % des salari\u00e9s sont qualifi\u00e9s et le renouvellement de ces postes risque de poser des difficult\u00e9s dans les ann\u00e9es \u00e0 venir. Les entreprises ont de plus en plus de mal \u00e0 susciter l&#8217;int\u00e9r\u00eat des jeunes pour l&#8217;apprentissage, elles sont donc \u00e9galement int\u00e9ress\u00e9es par les comp\u00e9tences de jeunes Fran\u00e7ais.<\/p>\n<p>L&#8217;intervention de Dieter Wolf a permis d&#8217;avoir un retour d&#8217;exp\u00e9rience concret d&#8217;une grande entreprise. Siemens emploie 4500 salari\u00e9s \u00e0 Karlsruhe, d\u00e9veloppe 120 \u00e0 180 nouveaux produits chaque ann\u00e9e et forme 350 apprentis par an. Pour Siemens, l&#8217;enjeu est de former des jeunes qui sauront s&#8217;adapter aux mutations du monde professionnel (complexit\u00e9, rapidit\u00e9, d\u00e9ploiement du num\u00e9rique&#8230;). L&#8217;entreprise porte \u00e9galement une attention particuli\u00e8re \u00e0 des jeunes d\u00e9favoris\u00e9s ou \u00e0 des jeunes m\u00e8res pour leur permettre d\u2019acqu\u00e9rir des comp\u00e9tences. M. Wolf souhaiterait une adaptation des contenus des formations aux pratiques des entreprises avec notamment une r\u00e9flexion sur ce qui pourrait \u00eatre supprim\u00e9 afin de cr\u00e9er un environnement propice \u00e0 l&#8217;apprentissage. Il a \u00e9galement alert\u00e9 le public pr\u00e9sent sur le risque de p\u00e9nurie de formateurs dans les prochaines ann\u00e9es.<\/p>\n<p>Frank Rotter a compar\u00e9 les syst\u00e8mes de formation en France et en Allemagne, il a notamment pr\u00e9sent\u00e9 la r\u00e9forme de la formation professionnelle continue mise en place au 1er janvier 2015. Il a rappel\u00e9 l&#8217;objectif du Pr\u00e9sident de la R\u00e9publique en France d&#8217;atteindre 500 000 apprentis en 2017, actuellement, ils seraient de l&#8217;ordre de 400 000.<\/p>\n<p>Sylvia M\u00fcller-Wolf a pr\u00e9sent\u00e9 le r\u00e9seau EURES (European Employment Services) mis en place en 1992. Son objectif est de promouvoir la mobilit\u00e9 dans l&#8217;Union Europ\u00e9enne. Le dispositif a \u00e9t\u00e9 d\u00e9clin\u00e9 pour le transfrontalier : EURES-T pour apporter des conseils aux salari\u00e9s transfrontaliers et soutenir les entreprises qui souhaitent recruter de part et d&#8217;autre de la fronti\u00e8re.<\/p>\n<p>St\u00e9phanie Ferrari a mis en avant la formation GUC (Gestionnaire d&#8217;Unit\u00e9 Commerciale) adapt\u00e9e au contexte transfrontalier. La formation a lieu \u00e0 Wissembourg et la pratique dans une entreprise allemande. Les obstacles pour les jeunes sont principalement li\u00e9s \u00e0 la langue, la mobilit\u00e9 et les diff\u00e9rences entre les syst\u00e8mes fran\u00e7ais et allemand.<\/p>\n<p>Enfin, des jeunes apprentis b\u00e9n\u00e9ficiant d&#8217;un apprentissage transfrontalier ont fait part de leurs retours d&#8217;exp\u00e9riences.<\/p>\n<p>La conf\u00e9rence s&#8217;est termin\u00e9e par un verre de l&#8217;amiti\u00e9.<\/p>\n<p>Pour en savoir plus, merci de contacter Jean-Michel Staerl\u00e9 (03 88 52 82 81).<\/p>\n<p>Vous pouvez t\u00e9l\u00e9charger le <a title=\"Communiqu\u00e9 de presse - 4 f\u00e9vrier 2015 - Jo Wagner\" href=\"http:\/\/www.adira.com\/upload\/documents\/Cooperation_transfrontaliere\/201502_Zukunftswerkstatt_des_PAMINA_Business_Clubs-1.pdf\" target=\"_blank\">communiqu\u00e9 de presse en allemand<\/a>.<\/p>\n","protected":false},"excerpt":{"rendered":"<p>Pr\u00e8s d&#8217;une centaine de participants ont assist\u00e9 le 4 f\u00e9vrier 2015 \u00e0 l&#8217;\u00e9v\u00e9nement organis\u00e9 par le PAMINA Business Club sur le th\u00e8me &#8222;l&#8217;avenir passe par la formation en alternance dans l&#8217;espace PAMINA&#8220;. Cette manifestation a r\u00e9uni \u00e0 la Festhalle de W\u00f6rth de nombreux acteurs du d\u00e9veloppement \u00e9conomique et du monde de l&#8217;\u00e9ducation tant fran\u00e7ais qu&#8217;allemands. [&hellip;]<\/p>\n","protected":false},"author":2,"featured_media":0,"comment_status":"open","ping_status":"open","sticky":false,"template":"","format":"standard","meta":{"_exactmetrics_skip_tracking":false,"_exactmetrics_sitenote_active":false,"_exactmetrics_sitenote_note":"","_exactmetrics_sitenote_category":0,"footnotes":""},"categories":[4,7],"tags":[],"class_list":["post-236","post","type-post","status-publish","format-standard","hentry","category-education-fr","category-evenements-fr"],"yoast_head":"<!-- This site is optimized with the Yoast SEO plugin v23.5 - https:\/\/yoast.com\/wordpress\/plugins\/seo\/ -->\n<title>Succ\u00e8s de l&#039;\u00e9v\u00e9nement du PAMINA Business Club sur la formation en alternance - PAMINA Business Club<\/title>\n<meta name=\"robots\" content=\"index, follow, max-snippet:-1, max-image-preview:large, max-video-preview:-1\" \/>\n<link rel=\"canonical\" href=\"http:\/\/www.pamina-business.com\/en\/succes-de-levenement-du-pamina-business-club-sur-la-formation-en-alternance\/\" \/>\n<meta property=\"og:locale\" content=\"de_DE\" \/>\n<meta property=\"og:type\" content=\"article\" \/>\n<meta property=\"og:title\" content=\"Succ\u00e8s de l&#039;\u00e9v\u00e9nement du PAMINA Business Club sur la formation en alternance - PAMINA Business Club\" \/>\n<meta property=\"og:description\" content=\"Pr\u00e8s d&#8217;une centaine de participants ont assist\u00e9 le 4 f\u00e9vrier 2015 \u00e0 l&#8217;\u00e9v\u00e9nement organis\u00e9 par le PAMINA Business Club sur le th\u00e8me &#8222;l&#8217;avenir passe par la formation en alternance dans l&#8217;espace PAMINA&#8220;. Cette manifestation a r\u00e9uni \u00e0 la Festhalle de W\u00f6rth de nombreux acteurs du d\u00e9veloppement \u00e9conomique et du monde de l&#8217;\u00e9ducation tant fran\u00e7ais qu&#8217;allemands. [&hellip;]\" \/>\n<meta property=\"og:url\" content=\"http:\/\/www.pamina-business.com\/en\/succes-de-levenement-du-pamina-business-club-sur-la-formation-en-alternance\/\" \/>\n<meta property=\"og:site_name\" content=\"PAMINA Business Club\" \/>\n<meta property=\"article:published_time\" content=\"2015-02-05T14:03:53+00:00\" \/>\n<meta property=\"article:modified_time\" content=\"2015-11-17T10:14:19+00:00\" \/>\n<meta property=\"og:image\" content=\"http:\/\/www.pamina-business.com\/wp-content\/uploads\/2015\/02\/2015-02-04_Zukunftswerkstatt-1-1024x682.jpg\" \/>\n<meta name=\"author\" content=\"Mathilde Lafaye\" \/>\n<meta name=\"twitter:card\" content=\"summary_large_image\" \/>\n<meta name=\"twitter:label1\" content=\"Verfasst von\" \/>\n\t<meta name=\"twitter:data1\" content=\"Mathilde Lafaye\" \/>\n\t<meta name=\"twitter:label2\" content=\"Gesch\u00e4tzte Lesezeit\" \/>\n\t<meta name=\"twitter:data2\" content=\"4\u00a0Minuten\" \/>\n<script type=\"application\/ld+json\" class=\"yoast-schema-graph\">{\"@context\":\"https:\/\/schema.org\",\"@graph\":[{\"@type\":\"WebPage\",\"@id\":\"http:\/\/www.pamina-business.com\/en\/succes-de-levenement-du-pamina-business-club-sur-la-formation-en-alternance\/\",\"url\":\"http:\/\/www.pamina-business.com\/en\/succes-de-levenement-du-pamina-business-club-sur-la-formation-en-alternance\/\",\"name\":\"Succ\u00e8s de l'\u00e9v\u00e9nement du PAMINA Business Club sur la formation en alternance - PAMINA Business Club\",\"isPartOf\":{\"@id\":\"http:\/\/www.pamina-business.com\/de\/#website\"},\"primaryImageOfPage\":{\"@id\":\"http:\/\/www.pamina-business.com\/en\/succes-de-levenement-du-pamina-business-club-sur-la-formation-en-alternance\/#primaryimage\"},\"image\":{\"@id\":\"http:\/\/www.pamina-business.com\/en\/succes-de-levenement-du-pamina-business-club-sur-la-formation-en-alternance\/#primaryimage\"},\"thumbnailUrl\":\"http:\/\/www.pamina-business.com\/wp-content\/uploads\/2015\/02\/2015-02-04_Zukunftswerkstatt-1-1024x682.jpg\",\"datePublished\":\"2015-02-05T14:03:53+00:00\",\"dateModified\":\"2015-11-17T10:14:19+00:00\",\"author\":{\"@id\":\"http:\/\/www.pamina-business.com\/de\/#\/schema\/person\/184feea9fbad808d50c1eefebdbcd9be\"},\"breadcrumb\":{\"@id\":\"http:\/\/www.pamina-business.com\/en\/succes-de-levenement-du-pamina-business-club-sur-la-formation-en-alternance\/#breadcrumb\"},\"inLanguage\":\"de\",\"potentialAction\":[{\"@type\":\"ReadAction\",\"target\":[\"http:\/\/www.pamina-business.com\/en\/succes-de-levenement-du-pamina-business-club-sur-la-formation-en-alternance\/\"]}]},{\"@type\":\"ImageObject\",\"inLanguage\":\"de\",\"@id\":\"http:\/\/www.pamina-business.com\/en\/succes-de-levenement-du-pamina-business-club-sur-la-formation-en-alternance\/#primaryimage\",\"url\":\"http:\/\/www.pamina-business.com\/wp-content\/uploads\/2015\/02\/2015-02-04_Zukunftswerkstatt-1-1024x682.jpg\",\"contentUrl\":\"http:\/\/www.pamina-business.com\/wp-content\/uploads\/2015\/02\/2015-02-04_Zukunftswerkstatt-1-1024x682.jpg\"},{\"@type\":\"BreadcrumbList\",\"@id\":\"http:\/\/www.pamina-business.com\/en\/succes-de-levenement-du-pamina-business-club-sur-la-formation-en-alternance\/#breadcrumb\",\"itemListElement\":[{\"@type\":\"ListItem\",\"position\":1,\"name\":\"Accueil\",\"item\":\"http:\/\/www.pamina-business.com\/de\/\"},{\"@type\":\"ListItem\",\"position\":2,\"name\":\"Succ\u00e8s de l&#8217;\u00e9v\u00e9nement du PAMINA Business Club sur la formation en alternance\"}]},{\"@type\":\"WebSite\",\"@id\":\"http:\/\/www.pamina-business.com\/de\/#website\",\"url\":\"http:\/\/www.pamina-business.com\/de\/\",\"name\":\"PAMINA Business Club\",\"description\":\"Un site utilisant WordPress\",\"potentialAction\":[{\"@type\":\"SearchAction\",\"target\":{\"@type\":\"EntryPoint\",\"urlTemplate\":\"http:\/\/www.pamina-business.com\/de\/?s={search_term_string}\"},\"query-input\":{\"@type\":\"PropertyValueSpecification\",\"valueRequired\":true,\"valueName\":\"search_term_string\"}}],\"inLanguage\":\"de\"},{\"@type\":\"Person\",\"@id\":\"http:\/\/www.pamina-business.com\/de\/#\/schema\/person\/184feea9fbad808d50c1eefebdbcd9be\",\"name\":\"Mathilde Lafaye\",\"image\":{\"@type\":\"ImageObject\",\"inLanguage\":\"de\",\"@id\":\"http:\/\/www.pamina-business.com\/de\/#\/schema\/person\/image\/\",\"url\":\"https:\/\/secure.gravatar.com\/avatar\/8c9e676580786e01744d1678a355283bc36b914e4f9ee0d99e4ba2f24b738831?s=96&d=mm&r=g\",\"contentUrl\":\"https:\/\/secure.gravatar.com\/avatar\/8c9e676580786e01744d1678a355283bc36b914e4f9ee0d99e4ba2f24b738831?s=96&d=mm&r=g\",\"caption\":\"Mathilde Lafaye\"},\"url\":\"https:\/\/www.pamina-business.com\/de\/author\/mathilde\/\"}]}<\/script>\n<!-- \/ Yoast SEO plugin. -->","yoast_head_json":{"title":"Succ\u00e8s de l'\u00e9v\u00e9nement du PAMINA Business Club sur la formation en alternance - PAMINA Business Club","robots":{"index":"index","follow":"follow","max-snippet":"max-snippet:-1","max-image-preview":"max-image-preview:large","max-video-preview":"max-video-preview:-1"},"canonical":"http:\/\/www.pamina-business.com\/en\/succes-de-levenement-du-pamina-business-club-sur-la-formation-en-alternance\/","og_locale":"de_DE","og_type":"article","og_title":"Succ\u00e8s de l'\u00e9v\u00e9nement du PAMINA Business Club sur la formation en alternance - PAMINA Business Club","og_description":"Pr\u00e8s d&#8217;une centaine de participants ont assist\u00e9 le 4 f\u00e9vrier 2015 \u00e0 l&#8217;\u00e9v\u00e9nement organis\u00e9 par le PAMINA Business Club sur le th\u00e8me &#8222;l&#8217;avenir passe par la formation en alternance dans l&#8217;espace PAMINA&#8220;. Cette manifestation a r\u00e9uni \u00e0 la Festhalle de W\u00f6rth de nombreux acteurs du d\u00e9veloppement \u00e9conomique et du monde de l&#8217;\u00e9ducation tant fran\u00e7ais qu&#8217;allemands. [&hellip;]","og_url":"http:\/\/www.pamina-business.com\/en\/succes-de-levenement-du-pamina-business-club-sur-la-formation-en-alternance\/","og_site_name":"PAMINA Business Club","article_published_time":"2015-02-05T14:03:53+00:00","article_modified_time":"2015-11-17T10:14:19+00:00","og_image":[{"url":"http:\/\/www.pamina-business.com\/wp-content\/uploads\/2015\/02\/2015-02-04_Zukunftswerkstatt-1-1024x682.jpg"}],"author":"Mathilde Lafaye","twitter_card":"summary_large_image","twitter_misc":{"Verfasst von":"Mathilde Lafaye","Gesch\u00e4tzte Lesezeit":"4\u00a0Minuten"},"schema":{"@context":"https:\/\/schema.org","@graph":[{"@type":"WebPage","@id":"http:\/\/www.pamina-business.com\/en\/succes-de-levenement-du-pamina-business-club-sur-la-formation-en-alternance\/","url":"http:\/\/www.pamina-business.com\/en\/succes-de-levenement-du-pamina-business-club-sur-la-formation-en-alternance\/","name":"Succ\u00e8s de l'\u00e9v\u00e9nement du PAMINA Business Club sur la formation en alternance - PAMINA Business Club","isPartOf":{"@id":"http:\/\/www.pamina-business.com\/de\/#website"},"primaryImageOfPage":{"@id":"http:\/\/www.pamina-business.com\/en\/succes-de-levenement-du-pamina-business-club-sur-la-formation-en-alternance\/#primaryimage"},"image":{"@id":"http:\/\/www.pamina-business.com\/en\/succes-de-levenement-du-pamina-business-club-sur-la-formation-en-alternance\/#primaryimage"},"thumbnailUrl":"http:\/\/www.pamina-business.com\/wp-content\/uploads\/2015\/02\/2015-02-04_Zukunftswerkstatt-1-1024x682.jpg","datePublished":"2015-02-05T14:03:53+00:00","dateModified":"2015-11-17T10:14:19+00:00","author":{"@id":"http:\/\/www.pamina-business.com\/de\/#\/schema\/person\/184feea9fbad808d50c1eefebdbcd9be"},"breadcrumb":{"@id":"http:\/\/www.pamina-business.com\/en\/succes-de-levenement-du-pamina-business-club-sur-la-formation-en-alternance\/#breadcrumb"},"inLanguage":"de","potentialAction":[{"@type":"ReadAction","target":["http:\/\/www.pamina-business.com\/en\/succes-de-levenement-du-pamina-business-club-sur-la-formation-en-alternance\/"]}]},{"@type":"ImageObject","inLanguage":"de","@id":"http:\/\/www.pamina-business.com\/en\/succes-de-levenement-du-pamina-business-club-sur-la-formation-en-alternance\/#primaryimage","url":"http:\/\/www.pamina-business.com\/wp-content\/uploads\/2015\/02\/2015-02-04_Zukunftswerkstatt-1-1024x682.jpg","contentUrl":"http:\/\/www.pamina-business.com\/wp-content\/uploads\/2015\/02\/2015-02-04_Zukunftswerkstatt-1-1024x682.jpg"},{"@type":"BreadcrumbList","@id":"http:\/\/www.pamina-business.com\/en\/succes-de-levenement-du-pamina-business-club-sur-la-formation-en-alternance\/#breadcrumb","itemListElement":[{"@type":"ListItem","position":1,"name":"Accueil","item":"http:\/\/www.pamina-business.com\/de\/"},{"@type":"ListItem","position":2,"name":"Succ\u00e8s de l&#8217;\u00e9v\u00e9nement du PAMINA Business Club sur la formation en alternance"}]},{"@type":"WebSite","@id":"http:\/\/www.pamina-business.com\/de\/#website","url":"http:\/\/www.pamina-business.com\/de\/","name":"PAMINA Business Club","description":"Un site utilisant WordPress","potentialAction":[{"@type":"SearchAction","target":{"@type":"EntryPoint","urlTemplate":"http:\/\/www.pamina-business.com\/de\/?s={search_term_string}"},"query-input":{"@type":"PropertyValueSpecification","valueRequired":true,"valueName":"search_term_string"}}],"inLanguage":"de"},{"@type":"Person","@id":"http:\/\/www.pamina-business.com\/de\/#\/schema\/person\/184feea9fbad808d50c1eefebdbcd9be","name":"Mathilde Lafaye","image":{"@type":"ImageObject","inLanguage":"de","@id":"http:\/\/www.pamina-business.com\/de\/#\/schema\/person\/image\/","url":"https:\/\/secure.gravatar.com\/avatar\/8c9e676580786e01744d1678a355283bc36b914e4f9ee0d99e4ba2f24b738831?s=96&d=mm&r=g","contentUrl":"https:\/\/secure.gravatar.com\/avatar\/8c9e676580786e01744d1678a355283bc36b914e4f9ee0d99e4ba2f24b738831?s=96&d=mm&r=g","caption":"Mathilde Lafaye"},"url":"https:\/\/www.pamina-business.com\/de\/author\/mathilde\/"}]}},"_links":{"self":[{"href":"https:\/\/www.pamina-business.com\/de\/wp-json\/wp\/v2\/posts\/236","targetHints":{"allow":["GET"]}}],"collection":[{"href":"https:\/\/www.pamina-business.com\/de\/wp-json\/wp\/v2\/posts"}],"about":[{"href":"https:\/\/www.pamina-business.com\/de\/wp-json\/wp\/v2\/types\/post"}],"author":[{"embeddable":true,"href":"https:\/\/www.pamina-business.com\/de\/wp-json\/wp\/v2\/users\/2"}],"replies":[{"embeddable":true,"href":"https:\/\/www.pamina-business.com\/de\/wp-json\/wp\/v2\/comments?post=236"}],"version-history":[{"count":5,"href":"https:\/\/www.pamina-business.com\/de\/wp-json\/wp\/v2\/posts\/236\/revisions"}],"predecessor-version":[{"id":244,"href":"https:\/\/www.pamina-business.com\/de\/wp-json\/wp\/v2\/posts\/236\/revisions\/244"}],"wp:attachment":[{"href":"https:\/\/www.pamina-business.com\/de\/wp-json\/wp\/v2\/media?parent=236"}],"wp:term":[{"taxonomy":"category","embeddable":true,"href":"https:\/\/www.pamina-business.com\/de\/wp-json\/wp\/v2\/categories?post=236"},{"taxonomy":"post_tag","embeddable":true,"href":"https:\/\/www.pamina-business.com\/de\/wp-json\/wp\/v2\/tags?post=236"}],"curies":[{"name":"wp","href":"https:\/\/api.w.org\/{rel}","templated":true}]}}