{"id":2152,"date":"2017-01-05T08:19:17","date_gmt":"2017-01-05T08:19:17","guid":{"rendered":"http:\/\/www.pamina-business.com\/?p=2152"},"modified":"2016-12-13T08:22:22","modified_gmt":"2016-12-13T08:22:22","slug":"grenzuberschreitende-fachtagung-jugendarbeit-mit-unbegleiteten-minderjahrigen-fluchtlingen","status":"publish","type":"post","link":"https:\/\/www.pamina-business.com\/de\/grenzuberschreitende-fachtagung-jugendarbeit-mit-unbegleiteten-minderjahrigen-fluchtlingen\/","title":{"rendered":"Grenz\u00fcberschreitende Fachtagung : Jugendarbeit mit unbegleiteten minderj\u00e4hrigen Fl\u00fcchtlingen"},"content":{"rendered":"<div class=\"titre-article\"><\/div>\n<div class=\"chapo-article\"><span class=\"spip_document_4588 spip_documents spip_documents_left\"> <img loading=\"lazy\" decoding=\"async\" src=\"http:\/\/www.eurodistrict-pamina.eu\/pamina\/IMG\/jpg\/CIMG0065_ancien_site_web.jpg\" alt=\"\" width=\"150\" height=\"113\" \/><\/span><\/div>\n<div class=\"chapo-article\"><\/div>\n<div class=\"chapo-article\">Die Ankunft von Fl\u00fcchtlingen in Europa und besonders in Deutschland wirft Fragen in vielen Bereichen auf. Jugendakteure, auch aus dem PAMINA-Jugendnetzwerk, betrifft dabei insbesondere die Aufnahme und Betreuung von minderj\u00e4hrigen Fl\u00fcchtlingen. Am 24. November 2016 fand daher ein deutsch-franz\u00f6sisches Austauschseminar statt, in dem Jugendarbeiter aus Deutschland und Frankreich Erfahrungen austauschen und neue Praktiken erlernen konnten.<\/div>\n<div class=\"texte-article\">\n<p class=\"spip\">Ein Einf\u00fchrungsreferat von Nadine Lyamouri-Bajja, interkulturelle Psychologin auf deutscher Seite, beleuchtete dabei die Besonderheiten in der Betreuung von jungen Fl\u00fcchtlingen. Sie berichtete von ihrer Arbeit, in der die j\u00fcngsten Fl\u00fcchtlinge, die ohne Familie nach Deutschland gekommen waren, nicht \u00e4lter als 9 Jahre alt sind. Diese w\u00fcrden komplett aus ihrem gewohnten Umfeld gerissen und ben\u00f6tigten daher zun\u00e4chst einmal wieder etwas Stabilit\u00e4t in ihrem Leben.<\/p>\n<p class=\"spip\">Dies betonte auch Thierno, der gemeinsam mit anderen jungen Gefl\u00fcchteten einen bewegenden Bericht \u00fcber seine Erlebnisse gab. Er war mit 15 Jahren aus Guinea geflohen und betonte, wie wichtig nach seiner Ankunft der Schulbesuch f\u00fcr ihn gewesen sei, da er ihm erlaubte, franz\u00f6sische Freunde zu finden, die in gewisser Weise als Ersatzfamilie fungieren k\u00f6nnen.<\/p>\n<p class=\"spip\">Die deutschen und franz\u00f6sischen Jugendarbeiter konnten sich abschlie\u00dfend \u00fcber ihre Erfahrungen in der Arbeit mit jungen Gefl\u00fcchteten in ihren Jugendh\u00e4usern austauschen und dabei auch konkrete Projektideen f\u00fcr die deutsch-franz\u00f6sische Zusammenarbeit in diesem Rahmen diskutieren, wie z.B. einen deutsch-franz\u00f6sischen Hip-Hop Workshop zum Thema Migration.<\/p>\n<p class=\"spip\">Mehr Fotos gibt es auf unserer <a class=\"spip_out\" href=\"https:\/\/www.facebook.com\/eurodistrictpamina\/posts\/1271571606239644\" target=\"_blank\">Facebookseite<\/a>.<\/p>\n<p class=\"spip\"><em>Quelle<\/em> : Eurodistrict Pamina <a href=\"http:\/\/www.eurodistrict-pamina.eu\">www.eurodistrict-pamina.eu<\/a><\/p>\n<\/div>\n","protected":false},"excerpt":{"rendered":"<p>Die Ankunft von Fl\u00fcchtlingen in Europa und besonders in Deutschland wirft Fragen in vielen Bereichen auf. Jugendakteure, auch aus dem PAMINA-Jugendnetzwerk, betrifft dabei insbesondere die Aufnahme und Betreuung von minderj\u00e4hrigen Fl\u00fcchtlingen. Am 24. November 2016 fand daher ein deutsch-franz\u00f6sisches Austauschseminar statt, in dem Jugendarbeiter aus Deutschland und Frankreich Erfahrungen austauschen und neue Praktiken erlernen konnten. [&hellip;]<\/p>\n","protected":false},"author":3,"featured_media":0,"comment_status":"open","ping_status":"open","sticky":false,"template":"","format":"standard","meta":{"_exactmetrics_skip_tracking":false,"_exactmetrics_sitenote_active":false,"_exactmetrics_sitenote_note":"","_exactmetrics_sitenote_category":0,"footnotes":""},"categories":[57],"tags":[],"class_list":["post-2152","post","type-post","status-publish","format-standard","hentry","category-berufsbildung-de"],"yoast_head":"<!-- This site is optimized with the Yoast SEO plugin v23.5 - https:\/\/yoast.com\/wordpress\/plugins\/seo\/ -->\n<title>Grenz\u00fcberschreitende Fachtagung : Jugendarbeit mit unbegleiteten minderj\u00e4hrigen Fl\u00fcchtlingen - PAMINA Business Club<\/title>\n<meta name=\"robots\" content=\"index, follow, max-snippet:-1, max-image-preview:large, max-video-preview:-1\" \/>\n<link rel=\"canonical\" href=\"https:\/\/www.pamina-business.com\/de\/grenzuberschreitende-fachtagung-jugendarbeit-mit-unbegleiteten-minderjahrigen-fluchtlingen\/\" \/>\n<meta property=\"og:locale\" content=\"de_DE\" \/>\n<meta property=\"og:type\" content=\"article\" \/>\n<meta property=\"og:title\" content=\"Grenz\u00fcberschreitende Fachtagung : Jugendarbeit mit unbegleiteten minderj\u00e4hrigen Fl\u00fcchtlingen - PAMINA Business Club\" \/>\n<meta property=\"og:description\" content=\"Die Ankunft von Fl\u00fcchtlingen in Europa und besonders in Deutschland wirft Fragen in vielen Bereichen auf. Jugendakteure, auch aus dem PAMINA-Jugendnetzwerk, betrifft dabei insbesondere die Aufnahme und Betreuung von minderj\u00e4hrigen Fl\u00fcchtlingen. Am 24. November 2016 fand daher ein deutsch-franz\u00f6sisches Austauschseminar statt, in dem Jugendarbeiter aus Deutschland und Frankreich Erfahrungen austauschen und neue Praktiken erlernen konnten. [&hellip;]\" \/>\n<meta property=\"og:url\" content=\"https:\/\/www.pamina-business.com\/de\/grenzuberschreitende-fachtagung-jugendarbeit-mit-unbegleiteten-minderjahrigen-fluchtlingen\/\" \/>\n<meta property=\"og:site_name\" content=\"PAMINA Business Club\" \/>\n<meta property=\"article:published_time\" content=\"2017-01-05T08:19:17+00:00\" \/>\n<meta property=\"article:modified_time\" content=\"2016-12-13T08:22:22+00:00\" \/>\n<meta property=\"og:image\" content=\"http:\/\/www.eurodistrict-pamina.eu\/pamina\/IMG\/jpg\/CIMG0065_ancien_site_web.jpg\" \/>\n<meta name=\"author\" content=\"Monique STUTZMANN\" \/>\n<meta name=\"twitter:card\" content=\"summary_large_image\" \/>\n<meta name=\"twitter:label1\" content=\"Verfasst von\" \/>\n\t<meta name=\"twitter:data1\" content=\"Monique STUTZMANN\" \/>\n\t<meta name=\"twitter:label2\" content=\"Gesch\u00e4tzte Lesezeit\" \/>\n\t<meta name=\"twitter:data2\" content=\"1\u00a0Minute\" \/>\n<script type=\"application\/ld+json\" class=\"yoast-schema-graph\">{\"@context\":\"https:\/\/schema.org\",\"@graph\":[{\"@type\":\"WebPage\",\"@id\":\"https:\/\/www.pamina-business.com\/de\/grenzuberschreitende-fachtagung-jugendarbeit-mit-unbegleiteten-minderjahrigen-fluchtlingen\/\",\"url\":\"https:\/\/www.pamina-business.com\/de\/grenzuberschreitende-fachtagung-jugendarbeit-mit-unbegleiteten-minderjahrigen-fluchtlingen\/\",\"name\":\"Grenz\u00fcberschreitende Fachtagung : Jugendarbeit mit unbegleiteten minderj\u00e4hrigen Fl\u00fcchtlingen - PAMINA Business Club\",\"isPartOf\":{\"@id\":\"http:\/\/www.pamina-business.com\/de\/#website\"},\"primaryImageOfPage\":{\"@id\":\"https:\/\/www.pamina-business.com\/de\/grenzuberschreitende-fachtagung-jugendarbeit-mit-unbegleiteten-minderjahrigen-fluchtlingen\/#primaryimage\"},\"image\":{\"@id\":\"https:\/\/www.pamina-business.com\/de\/grenzuberschreitende-fachtagung-jugendarbeit-mit-unbegleiteten-minderjahrigen-fluchtlingen\/#primaryimage\"},\"thumbnailUrl\":\"http:\/\/www.eurodistrict-pamina.eu\/pamina\/IMG\/jpg\/CIMG0065_ancien_site_web.jpg\",\"datePublished\":\"2017-01-05T08:19:17+00:00\",\"dateModified\":\"2016-12-13T08:22:22+00:00\",\"author\":{\"@id\":\"http:\/\/www.pamina-business.com\/de\/#\/schema\/person\/9ab02536dbdbc5e3ef40bbc3452c8c69\"},\"breadcrumb\":{\"@id\":\"https:\/\/www.pamina-business.com\/de\/grenzuberschreitende-fachtagung-jugendarbeit-mit-unbegleiteten-minderjahrigen-fluchtlingen\/#breadcrumb\"},\"inLanguage\":\"de\",\"potentialAction\":[{\"@type\":\"ReadAction\",\"target\":[\"https:\/\/www.pamina-business.com\/de\/grenzuberschreitende-fachtagung-jugendarbeit-mit-unbegleiteten-minderjahrigen-fluchtlingen\/\"]}]},{\"@type\":\"ImageObject\",\"inLanguage\":\"de\",\"@id\":\"https:\/\/www.pamina-business.com\/de\/grenzuberschreitende-fachtagung-jugendarbeit-mit-unbegleiteten-minderjahrigen-fluchtlingen\/#primaryimage\",\"url\":\"http:\/\/www.eurodistrict-pamina.eu\/pamina\/IMG\/jpg\/CIMG0065_ancien_site_web.jpg\",\"contentUrl\":\"http:\/\/www.eurodistrict-pamina.eu\/pamina\/IMG\/jpg\/CIMG0065_ancien_site_web.jpg\"},{\"@type\":\"BreadcrumbList\",\"@id\":\"https:\/\/www.pamina-business.com\/de\/grenzuberschreitende-fachtagung-jugendarbeit-mit-unbegleiteten-minderjahrigen-fluchtlingen\/#breadcrumb\",\"itemListElement\":[{\"@type\":\"ListItem\",\"position\":1,\"name\":\"Accueil\",\"item\":\"http:\/\/www.pamina-business.com\/de\/\"},{\"@type\":\"ListItem\",\"position\":2,\"name\":\"Grenz\u00fcberschreitende Fachtagung : Jugendarbeit mit unbegleiteten minderj\u00e4hrigen Fl\u00fcchtlingen\"}]},{\"@type\":\"WebSite\",\"@id\":\"http:\/\/www.pamina-business.com\/de\/#website\",\"url\":\"http:\/\/www.pamina-business.com\/de\/\",\"name\":\"PAMINA Business Club\",\"description\":\"Un site utilisant WordPress\",\"potentialAction\":[{\"@type\":\"SearchAction\",\"target\":{\"@type\":\"EntryPoint\",\"urlTemplate\":\"http:\/\/www.pamina-business.com\/de\/?s={search_term_string}\"},\"query-input\":{\"@type\":\"PropertyValueSpecification\",\"valueRequired\":true,\"valueName\":\"search_term_string\"}}],\"inLanguage\":\"de\"},{\"@type\":\"Person\",\"@id\":\"http:\/\/www.pamina-business.com\/de\/#\/schema\/person\/9ab02536dbdbc5e3ef40bbc3452c8c69\",\"name\":\"Monique STUTZMANN\",\"image\":{\"@type\":\"ImageObject\",\"inLanguage\":\"de\",\"@id\":\"http:\/\/www.pamina-business.com\/de\/#\/schema\/person\/image\/\",\"url\":\"https:\/\/secure.gravatar.com\/avatar\/cc1c3adf9a9f6e969d3da7b6b34ec66f5f4a6844dfc9145380a75e42cd91882e?s=96&d=mm&r=g\",\"contentUrl\":\"https:\/\/secure.gravatar.com\/avatar\/cc1c3adf9a9f6e969d3da7b6b34ec66f5f4a6844dfc9145380a75e42cd91882e?s=96&d=mm&r=g\",\"caption\":\"Monique STUTZMANN\"},\"url\":\"https:\/\/www.pamina-business.com\/de\/author\/monique\/\"}]}<\/script>\n<!-- \/ Yoast SEO plugin. -->","yoast_head_json":{"title":"Grenz\u00fcberschreitende Fachtagung : Jugendarbeit mit unbegleiteten minderj\u00e4hrigen Fl\u00fcchtlingen - PAMINA Business Club","robots":{"index":"index","follow":"follow","max-snippet":"max-snippet:-1","max-image-preview":"max-image-preview:large","max-video-preview":"max-video-preview:-1"},"canonical":"https:\/\/www.pamina-business.com\/de\/grenzuberschreitende-fachtagung-jugendarbeit-mit-unbegleiteten-minderjahrigen-fluchtlingen\/","og_locale":"de_DE","og_type":"article","og_title":"Grenz\u00fcberschreitende Fachtagung : Jugendarbeit mit unbegleiteten minderj\u00e4hrigen Fl\u00fcchtlingen - PAMINA Business Club","og_description":"Die Ankunft von Fl\u00fcchtlingen in Europa und besonders in Deutschland wirft Fragen in vielen Bereichen auf. Jugendakteure, auch aus dem PAMINA-Jugendnetzwerk, betrifft dabei insbesondere die Aufnahme und Betreuung von minderj\u00e4hrigen Fl\u00fcchtlingen. Am 24. November 2016 fand daher ein deutsch-franz\u00f6sisches Austauschseminar statt, in dem Jugendarbeiter aus Deutschland und Frankreich Erfahrungen austauschen und neue Praktiken erlernen konnten. [&hellip;]","og_url":"https:\/\/www.pamina-business.com\/de\/grenzuberschreitende-fachtagung-jugendarbeit-mit-unbegleiteten-minderjahrigen-fluchtlingen\/","og_site_name":"PAMINA Business Club","article_published_time":"2017-01-05T08:19:17+00:00","article_modified_time":"2016-12-13T08:22:22+00:00","og_image":[{"url":"http:\/\/www.eurodistrict-pamina.eu\/pamina\/IMG\/jpg\/CIMG0065_ancien_site_web.jpg"}],"author":"Monique STUTZMANN","twitter_card":"summary_large_image","twitter_misc":{"Verfasst von":"Monique STUTZMANN","Gesch\u00e4tzte Lesezeit":"1\u00a0Minute"},"schema":{"@context":"https:\/\/schema.org","@graph":[{"@type":"WebPage","@id":"https:\/\/www.pamina-business.com\/de\/grenzuberschreitende-fachtagung-jugendarbeit-mit-unbegleiteten-minderjahrigen-fluchtlingen\/","url":"https:\/\/www.pamina-business.com\/de\/grenzuberschreitende-fachtagung-jugendarbeit-mit-unbegleiteten-minderjahrigen-fluchtlingen\/","name":"Grenz\u00fcberschreitende Fachtagung : Jugendarbeit mit unbegleiteten minderj\u00e4hrigen Fl\u00fcchtlingen - PAMINA Business Club","isPartOf":{"@id":"http:\/\/www.pamina-business.com\/de\/#website"},"primaryImageOfPage":{"@id":"https:\/\/www.pamina-business.com\/de\/grenzuberschreitende-fachtagung-jugendarbeit-mit-unbegleiteten-minderjahrigen-fluchtlingen\/#primaryimage"},"image":{"@id":"https:\/\/www.pamina-business.com\/de\/grenzuberschreitende-fachtagung-jugendarbeit-mit-unbegleiteten-minderjahrigen-fluchtlingen\/#primaryimage"},"thumbnailUrl":"http:\/\/www.eurodistrict-pamina.eu\/pamina\/IMG\/jpg\/CIMG0065_ancien_site_web.jpg","datePublished":"2017-01-05T08:19:17+00:00","dateModified":"2016-12-13T08:22:22+00:00","author":{"@id":"http:\/\/www.pamina-business.com\/de\/#\/schema\/person\/9ab02536dbdbc5e3ef40bbc3452c8c69"},"breadcrumb":{"@id":"https:\/\/www.pamina-business.com\/de\/grenzuberschreitende-fachtagung-jugendarbeit-mit-unbegleiteten-minderjahrigen-fluchtlingen\/#breadcrumb"},"inLanguage":"de","potentialAction":[{"@type":"ReadAction","target":["https:\/\/www.pamina-business.com\/de\/grenzuberschreitende-fachtagung-jugendarbeit-mit-unbegleiteten-minderjahrigen-fluchtlingen\/"]}]},{"@type":"ImageObject","inLanguage":"de","@id":"https:\/\/www.pamina-business.com\/de\/grenzuberschreitende-fachtagung-jugendarbeit-mit-unbegleiteten-minderjahrigen-fluchtlingen\/#primaryimage","url":"http:\/\/www.eurodistrict-pamina.eu\/pamina\/IMG\/jpg\/CIMG0065_ancien_site_web.jpg","contentUrl":"http:\/\/www.eurodistrict-pamina.eu\/pamina\/IMG\/jpg\/CIMG0065_ancien_site_web.jpg"},{"@type":"BreadcrumbList","@id":"https:\/\/www.pamina-business.com\/de\/grenzuberschreitende-fachtagung-jugendarbeit-mit-unbegleiteten-minderjahrigen-fluchtlingen\/#breadcrumb","itemListElement":[{"@type":"ListItem","position":1,"name":"Accueil","item":"http:\/\/www.pamina-business.com\/de\/"},{"@type":"ListItem","position":2,"name":"Grenz\u00fcberschreitende Fachtagung : Jugendarbeit mit unbegleiteten minderj\u00e4hrigen Fl\u00fcchtlingen"}]},{"@type":"WebSite","@id":"http:\/\/www.pamina-business.com\/de\/#website","url":"http:\/\/www.pamina-business.com\/de\/","name":"PAMINA Business Club","description":"Un site utilisant WordPress","potentialAction":[{"@type":"SearchAction","target":{"@type":"EntryPoint","urlTemplate":"http:\/\/www.pamina-business.com\/de\/?s={search_term_string}"},"query-input":{"@type":"PropertyValueSpecification","valueRequired":true,"valueName":"search_term_string"}}],"inLanguage":"de"},{"@type":"Person","@id":"http:\/\/www.pamina-business.com\/de\/#\/schema\/person\/9ab02536dbdbc5e3ef40bbc3452c8c69","name":"Monique STUTZMANN","image":{"@type":"ImageObject","inLanguage":"de","@id":"http:\/\/www.pamina-business.com\/de\/#\/schema\/person\/image\/","url":"https:\/\/secure.gravatar.com\/avatar\/cc1c3adf9a9f6e969d3da7b6b34ec66f5f4a6844dfc9145380a75e42cd91882e?s=96&d=mm&r=g","contentUrl":"https:\/\/secure.gravatar.com\/avatar\/cc1c3adf9a9f6e969d3da7b6b34ec66f5f4a6844dfc9145380a75e42cd91882e?s=96&d=mm&r=g","caption":"Monique STUTZMANN"},"url":"https:\/\/www.pamina-business.com\/de\/author\/monique\/"}]}},"_links":{"self":[{"href":"https:\/\/www.pamina-business.com\/de\/wp-json\/wp\/v2\/posts\/2152","targetHints":{"allow":["GET"]}}],"collection":[{"href":"https:\/\/www.pamina-business.com\/de\/wp-json\/wp\/v2\/posts"}],"about":[{"href":"https:\/\/www.pamina-business.com\/de\/wp-json\/wp\/v2\/types\/post"}],"author":[{"embeddable":true,"href":"https:\/\/www.pamina-business.com\/de\/wp-json\/wp\/v2\/users\/3"}],"replies":[{"embeddable":true,"href":"https:\/\/www.pamina-business.com\/de\/wp-json\/wp\/v2\/comments?post=2152"}],"version-history":[{"count":3,"href":"https:\/\/www.pamina-business.com\/de\/wp-json\/wp\/v2\/posts\/2152\/revisions"}],"predecessor-version":[{"id":2155,"href":"https:\/\/www.pamina-business.com\/de\/wp-json\/wp\/v2\/posts\/2152\/revisions\/2155"}],"wp:attachment":[{"href":"https:\/\/www.pamina-business.com\/de\/wp-json\/wp\/v2\/media?parent=2152"}],"wp:term":[{"taxonomy":"category","embeddable":true,"href":"https:\/\/www.pamina-business.com\/de\/wp-json\/wp\/v2\/categories?post=2152"},{"taxonomy":"post_tag","embeddable":true,"href":"https:\/\/www.pamina-business.com\/de\/wp-json\/wp\/v2\/tags?post=2152"}],"curies":[{"name":"wp","href":"https:\/\/api.w.org\/{rel}","templated":true}]}}