{"id":2020,"date":"2016-11-08T13:53:23","date_gmt":"2016-11-08T13:53:23","guid":{"rendered":"http:\/\/www.pamina-business.com\/?p=2020"},"modified":"2016-11-07T13:56:15","modified_gmt":"2016-11-07T13:56:15","slug":"une-entreprise-allemande-recherche-un-directeur-commercial","status":"publish","type":"post","link":"https:\/\/www.pamina-business.com\/de\/une-entreprise-allemande-recherche-un-directeur-commercial\/","title":{"rendered":"Une entreprise allemande recherche un Directeur Commercial"},"content":{"rendered":"<div class=\"wysiwyg\">\n<p><strong>Pour le compte d&#8217;une entreprise allemande qui souhaite s&#8217;implanter en France et dans l&#8217;objectif de l&#8217;orienter vers l&#8217;Alsace en identifiant un futur collaborateur, l&#8217;ADIRA a \u00e9t\u00e9 saisie pour diffuser l&#8217;offre d&#8217;emploi suivante :<\/strong><\/p>\n<p>Depuis plus de 30 ans, la soci\u00e9t\u00e9 H\u00e4nsch, leader sur le march\u00e9 allemand, con\u00e7oit, fabrique et distribue ses syst\u00e8mes de signalisation et avertisseurs sonores pour les autorit\u00e9s et les carrossiers. Pour la France, nous recherchons un<\/p>\n<p><strong>Directeur Commercial (H\/F)<\/strong><\/p>\n<p>Les missions et responsabilit\u00e9s principales du poste sont les suivantes :<br \/>\n&#8211; D\u00e9velopper le march\u00e9 fran\u00e7ais et le portefeuille clients par des actions de prospection et de d\u00e9veloppement de r\u00e9seau<br \/>\n&#8211; Assurer un r\u00f4le de repr\u00e9sentation en externe vis-\u00e0-vis des clients strat\u00e9giques, participation \u00e0 des salons, entretien d&#8217;un r\u00e9seau,<br \/>\n&#8211; Suivre les r\u00e9sultats commerciaux et valider l&#8217;atteinte des objectifs,<br \/>\n&#8211; Suivre les budgets commerciaux,<br \/>\n&#8211; Assurer le reporting mensuel aupr\u00e8s de la direction g\u00e9n\u00e9rale sur les \u00e9volutions du chiffre d&#8217;affaires.<\/p>\n<p>L&#8217;action du futur Directeur Commercial permettra d&#8217;insuffler un nouveau rythme \u00e0 la politique de d\u00e9veloppement de l&#8217;entreprise, et ses qualit\u00e9s op\u00e9rationnelles seront essentielles pour imprimer son identit\u00e9 au sein de la structure.<\/p>\n<p>Mobile dans le cadre des fonctions, le candidat s\u00e9lectionn\u00e9 effectuera de nombreux d\u00e9placements, et sera autonome dans son organisation (programme de visite, voyage, etc\u2026).<\/p>\n<p>Id\u00e9alement le Directeur Commercial r\u00e9pondra aux exigences suivantes :<br \/>\nTitulaire d&#8217;un Bac + 2 \/3 dans un secteur commercial et\/ou technique. avec des connaissances techniques affirm\u00e9es, et un go\u00fbt pour l&#8217;innovation dans tous les domaines techniques. La pratique de l&#8217;allemand est indispensable, une autre langue serait un plus.<\/p>\n<p>R\u00e9mun\u00e9ration suivant exp\u00e9rience<br \/>\n+ V\u00e9hicule de fonction<br \/>\nStatut : Cadre<br \/>\nContact : <a href=\"&#109;a&#x69;l&#x74;o&#x3a;&#112;&#x61;&#115;&#x63;&#97;l&#x2e;b&#x65;r&#x74;&#111;&#x6c;&#111;&#x6e;&#101;&#x40;&#102;g&#x2d;h&#x61;e&#x6e;&#115;&#x63;&#104;&#x2e;&#102;&#x72;\">&#x70;a&#x73;&#99;&#x61;&#108;&#x2e;&#x62;e&#x72;&#116;&#x6f;&#108;&#x6f;&#110;e&#x40;&#102;&#x67;&#45;&#x68;&#97;e&#x6e;&#115;&#x63;&#104;&#x2e;&#102;r<\/a><\/p>\n<\/div>\n<p><em>Source<\/em> : ADIRA www.adira.com<\/p>\n<p><em>Contact<\/em> : <a href=\"&#x6d;&#x61;&#x69;&#x6c;&#x74;&#111;&#58;&#102;&#114;ank&#x2e;&#x62;&#x65;&#x63;&#x6b;&#x65;&#114;&#64;&#97;dir&#x61;&#x2e;&#x63;&#x6f;&#x6d;\">&#102;&#x72;a&#110;&#x6b;&#46;&#98;&#x65;c&#x6b;&#x65;&#114;&#x40;a&#100;&#x69;r&#97;&#x2e;c&#x6f;&#x6d; <\/a><\/p>\n","protected":false},"excerpt":{"rendered":"<p>Pour le compte d&#8217;une entreprise allemande qui souhaite s&#8217;implanter en France et dans l&#8217;objectif de l&#8217;orienter vers l&#8217;Alsace en identifiant un futur collaborateur, l&#8217;ADIRA a \u00e9t\u00e9 saisie pour diffuser l&#8217;offre d&#8217;emploi suivante : Depuis plus de 30 ans, la soci\u00e9t\u00e9 H\u00e4nsch, leader sur le march\u00e9 allemand, con\u00e7oit, fabrique et distribue ses syst\u00e8mes de signalisation et [&hellip;]<\/p>\n","protected":false},"author":3,"featured_media":0,"comment_status":"open","ping_status":"open","sticky":false,"template":"","format":"standard","meta":{"_exactmetrics_skip_tracking":false,"_exactmetrics_sitenote_active":false,"_exactmetrics_sitenote_note":"","_exactmetrics_sitenote_category":0,"footnotes":""},"categories":[47],"tags":[],"class_list":["post-2020","post","type-post","status-publish","format-standard","hentry","category-industrie-fr"],"yoast_head":"<!-- This site is optimized with the Yoast SEO plugin v23.5 - https:\/\/yoast.com\/wordpress\/plugins\/seo\/ -->\n<title>Une entreprise allemande recherche un Directeur Commercial - PAMINA Business Club<\/title>\n<meta name=\"robots\" content=\"index, follow, max-snippet:-1, max-image-preview:large, max-video-preview:-1\" \/>\n<link rel=\"canonical\" href=\"https:\/\/www.pamina-business.com\/en\/une-entreprise-allemande-recherche-un-directeur-commercial\/\" \/>\n<meta property=\"og:locale\" content=\"de_DE\" \/>\n<meta property=\"og:type\" content=\"article\" \/>\n<meta property=\"og:title\" content=\"Une entreprise allemande recherche un Directeur Commercial - PAMINA Business Club\" \/>\n<meta property=\"og:description\" content=\"Pour le compte d&#8217;une entreprise allemande qui souhaite s&#8217;implanter en France et dans l&#8217;objectif de l&#8217;orienter vers l&#8217;Alsace en identifiant un futur collaborateur, l&#8217;ADIRA a \u00e9t\u00e9 saisie pour diffuser l&#8217;offre d&#8217;emploi suivante : Depuis plus de 30 ans, la soci\u00e9t\u00e9 H\u00e4nsch, leader sur le march\u00e9 allemand, con\u00e7oit, fabrique et distribue ses syst\u00e8mes de signalisation et [&hellip;]\" \/>\n<meta property=\"og:url\" content=\"https:\/\/www.pamina-business.com\/en\/une-entreprise-allemande-recherche-un-directeur-commercial\/\" \/>\n<meta property=\"og:site_name\" content=\"PAMINA Business Club\" \/>\n<meta property=\"article:published_time\" content=\"2016-11-08T13:53:23+00:00\" \/>\n<meta property=\"article:modified_time\" content=\"2016-11-07T13:56:15+00:00\" \/>\n<meta name=\"author\" content=\"Monique STUTZMANN\" \/>\n<meta name=\"twitter:card\" content=\"summary_large_image\" \/>\n<meta name=\"twitter:label1\" content=\"Verfasst von\" \/>\n\t<meta name=\"twitter:data1\" content=\"Monique STUTZMANN\" \/>\n\t<meta name=\"twitter:label2\" content=\"Gesch\u00e4tzte Lesezeit\" \/>\n\t<meta name=\"twitter:data2\" content=\"2\u00a0Minuten\" \/>\n<script type=\"application\/ld+json\" class=\"yoast-schema-graph\">{\"@context\":\"https:\/\/schema.org\",\"@graph\":[{\"@type\":\"WebPage\",\"@id\":\"https:\/\/www.pamina-business.com\/en\/une-entreprise-allemande-recherche-un-directeur-commercial\/\",\"url\":\"https:\/\/www.pamina-business.com\/en\/une-entreprise-allemande-recherche-un-directeur-commercial\/\",\"name\":\"Une entreprise allemande recherche un Directeur Commercial - PAMINA Business Club\",\"isPartOf\":{\"@id\":\"http:\/\/www.pamina-business.com\/de\/#website\"},\"datePublished\":\"2016-11-08T13:53:23+00:00\",\"dateModified\":\"2016-11-07T13:56:15+00:00\",\"author\":{\"@id\":\"http:\/\/www.pamina-business.com\/de\/#\/schema\/person\/9ab02536dbdbc5e3ef40bbc3452c8c69\"},\"breadcrumb\":{\"@id\":\"https:\/\/www.pamina-business.com\/en\/une-entreprise-allemande-recherche-un-directeur-commercial\/#breadcrumb\"},\"inLanguage\":\"de\",\"potentialAction\":[{\"@type\":\"ReadAction\",\"target\":[\"https:\/\/www.pamina-business.com\/en\/une-entreprise-allemande-recherche-un-directeur-commercial\/\"]}]},{\"@type\":\"BreadcrumbList\",\"@id\":\"https:\/\/www.pamina-business.com\/en\/une-entreprise-allemande-recherche-un-directeur-commercial\/#breadcrumb\",\"itemListElement\":[{\"@type\":\"ListItem\",\"position\":1,\"name\":\"Accueil\",\"item\":\"http:\/\/www.pamina-business.com\/de\/\"},{\"@type\":\"ListItem\",\"position\":2,\"name\":\"Une entreprise allemande recherche un Directeur Commercial\"}]},{\"@type\":\"WebSite\",\"@id\":\"http:\/\/www.pamina-business.com\/de\/#website\",\"url\":\"http:\/\/www.pamina-business.com\/de\/\",\"name\":\"PAMINA Business Club\",\"description\":\"Un site utilisant WordPress\",\"potentialAction\":[{\"@type\":\"SearchAction\",\"target\":{\"@type\":\"EntryPoint\",\"urlTemplate\":\"http:\/\/www.pamina-business.com\/de\/?s={search_term_string}\"},\"query-input\":{\"@type\":\"PropertyValueSpecification\",\"valueRequired\":true,\"valueName\":\"search_term_string\"}}],\"inLanguage\":\"de\"},{\"@type\":\"Person\",\"@id\":\"http:\/\/www.pamina-business.com\/de\/#\/schema\/person\/9ab02536dbdbc5e3ef40bbc3452c8c69\",\"name\":\"Monique STUTZMANN\",\"image\":{\"@type\":\"ImageObject\",\"inLanguage\":\"de\",\"@id\":\"http:\/\/www.pamina-business.com\/de\/#\/schema\/person\/image\/\",\"url\":\"https:\/\/secure.gravatar.com\/avatar\/cc1c3adf9a9f6e969d3da7b6b34ec66f5f4a6844dfc9145380a75e42cd91882e?s=96&d=mm&r=g\",\"contentUrl\":\"https:\/\/secure.gravatar.com\/avatar\/cc1c3adf9a9f6e969d3da7b6b34ec66f5f4a6844dfc9145380a75e42cd91882e?s=96&d=mm&r=g\",\"caption\":\"Monique STUTZMANN\"},\"url\":\"https:\/\/www.pamina-business.com\/de\/author\/monique\/\"}]}<\/script>\n<!-- \/ Yoast SEO plugin. -->","yoast_head_json":{"title":"Une entreprise allemande recherche un Directeur Commercial - PAMINA Business Club","robots":{"index":"index","follow":"follow","max-snippet":"max-snippet:-1","max-image-preview":"max-image-preview:large","max-video-preview":"max-video-preview:-1"},"canonical":"https:\/\/www.pamina-business.com\/en\/une-entreprise-allemande-recherche-un-directeur-commercial\/","og_locale":"de_DE","og_type":"article","og_title":"Une entreprise allemande recherche un Directeur Commercial - PAMINA Business Club","og_description":"Pour le compte d&#8217;une entreprise allemande qui souhaite s&#8217;implanter en France et dans l&#8217;objectif de l&#8217;orienter vers l&#8217;Alsace en identifiant un futur collaborateur, l&#8217;ADIRA a \u00e9t\u00e9 saisie pour diffuser l&#8217;offre d&#8217;emploi suivante : Depuis plus de 30 ans, la soci\u00e9t\u00e9 H\u00e4nsch, leader sur le march\u00e9 allemand, con\u00e7oit, fabrique et distribue ses syst\u00e8mes de signalisation et [&hellip;]","og_url":"https:\/\/www.pamina-business.com\/en\/une-entreprise-allemande-recherche-un-directeur-commercial\/","og_site_name":"PAMINA Business Club","article_published_time":"2016-11-08T13:53:23+00:00","article_modified_time":"2016-11-07T13:56:15+00:00","author":"Monique STUTZMANN","twitter_card":"summary_large_image","twitter_misc":{"Verfasst von":"Monique STUTZMANN","Gesch\u00e4tzte Lesezeit":"2\u00a0Minuten"},"schema":{"@context":"https:\/\/schema.org","@graph":[{"@type":"WebPage","@id":"https:\/\/www.pamina-business.com\/en\/une-entreprise-allemande-recherche-un-directeur-commercial\/","url":"https:\/\/www.pamina-business.com\/en\/une-entreprise-allemande-recherche-un-directeur-commercial\/","name":"Une entreprise allemande recherche un Directeur Commercial - PAMINA Business Club","isPartOf":{"@id":"http:\/\/www.pamina-business.com\/de\/#website"},"datePublished":"2016-11-08T13:53:23+00:00","dateModified":"2016-11-07T13:56:15+00:00","author":{"@id":"http:\/\/www.pamina-business.com\/de\/#\/schema\/person\/9ab02536dbdbc5e3ef40bbc3452c8c69"},"breadcrumb":{"@id":"https:\/\/www.pamina-business.com\/en\/une-entreprise-allemande-recherche-un-directeur-commercial\/#breadcrumb"},"inLanguage":"de","potentialAction":[{"@type":"ReadAction","target":["https:\/\/www.pamina-business.com\/en\/une-entreprise-allemande-recherche-un-directeur-commercial\/"]}]},{"@type":"BreadcrumbList","@id":"https:\/\/www.pamina-business.com\/en\/une-entreprise-allemande-recherche-un-directeur-commercial\/#breadcrumb","itemListElement":[{"@type":"ListItem","position":1,"name":"Accueil","item":"http:\/\/www.pamina-business.com\/de\/"},{"@type":"ListItem","position":2,"name":"Une entreprise allemande recherche un Directeur Commercial"}]},{"@type":"WebSite","@id":"http:\/\/www.pamina-business.com\/de\/#website","url":"http:\/\/www.pamina-business.com\/de\/","name":"PAMINA Business Club","description":"Un site utilisant WordPress","potentialAction":[{"@type":"SearchAction","target":{"@type":"EntryPoint","urlTemplate":"http:\/\/www.pamina-business.com\/de\/?s={search_term_string}"},"query-input":{"@type":"PropertyValueSpecification","valueRequired":true,"valueName":"search_term_string"}}],"inLanguage":"de"},{"@type":"Person","@id":"http:\/\/www.pamina-business.com\/de\/#\/schema\/person\/9ab02536dbdbc5e3ef40bbc3452c8c69","name":"Monique STUTZMANN","image":{"@type":"ImageObject","inLanguage":"de","@id":"http:\/\/www.pamina-business.com\/de\/#\/schema\/person\/image\/","url":"https:\/\/secure.gravatar.com\/avatar\/cc1c3adf9a9f6e969d3da7b6b34ec66f5f4a6844dfc9145380a75e42cd91882e?s=96&d=mm&r=g","contentUrl":"https:\/\/secure.gravatar.com\/avatar\/cc1c3adf9a9f6e969d3da7b6b34ec66f5f4a6844dfc9145380a75e42cd91882e?s=96&d=mm&r=g","caption":"Monique STUTZMANN"},"url":"https:\/\/www.pamina-business.com\/de\/author\/monique\/"}]}},"_links":{"self":[{"href":"https:\/\/www.pamina-business.com\/de\/wp-json\/wp\/v2\/posts\/2020","targetHints":{"allow":["GET"]}}],"collection":[{"href":"https:\/\/www.pamina-business.com\/de\/wp-json\/wp\/v2\/posts"}],"about":[{"href":"https:\/\/www.pamina-business.com\/de\/wp-json\/wp\/v2\/types\/post"}],"author":[{"embeddable":true,"href":"https:\/\/www.pamina-business.com\/de\/wp-json\/wp\/v2\/users\/3"}],"replies":[{"embeddable":true,"href":"https:\/\/www.pamina-business.com\/de\/wp-json\/wp\/v2\/comments?post=2020"}],"version-history":[{"count":1,"href":"https:\/\/www.pamina-business.com\/de\/wp-json\/wp\/v2\/posts\/2020\/revisions"}],"predecessor-version":[{"id":2021,"href":"https:\/\/www.pamina-business.com\/de\/wp-json\/wp\/v2\/posts\/2020\/revisions\/2021"}],"wp:attachment":[{"href":"https:\/\/www.pamina-business.com\/de\/wp-json\/wp\/v2\/media?parent=2020"}],"wp:term":[{"taxonomy":"category","embeddable":true,"href":"https:\/\/www.pamina-business.com\/de\/wp-json\/wp\/v2\/categories?post=2020"},{"taxonomy":"post_tag","embeddable":true,"href":"https:\/\/www.pamina-business.com\/de\/wp-json\/wp\/v2\/tags?post=2020"}],"curies":[{"name":"wp","href":"https:\/\/api.w.org\/{rel}","templated":true}]}}