{"id":1871,"date":"2016-09-12T14:33:59","date_gmt":"2016-09-12T14:33:59","guid":{"rendered":"http:\/\/www.pamina-business.com\/?p=1871"},"modified":"2016-08-30T14:35:43","modified_gmt":"2016-08-30T14:35:43","slug":"eurodistrikt-pamina-bietet-deutsch-franzosischen-freiwilligendienst-an","status":"publish","type":"post","link":"https:\/\/www.pamina-business.com\/de\/eurodistrikt-pamina-bietet-deutsch-franzosischen-freiwilligendienst-an\/","title":{"rendered":"Eurodistrikt PAMINA bietet deutsch-franz\u00f6sischen Freiwilligendienst an"},"content":{"rendered":"<div class=\"titre-article\"><\/div>\n<div class=\"chapo-article\"><span class=\"spip_document_4482 spip_documents spip_documents_left\"> <img loading=\"lazy\" decoding=\"async\" src=\"http:\/\/www.eurodistrict-pamina.eu\/pamina\/IMG\/jpg\/Logo_Service_Civique_web.jpg\" alt=\"\" width=\"150\" height=\"79\" \/><\/span><\/div>\n<div class=\"chapo-article\">Hast Du Lust, die deutsch-franz\u00f6sische Zusammenarbeit besser kennenzulernen\u00a0? M\u00f6chtest Du eine erste Berufserfahrung im internationalen und im Jugendbereich sammeln\u00a0? Bist Du zwischen 18 und 25 Jahren alt und sprichst bereits gut Franz\u00f6sisch\u00a0? Dann bewirb Dich auf die Stelle im deutsch-franz\u00f6sischen Freiwilligendienst beim Jugendnetzwerk des Eurodistrikt PAMINA, die ab 1. Oktober 2016 f\u00fcr neun Monate angeboten wird.<\/div>\n<div class=\"texte-article\">\n<p class=\"spip\">Bereits im letzten Jahr hatte der Eurodistrikt PAMINA zusammen mit der els\u00e4ssischen Vereinigung der Jugend- und Kulturh\u00e4user (FDMJC Alsace) und dem Mehrgenerationenhaus IB W\u00f6rth eine Stelle im deutsch-franz\u00f6sischen \u201eservice civique\u201c angeboten. Ein <a class=\"spip_out\" href=\"http:\/\/www.eurodistrict-pamina.eu\/pamina\/spip.php?article2586&amp;lang=de\" target=\"_blank\">Interview<\/a> mit C\u00e9line am Ende dieser Zeit verr\u00e4t mehr dar\u00fcber, was sie in dieser Zeit erlebt hat und was ihre Aufgaben waren. Wenn Du nun Interesse daran hast, der oder die n\u00e4chste deutsch-franz\u00f6sische Freiwillige zu werden, schick uns Deine Bewerbung auf Deutsch oder Franz\u00f6sisch zu\u00a0!<\/p>\n<p class=\"spip\">Der oder die Freiwillige wird jeweils drei Monate in einem deutschen und in einem franz\u00f6sischen Jugendhaus arbeiten sowie drei Monate beim Eurodistrikt PAMINA. Er oder sie erh\u00e4lt ein monatliches Taschengeld von 467,34 \u20ac pro Monat und einen Zuschuss von rund 100 \u20ac f\u00fcr Fahrtkosten.<\/p>\n<p class=\"spip\">Mehr Informationen zum genauen Aufgabenprofil findest Du hier.<\/p>\n<dl class=\"spip_document_4502 spip_documents\">\n<dt><a title=\"PDF - 302.3 ko\" href=\"http:\/\/www.eurodistrict-pamina.eu\/pamina\/IMG\/pdf\/Freiwilligendienst_2016.pdf\" type=\"application\/pdf\"><img loading=\"lazy\" decoding=\"async\" src=\"http:\/\/www.eurodistrict-pamina.eu\/pamina\/dist\/vignettes\/pdf.png\" alt=\"PDF - 302.3 ko\" width=\"52\" height=\"52\" \/><\/a><\/dt>\n<dt class=\"spip_doc_titre\"><strong>Aufgabenprofil<\/strong><\/dt>\n<\/dl>\n<p class=\"spip\">Bei Fragen steht <a class=\"spip_out\" href=\"&#x6d;&#x61;&#x69;&#x6c;&#x74;&#x6f;&#x3a;&#x25;&#x32;&#x30;&#x76;&#x69;&#x63;&#x74;&#111;&#114;&#105;&#97;&#46;&#104;&#97;&#110;&#115;&#101;&#110;&#64;bas-rhi&#x6e;&#x2e;&#x66;&#x72;\">Victoria Hansen<\/a> gerne zur Verf\u00fcgung.<\/p>\n<p class=\"spip\">Wir freuen uns auf Deine Bewerbung\u00a0!<\/p>\n<p class=\"spip\"><em>Quelle<\/em> : <a href=\"http:\/\/www.eurodistrict-pamina.eu\" target=\"_blank\">www.eurodistrict-pamina.eu <\/a><\/p>\n<\/div>\n","protected":false},"excerpt":{"rendered":"<p>Hast Du Lust, die deutsch-franz\u00f6sische Zusammenarbeit besser kennenzulernen\u00a0? M\u00f6chtest Du eine erste Berufserfahrung im internationalen und im Jugendbereich sammeln\u00a0? Bist Du zwischen 18 und 25 Jahren alt und sprichst bereits gut Franz\u00f6sisch\u00a0? Dann bewirb Dich auf die Stelle im deutsch-franz\u00f6sischen Freiwilligendienst beim Jugendnetzwerk des Eurodistrikt PAMINA, die ab 1. Oktober 2016 f\u00fcr neun Monate angeboten [&hellip;]<\/p>\n","protected":false},"author":3,"featured_media":0,"comment_status":"open","ping_status":"open","sticky":false,"template":"","format":"standard","meta":{"_exactmetrics_skip_tracking":false,"_exactmetrics_sitenote_active":false,"_exactmetrics_sitenote_note":"","_exactmetrics_sitenote_category":0,"footnotes":""},"categories":[57,59],"tags":[],"class_list":["post-1871","post","type-post","status-publish","format-standard","hentry","category-berufsbildung-de","category-ereignisse-de"],"yoast_head":"<!-- This site is optimized with the Yoast SEO plugin v23.5 - https:\/\/yoast.com\/wordpress\/plugins\/seo\/ -->\n<title>Eurodistrikt PAMINA bietet deutsch-franz\u00f6sischen Freiwilligendienst an - PAMINA Business Club<\/title>\n<meta name=\"robots\" content=\"index, follow, max-snippet:-1, max-image-preview:large, max-video-preview:-1\" \/>\n<link rel=\"canonical\" href=\"https:\/\/www.pamina-business.com\/de\/eurodistrikt-pamina-bietet-deutsch-franzosischen-freiwilligendienst-an\/\" \/>\n<meta property=\"og:locale\" content=\"de_DE\" \/>\n<meta property=\"og:type\" content=\"article\" \/>\n<meta property=\"og:title\" content=\"Eurodistrikt PAMINA bietet deutsch-franz\u00f6sischen Freiwilligendienst an - PAMINA Business Club\" \/>\n<meta property=\"og:description\" content=\"Hast Du Lust, die deutsch-franz\u00f6sische Zusammenarbeit besser kennenzulernen\u00a0? M\u00f6chtest Du eine erste Berufserfahrung im internationalen und im Jugendbereich sammeln\u00a0? Bist Du zwischen 18 und 25 Jahren alt und sprichst bereits gut Franz\u00f6sisch\u00a0? Dann bewirb Dich auf die Stelle im deutsch-franz\u00f6sischen Freiwilligendienst beim Jugendnetzwerk des Eurodistrikt PAMINA, die ab 1. Oktober 2016 f\u00fcr neun Monate angeboten [&hellip;]\" \/>\n<meta property=\"og:url\" content=\"https:\/\/www.pamina-business.com\/de\/eurodistrikt-pamina-bietet-deutsch-franzosischen-freiwilligendienst-an\/\" \/>\n<meta property=\"og:site_name\" content=\"PAMINA Business Club\" \/>\n<meta property=\"article:published_time\" content=\"2016-09-12T14:33:59+00:00\" \/>\n<meta property=\"article:modified_time\" content=\"2016-08-30T14:35:43+00:00\" \/>\n<meta property=\"og:image\" content=\"http:\/\/www.eurodistrict-pamina.eu\/pamina\/IMG\/jpg\/Logo_Service_Civique_web.jpg\" \/>\n<meta name=\"author\" content=\"Monique STUTZMANN\" \/>\n<meta name=\"twitter:card\" content=\"summary_large_image\" \/>\n<meta name=\"twitter:label1\" content=\"Verfasst von\" \/>\n\t<meta name=\"twitter:data1\" content=\"Monique STUTZMANN\" \/>\n\t<meta name=\"twitter:label2\" content=\"Gesch\u00e4tzte Lesezeit\" \/>\n\t<meta name=\"twitter:data2\" content=\"1\u00a0Minute\" \/>\n<script type=\"application\/ld+json\" class=\"yoast-schema-graph\">{\"@context\":\"https:\/\/schema.org\",\"@graph\":[{\"@type\":\"WebPage\",\"@id\":\"https:\/\/www.pamina-business.com\/de\/eurodistrikt-pamina-bietet-deutsch-franzosischen-freiwilligendienst-an\/\",\"url\":\"https:\/\/www.pamina-business.com\/de\/eurodistrikt-pamina-bietet-deutsch-franzosischen-freiwilligendienst-an\/\",\"name\":\"Eurodistrikt PAMINA bietet deutsch-franz\u00f6sischen Freiwilligendienst an - PAMINA Business Club\",\"isPartOf\":{\"@id\":\"http:\/\/www.pamina-business.com\/de\/#website\"},\"primaryImageOfPage\":{\"@id\":\"https:\/\/www.pamina-business.com\/de\/eurodistrikt-pamina-bietet-deutsch-franzosischen-freiwilligendienst-an\/#primaryimage\"},\"image\":{\"@id\":\"https:\/\/www.pamina-business.com\/de\/eurodistrikt-pamina-bietet-deutsch-franzosischen-freiwilligendienst-an\/#primaryimage\"},\"thumbnailUrl\":\"http:\/\/www.eurodistrict-pamina.eu\/pamina\/IMG\/jpg\/Logo_Service_Civique_web.jpg\",\"datePublished\":\"2016-09-12T14:33:59+00:00\",\"dateModified\":\"2016-08-30T14:35:43+00:00\",\"author\":{\"@id\":\"http:\/\/www.pamina-business.com\/de\/#\/schema\/person\/9ab02536dbdbc5e3ef40bbc3452c8c69\"},\"breadcrumb\":{\"@id\":\"https:\/\/www.pamina-business.com\/de\/eurodistrikt-pamina-bietet-deutsch-franzosischen-freiwilligendienst-an\/#breadcrumb\"},\"inLanguage\":\"de\",\"potentialAction\":[{\"@type\":\"ReadAction\",\"target\":[\"https:\/\/www.pamina-business.com\/de\/eurodistrikt-pamina-bietet-deutsch-franzosischen-freiwilligendienst-an\/\"]}]},{\"@type\":\"ImageObject\",\"inLanguage\":\"de\",\"@id\":\"https:\/\/www.pamina-business.com\/de\/eurodistrikt-pamina-bietet-deutsch-franzosischen-freiwilligendienst-an\/#primaryimage\",\"url\":\"http:\/\/www.eurodistrict-pamina.eu\/pamina\/IMG\/jpg\/Logo_Service_Civique_web.jpg\",\"contentUrl\":\"http:\/\/www.eurodistrict-pamina.eu\/pamina\/IMG\/jpg\/Logo_Service_Civique_web.jpg\"},{\"@type\":\"BreadcrumbList\",\"@id\":\"https:\/\/www.pamina-business.com\/de\/eurodistrikt-pamina-bietet-deutsch-franzosischen-freiwilligendienst-an\/#breadcrumb\",\"itemListElement\":[{\"@type\":\"ListItem\",\"position\":1,\"name\":\"Accueil\",\"item\":\"http:\/\/www.pamina-business.com\/de\/\"},{\"@type\":\"ListItem\",\"position\":2,\"name\":\"Eurodistrikt PAMINA bietet deutsch-franz\u00f6sischen Freiwilligendienst an\"}]},{\"@type\":\"WebSite\",\"@id\":\"http:\/\/www.pamina-business.com\/de\/#website\",\"url\":\"http:\/\/www.pamina-business.com\/de\/\",\"name\":\"PAMINA Business Club\",\"description\":\"Un site utilisant WordPress\",\"potentialAction\":[{\"@type\":\"SearchAction\",\"target\":{\"@type\":\"EntryPoint\",\"urlTemplate\":\"http:\/\/www.pamina-business.com\/de\/?s={search_term_string}\"},\"query-input\":{\"@type\":\"PropertyValueSpecification\",\"valueRequired\":true,\"valueName\":\"search_term_string\"}}],\"inLanguage\":\"de\"},{\"@type\":\"Person\",\"@id\":\"http:\/\/www.pamina-business.com\/de\/#\/schema\/person\/9ab02536dbdbc5e3ef40bbc3452c8c69\",\"name\":\"Monique STUTZMANN\",\"image\":{\"@type\":\"ImageObject\",\"inLanguage\":\"de\",\"@id\":\"http:\/\/www.pamina-business.com\/de\/#\/schema\/person\/image\/\",\"url\":\"https:\/\/secure.gravatar.com\/avatar\/cc1c3adf9a9f6e969d3da7b6b34ec66f5f4a6844dfc9145380a75e42cd91882e?s=96&d=mm&r=g\",\"contentUrl\":\"https:\/\/secure.gravatar.com\/avatar\/cc1c3adf9a9f6e969d3da7b6b34ec66f5f4a6844dfc9145380a75e42cd91882e?s=96&d=mm&r=g\",\"caption\":\"Monique STUTZMANN\"},\"url\":\"https:\/\/www.pamina-business.com\/de\/author\/monique\/\"}]}<\/script>\n<!-- \/ Yoast SEO plugin. -->","yoast_head_json":{"title":"Eurodistrikt PAMINA bietet deutsch-franz\u00f6sischen Freiwilligendienst an - PAMINA Business Club","robots":{"index":"index","follow":"follow","max-snippet":"max-snippet:-1","max-image-preview":"max-image-preview:large","max-video-preview":"max-video-preview:-1"},"canonical":"https:\/\/www.pamina-business.com\/de\/eurodistrikt-pamina-bietet-deutsch-franzosischen-freiwilligendienst-an\/","og_locale":"de_DE","og_type":"article","og_title":"Eurodistrikt PAMINA bietet deutsch-franz\u00f6sischen Freiwilligendienst an - PAMINA Business Club","og_description":"Hast Du Lust, die deutsch-franz\u00f6sische Zusammenarbeit besser kennenzulernen\u00a0? M\u00f6chtest Du eine erste Berufserfahrung im internationalen und im Jugendbereich sammeln\u00a0? Bist Du zwischen 18 und 25 Jahren alt und sprichst bereits gut Franz\u00f6sisch\u00a0? Dann bewirb Dich auf die Stelle im deutsch-franz\u00f6sischen Freiwilligendienst beim Jugendnetzwerk des Eurodistrikt PAMINA, die ab 1. Oktober 2016 f\u00fcr neun Monate angeboten [&hellip;]","og_url":"https:\/\/www.pamina-business.com\/de\/eurodistrikt-pamina-bietet-deutsch-franzosischen-freiwilligendienst-an\/","og_site_name":"PAMINA Business Club","article_published_time":"2016-09-12T14:33:59+00:00","article_modified_time":"2016-08-30T14:35:43+00:00","og_image":[{"url":"http:\/\/www.eurodistrict-pamina.eu\/pamina\/IMG\/jpg\/Logo_Service_Civique_web.jpg"}],"author":"Monique STUTZMANN","twitter_card":"summary_large_image","twitter_misc":{"Verfasst von":"Monique STUTZMANN","Gesch\u00e4tzte Lesezeit":"1\u00a0Minute"},"schema":{"@context":"https:\/\/schema.org","@graph":[{"@type":"WebPage","@id":"https:\/\/www.pamina-business.com\/de\/eurodistrikt-pamina-bietet-deutsch-franzosischen-freiwilligendienst-an\/","url":"https:\/\/www.pamina-business.com\/de\/eurodistrikt-pamina-bietet-deutsch-franzosischen-freiwilligendienst-an\/","name":"Eurodistrikt PAMINA bietet deutsch-franz\u00f6sischen Freiwilligendienst an - PAMINA Business Club","isPartOf":{"@id":"http:\/\/www.pamina-business.com\/de\/#website"},"primaryImageOfPage":{"@id":"https:\/\/www.pamina-business.com\/de\/eurodistrikt-pamina-bietet-deutsch-franzosischen-freiwilligendienst-an\/#primaryimage"},"image":{"@id":"https:\/\/www.pamina-business.com\/de\/eurodistrikt-pamina-bietet-deutsch-franzosischen-freiwilligendienst-an\/#primaryimage"},"thumbnailUrl":"http:\/\/www.eurodistrict-pamina.eu\/pamina\/IMG\/jpg\/Logo_Service_Civique_web.jpg","datePublished":"2016-09-12T14:33:59+00:00","dateModified":"2016-08-30T14:35:43+00:00","author":{"@id":"http:\/\/www.pamina-business.com\/de\/#\/schema\/person\/9ab02536dbdbc5e3ef40bbc3452c8c69"},"breadcrumb":{"@id":"https:\/\/www.pamina-business.com\/de\/eurodistrikt-pamina-bietet-deutsch-franzosischen-freiwilligendienst-an\/#breadcrumb"},"inLanguage":"de","potentialAction":[{"@type":"ReadAction","target":["https:\/\/www.pamina-business.com\/de\/eurodistrikt-pamina-bietet-deutsch-franzosischen-freiwilligendienst-an\/"]}]},{"@type":"ImageObject","inLanguage":"de","@id":"https:\/\/www.pamina-business.com\/de\/eurodistrikt-pamina-bietet-deutsch-franzosischen-freiwilligendienst-an\/#primaryimage","url":"http:\/\/www.eurodistrict-pamina.eu\/pamina\/IMG\/jpg\/Logo_Service_Civique_web.jpg","contentUrl":"http:\/\/www.eurodistrict-pamina.eu\/pamina\/IMG\/jpg\/Logo_Service_Civique_web.jpg"},{"@type":"BreadcrumbList","@id":"https:\/\/www.pamina-business.com\/de\/eurodistrikt-pamina-bietet-deutsch-franzosischen-freiwilligendienst-an\/#breadcrumb","itemListElement":[{"@type":"ListItem","position":1,"name":"Accueil","item":"http:\/\/www.pamina-business.com\/de\/"},{"@type":"ListItem","position":2,"name":"Eurodistrikt PAMINA bietet deutsch-franz\u00f6sischen Freiwilligendienst an"}]},{"@type":"WebSite","@id":"http:\/\/www.pamina-business.com\/de\/#website","url":"http:\/\/www.pamina-business.com\/de\/","name":"PAMINA Business Club","description":"Un site utilisant WordPress","potentialAction":[{"@type":"SearchAction","target":{"@type":"EntryPoint","urlTemplate":"http:\/\/www.pamina-business.com\/de\/?s={search_term_string}"},"query-input":{"@type":"PropertyValueSpecification","valueRequired":true,"valueName":"search_term_string"}}],"inLanguage":"de"},{"@type":"Person","@id":"http:\/\/www.pamina-business.com\/de\/#\/schema\/person\/9ab02536dbdbc5e3ef40bbc3452c8c69","name":"Monique STUTZMANN","image":{"@type":"ImageObject","inLanguage":"de","@id":"http:\/\/www.pamina-business.com\/de\/#\/schema\/person\/image\/","url":"https:\/\/secure.gravatar.com\/avatar\/cc1c3adf9a9f6e969d3da7b6b34ec66f5f4a6844dfc9145380a75e42cd91882e?s=96&d=mm&r=g","contentUrl":"https:\/\/secure.gravatar.com\/avatar\/cc1c3adf9a9f6e969d3da7b6b34ec66f5f4a6844dfc9145380a75e42cd91882e?s=96&d=mm&r=g","caption":"Monique STUTZMANN"},"url":"https:\/\/www.pamina-business.com\/de\/author\/monique\/"}]}},"_links":{"self":[{"href":"https:\/\/www.pamina-business.com\/de\/wp-json\/wp\/v2\/posts\/1871","targetHints":{"allow":["GET"]}}],"collection":[{"href":"https:\/\/www.pamina-business.com\/de\/wp-json\/wp\/v2\/posts"}],"about":[{"href":"https:\/\/www.pamina-business.com\/de\/wp-json\/wp\/v2\/types\/post"}],"author":[{"embeddable":true,"href":"https:\/\/www.pamina-business.com\/de\/wp-json\/wp\/v2\/users\/3"}],"replies":[{"embeddable":true,"href":"https:\/\/www.pamina-business.com\/de\/wp-json\/wp\/v2\/comments?post=1871"}],"version-history":[{"count":1,"href":"https:\/\/www.pamina-business.com\/de\/wp-json\/wp\/v2\/posts\/1871\/revisions"}],"predecessor-version":[{"id":1872,"href":"https:\/\/www.pamina-business.com\/de\/wp-json\/wp\/v2\/posts\/1871\/revisions\/1872"}],"wp:attachment":[{"href":"https:\/\/www.pamina-business.com\/de\/wp-json\/wp\/v2\/media?parent=1871"}],"wp:term":[{"taxonomy":"category","embeddable":true,"href":"https:\/\/www.pamina-business.com\/de\/wp-json\/wp\/v2\/categories?post=1871"},{"taxonomy":"post_tag","embeddable":true,"href":"https:\/\/www.pamina-business.com\/de\/wp-json\/wp\/v2\/tags?post=1871"}],"curies":[{"name":"wp","href":"https:\/\/api.w.org\/{rel}","templated":true}]}}