{"id":1652,"date":"2016-06-21T13:04:50","date_gmt":"2016-06-21T13:04:50","guid":{"rendered":"http:\/\/www.pamina-business.com\/?p=1652"},"modified":"2016-06-13T13:30:51","modified_gmt":"2016-06-13T13:30:51","slug":"grenke-nouvelles-agences-en-alsace-pour-la-filiale-du-groupe-allemand-du-financement-locatif","status":"publish","type":"post","link":"https:\/\/www.pamina-business.com\/de\/grenke-nouvelles-agences-en-alsace-pour-la-filiale-du-groupe-allemand-du-financement-locatif\/","title":{"rendered":"GRENKE : nouvelles agences en Alsace pour la filiale du groupe allemand du financement locatif."},"content":{"rendered":"<p>Grenke, le groupe allemand bas\u00e9 \u00e0 Baden-Baden, propose des solutions de financement locatif\u00a0 pour accompagner les TPE et les PME dans leurs besoins en nouvelles technologies.<\/p>\n<p>La soci\u00e9t\u00e9 allemande d\u00e9veloppe son r\u00e9seau en France depuis\u00a0 son si\u00e8ge social fran\u00e7ais \u00e0 Schiltigheim. Depuis 1999, Grenke a ouvert 17 agences sur le territoire fran\u00e7ais et emploie 112 personnes dont 40 au si\u00e8ge.<\/p>\n<p><em>Source<\/em> : Le journal des entreprises du 06.05.2016<\/p>\n<p><em>Informations<\/em> : <a href=\"http:\/\/www.grenke.fr\" target=\"_blank\">www.grenke.fr <\/a><\/p>\n","protected":false},"excerpt":{"rendered":"<p>Grenke, le groupe allemand bas\u00e9 \u00e0 Baden-Baden, propose des solutions de financement locatif\u00a0 pour accompagner les TPE et les PME dans leurs besoins en nouvelles technologies. La soci\u00e9t\u00e9 allemande d\u00e9veloppe son r\u00e9seau en France depuis\u00a0 son si\u00e8ge social fran\u00e7ais \u00e0 Schiltigheim. Depuis 1999, Grenke a ouvert 17 agences sur le territoire fran\u00e7ais et emploie 112 [&hellip;]<\/p>\n","protected":false},"author":3,"featured_media":0,"comment_status":"open","ping_status":"open","sticky":false,"template":"","format":"standard","meta":{"_exactmetrics_skip_tracking":false,"_exactmetrics_sitenote_active":false,"_exactmetrics_sitenote_note":"","_exactmetrics_sitenote_category":0,"footnotes":""},"categories":[47],"tags":[],"class_list":["post-1652","post","type-post","status-publish","format-standard","hentry","category-industrie-fr"],"yoast_head":"<!-- This site is optimized with the Yoast SEO plugin v23.5 - https:\/\/yoast.com\/wordpress\/plugins\/seo\/ -->\n<title>GRENKE : nouvelles agences en Alsace pour la filiale du groupe allemand du financement locatif. - PAMINA Business Club<\/title>\n<meta name=\"robots\" content=\"index, follow, max-snippet:-1, max-image-preview:large, max-video-preview:-1\" \/>\n<link rel=\"canonical\" href=\"https:\/\/www.pamina-business.com\/de\/grenke-nouvelles-agences-en-alsace-pour-la-filiale-du-groupe-allemand-du-financement-locatif\/\" \/>\n<meta property=\"og:locale\" content=\"de_DE\" \/>\n<meta property=\"og:type\" content=\"article\" \/>\n<meta property=\"og:title\" content=\"GRENKE : nouvelles agences en Alsace pour la filiale du groupe allemand du financement locatif. - PAMINA Business Club\" \/>\n<meta property=\"og:description\" content=\"Grenke, le groupe allemand bas\u00e9 \u00e0 Baden-Baden, propose des solutions de financement locatif\u00a0 pour accompagner les TPE et les PME dans leurs besoins en nouvelles technologies. La soci\u00e9t\u00e9 allemande d\u00e9veloppe son r\u00e9seau en France depuis\u00a0 son si\u00e8ge social fran\u00e7ais \u00e0 Schiltigheim. Depuis 1999, Grenke a ouvert 17 agences sur le territoire fran\u00e7ais et emploie 112 [&hellip;]\" \/>\n<meta property=\"og:url\" content=\"https:\/\/www.pamina-business.com\/de\/grenke-nouvelles-agences-en-alsace-pour-la-filiale-du-groupe-allemand-du-financement-locatif\/\" \/>\n<meta property=\"og:site_name\" content=\"PAMINA Business Club\" \/>\n<meta property=\"article:published_time\" content=\"2016-06-21T13:04:50+00:00\" \/>\n<meta property=\"article:modified_time\" content=\"2016-06-13T13:30:51+00:00\" \/>\n<meta name=\"author\" content=\"Monique STUTZMANN\" \/>\n<meta name=\"twitter:card\" content=\"summary_large_image\" \/>\n<meta name=\"twitter:label1\" content=\"Verfasst von\" \/>\n\t<meta name=\"twitter:data1\" content=\"Monique STUTZMANN\" \/>\n<script type=\"application\/ld+json\" class=\"yoast-schema-graph\">{\"@context\":\"https:\/\/schema.org\",\"@graph\":[{\"@type\":\"WebPage\",\"@id\":\"https:\/\/www.pamina-business.com\/de\/grenke-nouvelles-agences-en-alsace-pour-la-filiale-du-groupe-allemand-du-financement-locatif\/\",\"url\":\"https:\/\/www.pamina-business.com\/de\/grenke-nouvelles-agences-en-alsace-pour-la-filiale-du-groupe-allemand-du-financement-locatif\/\",\"name\":\"GRENKE : nouvelles agences en Alsace pour la filiale du groupe allemand du financement locatif. - PAMINA Business Club\",\"isPartOf\":{\"@id\":\"http:\/\/www.pamina-business.com\/de\/#website\"},\"datePublished\":\"2016-06-21T13:04:50+00:00\",\"dateModified\":\"2016-06-13T13:30:51+00:00\",\"author\":{\"@id\":\"http:\/\/www.pamina-business.com\/de\/#\/schema\/person\/9ab02536dbdbc5e3ef40bbc3452c8c69\"},\"breadcrumb\":{\"@id\":\"https:\/\/www.pamina-business.com\/de\/grenke-nouvelles-agences-en-alsace-pour-la-filiale-du-groupe-allemand-du-financement-locatif\/#breadcrumb\"},\"inLanguage\":\"de\",\"potentialAction\":[{\"@type\":\"ReadAction\",\"target\":[\"https:\/\/www.pamina-business.com\/de\/grenke-nouvelles-agences-en-alsace-pour-la-filiale-du-groupe-allemand-du-financement-locatif\/\"]}]},{\"@type\":\"BreadcrumbList\",\"@id\":\"https:\/\/www.pamina-business.com\/de\/grenke-nouvelles-agences-en-alsace-pour-la-filiale-du-groupe-allemand-du-financement-locatif\/#breadcrumb\",\"itemListElement\":[{\"@type\":\"ListItem\",\"position\":1,\"name\":\"Accueil\",\"item\":\"http:\/\/www.pamina-business.com\/de\/\"},{\"@type\":\"ListItem\",\"position\":2,\"name\":\"GRENKE : nouvelles agences en Alsace pour la filiale du groupe allemand du financement locatif.\"}]},{\"@type\":\"WebSite\",\"@id\":\"http:\/\/www.pamina-business.com\/de\/#website\",\"url\":\"http:\/\/www.pamina-business.com\/de\/\",\"name\":\"PAMINA Business Club\",\"description\":\"Un site utilisant WordPress\",\"potentialAction\":[{\"@type\":\"SearchAction\",\"target\":{\"@type\":\"EntryPoint\",\"urlTemplate\":\"http:\/\/www.pamina-business.com\/de\/?s={search_term_string}\"},\"query-input\":{\"@type\":\"PropertyValueSpecification\",\"valueRequired\":true,\"valueName\":\"search_term_string\"}}],\"inLanguage\":\"de\"},{\"@type\":\"Person\",\"@id\":\"http:\/\/www.pamina-business.com\/de\/#\/schema\/person\/9ab02536dbdbc5e3ef40bbc3452c8c69\",\"name\":\"Monique STUTZMANN\",\"image\":{\"@type\":\"ImageObject\",\"inLanguage\":\"de\",\"@id\":\"http:\/\/www.pamina-business.com\/de\/#\/schema\/person\/image\/\",\"url\":\"https:\/\/secure.gravatar.com\/avatar\/cc1c3adf9a9f6e969d3da7b6b34ec66f5f4a6844dfc9145380a75e42cd91882e?s=96&d=mm&r=g\",\"contentUrl\":\"https:\/\/secure.gravatar.com\/avatar\/cc1c3adf9a9f6e969d3da7b6b34ec66f5f4a6844dfc9145380a75e42cd91882e?s=96&d=mm&r=g\",\"caption\":\"Monique STUTZMANN\"},\"url\":\"https:\/\/www.pamina-business.com\/de\/author\/monique\/\"}]}<\/script>\n<!-- \/ Yoast SEO plugin. -->","yoast_head_json":{"title":"GRENKE : nouvelles agences en Alsace pour la filiale du groupe allemand du financement locatif. - PAMINA Business Club","robots":{"index":"index","follow":"follow","max-snippet":"max-snippet:-1","max-image-preview":"max-image-preview:large","max-video-preview":"max-video-preview:-1"},"canonical":"https:\/\/www.pamina-business.com\/de\/grenke-nouvelles-agences-en-alsace-pour-la-filiale-du-groupe-allemand-du-financement-locatif\/","og_locale":"de_DE","og_type":"article","og_title":"GRENKE : nouvelles agences en Alsace pour la filiale du groupe allemand du financement locatif. - PAMINA Business Club","og_description":"Grenke, le groupe allemand bas\u00e9 \u00e0 Baden-Baden, propose des solutions de financement locatif\u00a0 pour accompagner les TPE et les PME dans leurs besoins en nouvelles technologies. La soci\u00e9t\u00e9 allemande d\u00e9veloppe son r\u00e9seau en France depuis\u00a0 son si\u00e8ge social fran\u00e7ais \u00e0 Schiltigheim. Depuis 1999, Grenke a ouvert 17 agences sur le territoire fran\u00e7ais et emploie 112 [&hellip;]","og_url":"https:\/\/www.pamina-business.com\/de\/grenke-nouvelles-agences-en-alsace-pour-la-filiale-du-groupe-allemand-du-financement-locatif\/","og_site_name":"PAMINA Business Club","article_published_time":"2016-06-21T13:04:50+00:00","article_modified_time":"2016-06-13T13:30:51+00:00","author":"Monique STUTZMANN","twitter_card":"summary_large_image","twitter_misc":{"Verfasst von":"Monique STUTZMANN"},"schema":{"@context":"https:\/\/schema.org","@graph":[{"@type":"WebPage","@id":"https:\/\/www.pamina-business.com\/de\/grenke-nouvelles-agences-en-alsace-pour-la-filiale-du-groupe-allemand-du-financement-locatif\/","url":"https:\/\/www.pamina-business.com\/de\/grenke-nouvelles-agences-en-alsace-pour-la-filiale-du-groupe-allemand-du-financement-locatif\/","name":"GRENKE : nouvelles agences en Alsace pour la filiale du groupe allemand du financement locatif. - PAMINA Business Club","isPartOf":{"@id":"http:\/\/www.pamina-business.com\/de\/#website"},"datePublished":"2016-06-21T13:04:50+00:00","dateModified":"2016-06-13T13:30:51+00:00","author":{"@id":"http:\/\/www.pamina-business.com\/de\/#\/schema\/person\/9ab02536dbdbc5e3ef40bbc3452c8c69"},"breadcrumb":{"@id":"https:\/\/www.pamina-business.com\/de\/grenke-nouvelles-agences-en-alsace-pour-la-filiale-du-groupe-allemand-du-financement-locatif\/#breadcrumb"},"inLanguage":"de","potentialAction":[{"@type":"ReadAction","target":["https:\/\/www.pamina-business.com\/de\/grenke-nouvelles-agences-en-alsace-pour-la-filiale-du-groupe-allemand-du-financement-locatif\/"]}]},{"@type":"BreadcrumbList","@id":"https:\/\/www.pamina-business.com\/de\/grenke-nouvelles-agences-en-alsace-pour-la-filiale-du-groupe-allemand-du-financement-locatif\/#breadcrumb","itemListElement":[{"@type":"ListItem","position":1,"name":"Accueil","item":"http:\/\/www.pamina-business.com\/de\/"},{"@type":"ListItem","position":2,"name":"GRENKE : nouvelles agences en Alsace pour la filiale du groupe allemand du financement locatif."}]},{"@type":"WebSite","@id":"http:\/\/www.pamina-business.com\/de\/#website","url":"http:\/\/www.pamina-business.com\/de\/","name":"PAMINA Business Club","description":"Un site utilisant WordPress","potentialAction":[{"@type":"SearchAction","target":{"@type":"EntryPoint","urlTemplate":"http:\/\/www.pamina-business.com\/de\/?s={search_term_string}"},"query-input":{"@type":"PropertyValueSpecification","valueRequired":true,"valueName":"search_term_string"}}],"inLanguage":"de"},{"@type":"Person","@id":"http:\/\/www.pamina-business.com\/de\/#\/schema\/person\/9ab02536dbdbc5e3ef40bbc3452c8c69","name":"Monique STUTZMANN","image":{"@type":"ImageObject","inLanguage":"de","@id":"http:\/\/www.pamina-business.com\/de\/#\/schema\/person\/image\/","url":"https:\/\/secure.gravatar.com\/avatar\/cc1c3adf9a9f6e969d3da7b6b34ec66f5f4a6844dfc9145380a75e42cd91882e?s=96&d=mm&r=g","contentUrl":"https:\/\/secure.gravatar.com\/avatar\/cc1c3adf9a9f6e969d3da7b6b34ec66f5f4a6844dfc9145380a75e42cd91882e?s=96&d=mm&r=g","caption":"Monique STUTZMANN"},"url":"https:\/\/www.pamina-business.com\/de\/author\/monique\/"}]}},"_links":{"self":[{"href":"https:\/\/www.pamina-business.com\/de\/wp-json\/wp\/v2\/posts\/1652","targetHints":{"allow":["GET"]}}],"collection":[{"href":"https:\/\/www.pamina-business.com\/de\/wp-json\/wp\/v2\/posts"}],"about":[{"href":"https:\/\/www.pamina-business.com\/de\/wp-json\/wp\/v2\/types\/post"}],"author":[{"embeddable":true,"href":"https:\/\/www.pamina-business.com\/de\/wp-json\/wp\/v2\/users\/3"}],"replies":[{"embeddable":true,"href":"https:\/\/www.pamina-business.com\/de\/wp-json\/wp\/v2\/comments?post=1652"}],"version-history":[{"count":2,"href":"https:\/\/www.pamina-business.com\/de\/wp-json\/wp\/v2\/posts\/1652\/revisions"}],"predecessor-version":[{"id":1654,"href":"https:\/\/www.pamina-business.com\/de\/wp-json\/wp\/v2\/posts\/1652\/revisions\/1654"}],"wp:attachment":[{"href":"https:\/\/www.pamina-business.com\/de\/wp-json\/wp\/v2\/media?parent=1652"}],"wp:term":[{"taxonomy":"category","embeddable":true,"href":"https:\/\/www.pamina-business.com\/de\/wp-json\/wp\/v2\/categories?post=1652"},{"taxonomy":"post_tag","embeddable":true,"href":"https:\/\/www.pamina-business.com\/de\/wp-json\/wp\/v2\/tags?post=1652"}],"curies":[{"name":"wp","href":"https:\/\/api.w.org\/{rel}","templated":true}]}}