{"id":1641,"date":"2016-06-13T09:51:33","date_gmt":"2016-06-13T09:51:33","guid":{"rendered":"http:\/\/www.pamina-business.com\/?p=1641"},"modified":"2016-06-13T09:58:03","modified_gmt":"2016-06-13T09:58:03","slug":"deutsch-franzossiches-rehtsseminar-am-14-juni-in-strasbourg","status":"publish","type":"post","link":"https:\/\/www.pamina-business.com\/de\/deutsch-franzossiches-rehtsseminar-am-14-juni-in-strasbourg\/","title":{"rendered":"Deutsch-Franz\u00f6ssiches Rehtsseminar am 14. Juni in Strasbourg"},"content":{"rendered":"<p>Das Seminar stellt das Thema &#8222;Flexibilit\u00e4t im Franz\u00f6sischen Arbteitsrecht&#8220; vor.<\/p>\n<p>Er findet am 14. Juni von 14 bis 17 Uhr in der &#8222;Ecole r\u00e9gionale des avocats du Grand Est&#8220; statt.<\/p>\n<p><a href=\"http:\/\/www.pamina-business.com\/wp-content\/uploads\/2016\/06\/2016-05-23-colloque-14-06-programme-et-bulletin-dinscription-en-langue-allemande-3.pdf\" target=\"_blank\" rel=\"\">2016 05 23 colloque 14 06 programme et bulletin d&#8217;inscription en langue allemande-3<\/a><\/p>\n<p><em>Quelle<\/em> : <a href=\"&#x6d;&#97;&#x69;&#108;t&#x6f;&#58;f&#x2e;&#108;&#x6f;&#x72;e&#x6e;&#116;z&#x40;&#97;&#x6e;&#x74;e&#x6c;&#105;t&#x69;&#115;&#46;&#x65;&#117;\" target=\"_blank\">f&#46;&#108;&#111;&#114;&#101;&#x6e;&#x74;&#x7a;&#x40;&#x61;nt&#101;&#108;&#105;&#116;&#x69;&#x73;&#x2e;&#x65;&#x75;<\/a><\/p>\n<p><em>Information<\/em> :<a href=\"http:\/\/www.barthelemy-avocats.com\" target=\"_blank\"> wwwbarthelemy-avocats.com <\/a><\/p>\n","protected":false},"excerpt":{"rendered":"<p>Das Seminar stellt das Thema &#8222;Flexibilit\u00e4t im Franz\u00f6sischen Arbteitsrecht&#8220; vor. Er findet am 14. Juni von 14 bis 17 Uhr in der &#8222;Ecole r\u00e9gionale des avocats du Grand Est&#8220; statt. 2016 05 23 colloque 14 06 programme et bulletin d&#8217;inscription en langue allemande-3 Quelle : &#102;&#x2e;&#108;&#x6f;&#114;&#x65;&#110;&#x74;&#122;&#x40;&#97;&#x6e;&#116;&#x65;&#108;&#x69;&#116;&#x69;&#115;&#x2e;&#101;&#x75; Information : wwwbarthelemy-avocats.com<\/p>\n","protected":false},"author":3,"featured_media":0,"comment_status":"open","ping_status":"open","sticky":false,"template":"","format":"standard","meta":{"_exactmetrics_skip_tracking":false,"_exactmetrics_sitenote_active":false,"_exactmetrics_sitenote_note":"","_exactmetrics_sitenote_category":0,"footnotes":""},"categories":[3],"tags":[],"class_list":["post-1641","post","type-post","status-publish","format-standard","hentry","category-non-classe-de"],"yoast_head":"<!-- This site is optimized with the Yoast SEO plugin v23.5 - https:\/\/yoast.com\/wordpress\/plugins\/seo\/ -->\n<title>Deutsch-Franz\u00f6ssiches Rehtsseminar am 14. Juni in Strasbourg - PAMINA Business Club<\/title>\n<meta name=\"robots\" content=\"index, follow, max-snippet:-1, max-image-preview:large, max-video-preview:-1\" \/>\n<link rel=\"canonical\" href=\"https:\/\/www.pamina-business.com\/de\/deutsch-franzossiches-rehtsseminar-am-14-juni-in-strasbourg\/\" \/>\n<meta property=\"og:locale\" content=\"de_DE\" \/>\n<meta property=\"og:type\" content=\"article\" \/>\n<meta property=\"og:title\" content=\"Deutsch-Franz\u00f6ssiches Rehtsseminar am 14. Juni in Strasbourg - PAMINA Business Club\" \/>\n<meta property=\"og:description\" content=\"Das Seminar stellt das Thema &#8222;Flexibilit\u00e4t im Franz\u00f6sischen Arbteitsrecht&#8220; vor. Er findet am 14. Juni von 14 bis 17 Uhr in der &#8222;Ecole r\u00e9gionale des avocats du Grand Est&#8220; statt. 2016 05 23 colloque 14 06 programme et bulletin d&#8217;inscription en langue allemande-3 Quelle : &#x66;&#x2e;&#x6c;&#111;&#114;&#101;nt&#x7a;&#x40;&#x61;&#x6e;&#116;&#101;li&#x74;&#x69;&#x73;&#x2e;&#101;&#117; Information : wwwbarthelemy-avocats.com\" \/>\n<meta property=\"og:url\" content=\"https:\/\/www.pamina-business.com\/de\/deutsch-franzossiches-rehtsseminar-am-14-juni-in-strasbourg\/\" \/>\n<meta property=\"og:site_name\" content=\"PAMINA Business Club\" \/>\n<meta property=\"article:published_time\" content=\"2016-06-13T09:51:33+00:00\" \/>\n<meta property=\"article:modified_time\" content=\"2016-06-13T09:58:03+00:00\" \/>\n<meta name=\"author\" content=\"Monique STUTZMANN\" \/>\n<meta name=\"twitter:card\" content=\"summary_large_image\" \/>\n<meta name=\"twitter:label1\" content=\"Verfasst von\" \/>\n\t<meta name=\"twitter:data1\" content=\"Monique STUTZMANN\" \/>\n<script type=\"application\/ld+json\" class=\"yoast-schema-graph\">{\"@context\":\"https:\/\/schema.org\",\"@graph\":[{\"@type\":\"WebPage\",\"@id\":\"https:\/\/www.pamina-business.com\/de\/deutsch-franzossiches-rehtsseminar-am-14-juni-in-strasbourg\/\",\"url\":\"https:\/\/www.pamina-business.com\/de\/deutsch-franzossiches-rehtsseminar-am-14-juni-in-strasbourg\/\",\"name\":\"Deutsch-Franz\u00f6ssiches Rehtsseminar am 14. Juni in Strasbourg - PAMINA Business Club\",\"isPartOf\":{\"@id\":\"http:\/\/www.pamina-business.com\/de\/#website\"},\"datePublished\":\"2016-06-13T09:51:33+00:00\",\"dateModified\":\"2016-06-13T09:58:03+00:00\",\"author\":{\"@id\":\"http:\/\/www.pamina-business.com\/de\/#\/schema\/person\/9ab02536dbdbc5e3ef40bbc3452c8c69\"},\"breadcrumb\":{\"@id\":\"https:\/\/www.pamina-business.com\/de\/deutsch-franzossiches-rehtsseminar-am-14-juni-in-strasbourg\/#breadcrumb\"},\"inLanguage\":\"de\",\"potentialAction\":[{\"@type\":\"ReadAction\",\"target\":[\"https:\/\/www.pamina-business.com\/de\/deutsch-franzossiches-rehtsseminar-am-14-juni-in-strasbourg\/\"]}]},{\"@type\":\"BreadcrumbList\",\"@id\":\"https:\/\/www.pamina-business.com\/de\/deutsch-franzossiches-rehtsseminar-am-14-juni-in-strasbourg\/#breadcrumb\",\"itemListElement\":[{\"@type\":\"ListItem\",\"position\":1,\"name\":\"Accueil\",\"item\":\"http:\/\/www.pamina-business.com\/de\/\"},{\"@type\":\"ListItem\",\"position\":2,\"name\":\"Deutsch-Franz\u00f6ssiches Rehtsseminar am 14. Juni in Strasbourg\"}]},{\"@type\":\"WebSite\",\"@id\":\"http:\/\/www.pamina-business.com\/de\/#website\",\"url\":\"http:\/\/www.pamina-business.com\/de\/\",\"name\":\"PAMINA Business Club\",\"description\":\"Un site utilisant WordPress\",\"potentialAction\":[{\"@type\":\"SearchAction\",\"target\":{\"@type\":\"EntryPoint\",\"urlTemplate\":\"http:\/\/www.pamina-business.com\/de\/?s={search_term_string}\"},\"query-input\":{\"@type\":\"PropertyValueSpecification\",\"valueRequired\":true,\"valueName\":\"search_term_string\"}}],\"inLanguage\":\"de\"},{\"@type\":\"Person\",\"@id\":\"http:\/\/www.pamina-business.com\/de\/#\/schema\/person\/9ab02536dbdbc5e3ef40bbc3452c8c69\",\"name\":\"Monique STUTZMANN\",\"image\":{\"@type\":\"ImageObject\",\"inLanguage\":\"de\",\"@id\":\"http:\/\/www.pamina-business.com\/de\/#\/schema\/person\/image\/\",\"url\":\"https:\/\/secure.gravatar.com\/avatar\/cc1c3adf9a9f6e969d3da7b6b34ec66f5f4a6844dfc9145380a75e42cd91882e?s=96&d=mm&r=g\",\"contentUrl\":\"https:\/\/secure.gravatar.com\/avatar\/cc1c3adf9a9f6e969d3da7b6b34ec66f5f4a6844dfc9145380a75e42cd91882e?s=96&d=mm&r=g\",\"caption\":\"Monique STUTZMANN\"},\"url\":\"https:\/\/www.pamina-business.com\/de\/author\/monique\/\"}]}<\/script>\n<!-- \/ Yoast SEO plugin. -->","yoast_head_json":{"title":"Deutsch-Franz\u00f6ssiches Rehtsseminar am 14. Juni in Strasbourg - PAMINA Business Club","robots":{"index":"index","follow":"follow","max-snippet":"max-snippet:-1","max-image-preview":"max-image-preview:large","max-video-preview":"max-video-preview:-1"},"canonical":"https:\/\/www.pamina-business.com\/de\/deutsch-franzossiches-rehtsseminar-am-14-juni-in-strasbourg\/","og_locale":"de_DE","og_type":"article","og_title":"Deutsch-Franz\u00f6ssiches Rehtsseminar am 14. Juni in Strasbourg - PAMINA Business Club","og_description":"Das Seminar stellt das Thema &#8222;Flexibilit\u00e4t im Franz\u00f6sischen Arbteitsrecht&#8220; vor. Er findet am 14. Juni von 14 bis 17 Uhr in der &#8222;Ecole r\u00e9gionale des avocats du Grand Est&#8220; statt. 2016 05 23 colloque 14 06 programme et bulletin d&#8217;inscription en langue allemande-3 Quelle : &#x66;&#x2e;&#x6c;&#111;&#114;&#101;nt&#x7a;&#x40;&#x61;&#x6e;&#116;&#101;li&#x74;&#x69;&#x73;&#x2e;&#101;&#117; Information : wwwbarthelemy-avocats.com","og_url":"https:\/\/www.pamina-business.com\/de\/deutsch-franzossiches-rehtsseminar-am-14-juni-in-strasbourg\/","og_site_name":"PAMINA Business Club","article_published_time":"2016-06-13T09:51:33+00:00","article_modified_time":"2016-06-13T09:58:03+00:00","author":"Monique STUTZMANN","twitter_card":"summary_large_image","twitter_misc":{"Verfasst von":"Monique STUTZMANN"},"schema":{"@context":"https:\/\/schema.org","@graph":[{"@type":"WebPage","@id":"https:\/\/www.pamina-business.com\/de\/deutsch-franzossiches-rehtsseminar-am-14-juni-in-strasbourg\/","url":"https:\/\/www.pamina-business.com\/de\/deutsch-franzossiches-rehtsseminar-am-14-juni-in-strasbourg\/","name":"Deutsch-Franz\u00f6ssiches Rehtsseminar am 14. Juni in Strasbourg - PAMINA Business Club","isPartOf":{"@id":"http:\/\/www.pamina-business.com\/de\/#website"},"datePublished":"2016-06-13T09:51:33+00:00","dateModified":"2016-06-13T09:58:03+00:00","author":{"@id":"http:\/\/www.pamina-business.com\/de\/#\/schema\/person\/9ab02536dbdbc5e3ef40bbc3452c8c69"},"breadcrumb":{"@id":"https:\/\/www.pamina-business.com\/de\/deutsch-franzossiches-rehtsseminar-am-14-juni-in-strasbourg\/#breadcrumb"},"inLanguage":"de","potentialAction":[{"@type":"ReadAction","target":["https:\/\/www.pamina-business.com\/de\/deutsch-franzossiches-rehtsseminar-am-14-juni-in-strasbourg\/"]}]},{"@type":"BreadcrumbList","@id":"https:\/\/www.pamina-business.com\/de\/deutsch-franzossiches-rehtsseminar-am-14-juni-in-strasbourg\/#breadcrumb","itemListElement":[{"@type":"ListItem","position":1,"name":"Accueil","item":"http:\/\/www.pamina-business.com\/de\/"},{"@type":"ListItem","position":2,"name":"Deutsch-Franz\u00f6ssiches Rehtsseminar am 14. Juni in Strasbourg"}]},{"@type":"WebSite","@id":"http:\/\/www.pamina-business.com\/de\/#website","url":"http:\/\/www.pamina-business.com\/de\/","name":"PAMINA Business Club","description":"Un site utilisant WordPress","potentialAction":[{"@type":"SearchAction","target":{"@type":"EntryPoint","urlTemplate":"http:\/\/www.pamina-business.com\/de\/?s={search_term_string}"},"query-input":{"@type":"PropertyValueSpecification","valueRequired":true,"valueName":"search_term_string"}}],"inLanguage":"de"},{"@type":"Person","@id":"http:\/\/www.pamina-business.com\/de\/#\/schema\/person\/9ab02536dbdbc5e3ef40bbc3452c8c69","name":"Monique STUTZMANN","image":{"@type":"ImageObject","inLanguage":"de","@id":"http:\/\/www.pamina-business.com\/de\/#\/schema\/person\/image\/","url":"https:\/\/secure.gravatar.com\/avatar\/cc1c3adf9a9f6e969d3da7b6b34ec66f5f4a6844dfc9145380a75e42cd91882e?s=96&d=mm&r=g","contentUrl":"https:\/\/secure.gravatar.com\/avatar\/cc1c3adf9a9f6e969d3da7b6b34ec66f5f4a6844dfc9145380a75e42cd91882e?s=96&d=mm&r=g","caption":"Monique STUTZMANN"},"url":"https:\/\/www.pamina-business.com\/de\/author\/monique\/"}]}},"_links":{"self":[{"href":"https:\/\/www.pamina-business.com\/de\/wp-json\/wp\/v2\/posts\/1641","targetHints":{"allow":["GET"]}}],"collection":[{"href":"https:\/\/www.pamina-business.com\/de\/wp-json\/wp\/v2\/posts"}],"about":[{"href":"https:\/\/www.pamina-business.com\/de\/wp-json\/wp\/v2\/types\/post"}],"author":[{"embeddable":true,"href":"https:\/\/www.pamina-business.com\/de\/wp-json\/wp\/v2\/users\/3"}],"replies":[{"embeddable":true,"href":"https:\/\/www.pamina-business.com\/de\/wp-json\/wp\/v2\/comments?post=1641"}],"version-history":[{"count":1,"href":"https:\/\/www.pamina-business.com\/de\/wp-json\/wp\/v2\/posts\/1641\/revisions"}],"predecessor-version":[{"id":1643,"href":"https:\/\/www.pamina-business.com\/de\/wp-json\/wp\/v2\/posts\/1641\/revisions\/1643"}],"wp:attachment":[{"href":"https:\/\/www.pamina-business.com\/de\/wp-json\/wp\/v2\/media?parent=1641"}],"wp:term":[{"taxonomy":"category","embeddable":true,"href":"https:\/\/www.pamina-business.com\/de\/wp-json\/wp\/v2\/categories?post=1641"},{"taxonomy":"post_tag","embeddable":true,"href":"https:\/\/www.pamina-business.com\/de\/wp-json\/wp\/v2\/tags?post=1641"}],"curies":[{"name":"wp","href":"https:\/\/api.w.org\/{rel}","templated":true}]}}