{"id":1341,"date":"2016-02-08T09:37:53","date_gmt":"2016-02-08T09:37:53","guid":{"rendered":"http:\/\/www.pamina-business.com\/?p=1341"},"modified":"2016-02-02T09:42:49","modified_gmt":"2016-02-02T09:42:49","slug":"ihk-karlsruhe-einstieg-beruf-in-diesem-jahr-besonders-international","status":"publish","type":"post","link":"https:\/\/www.pamina-business.com\/de\/ihk-karlsruhe-einstieg-beruf-in-diesem-jahr-besonders-international\/","title":{"rendered":"IHK KARLSRUHE EINSTIEG BERUF IN DIESEM JAHR BESONDERS INTERNATIONAL"},"content":{"rendered":"<h1 class=\"head\">Ausbildungsmesse der Superlative<\/h1>\n<div>\n<p class=\"icaption_100\"><img decoding=\"async\" title=\"Einstieg2016\" src=\"https:\/\/www.karlsruhe.ihk.de\/image\/kaihk24\/Ausbildung_und_Weiterbildung\/Aktuelles\/3121452\/thumb75\/430\/270\/a6f394ae2170195f9f01ff7cfefbd80c\/yF\/data\/Einstieg2016.jpg\" alt=\"Einstieg2016\" width=\"100%\" \/> <a id=\"zoom-3121452-\" class=\"fancyPopup\" title=\"\" href=\"https:\/\/www.karlsruhe.ihk.de\/image\/kaihk24\/Ausbildung_und_Weiterbildung\/Aktuelles\/3121452\/thumb100\/800\/601\/88fe235a12f009a979be63f05bdee079\/hA\/data\/Einstieg2016.jpg\"><\/a><\/p>\n<\/div>\n<div>\n<div class=\"text\">Eine \u201eMesse der Superlative\u201c hatte IHK-Pr\u00e4sident Wolfgang Grenke die Einstieg Beruf bereits im Vorfeld genannt. Au\u00dfergew\u00f6hnlich war die gr\u00f6\u00dfte regionale Ausbildungsmesse dann tats\u00e4chlich in vielerlei Hinsicht. Mit 17200 Besuchern (im Vorjahr waren es 14 000) wurden deutlich mehr G\u00e4ste verzeichnet als erwartet, die Zahl der Aussteller ist um 66 auf 296 gestiegen. Aber vor allem war die Messe eines: Au\u00dfergew\u00f6hnlich international. Schon am ersten gro\u00dfen Stand direkt in der Eingangshalle prangte die Aufschrift: \u201eAusbildung International\u201c. Der Stand war erste Anlaufstelle f\u00fcr die Besucher aller Hautfarben, die anschlie\u00dfend durch die G\u00e4nge str\u00f6mten auf der Suche nach einem Praktikumsplatz oder einer Ausbildungsstelle.<\/div>\n<div class=\"text\">Selbst Vertreter der IHK-FOSA, der Anerkennungsstelle f\u00fcr ausl\u00e4ndische Berufsabschl\u00fcsse waren aus N\u00fcrnberg angereist, um ausl\u00e4ndischen Besuchern und Migranten ein Erstgespr\u00e4ch anzubieten. Sie, ebenso wie die IHK-Bildungsberater und Vertreter von Handwerkskammer und Arbeitsagentur, hatten alle H\u00e4nde voll zu tun, die organisierten internationalen Gruppen \u00fcber die Vergleichbarkeit der Berufe und \u00fcber das deutsche duale Bildungssystem zu informieren.<\/div>\n<div class=\"text\">Eine Gruppe von knapp 70 els\u00e4ssischen Sch\u00fclerinnen und Sch\u00fclern aus Wissembourg, Haguenau, Lauterbourg und Bischwiller war gemeinsam mit dem Bus\u00a0 angereist und wurde vor Ort von Mitarbeitern der IHK, der Handwerkskammer, der Region Alsace und der Arbeitsagentur betreut. Die jungen Leute hatten sich bereits vorab je nach Interessengebiet f\u00fcr eine der F\u00fchrungen mit dem jeweiligen Schwerpunkt auf sozialen, gewerblich-technischen, handwerklichen oder kaufm\u00e4nnischen Berufen entscheiden k\u00f6nnen. Wie IHK-Bildungsberater Stephan Ruf berichtete, war das Interesse auf beiden Seiten gro\u00df. &#8222;Man merkt, dass die Els\u00e4ser schon im Vorfeld von ihren Lehrern gut vorbereitet worden waren. Die Jugendlichen zeigten sich sehr interessiert. Sie hatten sogar ihre Bewerbungsunterlagen dabei, die auch direkt vor Ort an die Unternehmen weitergeben wurden\u201c, so Ruf. Damit konnten sie punkten. Die SEW-EURODRIVE GmbH &amp; Co KG und die Mayr-Melnhof Karton AG beispielsweise \u00fcberlegen nun, ob sie zus\u00e4tzliche Ausbildungsstellen speziell f\u00fcr franz\u00f6sische Azubis einrichten.<\/div>\n<p><span class=\"richTextImage\"> <span class=\"icaption_100\"> <img decoding=\"async\" id=\"\" title=\"Elsass\" src=\"https:\/\/www.karlsruhe.ihk.de\/image\/kaihk24\/Ausbildung_und_Weiterbildung\/Aktuelles\/3121470\/thumb75\/430\/269\/e1b73cd9b8f2f99f121d7ce0e3b43afb\/Ww\/data\/Elsass.jpg\" alt=\"Elsass\" width=\"100%\" \/> <a id=\"zoom-3121470-\" class=\"fancyPopup\" title=\"Elsass \" href=\"https:\/\/www.karlsruhe.ihk.de\/image\/kaihk24\/Ausbildung_und_Weiterbildung\/Aktuelles\/3121470\/thumb100\/800\/599\/7a5aab8feba9b9c1481de43e23462f1e\/cf\/data\/Elsass.jpg\"><\/a> <\/span> <\/span><\/p>\n<div class=\"text\"><\/div>\n<div class=\"text\">Anschlie\u00dfend waren die els\u00e4ssischen G\u00e4ste sogar bereit, sich in der so genannten Black Box von Baden TV zu ihren Berufsw\u00fcnschen interviewen zu lassen.<\/div>\n<div class=\"text\">In Gruppen eingeteilt wurden auch die rund 120 Fl\u00fcchtlinge, gr\u00f6\u00dftenteils Sch\u00fcler der VAB\/O-Klassen der Berufsschulen (Vorqualifizierung Arbeit und Beruf f\u00fcr Jugendliche ohne Deutschkenntnisse) zu den St\u00e4nden der Unternehmen gef\u00fchrt, die im Vorfeld Interesse an einer Besch\u00e4ftigung von Zuwanderern signalisiert hatten.<\/div>\n<p><span class=\"richTextImage\"> <span class=\"icaption_100\"> <img decoding=\"async\" id=\"\" title=\"Einstieg_fl\u00fcchtlinge\" src=\"https:\/\/www.karlsruhe.ihk.de\/image\/kaihk24\/Ausbildung_und_Weiterbildung\/Aktuelles\/3121462\/thumb75\/430\/270\/70149fc0a243d31a61d5d0ecc878ea47\/kc\/data\/Einstieg_fluechtlinge.jpg\" alt=\"Einstieg_fl\u00fcchtlinge\" width=\"100%\" \/> <a id=\"zoom-3121462-\" class=\"fancyPopup\" title=\"Einstieg_fl\u00fcchtlinge \" href=\"https:\/\/www.karlsruhe.ihk.de\/image\/kaihk24\/Ausbildung_und_Weiterbildung\/Aktuelles\/3121462\/thumb100\/800\/599\/4a0dc0671f06b5dff0332793f52e4d3b\/Xz\/data\/Einstieg_fluechtlinge.jpg\"><\/a> <\/span> <\/span><\/p>\n<div class=\"text\"><\/div>\n<div class=\"text\">Auf die Frage, ob sie sofort eine Ausbildung beginnen w\u00fcrden, strahlten zwei junge M\u00e4nner ausTogo und Serbien. Ein Ausbildungsplatz w\u00e4re ihr Traum. Beide sind seit drei Jahren in Deutschland, haben sich angefreundet und sprechen deutsch miteinander. Nicht alle Fl\u00fcchtlinge haben allerdings so gute Sprachkenntnisse.<\/div>\n<div class=\"text\">Schon w\u00e4hrend der Er\u00f6ffnungsfeier erkl\u00e4rten IHK-Pr\u00e4sident Grenke, Joachim Wohlfeil, Pr\u00e4sident der Handwerkskammer und Ingo Zenkner, Vorsitzender der Gesch\u00e4ftsf\u00fchrung der Agentur f\u00fcr Arbeit Karlsruhe-Rastatt, einhellig: \u201eDie Zauberformel f\u00fcr den Start in ein erfolgreiches Berufsleben lautet: Sprache, Sprache, Sprache.<\/div>\n<div class=\"text\">Gleichwohl war das Fazit von OStD Peter M\u00fcnz von der Albert-Einstein-Schule Ettlingen und dem ehrenamtlichen Fl\u00fcchtlingshelfer Udo Brunner positiv: \u201eViele Fl\u00fcchtlinge sind traumatisiert und perspektivenlos. F\u00fcr sie war es ganz wichtig zu sehen, was es gibt und zu sehen, dass Betriebe an ihnen interessiert sind.\u201c<\/div>\n<div class=\"text\">IHK-Pr\u00e4sident Grenke sieht das EQ (Einstiegsqualifizierungsjahr) als vielleicht gr\u00f6\u00dfte Chance f\u00fcr Fl\u00fcchtlinge an, sich in unseren Arbeitsmarkt zu integrieren. Die Jugendlichen absolvieren dabei ein sechs- bis zw\u00f6lfmonatiges Praktikum in einem Unternehmen und damit Teile eines anerkannten Ausbildungsberufs, wof\u00fcr die IHK ein Zertifikat ausstellt. \u00dcber dieses Modell \u00fcbernehmen die Betriebe etwa zwei Drittel der EQ-Praktikanten in ein Ausbildungsverh\u00e4ltnis.\u201c Ingo Zenkner erg\u00e4nzte: \u201eWenn wir alles richtig machen und alle ganz eng zusammenarbeiten, k\u00f6nnen die Fl\u00fcchtlinge die Fachkr\u00e4fte von \u00fcbermorgen sein.\u201c<\/div>\n<div class=\"text\">Auch das Speed Dating mit\u00a0 Ausbildungsleitern und Personalverantwortlichen von mehr als 40 Unternehmen, das in diesem Jahr Premiere feierte, wurde hervorragend angenommen. Jugendliche mit und ohne Migrationshintergrund hatten hier die Chance, erste Kontakte zu Unternehmen zu kn\u00fcpfen und eventuell einen Praktikumsplatz zu ergattern.<\/div>\n<p><span class=\"richTextImage\"> <span class=\"icaption_100\"> <img decoding=\"async\" id=\"\" title=\"Einstieg_Er\u00f6ffnung\" src=\"https:\/\/www.karlsruhe.ihk.de\/image\/kaihk24\/Ausbildung_und_Weiterbildung\/Aktuelles\/3121474\/thumb75\/430\/270\/2463ecb5687f0d8849547565fe4ccae3\/IU\/data\/Einstieg_Eroeffnung.jpg\" alt=\"Einstieg_Er\u00f6ffnung\" width=\"100%\" \/> <a id=\"zoom-3121474-\" class=\"fancyPopup\" title=\"Einstieg_Er\u00f6ffnung \" href=\"https:\/\/www.karlsruhe.ihk.de\/image\/kaihk24\/Ausbildung_und_Weiterbildung\/Aktuelles\/3121474\/thumb100\/800\/601\/d86133a49e95a3e854e975623f918504\/GC\/data\/Einstieg_Eroeffnung.jpg\"><\/a> <\/span> <\/span><\/p>\n<div class=\"text\"><\/div>\n<div class=\"text\">\u201eWir haben mit dieser Messe die richtige nicht virtuelle Forum gefunden, um lebendigen Jugendlichen die lebendige Wirtschaft zu zeigen\u201c, fasste es Arbeitsagentur-Chef Zenkner zusammen.\u00a0 \u201eUnsere Unternehmen konnten zeigen, dass duale Ausbildung an vorderster Front der technologischen Entwicklung steht. Auf der Messe ist f\u00fcr jeden etwas dabei, f\u00fcr die benachteiligten schw\u00e4cheren Jugendlichen gibt es die Assistierte Ausbildung, f\u00fcr die besonders Begabten eine verk\u00fcrzte Ausbildung\u201c, so Zenkner.<\/div>\n<div class=\"text\"><\/div>\n<div class=\"text\"><em>Quelle<\/em> : Berufsbildung-Newsletter der IHK Karlsruhe vom 29.01.2016<\/div>\n<div class=\"text\"><a href=\"http:\/\/karlsruhe.ihk.de\" target=\"_blank\">www.karlsruhe.ihk.de<\/a><\/div>\n<div class=\"text\"><\/div>\n<div class=\"text\"><em>Kontakt<\/em> : Katy Klimesch <a href=\"&#x6d;&#x61;&#x69;&#108;&#116;o:&#x6b;&#x61;&#x74;&#121;&#46;kl&#x69;&#x6d;&#x65;&#115;&#99;h&#64;&#x6b;&#x61;&#x72;&#108;&#115;ru&#x68;&#x65;&#x2e;&#105;&#104;k&#46;&#x64;&#x65;\" target=\"_blank\">&#107;&#x61;&#116;&#x79;&#46;&#x6b;l&#x69;m&#x65;s&#99;&#x68;&#64;&#x6b;&#97;&#x72;&#108;&#x73;r&#x75;h&#x65;&#46;&#105;&#x68;&#107;&#x2e;&#100;&#x65;<\/a><\/div>\n<\/div>\n","protected":false},"excerpt":{"rendered":"<p>Ausbildungsmesse der Superlative Eine \u201eMesse der Superlative\u201c hatte IHK-Pr\u00e4sident Wolfgang Grenke die Einstieg Beruf bereits im Vorfeld genannt. Au\u00dfergew\u00f6hnlich war die gr\u00f6\u00dfte regionale Ausbildungsmesse dann tats\u00e4chlich in vielerlei Hinsicht. Mit 17200 Besuchern (im Vorjahr waren es 14 000) wurden deutlich mehr G\u00e4ste verzeichnet als erwartet, die Zahl der Aussteller ist um 66 auf 296 gestiegen. [&hellip;]<\/p>\n","protected":false},"author":3,"featured_media":0,"comment_status":"open","ping_status":"open","sticky":false,"template":"","format":"standard","meta":{"_exactmetrics_skip_tracking":false,"_exactmetrics_sitenote_active":false,"_exactmetrics_sitenote_note":"","_exactmetrics_sitenote_category":0,"footnotes":""},"categories":[57,59],"tags":[],"class_list":["post-1341","post","type-post","status-publish","format-standard","hentry","category-berufsbildung-de","category-ereignisse-de"],"yoast_head":"<!-- This site is optimized with the Yoast SEO plugin v23.5 - https:\/\/yoast.com\/wordpress\/plugins\/seo\/ -->\n<title>IHK KARLSRUHE EINSTIEG BERUF IN DIESEM JAHR BESONDERS INTERNATIONAL - PAMINA Business Club<\/title>\n<meta name=\"robots\" content=\"index, follow, max-snippet:-1, max-image-preview:large, max-video-preview:-1\" \/>\n<link rel=\"canonical\" href=\"https:\/\/www.pamina-business.com\/de\/ihk-karlsruhe-einstieg-beruf-in-diesem-jahr-besonders-international\/\" \/>\n<meta property=\"og:locale\" content=\"de_DE\" \/>\n<meta property=\"og:type\" content=\"article\" \/>\n<meta property=\"og:title\" content=\"IHK KARLSRUHE EINSTIEG BERUF IN DIESEM JAHR BESONDERS INTERNATIONAL - PAMINA Business Club\" \/>\n<meta property=\"og:description\" content=\"Ausbildungsmesse der Superlative Eine \u201eMesse der Superlative\u201c hatte IHK-Pr\u00e4sident Wolfgang Grenke die Einstieg Beruf bereits im Vorfeld genannt. Au\u00dfergew\u00f6hnlich war die gr\u00f6\u00dfte regionale Ausbildungsmesse dann tats\u00e4chlich in vielerlei Hinsicht. Mit 17200 Besuchern (im Vorjahr waren es 14 000) wurden deutlich mehr G\u00e4ste verzeichnet als erwartet, die Zahl der Aussteller ist um 66 auf 296 gestiegen. [&hellip;]\" \/>\n<meta property=\"og:url\" content=\"https:\/\/www.pamina-business.com\/de\/ihk-karlsruhe-einstieg-beruf-in-diesem-jahr-besonders-international\/\" \/>\n<meta property=\"og:site_name\" content=\"PAMINA Business Club\" \/>\n<meta property=\"article:published_time\" content=\"2016-02-08T09:37:53+00:00\" \/>\n<meta property=\"article:modified_time\" content=\"2016-02-02T09:42:49+00:00\" \/>\n<meta property=\"og:image\" content=\"https:\/\/www.karlsruhe.ihk.de\/image\/kaihk24\/Ausbildung_und_Weiterbildung\/Aktuelles\/3121452\/thumb75\/430\/270\/a6f394ae2170195f9f01ff7cfefbd80c\/yF\/data\/Einstieg2016.jpg\" \/>\n<meta name=\"author\" content=\"Monique STUTZMANN\" \/>\n<meta name=\"twitter:card\" content=\"summary_large_image\" \/>\n<meta name=\"twitter:label1\" content=\"Verfasst von\" \/>\n\t<meta name=\"twitter:data1\" content=\"Monique STUTZMANN\" \/>\n\t<meta name=\"twitter:label2\" content=\"Gesch\u00e4tzte Lesezeit\" \/>\n\t<meta name=\"twitter:data2\" content=\"4\u00a0Minuten\" \/>\n<script type=\"application\/ld+json\" class=\"yoast-schema-graph\">{\"@context\":\"https:\/\/schema.org\",\"@graph\":[{\"@type\":\"WebPage\",\"@id\":\"https:\/\/www.pamina-business.com\/de\/ihk-karlsruhe-einstieg-beruf-in-diesem-jahr-besonders-international\/\",\"url\":\"https:\/\/www.pamina-business.com\/de\/ihk-karlsruhe-einstieg-beruf-in-diesem-jahr-besonders-international\/\",\"name\":\"IHK KARLSRUHE EINSTIEG BERUF IN DIESEM JAHR BESONDERS INTERNATIONAL - PAMINA Business Club\",\"isPartOf\":{\"@id\":\"http:\/\/www.pamina-business.com\/de\/#website\"},\"primaryImageOfPage\":{\"@id\":\"https:\/\/www.pamina-business.com\/de\/ihk-karlsruhe-einstieg-beruf-in-diesem-jahr-besonders-international\/#primaryimage\"},\"image\":{\"@id\":\"https:\/\/www.pamina-business.com\/de\/ihk-karlsruhe-einstieg-beruf-in-diesem-jahr-besonders-international\/#primaryimage\"},\"thumbnailUrl\":\"https:\/\/www.karlsruhe.ihk.de\/image\/kaihk24\/Ausbildung_und_Weiterbildung\/Aktuelles\/3121452\/thumb75\/430\/270\/a6f394ae2170195f9f01ff7cfefbd80c\/yF\/data\/Einstieg2016.jpg\",\"datePublished\":\"2016-02-08T09:37:53+00:00\",\"dateModified\":\"2016-02-02T09:42:49+00:00\",\"author\":{\"@id\":\"http:\/\/www.pamina-business.com\/de\/#\/schema\/person\/9ab02536dbdbc5e3ef40bbc3452c8c69\"},\"breadcrumb\":{\"@id\":\"https:\/\/www.pamina-business.com\/de\/ihk-karlsruhe-einstieg-beruf-in-diesem-jahr-besonders-international\/#breadcrumb\"},\"inLanguage\":\"de\",\"potentialAction\":[{\"@type\":\"ReadAction\",\"target\":[\"https:\/\/www.pamina-business.com\/de\/ihk-karlsruhe-einstieg-beruf-in-diesem-jahr-besonders-international\/\"]}]},{\"@type\":\"ImageObject\",\"inLanguage\":\"de\",\"@id\":\"https:\/\/www.pamina-business.com\/de\/ihk-karlsruhe-einstieg-beruf-in-diesem-jahr-besonders-international\/#primaryimage\",\"url\":\"https:\/\/www.karlsruhe.ihk.de\/image\/kaihk24\/Ausbildung_und_Weiterbildung\/Aktuelles\/3121452\/thumb75\/430\/270\/a6f394ae2170195f9f01ff7cfefbd80c\/yF\/data\/Einstieg2016.jpg\",\"contentUrl\":\"https:\/\/www.karlsruhe.ihk.de\/image\/kaihk24\/Ausbildung_und_Weiterbildung\/Aktuelles\/3121452\/thumb75\/430\/270\/a6f394ae2170195f9f01ff7cfefbd80c\/yF\/data\/Einstieg2016.jpg\"},{\"@type\":\"BreadcrumbList\",\"@id\":\"https:\/\/www.pamina-business.com\/de\/ihk-karlsruhe-einstieg-beruf-in-diesem-jahr-besonders-international\/#breadcrumb\",\"itemListElement\":[{\"@type\":\"ListItem\",\"position\":1,\"name\":\"Accueil\",\"item\":\"http:\/\/www.pamina-business.com\/de\/\"},{\"@type\":\"ListItem\",\"position\":2,\"name\":\"IHK KARLSRUHE EINSTIEG BERUF IN DIESEM JAHR BESONDERS INTERNATIONAL\"}]},{\"@type\":\"WebSite\",\"@id\":\"http:\/\/www.pamina-business.com\/de\/#website\",\"url\":\"http:\/\/www.pamina-business.com\/de\/\",\"name\":\"PAMINA Business Club\",\"description\":\"Un site utilisant WordPress\",\"potentialAction\":[{\"@type\":\"SearchAction\",\"target\":{\"@type\":\"EntryPoint\",\"urlTemplate\":\"http:\/\/www.pamina-business.com\/de\/?s={search_term_string}\"},\"query-input\":{\"@type\":\"PropertyValueSpecification\",\"valueRequired\":true,\"valueName\":\"search_term_string\"}}],\"inLanguage\":\"de\"},{\"@type\":\"Person\",\"@id\":\"http:\/\/www.pamina-business.com\/de\/#\/schema\/person\/9ab02536dbdbc5e3ef40bbc3452c8c69\",\"name\":\"Monique STUTZMANN\",\"image\":{\"@type\":\"ImageObject\",\"inLanguage\":\"de\",\"@id\":\"http:\/\/www.pamina-business.com\/de\/#\/schema\/person\/image\/\",\"url\":\"https:\/\/secure.gravatar.com\/avatar\/cc1c3adf9a9f6e969d3da7b6b34ec66f5f4a6844dfc9145380a75e42cd91882e?s=96&d=mm&r=g\",\"contentUrl\":\"https:\/\/secure.gravatar.com\/avatar\/cc1c3adf9a9f6e969d3da7b6b34ec66f5f4a6844dfc9145380a75e42cd91882e?s=96&d=mm&r=g\",\"caption\":\"Monique STUTZMANN\"},\"url\":\"https:\/\/www.pamina-business.com\/de\/author\/monique\/\"}]}<\/script>\n<!-- \/ Yoast SEO plugin. -->","yoast_head_json":{"title":"IHK KARLSRUHE EINSTIEG BERUF IN DIESEM JAHR BESONDERS INTERNATIONAL - PAMINA Business Club","robots":{"index":"index","follow":"follow","max-snippet":"max-snippet:-1","max-image-preview":"max-image-preview:large","max-video-preview":"max-video-preview:-1"},"canonical":"https:\/\/www.pamina-business.com\/de\/ihk-karlsruhe-einstieg-beruf-in-diesem-jahr-besonders-international\/","og_locale":"de_DE","og_type":"article","og_title":"IHK KARLSRUHE EINSTIEG BERUF IN DIESEM JAHR BESONDERS INTERNATIONAL - PAMINA Business Club","og_description":"Ausbildungsmesse der Superlative Eine \u201eMesse der Superlative\u201c hatte IHK-Pr\u00e4sident Wolfgang Grenke die Einstieg Beruf bereits im Vorfeld genannt. Au\u00dfergew\u00f6hnlich war die gr\u00f6\u00dfte regionale Ausbildungsmesse dann tats\u00e4chlich in vielerlei Hinsicht. Mit 17200 Besuchern (im Vorjahr waren es 14 000) wurden deutlich mehr G\u00e4ste verzeichnet als erwartet, die Zahl der Aussteller ist um 66 auf 296 gestiegen. [&hellip;]","og_url":"https:\/\/www.pamina-business.com\/de\/ihk-karlsruhe-einstieg-beruf-in-diesem-jahr-besonders-international\/","og_site_name":"PAMINA Business Club","article_published_time":"2016-02-08T09:37:53+00:00","article_modified_time":"2016-02-02T09:42:49+00:00","og_image":[{"url":"https:\/\/www.karlsruhe.ihk.de\/image\/kaihk24\/Ausbildung_und_Weiterbildung\/Aktuelles\/3121452\/thumb75\/430\/270\/a6f394ae2170195f9f01ff7cfefbd80c\/yF\/data\/Einstieg2016.jpg"}],"author":"Monique STUTZMANN","twitter_card":"summary_large_image","twitter_misc":{"Verfasst von":"Monique STUTZMANN","Gesch\u00e4tzte Lesezeit":"4\u00a0Minuten"},"schema":{"@context":"https:\/\/schema.org","@graph":[{"@type":"WebPage","@id":"https:\/\/www.pamina-business.com\/de\/ihk-karlsruhe-einstieg-beruf-in-diesem-jahr-besonders-international\/","url":"https:\/\/www.pamina-business.com\/de\/ihk-karlsruhe-einstieg-beruf-in-diesem-jahr-besonders-international\/","name":"IHK KARLSRUHE EINSTIEG BERUF IN DIESEM JAHR BESONDERS INTERNATIONAL - PAMINA Business Club","isPartOf":{"@id":"http:\/\/www.pamina-business.com\/de\/#website"},"primaryImageOfPage":{"@id":"https:\/\/www.pamina-business.com\/de\/ihk-karlsruhe-einstieg-beruf-in-diesem-jahr-besonders-international\/#primaryimage"},"image":{"@id":"https:\/\/www.pamina-business.com\/de\/ihk-karlsruhe-einstieg-beruf-in-diesem-jahr-besonders-international\/#primaryimage"},"thumbnailUrl":"https:\/\/www.karlsruhe.ihk.de\/image\/kaihk24\/Ausbildung_und_Weiterbildung\/Aktuelles\/3121452\/thumb75\/430\/270\/a6f394ae2170195f9f01ff7cfefbd80c\/yF\/data\/Einstieg2016.jpg","datePublished":"2016-02-08T09:37:53+00:00","dateModified":"2016-02-02T09:42:49+00:00","author":{"@id":"http:\/\/www.pamina-business.com\/de\/#\/schema\/person\/9ab02536dbdbc5e3ef40bbc3452c8c69"},"breadcrumb":{"@id":"https:\/\/www.pamina-business.com\/de\/ihk-karlsruhe-einstieg-beruf-in-diesem-jahr-besonders-international\/#breadcrumb"},"inLanguage":"de","potentialAction":[{"@type":"ReadAction","target":["https:\/\/www.pamina-business.com\/de\/ihk-karlsruhe-einstieg-beruf-in-diesem-jahr-besonders-international\/"]}]},{"@type":"ImageObject","inLanguage":"de","@id":"https:\/\/www.pamina-business.com\/de\/ihk-karlsruhe-einstieg-beruf-in-diesem-jahr-besonders-international\/#primaryimage","url":"https:\/\/www.karlsruhe.ihk.de\/image\/kaihk24\/Ausbildung_und_Weiterbildung\/Aktuelles\/3121452\/thumb75\/430\/270\/a6f394ae2170195f9f01ff7cfefbd80c\/yF\/data\/Einstieg2016.jpg","contentUrl":"https:\/\/www.karlsruhe.ihk.de\/image\/kaihk24\/Ausbildung_und_Weiterbildung\/Aktuelles\/3121452\/thumb75\/430\/270\/a6f394ae2170195f9f01ff7cfefbd80c\/yF\/data\/Einstieg2016.jpg"},{"@type":"BreadcrumbList","@id":"https:\/\/www.pamina-business.com\/de\/ihk-karlsruhe-einstieg-beruf-in-diesem-jahr-besonders-international\/#breadcrumb","itemListElement":[{"@type":"ListItem","position":1,"name":"Accueil","item":"http:\/\/www.pamina-business.com\/de\/"},{"@type":"ListItem","position":2,"name":"IHK KARLSRUHE EINSTIEG BERUF IN DIESEM JAHR BESONDERS INTERNATIONAL"}]},{"@type":"WebSite","@id":"http:\/\/www.pamina-business.com\/de\/#website","url":"http:\/\/www.pamina-business.com\/de\/","name":"PAMINA Business Club","description":"Un site utilisant WordPress","potentialAction":[{"@type":"SearchAction","target":{"@type":"EntryPoint","urlTemplate":"http:\/\/www.pamina-business.com\/de\/?s={search_term_string}"},"query-input":{"@type":"PropertyValueSpecification","valueRequired":true,"valueName":"search_term_string"}}],"inLanguage":"de"},{"@type":"Person","@id":"http:\/\/www.pamina-business.com\/de\/#\/schema\/person\/9ab02536dbdbc5e3ef40bbc3452c8c69","name":"Monique STUTZMANN","image":{"@type":"ImageObject","inLanguage":"de","@id":"http:\/\/www.pamina-business.com\/de\/#\/schema\/person\/image\/","url":"https:\/\/secure.gravatar.com\/avatar\/cc1c3adf9a9f6e969d3da7b6b34ec66f5f4a6844dfc9145380a75e42cd91882e?s=96&d=mm&r=g","contentUrl":"https:\/\/secure.gravatar.com\/avatar\/cc1c3adf9a9f6e969d3da7b6b34ec66f5f4a6844dfc9145380a75e42cd91882e?s=96&d=mm&r=g","caption":"Monique STUTZMANN"},"url":"https:\/\/www.pamina-business.com\/de\/author\/monique\/"}]}},"_links":{"self":[{"href":"https:\/\/www.pamina-business.com\/de\/wp-json\/wp\/v2\/posts\/1341","targetHints":{"allow":["GET"]}}],"collection":[{"href":"https:\/\/www.pamina-business.com\/de\/wp-json\/wp\/v2\/posts"}],"about":[{"href":"https:\/\/www.pamina-business.com\/de\/wp-json\/wp\/v2\/types\/post"}],"author":[{"embeddable":true,"href":"https:\/\/www.pamina-business.com\/de\/wp-json\/wp\/v2\/users\/3"}],"replies":[{"embeddable":true,"href":"https:\/\/www.pamina-business.com\/de\/wp-json\/wp\/v2\/comments?post=1341"}],"version-history":[{"count":1,"href":"https:\/\/www.pamina-business.com\/de\/wp-json\/wp\/v2\/posts\/1341\/revisions"}],"predecessor-version":[{"id":1342,"href":"https:\/\/www.pamina-business.com\/de\/wp-json\/wp\/v2\/posts\/1341\/revisions\/1342"}],"wp:attachment":[{"href":"https:\/\/www.pamina-business.com\/de\/wp-json\/wp\/v2\/media?parent=1341"}],"wp:term":[{"taxonomy":"category","embeddable":true,"href":"https:\/\/www.pamina-business.com\/de\/wp-json\/wp\/v2\/categories?post=1341"},{"taxonomy":"post_tag","embeddable":true,"href":"https:\/\/www.pamina-business.com\/de\/wp-json\/wp\/v2\/tags?post=1341"}],"curies":[{"name":"wp","href":"https:\/\/api.w.org\/{rel}","templated":true}]}}