{"id":1278,"date":"2016-01-29T10:59:49","date_gmt":"2016-01-29T10:59:49","guid":{"rendered":"http:\/\/www.pamina-business.com\/?p=1278"},"modified":"2016-01-19T10:25:35","modified_gmt":"2016-01-19T10:25:35","slug":"forderung-binationaler-ausbildung-mit-frankreich","status":"publish","type":"post","link":"https:\/\/www.pamina-business.com\/de\/forderung-binationaler-ausbildung-mit-frankreich\/","title":{"rendered":"F\u00f6rderung binationaler Ausbildung mit Frankreich."},"content":{"rendered":"<div data-canvas-width=\"537.2424000000001\"><strong>Frankreich und Deutschland wollen binationale Ausbildung f\u00f6rdern<\/strong><\/div>\n<div data-canvas-width=\"42.379799999999996\"><\/div>\n<div data-canvas-width=\"756.7774000000001\">Um die Mobilit\u00e4t junger Menschen und die Durchl\u00e4ssigkeit der Arbeitsm\u00e4rkte in Europa zu steigern, h<\/div>\n<div data-canvas-width=\"572.8162000000003\">aben die Regierungen Frankreichs und Deutschlands zusammen mit elf Unternehmen, den Sozialpartnern beider L\u00e4nder und anderen Institutionen am 23.11.15 das Pilotprojekt Erasmus der beruflichen Bildung gestartet. Zun\u00e4chst sollen 50 Auszubildende aus Frankreich und Deutschland an einem zwei-bis dreimonatigem Austausch w\u00e4hrend ihrer Ausbildung teilnehmen und damit ihre Qualifikation verbessern.<\/div>\n<div data-canvas-width=\"572.8162000000003\"><\/div>\n<div data-canvas-width=\"572.8162000000003\"><em>Quelle<\/em> : IHK Pfalz &#8211; Aussenwirtschaft Aktuell &#8211; Ausgabe Januar 2016<\/div>\n<div data-canvas-width=\"572.8162000000003\"><a href=\"http:\/\/pfalz.ihk24.de\/international\" target=\"_blank\">www.pfalz.ihk24.de\/international<\/a><\/div>\n<div data-canvas-width=\"572.8162000000003\"><\/div>\n<div data-canvas-width=\"572.8162000000003\"><em>Information<\/em> : Petra Trump<\/div>\n<div data-canvas-width=\"572.8162000000003\"><a href=\"&#x6d;&#x61;&#x69;&#x6c;&#x74;&#x6f;&#58;&#112;&#101;&#116;ra&#46;t&#x72;&#x75;&#x6d;&#x70;&#x40;&#x70;&#102;&#97;&#108;&#122;&#46;ihk&#x32;&#x34;&#x2e;&#x64;&#x65;\" target=\"_blank\">&#112;&#x65;t&#x72;&#x61;&#46;&#x74;r&#117;&#x6d;&#112;&#x40;p&#102;&#x61;l&#x7a;&#46;&#105;&#x68;k&#x32;&#x34;&#46;&#x64;e<\/a><\/div>\n<div data-canvas-width=\"572.8162000000003\"><\/div>\n","protected":false},"excerpt":{"rendered":"<p>Frankreich und Deutschland wollen binationale Ausbildung f\u00f6rdern Um die Mobilit\u00e4t junger Menschen und die Durchl\u00e4ssigkeit der Arbeitsm\u00e4rkte in Europa zu steigern, h aben die Regierungen Frankreichs und Deutschlands zusammen mit elf Unternehmen, den Sozialpartnern beider L\u00e4nder und anderen Institutionen am 23.11.15 das Pilotprojekt Erasmus der beruflichen Bildung gestartet. Zun\u00e4chst sollen 50 Auszubildende aus Frankreich und [&hellip;]<\/p>\n","protected":false},"author":3,"featured_media":0,"comment_status":"open","ping_status":"open","sticky":false,"template":"","format":"standard","meta":{"_exactmetrics_skip_tracking":false,"_exactmetrics_sitenote_active":false,"_exactmetrics_sitenote_note":"","_exactmetrics_sitenote_category":0,"footnotes":""},"categories":[57],"tags":[],"class_list":["post-1278","post","type-post","status-publish","format-standard","hentry","category-berufsbildung-de"],"yoast_head":"<!-- This site is optimized with the Yoast SEO plugin v23.5 - https:\/\/yoast.com\/wordpress\/plugins\/seo\/ -->\n<title>F\u00f6rderung binationaler Ausbildung mit Frankreich. - PAMINA Business Club<\/title>\n<meta name=\"robots\" content=\"index, follow, max-snippet:-1, max-image-preview:large, max-video-preview:-1\" \/>\n<link rel=\"canonical\" href=\"https:\/\/www.pamina-business.com\/de\/forderung-binationaler-ausbildung-mit-frankreich\/\" \/>\n<meta property=\"og:locale\" content=\"de_DE\" \/>\n<meta property=\"og:type\" content=\"article\" \/>\n<meta property=\"og:title\" content=\"F\u00f6rderung binationaler Ausbildung mit Frankreich. - PAMINA Business Club\" \/>\n<meta property=\"og:description\" content=\"Frankreich und Deutschland wollen binationale Ausbildung f\u00f6rdern Um die Mobilit\u00e4t junger Menschen und die Durchl\u00e4ssigkeit der Arbeitsm\u00e4rkte in Europa zu steigern, h aben die Regierungen Frankreichs und Deutschlands zusammen mit elf Unternehmen, den Sozialpartnern beider L\u00e4nder und anderen Institutionen am 23.11.15 das Pilotprojekt Erasmus der beruflichen Bildung gestartet. Zun\u00e4chst sollen 50 Auszubildende aus Frankreich und [&hellip;]\" \/>\n<meta property=\"og:url\" content=\"https:\/\/www.pamina-business.com\/de\/forderung-binationaler-ausbildung-mit-frankreich\/\" \/>\n<meta property=\"og:site_name\" content=\"PAMINA Business Club\" \/>\n<meta property=\"article:published_time\" content=\"2016-01-29T10:59:49+00:00\" \/>\n<meta property=\"article:modified_time\" content=\"2016-01-19T10:25:35+00:00\" \/>\n<meta name=\"author\" content=\"Monique STUTZMANN\" \/>\n<meta name=\"twitter:card\" content=\"summary_large_image\" \/>\n<meta name=\"twitter:label1\" content=\"Verfasst von\" \/>\n\t<meta name=\"twitter:data1\" content=\"Monique STUTZMANN\" \/>\n<script type=\"application\/ld+json\" class=\"yoast-schema-graph\">{\"@context\":\"https:\/\/schema.org\",\"@graph\":[{\"@type\":\"WebPage\",\"@id\":\"https:\/\/www.pamina-business.com\/de\/forderung-binationaler-ausbildung-mit-frankreich\/\",\"url\":\"https:\/\/www.pamina-business.com\/de\/forderung-binationaler-ausbildung-mit-frankreich\/\",\"name\":\"F\u00f6rderung binationaler Ausbildung mit Frankreich. - PAMINA Business Club\",\"isPartOf\":{\"@id\":\"http:\/\/www.pamina-business.com\/de\/#website\"},\"datePublished\":\"2016-01-29T10:59:49+00:00\",\"dateModified\":\"2016-01-19T10:25:35+00:00\",\"author\":{\"@id\":\"http:\/\/www.pamina-business.com\/de\/#\/schema\/person\/9ab02536dbdbc5e3ef40bbc3452c8c69\"},\"breadcrumb\":{\"@id\":\"https:\/\/www.pamina-business.com\/de\/forderung-binationaler-ausbildung-mit-frankreich\/#breadcrumb\"},\"inLanguage\":\"de\",\"potentialAction\":[{\"@type\":\"ReadAction\",\"target\":[\"https:\/\/www.pamina-business.com\/de\/forderung-binationaler-ausbildung-mit-frankreich\/\"]}]},{\"@type\":\"BreadcrumbList\",\"@id\":\"https:\/\/www.pamina-business.com\/de\/forderung-binationaler-ausbildung-mit-frankreich\/#breadcrumb\",\"itemListElement\":[{\"@type\":\"ListItem\",\"position\":1,\"name\":\"Accueil\",\"item\":\"http:\/\/www.pamina-business.com\/de\/\"},{\"@type\":\"ListItem\",\"position\":2,\"name\":\"F\u00f6rderung binationaler Ausbildung mit Frankreich.\"}]},{\"@type\":\"WebSite\",\"@id\":\"http:\/\/www.pamina-business.com\/de\/#website\",\"url\":\"http:\/\/www.pamina-business.com\/de\/\",\"name\":\"PAMINA Business Club\",\"description\":\"Un site utilisant WordPress\",\"potentialAction\":[{\"@type\":\"SearchAction\",\"target\":{\"@type\":\"EntryPoint\",\"urlTemplate\":\"http:\/\/www.pamina-business.com\/de\/?s={search_term_string}\"},\"query-input\":{\"@type\":\"PropertyValueSpecification\",\"valueRequired\":true,\"valueName\":\"search_term_string\"}}],\"inLanguage\":\"de\"},{\"@type\":\"Person\",\"@id\":\"http:\/\/www.pamina-business.com\/de\/#\/schema\/person\/9ab02536dbdbc5e3ef40bbc3452c8c69\",\"name\":\"Monique STUTZMANN\",\"image\":{\"@type\":\"ImageObject\",\"inLanguage\":\"de\",\"@id\":\"http:\/\/www.pamina-business.com\/de\/#\/schema\/person\/image\/\",\"url\":\"https:\/\/secure.gravatar.com\/avatar\/cc1c3adf9a9f6e969d3da7b6b34ec66f5f4a6844dfc9145380a75e42cd91882e?s=96&d=mm&r=g\",\"contentUrl\":\"https:\/\/secure.gravatar.com\/avatar\/cc1c3adf9a9f6e969d3da7b6b34ec66f5f4a6844dfc9145380a75e42cd91882e?s=96&d=mm&r=g\",\"caption\":\"Monique STUTZMANN\"},\"url\":\"https:\/\/www.pamina-business.com\/de\/author\/monique\/\"}]}<\/script>\n<!-- \/ Yoast SEO plugin. -->","yoast_head_json":{"title":"F\u00f6rderung binationaler Ausbildung mit Frankreich. - PAMINA Business Club","robots":{"index":"index","follow":"follow","max-snippet":"max-snippet:-1","max-image-preview":"max-image-preview:large","max-video-preview":"max-video-preview:-1"},"canonical":"https:\/\/www.pamina-business.com\/de\/forderung-binationaler-ausbildung-mit-frankreich\/","og_locale":"de_DE","og_type":"article","og_title":"F\u00f6rderung binationaler Ausbildung mit Frankreich. - PAMINA Business Club","og_description":"Frankreich und Deutschland wollen binationale Ausbildung f\u00f6rdern Um die Mobilit\u00e4t junger Menschen und die Durchl\u00e4ssigkeit der Arbeitsm\u00e4rkte in Europa zu steigern, h aben die Regierungen Frankreichs und Deutschlands zusammen mit elf Unternehmen, den Sozialpartnern beider L\u00e4nder und anderen Institutionen am 23.11.15 das Pilotprojekt Erasmus der beruflichen Bildung gestartet. Zun\u00e4chst sollen 50 Auszubildende aus Frankreich und [&hellip;]","og_url":"https:\/\/www.pamina-business.com\/de\/forderung-binationaler-ausbildung-mit-frankreich\/","og_site_name":"PAMINA Business Club","article_published_time":"2016-01-29T10:59:49+00:00","article_modified_time":"2016-01-19T10:25:35+00:00","author":"Monique STUTZMANN","twitter_card":"summary_large_image","twitter_misc":{"Verfasst von":"Monique STUTZMANN"},"schema":{"@context":"https:\/\/schema.org","@graph":[{"@type":"WebPage","@id":"https:\/\/www.pamina-business.com\/de\/forderung-binationaler-ausbildung-mit-frankreich\/","url":"https:\/\/www.pamina-business.com\/de\/forderung-binationaler-ausbildung-mit-frankreich\/","name":"F\u00f6rderung binationaler Ausbildung mit Frankreich. - PAMINA Business Club","isPartOf":{"@id":"http:\/\/www.pamina-business.com\/de\/#website"},"datePublished":"2016-01-29T10:59:49+00:00","dateModified":"2016-01-19T10:25:35+00:00","author":{"@id":"http:\/\/www.pamina-business.com\/de\/#\/schema\/person\/9ab02536dbdbc5e3ef40bbc3452c8c69"},"breadcrumb":{"@id":"https:\/\/www.pamina-business.com\/de\/forderung-binationaler-ausbildung-mit-frankreich\/#breadcrumb"},"inLanguage":"de","potentialAction":[{"@type":"ReadAction","target":["https:\/\/www.pamina-business.com\/de\/forderung-binationaler-ausbildung-mit-frankreich\/"]}]},{"@type":"BreadcrumbList","@id":"https:\/\/www.pamina-business.com\/de\/forderung-binationaler-ausbildung-mit-frankreich\/#breadcrumb","itemListElement":[{"@type":"ListItem","position":1,"name":"Accueil","item":"http:\/\/www.pamina-business.com\/de\/"},{"@type":"ListItem","position":2,"name":"F\u00f6rderung binationaler Ausbildung mit Frankreich."}]},{"@type":"WebSite","@id":"http:\/\/www.pamina-business.com\/de\/#website","url":"http:\/\/www.pamina-business.com\/de\/","name":"PAMINA Business Club","description":"Un site utilisant WordPress","potentialAction":[{"@type":"SearchAction","target":{"@type":"EntryPoint","urlTemplate":"http:\/\/www.pamina-business.com\/de\/?s={search_term_string}"},"query-input":{"@type":"PropertyValueSpecification","valueRequired":true,"valueName":"search_term_string"}}],"inLanguage":"de"},{"@type":"Person","@id":"http:\/\/www.pamina-business.com\/de\/#\/schema\/person\/9ab02536dbdbc5e3ef40bbc3452c8c69","name":"Monique STUTZMANN","image":{"@type":"ImageObject","inLanguage":"de","@id":"http:\/\/www.pamina-business.com\/de\/#\/schema\/person\/image\/","url":"https:\/\/secure.gravatar.com\/avatar\/cc1c3adf9a9f6e969d3da7b6b34ec66f5f4a6844dfc9145380a75e42cd91882e?s=96&d=mm&r=g","contentUrl":"https:\/\/secure.gravatar.com\/avatar\/cc1c3adf9a9f6e969d3da7b6b34ec66f5f4a6844dfc9145380a75e42cd91882e?s=96&d=mm&r=g","caption":"Monique STUTZMANN"},"url":"https:\/\/www.pamina-business.com\/de\/author\/monique\/"}]}},"_links":{"self":[{"href":"https:\/\/www.pamina-business.com\/de\/wp-json\/wp\/v2\/posts\/1278","targetHints":{"allow":["GET"]}}],"collection":[{"href":"https:\/\/www.pamina-business.com\/de\/wp-json\/wp\/v2\/posts"}],"about":[{"href":"https:\/\/www.pamina-business.com\/de\/wp-json\/wp\/v2\/types\/post"}],"author":[{"embeddable":true,"href":"https:\/\/www.pamina-business.com\/de\/wp-json\/wp\/v2\/users\/3"}],"replies":[{"embeddable":true,"href":"https:\/\/www.pamina-business.com\/de\/wp-json\/wp\/v2\/comments?post=1278"}],"version-history":[{"count":1,"href":"https:\/\/www.pamina-business.com\/de\/wp-json\/wp\/v2\/posts\/1278\/revisions"}],"predecessor-version":[{"id":1279,"href":"https:\/\/www.pamina-business.com\/de\/wp-json\/wp\/v2\/posts\/1278\/revisions\/1279"}],"wp:attachment":[{"href":"https:\/\/www.pamina-business.com\/de\/wp-json\/wp\/v2\/media?parent=1278"}],"wp:term":[{"taxonomy":"category","embeddable":true,"href":"https:\/\/www.pamina-business.com\/de\/wp-json\/wp\/v2\/categories?post=1278"},{"taxonomy":"post_tag","embeddable":true,"href":"https:\/\/www.pamina-business.com\/de\/wp-json\/wp\/v2\/tags?post=1278"}],"curies":[{"name":"wp","href":"https:\/\/api.w.org\/{rel}","templated":true}]}}