{"id":1084,"date":"2015-11-18T07:24:23","date_gmt":"2015-11-18T07:24:23","guid":{"rendered":"http:\/\/www.pamina-business.com\/?p=1084"},"modified":"2015-11-17T10:08:11","modified_gmt":"2015-11-17T10:08:11","slug":"programme-interreg-v-2014-2020-109me-pour-la-region-metropolitaine-du-rhin-superieur","status":"publish","type":"post","link":"https:\/\/www.pamina-business.com\/de\/programme-interreg-v-2014-2020-109me-pour-la-region-metropolitaine-du-rhin-superieur\/","title":{"rendered":"PROGRAMME INTERREG V ( 2014-2020) : 109M\u20ac POUR LA REGION METROPOLITAINE DU RHIN SUPERIEUR"},"content":{"rendered":"<p>Le programme INTERREG V \u00e9tabli par Bruxelles pr\u00e9voit 3 mesures majeures en faveur de l&#8217;emploi transfrontalier :<\/p>\n<p>&#8211; le d\u00e9veloppement des flux commerciaux des entreprises dans le Rhin Sup\u00e9rieur,<\/p>\n<p>&#8211; le march\u00e9 du travail dans le Rhin Sup\u00e9rieur,<\/p>\n<p>&#8211; les transferts de technologie et d&#8217;innovations.<\/p>\n<p>La R\u00e9gion Alsace pilote un projet d&#8217;envergure nomm\u00e9 &#8220; R\u00e9ussir sans fronti\u00e8res&#8220; en coop\u00e9ration notamment avec le p\u00f4le formation de la CCI. Son but est de pallier le manque de main d&#8217;oeuvre dans le Baden-Wurtemberg en favorisant l&#8217;apprentissage de la langue allemande, le d\u00e9veloppement de l&#8217;apprentissage transfrontalier et l&#8217;acc\u00e8s aux formations trinationales.<\/p>\n<p><em>Source<\/em> : Le Point Economique 09 2015<\/p>\n<p><em>Contact<\/em> : Patrick Schalck &#8211; Pilier Economie R\u00e9gion M\u00e9tropolitaine du Rhin Sup\u00e9rieur &#8211;<\/p>\n<p><a href=\"p&#46;schalc&#107;&#64;&#97;&#108;&#115;&#97;&#99;&#101;&#46;&#99;&#x63;&#x69;&#x2e;&#x66;&#x72;\" target=\"_blank\">&#112;&#46;&#x73;c&#x68;a&#x6c;&#99;&#x6b;&#64;&#x61;&#108;s&#x61;c&#x65;&#46;&#x63;&#99;&#x69;&#46;&#x66;&#114;\u00a0 <\/a><\/p>\n","protected":false},"excerpt":{"rendered":"<p>Le programme INTERREG V \u00e9tabli par Bruxelles pr\u00e9voit 3 mesures majeures en faveur de l&#8217;emploi transfrontalier : &#8211; le d\u00e9veloppement des flux commerciaux des entreprises dans le Rhin Sup\u00e9rieur, &#8211; le march\u00e9 du travail dans le Rhin Sup\u00e9rieur, &#8211; les transferts de technologie et d&#8217;innovations. La R\u00e9gion Alsace pilote un projet d&#8217;envergure nomm\u00e9 &#8220; R\u00e9ussir [&hellip;]<\/p>\n","protected":false},"author":3,"featured_media":0,"comment_status":"open","ping_status":"open","sticky":false,"template":"","format":"standard","meta":{"_exactmetrics_skip_tracking":false,"_exactmetrics_sitenote_active":false,"_exactmetrics_sitenote_note":"","_exactmetrics_sitenote_category":0,"footnotes":""},"categories":[4],"tags":[],"class_list":["post-1084","post","type-post","status-publish","format-standard","hentry","category-education-fr"],"yoast_head":"<!-- This site is optimized with the Yoast SEO plugin v23.5 - https:\/\/yoast.com\/wordpress\/plugins\/seo\/ -->\n<title>PROGRAMME INTERREG V ( 2014-2020) : 109M\u20ac POUR LA REGION METROPOLITAINE DU RHIN SUPERIEUR - PAMINA Business Club<\/title>\n<meta name=\"robots\" content=\"index, follow, max-snippet:-1, max-image-preview:large, max-video-preview:-1\" \/>\n<link rel=\"canonical\" href=\"https:\/\/www.pamina-business.com\/en\/programme-interreg-v-2014-2020-109me-pour-la-region-metropolitaine-du-rhin-superieur\/\" \/>\n<meta property=\"og:locale\" content=\"de_DE\" \/>\n<meta property=\"og:type\" content=\"article\" \/>\n<meta property=\"og:title\" content=\"PROGRAMME INTERREG V ( 2014-2020) : 109M\u20ac POUR LA REGION METROPOLITAINE DU RHIN SUPERIEUR - PAMINA Business Club\" \/>\n<meta property=\"og:description\" content=\"Le programme INTERREG V \u00e9tabli par Bruxelles pr\u00e9voit 3 mesures majeures en faveur de l&#8217;emploi transfrontalier : &#8211; le d\u00e9veloppement des flux commerciaux des entreprises dans le Rhin Sup\u00e9rieur, &#8211; le march\u00e9 du travail dans le Rhin Sup\u00e9rieur, &#8211; les transferts de technologie et d&#8217;innovations. La R\u00e9gion Alsace pilote un projet d&#8217;envergure nomm\u00e9 &#8220; R\u00e9ussir [&hellip;]\" \/>\n<meta property=\"og:url\" content=\"https:\/\/www.pamina-business.com\/en\/programme-interreg-v-2014-2020-109me-pour-la-region-metropolitaine-du-rhin-superieur\/\" \/>\n<meta property=\"og:site_name\" content=\"PAMINA Business Club\" \/>\n<meta property=\"article:published_time\" content=\"2015-11-18T07:24:23+00:00\" \/>\n<meta property=\"article:modified_time\" content=\"2015-11-17T10:08:11+00:00\" \/>\n<meta name=\"author\" content=\"Monique STUTZMANN\" \/>\n<meta name=\"twitter:card\" content=\"summary_large_image\" \/>\n<meta name=\"twitter:label1\" content=\"Verfasst von\" \/>\n\t<meta name=\"twitter:data1\" content=\"Monique STUTZMANN\" \/>\n\t<meta name=\"twitter:label2\" content=\"Gesch\u00e4tzte Lesezeit\" \/>\n\t<meta name=\"twitter:data2\" content=\"1\u00a0Minute\" \/>\n<script type=\"application\/ld+json\" class=\"yoast-schema-graph\">{\"@context\":\"https:\/\/schema.org\",\"@graph\":[{\"@type\":\"WebPage\",\"@id\":\"https:\/\/www.pamina-business.com\/en\/programme-interreg-v-2014-2020-109me-pour-la-region-metropolitaine-du-rhin-superieur\/\",\"url\":\"https:\/\/www.pamina-business.com\/en\/programme-interreg-v-2014-2020-109me-pour-la-region-metropolitaine-du-rhin-superieur\/\",\"name\":\"PROGRAMME INTERREG V ( 2014-2020) : 109M\u20ac POUR LA REGION METROPOLITAINE DU RHIN SUPERIEUR - PAMINA Business Club\",\"isPartOf\":{\"@id\":\"https:\/\/www.pamina-business.com\/de\/#website\"},\"datePublished\":\"2015-11-18T07:24:23+00:00\",\"dateModified\":\"2015-11-17T10:08:11+00:00\",\"author\":{\"@id\":\"https:\/\/www.pamina-business.com\/de\/#\/schema\/person\/9ab02536dbdbc5e3ef40bbc3452c8c69\"},\"breadcrumb\":{\"@id\":\"https:\/\/www.pamina-business.com\/en\/programme-interreg-v-2014-2020-109me-pour-la-region-metropolitaine-du-rhin-superieur\/#breadcrumb\"},\"inLanguage\":\"de\",\"potentialAction\":[{\"@type\":\"ReadAction\",\"target\":[\"https:\/\/www.pamina-business.com\/en\/programme-interreg-v-2014-2020-109me-pour-la-region-metropolitaine-du-rhin-superieur\/\"]}]},{\"@type\":\"BreadcrumbList\",\"@id\":\"https:\/\/www.pamina-business.com\/en\/programme-interreg-v-2014-2020-109me-pour-la-region-metropolitaine-du-rhin-superieur\/#breadcrumb\",\"itemListElement\":[{\"@type\":\"ListItem\",\"position\":1,\"name\":\"Accueil\",\"item\":\"https:\/\/www.pamina-business.com\/de\/\"},{\"@type\":\"ListItem\",\"position\":2,\"name\":\"PROGRAMME INTERREG V ( 2014-2020) : 109M\u20ac POUR LA REGION METROPOLITAINE DU RHIN SUPERIEUR\"}]},{\"@type\":\"WebSite\",\"@id\":\"https:\/\/www.pamina-business.com\/de\/#website\",\"url\":\"https:\/\/www.pamina-business.com\/de\/\",\"name\":\"PAMINA Business Club\",\"description\":\"Un site utilisant WordPress\",\"potentialAction\":[{\"@type\":\"SearchAction\",\"target\":{\"@type\":\"EntryPoint\",\"urlTemplate\":\"https:\/\/www.pamina-business.com\/de\/?s={search_term_string}\"},\"query-input\":{\"@type\":\"PropertyValueSpecification\",\"valueRequired\":true,\"valueName\":\"search_term_string\"}}],\"inLanguage\":\"de\"},{\"@type\":\"Person\",\"@id\":\"https:\/\/www.pamina-business.com\/de\/#\/schema\/person\/9ab02536dbdbc5e3ef40bbc3452c8c69\",\"name\":\"Monique STUTZMANN\",\"image\":{\"@type\":\"ImageObject\",\"inLanguage\":\"de\",\"@id\":\"https:\/\/www.pamina-business.com\/de\/#\/schema\/person\/image\/\",\"url\":\"https:\/\/secure.gravatar.com\/avatar\/cc1c3adf9a9f6e969d3da7b6b34ec66f5f4a6844dfc9145380a75e42cd91882e?s=96&d=mm&r=g\",\"contentUrl\":\"https:\/\/secure.gravatar.com\/avatar\/cc1c3adf9a9f6e969d3da7b6b34ec66f5f4a6844dfc9145380a75e42cd91882e?s=96&d=mm&r=g\",\"caption\":\"Monique STUTZMANN\"},\"url\":\"https:\/\/www.pamina-business.com\/de\/author\/monique\/\"}]}<\/script>\n<!-- \/ Yoast SEO plugin. -->","yoast_head_json":{"title":"PROGRAMME INTERREG V ( 2014-2020) : 109M\u20ac POUR LA REGION METROPOLITAINE DU RHIN SUPERIEUR - PAMINA Business Club","robots":{"index":"index","follow":"follow","max-snippet":"max-snippet:-1","max-image-preview":"max-image-preview:large","max-video-preview":"max-video-preview:-1"},"canonical":"https:\/\/www.pamina-business.com\/en\/programme-interreg-v-2014-2020-109me-pour-la-region-metropolitaine-du-rhin-superieur\/","og_locale":"de_DE","og_type":"article","og_title":"PROGRAMME INTERREG V ( 2014-2020) : 109M\u20ac POUR LA REGION METROPOLITAINE DU RHIN SUPERIEUR - PAMINA Business Club","og_description":"Le programme INTERREG V \u00e9tabli par Bruxelles pr\u00e9voit 3 mesures majeures en faveur de l&#8217;emploi transfrontalier : &#8211; le d\u00e9veloppement des flux commerciaux des entreprises dans le Rhin Sup\u00e9rieur, &#8211; le march\u00e9 du travail dans le Rhin Sup\u00e9rieur, &#8211; les transferts de technologie et d&#8217;innovations. La R\u00e9gion Alsace pilote un projet d&#8217;envergure nomm\u00e9 &#8220; R\u00e9ussir [&hellip;]","og_url":"https:\/\/www.pamina-business.com\/en\/programme-interreg-v-2014-2020-109me-pour-la-region-metropolitaine-du-rhin-superieur\/","og_site_name":"PAMINA Business Club","article_published_time":"2015-11-18T07:24:23+00:00","article_modified_time":"2015-11-17T10:08:11+00:00","author":"Monique STUTZMANN","twitter_card":"summary_large_image","twitter_misc":{"Verfasst von":"Monique STUTZMANN","Gesch\u00e4tzte Lesezeit":"1\u00a0Minute"},"schema":{"@context":"https:\/\/schema.org","@graph":[{"@type":"WebPage","@id":"https:\/\/www.pamina-business.com\/en\/programme-interreg-v-2014-2020-109me-pour-la-region-metropolitaine-du-rhin-superieur\/","url":"https:\/\/www.pamina-business.com\/en\/programme-interreg-v-2014-2020-109me-pour-la-region-metropolitaine-du-rhin-superieur\/","name":"PROGRAMME INTERREG V ( 2014-2020) : 109M\u20ac POUR LA REGION METROPOLITAINE DU RHIN SUPERIEUR - PAMINA Business Club","isPartOf":{"@id":"https:\/\/www.pamina-business.com\/de\/#website"},"datePublished":"2015-11-18T07:24:23+00:00","dateModified":"2015-11-17T10:08:11+00:00","author":{"@id":"https:\/\/www.pamina-business.com\/de\/#\/schema\/person\/9ab02536dbdbc5e3ef40bbc3452c8c69"},"breadcrumb":{"@id":"https:\/\/www.pamina-business.com\/en\/programme-interreg-v-2014-2020-109me-pour-la-region-metropolitaine-du-rhin-superieur\/#breadcrumb"},"inLanguage":"de","potentialAction":[{"@type":"ReadAction","target":["https:\/\/www.pamina-business.com\/en\/programme-interreg-v-2014-2020-109me-pour-la-region-metropolitaine-du-rhin-superieur\/"]}]},{"@type":"BreadcrumbList","@id":"https:\/\/www.pamina-business.com\/en\/programme-interreg-v-2014-2020-109me-pour-la-region-metropolitaine-du-rhin-superieur\/#breadcrumb","itemListElement":[{"@type":"ListItem","position":1,"name":"Accueil","item":"https:\/\/www.pamina-business.com\/de\/"},{"@type":"ListItem","position":2,"name":"PROGRAMME INTERREG V ( 2014-2020) : 109M\u20ac POUR LA REGION METROPOLITAINE DU RHIN SUPERIEUR"}]},{"@type":"WebSite","@id":"https:\/\/www.pamina-business.com\/de\/#website","url":"https:\/\/www.pamina-business.com\/de\/","name":"PAMINA Business Club","description":"Un site utilisant WordPress","potentialAction":[{"@type":"SearchAction","target":{"@type":"EntryPoint","urlTemplate":"https:\/\/www.pamina-business.com\/de\/?s={search_term_string}"},"query-input":{"@type":"PropertyValueSpecification","valueRequired":true,"valueName":"search_term_string"}}],"inLanguage":"de"},{"@type":"Person","@id":"https:\/\/www.pamina-business.com\/de\/#\/schema\/person\/9ab02536dbdbc5e3ef40bbc3452c8c69","name":"Monique STUTZMANN","image":{"@type":"ImageObject","inLanguage":"de","@id":"https:\/\/www.pamina-business.com\/de\/#\/schema\/person\/image\/","url":"https:\/\/secure.gravatar.com\/avatar\/cc1c3adf9a9f6e969d3da7b6b34ec66f5f4a6844dfc9145380a75e42cd91882e?s=96&d=mm&r=g","contentUrl":"https:\/\/secure.gravatar.com\/avatar\/cc1c3adf9a9f6e969d3da7b6b34ec66f5f4a6844dfc9145380a75e42cd91882e?s=96&d=mm&r=g","caption":"Monique STUTZMANN"},"url":"https:\/\/www.pamina-business.com\/de\/author\/monique\/"}]}},"_links":{"self":[{"href":"https:\/\/www.pamina-business.com\/de\/wp-json\/wp\/v2\/posts\/1084","targetHints":{"allow":["GET"]}}],"collection":[{"href":"https:\/\/www.pamina-business.com\/de\/wp-json\/wp\/v2\/posts"}],"about":[{"href":"https:\/\/www.pamina-business.com\/de\/wp-json\/wp\/v2\/types\/post"}],"author":[{"embeddable":true,"href":"https:\/\/www.pamina-business.com\/de\/wp-json\/wp\/v2\/users\/3"}],"replies":[{"embeddable":true,"href":"https:\/\/www.pamina-business.com\/de\/wp-json\/wp\/v2\/comments?post=1084"}],"version-history":[{"count":1,"href":"https:\/\/www.pamina-business.com\/de\/wp-json\/wp\/v2\/posts\/1084\/revisions"}],"predecessor-version":[{"id":1085,"href":"https:\/\/www.pamina-business.com\/de\/wp-json\/wp\/v2\/posts\/1084\/revisions\/1085"}],"wp:attachment":[{"href":"https:\/\/www.pamina-business.com\/de\/wp-json\/wp\/v2\/media?parent=1084"}],"wp:term":[{"taxonomy":"category","embeddable":true,"href":"https:\/\/www.pamina-business.com\/de\/wp-json\/wp\/v2\/categories?post=1084"},{"taxonomy":"post_tag","embeddable":true,"href":"https:\/\/www.pamina-business.com\/de\/wp-json\/wp\/v2\/tags?post=1084"}],"curies":[{"name":"wp","href":"https:\/\/api.w.org\/{rel}","templated":true}]}}