{"id":1008,"date":"2015-10-23T12:45:35","date_gmt":"2015-10-23T12:45:35","guid":{"rendered":"http:\/\/www.pamina-business.com\/?p=1008"},"modified":"2015-10-20T12:46:50","modified_gmt":"2015-10-20T12:46:50","slug":"dreiwochiges-mobilitatsprogramm-fur-azubis","status":"publish","type":"post","link":"https:\/\/www.pamina-business.com\/de\/dreiwochiges-mobilitatsprogramm-fur-azubis\/","title":{"rendered":"Dreiw\u00f6chiges Mobilit\u00e4tsprogramm f\u00fcr Azubis"},"content":{"rendered":"<h1 class=\"head\">Wirtschafts- und Unternehmenskultur Frankreich<\/h1>\n<div>\n<div class=\"text\">Die AHK in Paris bietet gemeinsam mit den IHKn Karlsruhe und Aachen ein 3-w\u00f6chiges Intensivseminar zur Wirtschafts- und Unternehmenskultur Frankreichs in Paris an. Das Seminar vermittelt grundlegende Kenntnisse \u00fcber die Unternehmenskultur und das franz\u00f6sische Wirtschaftssystem. Die Teilnehmer k\u00f6nnen ihre franz\u00f6sischen Sprachkenntnisse in berufsrelevanten Fallbeispielen, insbesondere bei Verkaufsgespr\u00e4chen, Verhandlungen, Pr\u00e4sentationen etc., anwenden und vertiefen.<\/div>\n<div class=\"text\">Nach erfolgreicher Pr\u00fcfung durch die AHK Frankreich wird das AHK-Weiterbildungszertifikat \u201eWirtschafts- und Unternehmenskultur in Frankreich\u201c ausgestellt, ansonsten eine Teilnahmebescheinigung.<\/div>\n<div class=\"text\">Zielgruppen sind Sch\u00fcler in kaufm\u00e4nnischer Ausbildung mit Schwerpunkt Fremdsprachen, Wirtschaft, Europaskret\u00e4r\/in, Fremdsprachenkorrespondet\/in und -assistent\/in, Assistent\/in f\u00fcr Internationales Management oder junge Arbeitnehmer mit abgeschlossener Erstausbildung<br \/>\nVorausetzungen sind gute Franz\u00f6sischkenntnisse (Niveau B1 des CEFR). Unterkunft bei einer Gastfamilie wird vermittelt.<\/div>\n<div class=\"text\">N\u00e4chster Termin ist der 13. M\u00e4rz bis zwei. April. Anmeldefrist ist der 13. Februar 2016!<br \/>\nN\u00e4here Informationen finden Sie <a href=\"http:\/\/www.francoallemand.com\/dienstleistungen\/aus-u-weiterbildung\/mobilitaetsprogramm-wirtschafts-und-unternehmenskultur-frankreich\/?no_cache=1\" target=\"_self\">hier<\/a>.<\/div>\n<\/div>\n<p><em>Quelle<\/em> : Berufsbildung-Newsletter der IHK Karlsruhe vom 14.10.2015<\/p>\n<p><a href=\"http:\/\/www.karlsruhe.ihk.de\" target=\"_blank\">www.karlsruhe.ihk.de<\/a><\/p>\n<p><em>Kontak<\/em>t :<a href=\"m&#97;&#105;&#x6c;&#x74;&#x6f;:i&#110;&#102;&#x6f;&#x40;&#x6b;a&#114;&#108;&#115;&#x72;&#x75;&#x68;e&#46;&#105;&#x68;&#x6b;&#x2e;de\" target=\"_blank\"> &#105;&#x6e;&#102;&#x6f;&#64;&#x6b;&#97;&#x72;&#108;&#x73;&#114;&#x75;h&#x65;&#46;&#x69;h&#x6b;&#46;&#x64;e<\/a><\/p>\n","protected":false},"excerpt":{"rendered":"<p>Wirtschafts- und Unternehmenskultur Frankreich Die AHK in Paris bietet gemeinsam mit den IHKn Karlsruhe und Aachen ein 3-w\u00f6chiges Intensivseminar zur Wirtschafts- und Unternehmenskultur Frankreichs in Paris an. Das Seminar vermittelt grundlegende Kenntnisse \u00fcber die Unternehmenskultur und das franz\u00f6sische Wirtschaftssystem. Die Teilnehmer k\u00f6nnen ihre franz\u00f6sischen Sprachkenntnisse in berufsrelevanten Fallbeispielen, insbesondere bei Verkaufsgespr\u00e4chen, Verhandlungen, Pr\u00e4sentationen etc., anwenden [&hellip;]<\/p>\n","protected":false},"author":3,"featured_media":0,"comment_status":"open","ping_status":"open","sticky":false,"template":"","format":"standard","meta":{"_exactmetrics_skip_tracking":false,"_exactmetrics_sitenote_active":false,"_exactmetrics_sitenote_note":"","_exactmetrics_sitenote_category":0,"footnotes":""},"categories":[57],"tags":[],"class_list":["post-1008","post","type-post","status-publish","format-standard","hentry","category-berufsbildung-de"],"yoast_head":"<!-- This site is optimized with the Yoast SEO plugin v23.5 - https:\/\/yoast.com\/wordpress\/plugins\/seo\/ -->\n<title>Dreiw\u00f6chiges Mobilit\u00e4tsprogramm f\u00fcr Azubis - PAMINA Business Club<\/title>\n<meta name=\"robots\" content=\"index, follow, max-snippet:-1, max-image-preview:large, max-video-preview:-1\" \/>\n<link rel=\"canonical\" href=\"https:\/\/www.pamina-business.com\/de\/dreiwochiges-mobilitatsprogramm-fur-azubis\/\" \/>\n<meta property=\"og:locale\" content=\"de_DE\" \/>\n<meta property=\"og:type\" content=\"article\" \/>\n<meta property=\"og:title\" content=\"Dreiw\u00f6chiges Mobilit\u00e4tsprogramm f\u00fcr Azubis - PAMINA Business Club\" \/>\n<meta property=\"og:description\" content=\"Wirtschafts- und Unternehmenskultur Frankreich Die AHK in Paris bietet gemeinsam mit den IHKn Karlsruhe und Aachen ein 3-w\u00f6chiges Intensivseminar zur Wirtschafts- und Unternehmenskultur Frankreichs in Paris an. Das Seminar vermittelt grundlegende Kenntnisse \u00fcber die Unternehmenskultur und das franz\u00f6sische Wirtschaftssystem. Die Teilnehmer k\u00f6nnen ihre franz\u00f6sischen Sprachkenntnisse in berufsrelevanten Fallbeispielen, insbesondere bei Verkaufsgespr\u00e4chen, Verhandlungen, Pr\u00e4sentationen etc., anwenden [&hellip;]\" \/>\n<meta property=\"og:url\" content=\"https:\/\/www.pamina-business.com\/de\/dreiwochiges-mobilitatsprogramm-fur-azubis\/\" \/>\n<meta property=\"og:site_name\" content=\"PAMINA Business Club\" \/>\n<meta property=\"article:published_time\" content=\"2015-10-23T12:45:35+00:00\" \/>\n<meta property=\"article:modified_time\" content=\"2015-10-20T12:46:50+00:00\" \/>\n<meta name=\"author\" content=\"Monique STUTZMANN\" \/>\n<meta name=\"twitter:card\" content=\"summary_large_image\" \/>\n<meta name=\"twitter:label1\" content=\"Verfasst von\" \/>\n\t<meta name=\"twitter:data1\" content=\"Monique STUTZMANN\" \/>\n\t<meta name=\"twitter:label2\" content=\"Gesch\u00e4tzte Lesezeit\" \/>\n\t<meta name=\"twitter:data2\" content=\"1\u00a0Minute\" \/>\n<script type=\"application\/ld+json\" class=\"yoast-schema-graph\">{\"@context\":\"https:\/\/schema.org\",\"@graph\":[{\"@type\":\"WebPage\",\"@id\":\"https:\/\/www.pamina-business.com\/de\/dreiwochiges-mobilitatsprogramm-fur-azubis\/\",\"url\":\"https:\/\/www.pamina-business.com\/de\/dreiwochiges-mobilitatsprogramm-fur-azubis\/\",\"name\":\"Dreiw\u00f6chiges Mobilit\u00e4tsprogramm f\u00fcr Azubis - PAMINA Business Club\",\"isPartOf\":{\"@id\":\"http:\/\/www.pamina-business.com\/de\/#website\"},\"datePublished\":\"2015-10-23T12:45:35+00:00\",\"dateModified\":\"2015-10-20T12:46:50+00:00\",\"author\":{\"@id\":\"http:\/\/www.pamina-business.com\/de\/#\/schema\/person\/9ab02536dbdbc5e3ef40bbc3452c8c69\"},\"breadcrumb\":{\"@id\":\"https:\/\/www.pamina-business.com\/de\/dreiwochiges-mobilitatsprogramm-fur-azubis\/#breadcrumb\"},\"inLanguage\":\"de\",\"potentialAction\":[{\"@type\":\"ReadAction\",\"target\":[\"https:\/\/www.pamina-business.com\/de\/dreiwochiges-mobilitatsprogramm-fur-azubis\/\"]}]},{\"@type\":\"BreadcrumbList\",\"@id\":\"https:\/\/www.pamina-business.com\/de\/dreiwochiges-mobilitatsprogramm-fur-azubis\/#breadcrumb\",\"itemListElement\":[{\"@type\":\"ListItem\",\"position\":1,\"name\":\"Accueil\",\"item\":\"http:\/\/www.pamina-business.com\/de\/\"},{\"@type\":\"ListItem\",\"position\":2,\"name\":\"Dreiw\u00f6chiges Mobilit\u00e4tsprogramm f\u00fcr Azubis\"}]},{\"@type\":\"WebSite\",\"@id\":\"http:\/\/www.pamina-business.com\/de\/#website\",\"url\":\"http:\/\/www.pamina-business.com\/de\/\",\"name\":\"PAMINA Business Club\",\"description\":\"Un site utilisant WordPress\",\"potentialAction\":[{\"@type\":\"SearchAction\",\"target\":{\"@type\":\"EntryPoint\",\"urlTemplate\":\"http:\/\/www.pamina-business.com\/de\/?s={search_term_string}\"},\"query-input\":{\"@type\":\"PropertyValueSpecification\",\"valueRequired\":true,\"valueName\":\"search_term_string\"}}],\"inLanguage\":\"de\"},{\"@type\":\"Person\",\"@id\":\"http:\/\/www.pamina-business.com\/de\/#\/schema\/person\/9ab02536dbdbc5e3ef40bbc3452c8c69\",\"name\":\"Monique STUTZMANN\",\"image\":{\"@type\":\"ImageObject\",\"inLanguage\":\"de\",\"@id\":\"http:\/\/www.pamina-business.com\/de\/#\/schema\/person\/image\/\",\"url\":\"https:\/\/secure.gravatar.com\/avatar\/cc1c3adf9a9f6e969d3da7b6b34ec66f5f4a6844dfc9145380a75e42cd91882e?s=96&d=mm&r=g\",\"contentUrl\":\"https:\/\/secure.gravatar.com\/avatar\/cc1c3adf9a9f6e969d3da7b6b34ec66f5f4a6844dfc9145380a75e42cd91882e?s=96&d=mm&r=g\",\"caption\":\"Monique STUTZMANN\"},\"url\":\"https:\/\/www.pamina-business.com\/de\/author\/monique\/\"}]}<\/script>\n<!-- \/ Yoast SEO plugin. -->","yoast_head_json":{"title":"Dreiw\u00f6chiges Mobilit\u00e4tsprogramm f\u00fcr Azubis - PAMINA Business Club","robots":{"index":"index","follow":"follow","max-snippet":"max-snippet:-1","max-image-preview":"max-image-preview:large","max-video-preview":"max-video-preview:-1"},"canonical":"https:\/\/www.pamina-business.com\/de\/dreiwochiges-mobilitatsprogramm-fur-azubis\/","og_locale":"de_DE","og_type":"article","og_title":"Dreiw\u00f6chiges Mobilit\u00e4tsprogramm f\u00fcr Azubis - PAMINA Business Club","og_description":"Wirtschafts- und Unternehmenskultur Frankreich Die AHK in Paris bietet gemeinsam mit den IHKn Karlsruhe und Aachen ein 3-w\u00f6chiges Intensivseminar zur Wirtschafts- und Unternehmenskultur Frankreichs in Paris an. Das Seminar vermittelt grundlegende Kenntnisse \u00fcber die Unternehmenskultur und das franz\u00f6sische Wirtschaftssystem. Die Teilnehmer k\u00f6nnen ihre franz\u00f6sischen Sprachkenntnisse in berufsrelevanten Fallbeispielen, insbesondere bei Verkaufsgespr\u00e4chen, Verhandlungen, Pr\u00e4sentationen etc., anwenden [&hellip;]","og_url":"https:\/\/www.pamina-business.com\/de\/dreiwochiges-mobilitatsprogramm-fur-azubis\/","og_site_name":"PAMINA Business Club","article_published_time":"2015-10-23T12:45:35+00:00","article_modified_time":"2015-10-20T12:46:50+00:00","author":"Monique STUTZMANN","twitter_card":"summary_large_image","twitter_misc":{"Verfasst von":"Monique STUTZMANN","Gesch\u00e4tzte Lesezeit":"1\u00a0Minute"},"schema":{"@context":"https:\/\/schema.org","@graph":[{"@type":"WebPage","@id":"https:\/\/www.pamina-business.com\/de\/dreiwochiges-mobilitatsprogramm-fur-azubis\/","url":"https:\/\/www.pamina-business.com\/de\/dreiwochiges-mobilitatsprogramm-fur-azubis\/","name":"Dreiw\u00f6chiges Mobilit\u00e4tsprogramm f\u00fcr Azubis - PAMINA Business Club","isPartOf":{"@id":"http:\/\/www.pamina-business.com\/de\/#website"},"datePublished":"2015-10-23T12:45:35+00:00","dateModified":"2015-10-20T12:46:50+00:00","author":{"@id":"http:\/\/www.pamina-business.com\/de\/#\/schema\/person\/9ab02536dbdbc5e3ef40bbc3452c8c69"},"breadcrumb":{"@id":"https:\/\/www.pamina-business.com\/de\/dreiwochiges-mobilitatsprogramm-fur-azubis\/#breadcrumb"},"inLanguage":"de","potentialAction":[{"@type":"ReadAction","target":["https:\/\/www.pamina-business.com\/de\/dreiwochiges-mobilitatsprogramm-fur-azubis\/"]}]},{"@type":"BreadcrumbList","@id":"https:\/\/www.pamina-business.com\/de\/dreiwochiges-mobilitatsprogramm-fur-azubis\/#breadcrumb","itemListElement":[{"@type":"ListItem","position":1,"name":"Accueil","item":"http:\/\/www.pamina-business.com\/de\/"},{"@type":"ListItem","position":2,"name":"Dreiw\u00f6chiges Mobilit\u00e4tsprogramm f\u00fcr Azubis"}]},{"@type":"WebSite","@id":"http:\/\/www.pamina-business.com\/de\/#website","url":"http:\/\/www.pamina-business.com\/de\/","name":"PAMINA Business Club","description":"Un site utilisant WordPress","potentialAction":[{"@type":"SearchAction","target":{"@type":"EntryPoint","urlTemplate":"http:\/\/www.pamina-business.com\/de\/?s={search_term_string}"},"query-input":{"@type":"PropertyValueSpecification","valueRequired":true,"valueName":"search_term_string"}}],"inLanguage":"de"},{"@type":"Person","@id":"http:\/\/www.pamina-business.com\/de\/#\/schema\/person\/9ab02536dbdbc5e3ef40bbc3452c8c69","name":"Monique STUTZMANN","image":{"@type":"ImageObject","inLanguage":"de","@id":"http:\/\/www.pamina-business.com\/de\/#\/schema\/person\/image\/","url":"https:\/\/secure.gravatar.com\/avatar\/cc1c3adf9a9f6e969d3da7b6b34ec66f5f4a6844dfc9145380a75e42cd91882e?s=96&d=mm&r=g","contentUrl":"https:\/\/secure.gravatar.com\/avatar\/cc1c3adf9a9f6e969d3da7b6b34ec66f5f4a6844dfc9145380a75e42cd91882e?s=96&d=mm&r=g","caption":"Monique STUTZMANN"},"url":"https:\/\/www.pamina-business.com\/de\/author\/monique\/"}]}},"_links":{"self":[{"href":"https:\/\/www.pamina-business.com\/de\/wp-json\/wp\/v2\/posts\/1008","targetHints":{"allow":["GET"]}}],"collection":[{"href":"https:\/\/www.pamina-business.com\/de\/wp-json\/wp\/v2\/posts"}],"about":[{"href":"https:\/\/www.pamina-business.com\/de\/wp-json\/wp\/v2\/types\/post"}],"author":[{"embeddable":true,"href":"https:\/\/www.pamina-business.com\/de\/wp-json\/wp\/v2\/users\/3"}],"replies":[{"embeddable":true,"href":"https:\/\/www.pamina-business.com\/de\/wp-json\/wp\/v2\/comments?post=1008"}],"version-history":[{"count":1,"href":"https:\/\/www.pamina-business.com\/de\/wp-json\/wp\/v2\/posts\/1008\/revisions"}],"predecessor-version":[{"id":1009,"href":"https:\/\/www.pamina-business.com\/de\/wp-json\/wp\/v2\/posts\/1008\/revisions\/1009"}],"wp:attachment":[{"href":"https:\/\/www.pamina-business.com\/de\/wp-json\/wp\/v2\/media?parent=1008"}],"wp:term":[{"taxonomy":"category","embeddable":true,"href":"https:\/\/www.pamina-business.com\/de\/wp-json\/wp\/v2\/categories?post=1008"},{"taxonomy":"post_tag","embeddable":true,"href":"https:\/\/www.pamina-business.com\/de\/wp-json\/wp\/v2\/tags?post=1008"}],"curies":[{"name":"wp","href":"https:\/\/api.w.org\/{rel}","templated":true}]}}