{"id":1005,"date":"2015-10-22T12:33:51","date_gmt":"2015-10-22T12:33:51","guid":{"rendered":"http:\/\/www.pamina-business.com\/?p=1005"},"modified":"2015-10-20T12:40:17","modified_gmt":"2015-10-20T12:40:17","slug":"lycee-des-metiers-andre-siegfried-in-haguenau-und-edeka-in-iffezheim","status":"publish","type":"post","link":"https:\/\/www.pamina-business.com\/de\/lycee-des-metiers-andre-siegfried-in-haguenau-und-edeka-in-iffezheim\/","title":{"rendered":"Lyc\u00e9e des M\u00e9tiers Andr\u00e9 Siegfried in Haguenau und EDEKA in Iffezheim"},"content":{"rendered":"<div class=\"edit\">\n<h1 class=\"head\">F\u00fcr den Abbau der Grenzen<\/h1>\n<div>\n<p class=\"icaption_100\"><img decoding=\"async\" title=\"Lycee\" src=\"https:\/\/www.karlsruhe.ihk.de\/image\/kaihk24\/Ausbildung_und_Weiterbildung\/Wirtschaft_macht_Schule\/Les-Classes-sortent-en-Boite\/2760580\/thumb75\/430\/270\/51e96cfd378dd3206f2067c2504b770c\/Uu\/data\/Lycee.jpg\" alt=\"Lycee\" width=\"100%\" \/> <a id=\"zoom-2760580-\" class=\"fancyPopup\" title=\"Lycee\" href=\"https:\/\/www.karlsruhe.ihk.de\/image\/kaihk24\/Ausbildung_und_Weiterbildung\/Wirtschaft_macht_Schule\/Les-Classes-sortent-en-Boite\/2760580\/thumb100\/800\/601\/e50aaf94decf2ad202bffb3d099c17f5\/Yr\/data\/Lycee.jpg\"><\/a><\/p>\n<\/div>\n<div>\n<div class=\"text\">\u201eDie grenz\u00fcberschreitende Ausbildung er\u00f6ffnet den jungen Menschen v\u00f6llig neue kulturelle Horizonte und berufliche Perspektiven.\u201c IHK-Vizepr\u00e4sident Gerd Stracke nannte mit diesen Worten eine wichtige Motivation f\u00fcr die drei frisch gebackenen Kooperationspartner\u00a0 Lyc\u00e9e des M\u00e9tiers Andr\u00e9 Siegfried, Haguenau, EDEKA S\u00fcdwest Fleisch GmbH und EDEKA Oser, Iffezheim. \u201eEDEKA bietet an beiden Standorten nicht nur eine hervorragende Berufsausbildung, sondern auch die Aussicht auf einen sicheren Arbeitsplatz\u201c, so Stracke weiter.<\/div>\n<div class=\"text\">\u201e80 Prozent aller Ausbildungsbetriebe in der TechnologieRegion bilden aus, um den jungen Menschen anschlie\u00dfend einen Arbeitsvertrag anzubieten. Sie wollen langfristig ihren Bedarf an gut ausgebildeten Fachkr\u00e4ften sichern.\u201c<\/div>\n<div class=\"text\">Gute Aussichten f\u00fcr Thierry Ringeissen, Proviseur des Lyc\u00e9e des M\u00e9tier, und seine Sch\u00fcler. Ringeissen dankte f\u00fcr das Interesse auf beiden Seiten. \u201eEs sind zwei Impulse, die uns besonders zu dieser Partnerschaft bewogen haben: \u201eDer Abbau der Grenzen und die Gelegenheit, gegenseitiges Interesse zu wecken.\u201c<\/div>\n<div class=\"text\">Bernard Stirnweiss, Pr\u00e4sident des CCI de R\u00e9gion Alsace, h\u00e4lt die deutsch-franz\u00f6sische Freundschaft f\u00fcr absolut wichtig.\u00a0 \u201eDiese Partnerschaft bietet die Chance, Sch\u00fclerinnen und Sch\u00fcler als k\u00fcnftige Azubis zu interessieren.\u201c<\/div>\n<div class=\"text\">Carina Kunz, zust\u00e4ndig f\u00fcr Ausbildung und Arbeitgebermarketing bei EDEKA S\u00fcdwest Fleisch GmbH, freut sich, dass auf den Auftakt mit einer Betriebsbesichtigung nun die offizielle Unterzeichnung gefolgt ist. \u201eMenschen aus 30 Nationen sind im Werk vertreten. Das zeigt, dass der Betrieb mit vielen Nationalit\u00e4ten umgehen kann.\u201c Kunz hat bereits fr\u00fcher Erfahrungen mit grenz\u00fcberschreitender Ausbildung gesammelt, und zwar mit spanischen Azubis.<\/div>\n<div class=\"text\">Auch Gabi Oster, Inhaberin von EDEKA Oser Iffezheim, freut sich auf die neuen Partner. \u201eWir sind seit 1981 ein familiengef\u00fchrter EDEKA-Betrieb mit 60 Mitarbeitern und f\u00fcnf Azubis.\u201c<br \/>\n\u201eEuropa w\u00e4chst nur durch konkrete Partnerschaften zusammen\u201c, sagt Thierry Ringeissen und hat damit auch sicherlich recht.<\/div>\n<div class=\"text\"><\/div>\n<div class=\"text\"><em>Quelle<\/em> : Berufsbildung Newsletter der IHK Karlsruhe vom 14.10.2015<\/div>\n<div class=\"text\"><a href=\"http:\/\/www.karlsruhe.ihk.de\" target=\"_blank\">www.karlsruhe.ihk.de<\/a><\/div>\n<div class=\"text\"><\/div>\n<div class=\"text\">Kontakt : <a href=\"&#109;&#x61;&#105;&#x6c;&#116;&#x6f;:&#x69;n&#102;&#x6f;&#64;&#x6b;&#97;&#x72;l&#x73;r&#117;&#x68;&#101;&#x2e;&#105;&#x68;&#107;&#x2e;d&#x65;\" target=\"_blank\">&#x69;&#x6e;&#102;o&#x40;&#x6b;&#97;&#114;l&#x73;&#x72;&#117;&#104;e&#x2e;&#x69;&#104;k&#46;&#x64;&#x65;<\/a><\/div>\n<div class=\"text\"><\/div>\n<\/div>\n<\/div>\n","protected":false},"excerpt":{"rendered":"<p>F\u00fcr den Abbau der Grenzen \u201eDie grenz\u00fcberschreitende Ausbildung er\u00f6ffnet den jungen Menschen v\u00f6llig neue kulturelle Horizonte und berufliche Perspektiven.\u201c IHK-Vizepr\u00e4sident Gerd Stracke nannte mit diesen Worten eine wichtige Motivation f\u00fcr die drei frisch gebackenen Kooperationspartner\u00a0 Lyc\u00e9e des M\u00e9tiers Andr\u00e9 Siegfried, Haguenau, EDEKA S\u00fcdwest Fleisch GmbH und EDEKA Oser, Iffezheim. \u201eEDEKA bietet an beiden Standorten nicht [&hellip;]<\/p>\n","protected":false},"author":3,"featured_media":0,"comment_status":"open","ping_status":"open","sticky":false,"template":"","format":"standard","meta":{"_exactmetrics_skip_tracking":false,"_exactmetrics_sitenote_active":false,"_exactmetrics_sitenote_note":"","_exactmetrics_sitenote_category":0,"footnotes":""},"categories":[57],"tags":[],"class_list":["post-1005","post","type-post","status-publish","format-standard","hentry","category-berufsbildung-de"],"yoast_head":"<!-- This site is optimized with the Yoast SEO plugin v23.5 - https:\/\/yoast.com\/wordpress\/plugins\/seo\/ -->\n<title>Lyc\u00e9e des M\u00e9tiers Andr\u00e9 Siegfried in Haguenau und EDEKA in Iffezheim - PAMINA Business Club<\/title>\n<meta name=\"robots\" content=\"index, follow, max-snippet:-1, max-image-preview:large, max-video-preview:-1\" \/>\n<link rel=\"canonical\" href=\"https:\/\/www.pamina-business.com\/de\/lycee-des-metiers-andre-siegfried-in-haguenau-und-edeka-in-iffezheim\/\" \/>\n<meta property=\"og:locale\" content=\"de_DE\" \/>\n<meta property=\"og:type\" content=\"article\" \/>\n<meta property=\"og:title\" content=\"Lyc\u00e9e des M\u00e9tiers Andr\u00e9 Siegfried in Haguenau und EDEKA in Iffezheim - PAMINA Business Club\" \/>\n<meta property=\"og:description\" content=\"F\u00fcr den Abbau der Grenzen \u201eDie grenz\u00fcberschreitende Ausbildung er\u00f6ffnet den jungen Menschen v\u00f6llig neue kulturelle Horizonte und berufliche Perspektiven.\u201c IHK-Vizepr\u00e4sident Gerd Stracke nannte mit diesen Worten eine wichtige Motivation f\u00fcr die drei frisch gebackenen Kooperationspartner\u00a0 Lyc\u00e9e des M\u00e9tiers Andr\u00e9 Siegfried, Haguenau, EDEKA S\u00fcdwest Fleisch GmbH und EDEKA Oser, Iffezheim. \u201eEDEKA bietet an beiden Standorten nicht [&hellip;]\" \/>\n<meta property=\"og:url\" content=\"https:\/\/www.pamina-business.com\/de\/lycee-des-metiers-andre-siegfried-in-haguenau-und-edeka-in-iffezheim\/\" \/>\n<meta property=\"og:site_name\" content=\"PAMINA Business Club\" \/>\n<meta property=\"article:published_time\" content=\"2015-10-22T12:33:51+00:00\" \/>\n<meta property=\"article:modified_time\" content=\"2015-10-20T12:40:17+00:00\" \/>\n<meta property=\"og:image\" content=\"https:\/\/www.karlsruhe.ihk.de\/image\/kaihk24\/Ausbildung_und_Weiterbildung\/Wirtschaft_macht_Schule\/Les-Classes-sortent-en-Boite\/2760580\/thumb75\/430\/270\/51e96cfd378dd3206f2067c2504b770c\/Uu\/data\/Lycee.jpg\" \/>\n<meta name=\"author\" content=\"Monique STUTZMANN\" \/>\n<meta name=\"twitter:card\" content=\"summary_large_image\" \/>\n<meta name=\"twitter:label1\" content=\"Verfasst von\" \/>\n\t<meta name=\"twitter:data1\" content=\"Monique STUTZMANN\" \/>\n\t<meta name=\"twitter:label2\" content=\"Gesch\u00e4tzte Lesezeit\" \/>\n\t<meta name=\"twitter:data2\" content=\"2\u00a0Minuten\" \/>\n<script type=\"application\/ld+json\" class=\"yoast-schema-graph\">{\"@context\":\"https:\/\/schema.org\",\"@graph\":[{\"@type\":\"WebPage\",\"@id\":\"https:\/\/www.pamina-business.com\/de\/lycee-des-metiers-andre-siegfried-in-haguenau-und-edeka-in-iffezheim\/\",\"url\":\"https:\/\/www.pamina-business.com\/de\/lycee-des-metiers-andre-siegfried-in-haguenau-und-edeka-in-iffezheim\/\",\"name\":\"Lyc\u00e9e des M\u00e9tiers Andr\u00e9 Siegfried in Haguenau und EDEKA in Iffezheim - PAMINA Business Club\",\"isPartOf\":{\"@id\":\"http:\/\/www.pamina-business.com\/de\/#website\"},\"primaryImageOfPage\":{\"@id\":\"https:\/\/www.pamina-business.com\/de\/lycee-des-metiers-andre-siegfried-in-haguenau-und-edeka-in-iffezheim\/#primaryimage\"},\"image\":{\"@id\":\"https:\/\/www.pamina-business.com\/de\/lycee-des-metiers-andre-siegfried-in-haguenau-und-edeka-in-iffezheim\/#primaryimage\"},\"thumbnailUrl\":\"https:\/\/www.karlsruhe.ihk.de\/image\/kaihk24\/Ausbildung_und_Weiterbildung\/Wirtschaft_macht_Schule\/Les-Classes-sortent-en-Boite\/2760580\/thumb75\/430\/270\/51e96cfd378dd3206f2067c2504b770c\/Uu\/data\/Lycee.jpg\",\"datePublished\":\"2015-10-22T12:33:51+00:00\",\"dateModified\":\"2015-10-20T12:40:17+00:00\",\"author\":{\"@id\":\"http:\/\/www.pamina-business.com\/de\/#\/schema\/person\/9ab02536dbdbc5e3ef40bbc3452c8c69\"},\"breadcrumb\":{\"@id\":\"https:\/\/www.pamina-business.com\/de\/lycee-des-metiers-andre-siegfried-in-haguenau-und-edeka-in-iffezheim\/#breadcrumb\"},\"inLanguage\":\"de\",\"potentialAction\":[{\"@type\":\"ReadAction\",\"target\":[\"https:\/\/www.pamina-business.com\/de\/lycee-des-metiers-andre-siegfried-in-haguenau-und-edeka-in-iffezheim\/\"]}]},{\"@type\":\"ImageObject\",\"inLanguage\":\"de\",\"@id\":\"https:\/\/www.pamina-business.com\/de\/lycee-des-metiers-andre-siegfried-in-haguenau-und-edeka-in-iffezheim\/#primaryimage\",\"url\":\"https:\/\/www.karlsruhe.ihk.de\/image\/kaihk24\/Ausbildung_und_Weiterbildung\/Wirtschaft_macht_Schule\/Les-Classes-sortent-en-Boite\/2760580\/thumb75\/430\/270\/51e96cfd378dd3206f2067c2504b770c\/Uu\/data\/Lycee.jpg\",\"contentUrl\":\"https:\/\/www.karlsruhe.ihk.de\/image\/kaihk24\/Ausbildung_und_Weiterbildung\/Wirtschaft_macht_Schule\/Les-Classes-sortent-en-Boite\/2760580\/thumb75\/430\/270\/51e96cfd378dd3206f2067c2504b770c\/Uu\/data\/Lycee.jpg\"},{\"@type\":\"BreadcrumbList\",\"@id\":\"https:\/\/www.pamina-business.com\/de\/lycee-des-metiers-andre-siegfried-in-haguenau-und-edeka-in-iffezheim\/#breadcrumb\",\"itemListElement\":[{\"@type\":\"ListItem\",\"position\":1,\"name\":\"Accueil\",\"item\":\"http:\/\/www.pamina-business.com\/de\/\"},{\"@type\":\"ListItem\",\"position\":2,\"name\":\"Lyc\u00e9e des M\u00e9tiers Andr\u00e9 Siegfried in Haguenau und EDEKA in Iffezheim\"}]},{\"@type\":\"WebSite\",\"@id\":\"http:\/\/www.pamina-business.com\/de\/#website\",\"url\":\"http:\/\/www.pamina-business.com\/de\/\",\"name\":\"PAMINA Business Club\",\"description\":\"Un site utilisant WordPress\",\"potentialAction\":[{\"@type\":\"SearchAction\",\"target\":{\"@type\":\"EntryPoint\",\"urlTemplate\":\"http:\/\/www.pamina-business.com\/de\/?s={search_term_string}\"},\"query-input\":{\"@type\":\"PropertyValueSpecification\",\"valueRequired\":true,\"valueName\":\"search_term_string\"}}],\"inLanguage\":\"de\"},{\"@type\":\"Person\",\"@id\":\"http:\/\/www.pamina-business.com\/de\/#\/schema\/person\/9ab02536dbdbc5e3ef40bbc3452c8c69\",\"name\":\"Monique STUTZMANN\",\"image\":{\"@type\":\"ImageObject\",\"inLanguage\":\"de\",\"@id\":\"http:\/\/www.pamina-business.com\/de\/#\/schema\/person\/image\/\",\"url\":\"https:\/\/secure.gravatar.com\/avatar\/cc1c3adf9a9f6e969d3da7b6b34ec66f5f4a6844dfc9145380a75e42cd91882e?s=96&d=mm&r=g\",\"contentUrl\":\"https:\/\/secure.gravatar.com\/avatar\/cc1c3adf9a9f6e969d3da7b6b34ec66f5f4a6844dfc9145380a75e42cd91882e?s=96&d=mm&r=g\",\"caption\":\"Monique STUTZMANN\"},\"url\":\"https:\/\/www.pamina-business.com\/de\/author\/monique\/\"}]}<\/script>\n<!-- \/ Yoast SEO plugin. -->","yoast_head_json":{"title":"Lyc\u00e9e des M\u00e9tiers Andr\u00e9 Siegfried in Haguenau und EDEKA in Iffezheim - PAMINA Business Club","robots":{"index":"index","follow":"follow","max-snippet":"max-snippet:-1","max-image-preview":"max-image-preview:large","max-video-preview":"max-video-preview:-1"},"canonical":"https:\/\/www.pamina-business.com\/de\/lycee-des-metiers-andre-siegfried-in-haguenau-und-edeka-in-iffezheim\/","og_locale":"de_DE","og_type":"article","og_title":"Lyc\u00e9e des M\u00e9tiers Andr\u00e9 Siegfried in Haguenau und EDEKA in Iffezheim - PAMINA Business Club","og_description":"F\u00fcr den Abbau der Grenzen \u201eDie grenz\u00fcberschreitende Ausbildung er\u00f6ffnet den jungen Menschen v\u00f6llig neue kulturelle Horizonte und berufliche Perspektiven.\u201c IHK-Vizepr\u00e4sident Gerd Stracke nannte mit diesen Worten eine wichtige Motivation f\u00fcr die drei frisch gebackenen Kooperationspartner\u00a0 Lyc\u00e9e des M\u00e9tiers Andr\u00e9 Siegfried, Haguenau, EDEKA S\u00fcdwest Fleisch GmbH und EDEKA Oser, Iffezheim. \u201eEDEKA bietet an beiden Standorten nicht [&hellip;]","og_url":"https:\/\/www.pamina-business.com\/de\/lycee-des-metiers-andre-siegfried-in-haguenau-und-edeka-in-iffezheim\/","og_site_name":"PAMINA Business Club","article_published_time":"2015-10-22T12:33:51+00:00","article_modified_time":"2015-10-20T12:40:17+00:00","og_image":[{"url":"https:\/\/www.karlsruhe.ihk.de\/image\/kaihk24\/Ausbildung_und_Weiterbildung\/Wirtschaft_macht_Schule\/Les-Classes-sortent-en-Boite\/2760580\/thumb75\/430\/270\/51e96cfd378dd3206f2067c2504b770c\/Uu\/data\/Lycee.jpg"}],"author":"Monique STUTZMANN","twitter_card":"summary_large_image","twitter_misc":{"Verfasst von":"Monique STUTZMANN","Gesch\u00e4tzte Lesezeit":"2\u00a0Minuten"},"schema":{"@context":"https:\/\/schema.org","@graph":[{"@type":"WebPage","@id":"https:\/\/www.pamina-business.com\/de\/lycee-des-metiers-andre-siegfried-in-haguenau-und-edeka-in-iffezheim\/","url":"https:\/\/www.pamina-business.com\/de\/lycee-des-metiers-andre-siegfried-in-haguenau-und-edeka-in-iffezheim\/","name":"Lyc\u00e9e des M\u00e9tiers Andr\u00e9 Siegfried in Haguenau und EDEKA in Iffezheim - PAMINA Business Club","isPartOf":{"@id":"http:\/\/www.pamina-business.com\/de\/#website"},"primaryImageOfPage":{"@id":"https:\/\/www.pamina-business.com\/de\/lycee-des-metiers-andre-siegfried-in-haguenau-und-edeka-in-iffezheim\/#primaryimage"},"image":{"@id":"https:\/\/www.pamina-business.com\/de\/lycee-des-metiers-andre-siegfried-in-haguenau-und-edeka-in-iffezheim\/#primaryimage"},"thumbnailUrl":"https:\/\/www.karlsruhe.ihk.de\/image\/kaihk24\/Ausbildung_und_Weiterbildung\/Wirtschaft_macht_Schule\/Les-Classes-sortent-en-Boite\/2760580\/thumb75\/430\/270\/51e96cfd378dd3206f2067c2504b770c\/Uu\/data\/Lycee.jpg","datePublished":"2015-10-22T12:33:51+00:00","dateModified":"2015-10-20T12:40:17+00:00","author":{"@id":"http:\/\/www.pamina-business.com\/de\/#\/schema\/person\/9ab02536dbdbc5e3ef40bbc3452c8c69"},"breadcrumb":{"@id":"https:\/\/www.pamina-business.com\/de\/lycee-des-metiers-andre-siegfried-in-haguenau-und-edeka-in-iffezheim\/#breadcrumb"},"inLanguage":"de","potentialAction":[{"@type":"ReadAction","target":["https:\/\/www.pamina-business.com\/de\/lycee-des-metiers-andre-siegfried-in-haguenau-und-edeka-in-iffezheim\/"]}]},{"@type":"ImageObject","inLanguage":"de","@id":"https:\/\/www.pamina-business.com\/de\/lycee-des-metiers-andre-siegfried-in-haguenau-und-edeka-in-iffezheim\/#primaryimage","url":"https:\/\/www.karlsruhe.ihk.de\/image\/kaihk24\/Ausbildung_und_Weiterbildung\/Wirtschaft_macht_Schule\/Les-Classes-sortent-en-Boite\/2760580\/thumb75\/430\/270\/51e96cfd378dd3206f2067c2504b770c\/Uu\/data\/Lycee.jpg","contentUrl":"https:\/\/www.karlsruhe.ihk.de\/image\/kaihk24\/Ausbildung_und_Weiterbildung\/Wirtschaft_macht_Schule\/Les-Classes-sortent-en-Boite\/2760580\/thumb75\/430\/270\/51e96cfd378dd3206f2067c2504b770c\/Uu\/data\/Lycee.jpg"},{"@type":"BreadcrumbList","@id":"https:\/\/www.pamina-business.com\/de\/lycee-des-metiers-andre-siegfried-in-haguenau-und-edeka-in-iffezheim\/#breadcrumb","itemListElement":[{"@type":"ListItem","position":1,"name":"Accueil","item":"http:\/\/www.pamina-business.com\/de\/"},{"@type":"ListItem","position":2,"name":"Lyc\u00e9e des M\u00e9tiers Andr\u00e9 Siegfried in Haguenau und EDEKA in Iffezheim"}]},{"@type":"WebSite","@id":"http:\/\/www.pamina-business.com\/de\/#website","url":"http:\/\/www.pamina-business.com\/de\/","name":"PAMINA Business Club","description":"Un site utilisant WordPress","potentialAction":[{"@type":"SearchAction","target":{"@type":"EntryPoint","urlTemplate":"http:\/\/www.pamina-business.com\/de\/?s={search_term_string}"},"query-input":{"@type":"PropertyValueSpecification","valueRequired":true,"valueName":"search_term_string"}}],"inLanguage":"de"},{"@type":"Person","@id":"http:\/\/www.pamina-business.com\/de\/#\/schema\/person\/9ab02536dbdbc5e3ef40bbc3452c8c69","name":"Monique STUTZMANN","image":{"@type":"ImageObject","inLanguage":"de","@id":"http:\/\/www.pamina-business.com\/de\/#\/schema\/person\/image\/","url":"https:\/\/secure.gravatar.com\/avatar\/cc1c3adf9a9f6e969d3da7b6b34ec66f5f4a6844dfc9145380a75e42cd91882e?s=96&d=mm&r=g","contentUrl":"https:\/\/secure.gravatar.com\/avatar\/cc1c3adf9a9f6e969d3da7b6b34ec66f5f4a6844dfc9145380a75e42cd91882e?s=96&d=mm&r=g","caption":"Monique STUTZMANN"},"url":"https:\/\/www.pamina-business.com\/de\/author\/monique\/"}]}},"_links":{"self":[{"href":"https:\/\/www.pamina-business.com\/de\/wp-json\/wp\/v2\/posts\/1005","targetHints":{"allow":["GET"]}}],"collection":[{"href":"https:\/\/www.pamina-business.com\/de\/wp-json\/wp\/v2\/posts"}],"about":[{"href":"https:\/\/www.pamina-business.com\/de\/wp-json\/wp\/v2\/types\/post"}],"author":[{"embeddable":true,"href":"https:\/\/www.pamina-business.com\/de\/wp-json\/wp\/v2\/users\/3"}],"replies":[{"embeddable":true,"href":"https:\/\/www.pamina-business.com\/de\/wp-json\/wp\/v2\/comments?post=1005"}],"version-history":[{"count":2,"href":"https:\/\/www.pamina-business.com\/de\/wp-json\/wp\/v2\/posts\/1005\/revisions"}],"predecessor-version":[{"id":1007,"href":"https:\/\/www.pamina-business.com\/de\/wp-json\/wp\/v2\/posts\/1005\/revisions\/1007"}],"wp:attachment":[{"href":"https:\/\/www.pamina-business.com\/de\/wp-json\/wp\/v2\/media?parent=1005"}],"wp:term":[{"taxonomy":"category","embeddable":true,"href":"https:\/\/www.pamina-business.com\/de\/wp-json\/wp\/v2\/categories?post=1005"},{"taxonomy":"post_tag","embeddable":true,"href":"https:\/\/www.pamina-business.com\/de\/wp-json\/wp\/v2\/tags?post=1005"}],"curies":[{"name":"wp","href":"https:\/\/api.w.org\/{rel}","templated":true}]}}