{"id":4338,"date":"2019-12-13T07:24:58","date_gmt":"2019-12-13T07:24:58","guid":{"rendered":"http:\/\/www.pamina-business.com\/?p=4338"},"modified":"2019-12-03T07:27:09","modified_gmt":"2019-12-03T07:27:09","slug":"journee-franco-allemande-au-ccfa-le-6-fevrier-2020","status":"publish","type":"post","link":"http:\/\/www.pamina-business.com\/en\/journee-franco-allemande-au-ccfa-le-6-fevrier-2020\/","title":{"rendered":"Journ\u00e9e franco-allemande au CCFA le 6 f\u00e9vrier 2020"},"content":{"rendered":"<nav id=\"breadcrumb\" class=\"detail\">\n<div class=\"row\">\n<div class=\"col-xs-12 col-lg-6 col-lg-pull-6\">\n<h2 class=\"nomPage\">\u00c9ducation &amp; Bilinguisme<\/h2>\n<\/div>\n<\/div>\n<\/nav>\n<section id=\"mainSection\">\n<div class=\"fmodele fmodeleScroll tpl_fiche\">\n<div class=\"agendas-fiche\">\n<article class=\"media\">\n<div class=\"media-object\"><img decoding=\"async\" src=\"https:\/\/www.eurodistrict-pamina.eu\/globalflexit\/images\/img_base\/agendas\/835_556_1_kopie-von-logo-jumelles-gd2-1024x768.jpg\" alt=\"Journ\u00e9e franco-allemande au CCFA\" \/><\/div>\n<div class=\"media-body\">\n<h1 class=\"media-heading\"><\/h1>\n<div class=\"date\"><\/div>\n<div class=\"contenu\">Le 6 f\u00e9vrier 2020, le GECT Eurodistrict PAMINA participe \u00e0 la Journ\u00e9e franco-allemande de la fondation Centre Culturel Franco-Allemand (CCFA) \u00e0 Karlsruhe. Le programme propos\u00e9 s&#8217;adresse aux \u00e9l\u00e8ves, \u00e9tudiants, enseignants, parents et toute personne int\u00e9ress\u00e9e par la France.<\/p>\n<p>En plus des stands d&#8217;informations et de pr\u00e9sentations autour des sujets comme les \u00e9changes, les cursus d&#8217;\u00e9tudes franco-allemands, les stages, les diff\u00e9rences culturelles entre les deux pays voisins et les offres propos\u00e9es par le r\u00e9seau du CCFA, des ateliers et activit\u00e9s ludiques seront \u00e9galement propos\u00e9s.<\/p>\n<p>Le GECT Eurodistrict PAMINA proposera un stand et une animation autour de son projet du jeu \u00e9ducatif en ligne \u00ab\u00a0<a class=\"fDefault\" href=\"https:\/\/www.eurodistrict-pamina.eu\/fr\/education-bilinguisme\/jeu-numerique-le-passe-partout_-d.html#.WmYPIrzibcs\">Passe-Partout \u2013 Weltenbummler<\/a> \u00bb.<\/p>\n<p>Regierungspr\u00e4sidium Karlsruhe am Rondellplatz, Karl-Friedrich-Stra\u00dfe 17, 76133 Karlsruhe.<\/p>\n<p><strong>D\u00e9but : 8h. Entr\u00e9e libre<\/strong><\/p>\n<p><a class=\"flexit_ico_file\" href=\"https:\/\/www.eurodistrict-pamina.eu\/UserFiles\/File\/aktivitaten\/2019-11-20-dft-programm-rz-bogen-003.pdf\" target=\"_blank\" rel=\"noopener noreferrer\">Programme<\/a>\u00a0(en allemand)<br \/>\n<span class=\"legende\"><em>Photo<\/em> : \u00a9 Tomi Ungerer<\/span><\/div>\n<div><em>Source<\/em> : <a href=\"http:\/\/www.eurodistrict-pamina.eu\">www.eurodistrict-pamina.eu<\/a><\/div>\n<div><em>Contact<\/em> : <a href=\"&#109;&#x61;&#105;&#x6c;&#116;&#x6f;&#58;&#x69;&#110;&#x66;&#111;&#x40;e&#x75;r&#x6f;d&#x69;s&#x74;r&#x69;c&#116;&#x2d;&#112;&#x61;&#109;&#x69;&#110;&#x61;&#46;&#x65;&#117;\">&#x69;&#x6e;&#x66;&#x6f;&#x40;&#x65;&#x75;&#x72;&#x6f;&#x64;&#x69;&#x73;&#x74;&#x72;&#x69;&#x63;&#x74;&#x2d;&#x70;&#x61;&#x6d;&#x69;&#x6e;&#x61;&#x2e;&#x65;&#x75;<\/a><\/div>\n<\/div>\n<\/article>\n<\/div>\n<\/div>\n<\/section>\n","protected":false},"excerpt":{"rendered":"<p>\u00c9ducation &amp; Bilinguisme Le 6 f\u00e9vrier 2020, le GECT Eurodistrict PAMINA participe \u00e0 la Journ\u00e9e franco-allemande de la fondation Centre Culturel Franco-Allemand (CCFA) \u00e0 Karlsruhe. Le programme propos\u00e9 s&#8217;adresse aux \u00e9l\u00e8ves, \u00e9tudiants, enseignants, parents et toute personne int\u00e9ress\u00e9e par la France. En plus des stands d&#8217;informations et de pr\u00e9sentations autour des sujets comme les \u00e9changes, [&hellip;]<\/p>\n","protected":false},"author":3,"featured_media":0,"comment_status":"open","ping_status":"open","sticky":false,"template":"","format":"standard","meta":{"_exactmetrics_skip_tracking":false,"_exactmetrics_sitenote_active":false,"_exactmetrics_sitenote_note":"","_exactmetrics_sitenote_category":0,"footnotes":""},"categories":[4,7],"tags":[],"class_list":["post-4338","post","type-post","status-publish","format-standard","hentry","category-education-fr","category-evenements-fr"],"yoast_head":"<!-- This site is optimized with the Yoast SEO plugin v23.5 - https:\/\/yoast.com\/wordpress\/plugins\/seo\/ -->\n<title>Journ\u00e9e franco-allemande au CCFA le 6 f\u00e9vrier 2020 - PAMINA Business Club<\/title>\n<meta name=\"robots\" content=\"index, follow, max-snippet:-1, max-image-preview:large, max-video-preview:-1\" \/>\n<link rel=\"canonical\" href=\"http:\/\/www.pamina-business.com\/en\/journee-franco-allemande-au-ccfa-le-6-fevrier-2020\/\" \/>\n<meta property=\"og:locale\" content=\"en_US\" \/>\n<meta property=\"og:type\" content=\"article\" \/>\n<meta property=\"og:title\" content=\"Journ\u00e9e franco-allemande au CCFA le 6 f\u00e9vrier 2020 - PAMINA Business Club\" \/>\n<meta property=\"og:description\" content=\"\u00c9ducation &amp; Bilinguisme Le 6 f\u00e9vrier 2020, le GECT Eurodistrict PAMINA participe \u00e0 la Journ\u00e9e franco-allemande de la fondation Centre Culturel Franco-Allemand (CCFA) \u00e0 Karlsruhe. Le programme propos\u00e9 s&#8217;adresse aux \u00e9l\u00e8ves, \u00e9tudiants, enseignants, parents et toute personne int\u00e9ress\u00e9e par la France. En plus des stands d&#8217;informations et de pr\u00e9sentations autour des sujets comme les \u00e9changes, [&hellip;]\" \/>\n<meta property=\"og:url\" content=\"http:\/\/www.pamina-business.com\/en\/journee-franco-allemande-au-ccfa-le-6-fevrier-2020\/\" \/>\n<meta property=\"og:site_name\" content=\"PAMINA Business Club\" \/>\n<meta property=\"article:published_time\" content=\"2019-12-13T07:24:58+00:00\" \/>\n<meta property=\"article:modified_time\" content=\"2019-12-03T07:27:09+00:00\" \/>\n<meta property=\"og:image\" content=\"https:\/\/www.eurodistrict-pamina.eu\/globalflexit\/images\/img_base\/agendas\/835_556_1_kopie-von-logo-jumelles-gd2-1024x768.jpg\" \/>\n<meta name=\"author\" content=\"Monique STUTZMANN\" \/>\n<meta name=\"twitter:card\" content=\"summary_large_image\" \/>\n<meta name=\"twitter:label1\" content=\"Written by\" \/>\n\t<meta name=\"twitter:data1\" content=\"Monique STUTZMANN\" \/>\n\t<meta name=\"twitter:label2\" content=\"Est. reading time\" \/>\n\t<meta name=\"twitter:data2\" content=\"1 minute\" \/>\n<script type=\"application\/ld+json\" class=\"yoast-schema-graph\">{\"@context\":\"https:\/\/schema.org\",\"@graph\":[{\"@type\":\"WebPage\",\"@id\":\"http:\/\/www.pamina-business.com\/en\/journee-franco-allemande-au-ccfa-le-6-fevrier-2020\/\",\"url\":\"http:\/\/www.pamina-business.com\/en\/journee-franco-allemande-au-ccfa-le-6-fevrier-2020\/\",\"name\":\"Journ\u00e9e franco-allemande au CCFA le 6 f\u00e9vrier 2020 - PAMINA Business Club\",\"isPartOf\":{\"@id\":\"http:\/\/www.pamina-business.com\/de\/#website\"},\"primaryImageOfPage\":{\"@id\":\"http:\/\/www.pamina-business.com\/en\/journee-franco-allemande-au-ccfa-le-6-fevrier-2020\/#primaryimage\"},\"image\":{\"@id\":\"http:\/\/www.pamina-business.com\/en\/journee-franco-allemande-au-ccfa-le-6-fevrier-2020\/#primaryimage\"},\"thumbnailUrl\":\"https:\/\/www.eurodistrict-pamina.eu\/globalflexit\/images\/img_base\/agendas\/835_556_1_kopie-von-logo-jumelles-gd2-1024x768.jpg\",\"datePublished\":\"2019-12-13T07:24:58+00:00\",\"dateModified\":\"2019-12-03T07:27:09+00:00\",\"author\":{\"@id\":\"http:\/\/www.pamina-business.com\/de\/#\/schema\/person\/9ab02536dbdbc5e3ef40bbc3452c8c69\"},\"breadcrumb\":{\"@id\":\"http:\/\/www.pamina-business.com\/en\/journee-franco-allemande-au-ccfa-le-6-fevrier-2020\/#breadcrumb\"},\"inLanguage\":\"en-US\",\"potentialAction\":[{\"@type\":\"ReadAction\",\"target\":[\"http:\/\/www.pamina-business.com\/en\/journee-franco-allemande-au-ccfa-le-6-fevrier-2020\/\"]}]},{\"@type\":\"ImageObject\",\"inLanguage\":\"en-US\",\"@id\":\"http:\/\/www.pamina-business.com\/en\/journee-franco-allemande-au-ccfa-le-6-fevrier-2020\/#primaryimage\",\"url\":\"https:\/\/www.eurodistrict-pamina.eu\/globalflexit\/images\/img_base\/agendas\/835_556_1_kopie-von-logo-jumelles-gd2-1024x768.jpg\",\"contentUrl\":\"https:\/\/www.eurodistrict-pamina.eu\/globalflexit\/images\/img_base\/agendas\/835_556_1_kopie-von-logo-jumelles-gd2-1024x768.jpg\"},{\"@type\":\"BreadcrumbList\",\"@id\":\"http:\/\/www.pamina-business.com\/en\/journee-franco-allemande-au-ccfa-le-6-fevrier-2020\/#breadcrumb\",\"itemListElement\":[{\"@type\":\"ListItem\",\"position\":1,\"name\":\"Accueil\",\"item\":\"http:\/\/www.pamina-business.com\/en\/\"},{\"@type\":\"ListItem\",\"position\":2,\"name\":\"Journ\u00e9e franco-allemande au CCFA le 6 f\u00e9vrier 2020\"}]},{\"@type\":\"WebSite\",\"@id\":\"http:\/\/www.pamina-business.com\/de\/#website\",\"url\":\"http:\/\/www.pamina-business.com\/de\/\",\"name\":\"PAMINA Business Club\",\"description\":\"Un site utilisant WordPress\",\"potentialAction\":[{\"@type\":\"SearchAction\",\"target\":{\"@type\":\"EntryPoint\",\"urlTemplate\":\"http:\/\/www.pamina-business.com\/de\/?s={search_term_string}\"},\"query-input\":{\"@type\":\"PropertyValueSpecification\",\"valueRequired\":true,\"valueName\":\"search_term_string\"}}],\"inLanguage\":\"en-US\"},{\"@type\":\"Person\",\"@id\":\"http:\/\/www.pamina-business.com\/de\/#\/schema\/person\/9ab02536dbdbc5e3ef40bbc3452c8c69\",\"name\":\"Monique STUTZMANN\",\"image\":{\"@type\":\"ImageObject\",\"inLanguage\":\"en-US\",\"@id\":\"http:\/\/www.pamina-business.com\/de\/#\/schema\/person\/image\/\",\"url\":\"https:\/\/secure.gravatar.com\/avatar\/cc1c3adf9a9f6e969d3da7b6b34ec66f5f4a6844dfc9145380a75e42cd91882e?s=96&d=mm&r=g\",\"contentUrl\":\"https:\/\/secure.gravatar.com\/avatar\/cc1c3adf9a9f6e969d3da7b6b34ec66f5f4a6844dfc9145380a75e42cd91882e?s=96&d=mm&r=g\",\"caption\":\"Monique STUTZMANN\"},\"url\":\"http:\/\/www.pamina-business.com\/en\/author\/monique\/\"}]}<\/script>\n<!-- \/ Yoast SEO plugin. -->","yoast_head_json":{"title":"Journ\u00e9e franco-allemande au CCFA le 6 f\u00e9vrier 2020 - PAMINA Business Club","robots":{"index":"index","follow":"follow","max-snippet":"max-snippet:-1","max-image-preview":"max-image-preview:large","max-video-preview":"max-video-preview:-1"},"canonical":"http:\/\/www.pamina-business.com\/en\/journee-franco-allemande-au-ccfa-le-6-fevrier-2020\/","og_locale":"en_US","og_type":"article","og_title":"Journ\u00e9e franco-allemande au CCFA le 6 f\u00e9vrier 2020 - PAMINA Business Club","og_description":"\u00c9ducation &amp; Bilinguisme Le 6 f\u00e9vrier 2020, le GECT Eurodistrict PAMINA participe \u00e0 la Journ\u00e9e franco-allemande de la fondation Centre Culturel Franco-Allemand (CCFA) \u00e0 Karlsruhe. Le programme propos\u00e9 s&#8217;adresse aux \u00e9l\u00e8ves, \u00e9tudiants, enseignants, parents et toute personne int\u00e9ress\u00e9e par la France. En plus des stands d&#8217;informations et de pr\u00e9sentations autour des sujets comme les \u00e9changes, [&hellip;]","og_url":"http:\/\/www.pamina-business.com\/en\/journee-franco-allemande-au-ccfa-le-6-fevrier-2020\/","og_site_name":"PAMINA Business Club","article_published_time":"2019-12-13T07:24:58+00:00","article_modified_time":"2019-12-03T07:27:09+00:00","og_image":[{"url":"https:\/\/www.eurodistrict-pamina.eu\/globalflexit\/images\/img_base\/agendas\/835_556_1_kopie-von-logo-jumelles-gd2-1024x768.jpg"}],"author":"Monique STUTZMANN","twitter_card":"summary_large_image","twitter_misc":{"Written by":"Monique STUTZMANN","Est. reading time":"1 minute"},"schema":{"@context":"https:\/\/schema.org","@graph":[{"@type":"WebPage","@id":"http:\/\/www.pamina-business.com\/en\/journee-franco-allemande-au-ccfa-le-6-fevrier-2020\/","url":"http:\/\/www.pamina-business.com\/en\/journee-franco-allemande-au-ccfa-le-6-fevrier-2020\/","name":"Journ\u00e9e franco-allemande au CCFA le 6 f\u00e9vrier 2020 - PAMINA Business Club","isPartOf":{"@id":"http:\/\/www.pamina-business.com\/de\/#website"},"primaryImageOfPage":{"@id":"http:\/\/www.pamina-business.com\/en\/journee-franco-allemande-au-ccfa-le-6-fevrier-2020\/#primaryimage"},"image":{"@id":"http:\/\/www.pamina-business.com\/en\/journee-franco-allemande-au-ccfa-le-6-fevrier-2020\/#primaryimage"},"thumbnailUrl":"https:\/\/www.eurodistrict-pamina.eu\/globalflexit\/images\/img_base\/agendas\/835_556_1_kopie-von-logo-jumelles-gd2-1024x768.jpg","datePublished":"2019-12-13T07:24:58+00:00","dateModified":"2019-12-03T07:27:09+00:00","author":{"@id":"http:\/\/www.pamina-business.com\/de\/#\/schema\/person\/9ab02536dbdbc5e3ef40bbc3452c8c69"},"breadcrumb":{"@id":"http:\/\/www.pamina-business.com\/en\/journee-franco-allemande-au-ccfa-le-6-fevrier-2020\/#breadcrumb"},"inLanguage":"en-US","potentialAction":[{"@type":"ReadAction","target":["http:\/\/www.pamina-business.com\/en\/journee-franco-allemande-au-ccfa-le-6-fevrier-2020\/"]}]},{"@type":"ImageObject","inLanguage":"en-US","@id":"http:\/\/www.pamina-business.com\/en\/journee-franco-allemande-au-ccfa-le-6-fevrier-2020\/#primaryimage","url":"https:\/\/www.eurodistrict-pamina.eu\/globalflexit\/images\/img_base\/agendas\/835_556_1_kopie-von-logo-jumelles-gd2-1024x768.jpg","contentUrl":"https:\/\/www.eurodistrict-pamina.eu\/globalflexit\/images\/img_base\/agendas\/835_556_1_kopie-von-logo-jumelles-gd2-1024x768.jpg"},{"@type":"BreadcrumbList","@id":"http:\/\/www.pamina-business.com\/en\/journee-franco-allemande-au-ccfa-le-6-fevrier-2020\/#breadcrumb","itemListElement":[{"@type":"ListItem","position":1,"name":"Accueil","item":"http:\/\/www.pamina-business.com\/en\/"},{"@type":"ListItem","position":2,"name":"Journ\u00e9e franco-allemande au CCFA le 6 f\u00e9vrier 2020"}]},{"@type":"WebSite","@id":"http:\/\/www.pamina-business.com\/de\/#website","url":"http:\/\/www.pamina-business.com\/de\/","name":"PAMINA Business Club","description":"Un site utilisant WordPress","potentialAction":[{"@type":"SearchAction","target":{"@type":"EntryPoint","urlTemplate":"http:\/\/www.pamina-business.com\/de\/?s={search_term_string}"},"query-input":{"@type":"PropertyValueSpecification","valueRequired":true,"valueName":"search_term_string"}}],"inLanguage":"en-US"},{"@type":"Person","@id":"http:\/\/www.pamina-business.com\/de\/#\/schema\/person\/9ab02536dbdbc5e3ef40bbc3452c8c69","name":"Monique STUTZMANN","image":{"@type":"ImageObject","inLanguage":"en-US","@id":"http:\/\/www.pamina-business.com\/de\/#\/schema\/person\/image\/","url":"https:\/\/secure.gravatar.com\/avatar\/cc1c3adf9a9f6e969d3da7b6b34ec66f5f4a6844dfc9145380a75e42cd91882e?s=96&d=mm&r=g","contentUrl":"https:\/\/secure.gravatar.com\/avatar\/cc1c3adf9a9f6e969d3da7b6b34ec66f5f4a6844dfc9145380a75e42cd91882e?s=96&d=mm&r=g","caption":"Monique STUTZMANN"},"url":"http:\/\/www.pamina-business.com\/en\/author\/monique\/"}]}},"_links":{"self":[{"href":"http:\/\/www.pamina-business.com\/en\/wp-json\/wp\/v2\/posts\/4338","targetHints":{"allow":["GET"]}}],"collection":[{"href":"http:\/\/www.pamina-business.com\/en\/wp-json\/wp\/v2\/posts"}],"about":[{"href":"http:\/\/www.pamina-business.com\/en\/wp-json\/wp\/v2\/types\/post"}],"author":[{"embeddable":true,"href":"http:\/\/www.pamina-business.com\/en\/wp-json\/wp\/v2\/users\/3"}],"replies":[{"embeddable":true,"href":"http:\/\/www.pamina-business.com\/en\/wp-json\/wp\/v2\/comments?post=4338"}],"version-history":[{"count":1,"href":"http:\/\/www.pamina-business.com\/en\/wp-json\/wp\/v2\/posts\/4338\/revisions"}],"predecessor-version":[{"id":4339,"href":"http:\/\/www.pamina-business.com\/en\/wp-json\/wp\/v2\/posts\/4338\/revisions\/4339"}],"wp:attachment":[{"href":"http:\/\/www.pamina-business.com\/en\/wp-json\/wp\/v2\/media?parent=4338"}],"wp:term":[{"taxonomy":"category","embeddable":true,"href":"http:\/\/www.pamina-business.com\/en\/wp-json\/wp\/v2\/categories?post=4338"},{"taxonomy":"post_tag","embeddable":true,"href":"http:\/\/www.pamina-business.com\/en\/wp-json\/wp\/v2\/tags?post=4338"}],"curies":[{"name":"wp","href":"https:\/\/api.w.org\/{rel}","templated":true}]}}