{"id":4280,"date":"2019-11-22T13:51:39","date_gmt":"2019-11-22T13:51:39","guid":{"rendered":"http:\/\/www.pamina-business.com\/?p=4280"},"modified":"2019-11-18T13:55:33","modified_gmt":"2019-11-18T13:55:33","slug":"la-cooperation-transfrontaliere-vue-par-les-chefs-dentreprise","status":"publish","type":"post","link":"http:\/\/www.pamina-business.com\/en\/la-cooperation-transfrontaliere-vue-par-les-chefs-dentreprise\/","title":{"rendered":"La coop\u00e9ration transfrontali\u00e8re vue par les chefs d\u2019entreprise"},"content":{"rendered":"<section class=\"content greybg\">\n<div>\n<div class=\"extra_small_content\">\n<div id=\"slider_img\" class=\"carousel slide\" data-ride=\"carousel\">\n<div class=\"carousel-inner has_legend \">\n<div class=\"carousel-item active\"><img decoding=\"async\" src=\"https:\/\/www.adira.com\/wp-content\/uploads\/trinational-cd68-800x400.jpg\" srcset=\"https:\/\/www.adira.com\/wp-content\/uploads\/trinational-cd68.jpg 2x\" alt=\"Trinationaler Wirtschaftsdialog\" \/><\/p>\n<div class=\"credit\">Photo : CD68<\/div>\n<\/div>\n<\/div>\n<\/div>\n<div class=\"mgtbb\">\n<p><strong>L\u2019ADIRA a invit\u00e9 des entreprises alsaciennes \u00e0 participer \u00e0 une rencontre trinationale sur la coop\u00e9ration transfrontali\u00e8re le 7 novembre 2019. Cette rencontre s\u2019est tenue \u00e0 l\u2019H\u00f4tel du D\u00e9partement du Haut-Rhin et a permis de r\u00e9unir des chefs d\u2019entreprise industrielle locaux, ainsi que leurs homologues allemands et suisses invit\u00e9s par la Wirtschaftsregion Freiburg et par la RegioBasiliensis.<br \/>\nCette premi\u00e8re r\u00e9union \u00e9tait tr\u00e8s int\u00e9ressante pour les dirigeants pr\u00e9sents. Chacun a pu s\u2019exprimer dans sa langue, gr\u00e2ce \u00e0 une traduction simultan\u00e9e, ce qui a facilit\u00e9 les \u00e9changes.\u00a0<\/strong><\/p>\n<p>L\u2019id\u00e9e de cette rencontre \u00e9tait de donner la parole aux chefs d\u2019entreprise qui se sentent concern\u00e9s par la coop\u00e9ration transfrontali\u00e8re. Plusieures entreprises alsaciennes \u00e9taient repr\u00e9sent\u00e9es\u00a0: Essity, Freudenberg, Kleyling. C\u00f4t\u00e9 allemand, SICK (l\u2019un des leaders dans les capteurs, automatismes) et Gerriets (sp\u00e9cialiste des rideaux de sc\u00e8ne) \u00e9taient pr\u00e9sentes et c\u00f4t\u00e9 suisse, DSM Nutritional Products (fabricant de vitamines) et EconSight.<\/p>\n<p>Dans un contexte convivial et tr\u00e8s ouvert et apr\u00e8s un mot d\u2019accueil de Brigitte Klinkert, Pr\u00e9sidente du D\u00e9partement du Haut-Rhin, les chefs d\u2019entreprise ont pu s\u2019exprimer sur les forces et faiblesses de la coop\u00e9ration transfrontali\u00e8re sur le volet \u00e9conomique et les actions \u00e0 mettre en \u0153uvre pour une meilleure collaboration au-del\u00e0 des fronti\u00e8res.<\/p>\n<p>De nombreux sujets ont concern\u00e9 les ressources humaines. Les dirigeants fran\u00e7ais, allemands et suisses pr\u00e9sents souhaiteraient par exemple\u00a0:<\/p>\n<ul>\n<li>Faciliter les \u00e9changes de salari\u00e9s entre les pays,<\/li>\n<li>Recruter et motiver les talents conjointement en agissant sur l\u2019attractivit\u00e9 de la r\u00e9gion<\/li>\n<li>Renforcer les possibilit\u00e9s d\u2019\u00e9changes et de formation trinationale pour les jeunes, apprentis, etc.<\/li>\n<li>Cr\u00e9er des groupes de chefs d\u2019entreprise trinationaux pour travailler ensemble sur des sujets de d\u00e9veloppement, d\u2019innovation, etc.<\/li>\n<\/ul>\n<p>La rencontre a \u00e9t\u00e9 tr\u00e8s appr\u00e9ci\u00e9e des participants. Une prochaine session aura lieu en mars 2020, n\u2019h\u00e9sitez pas \u00e0 nous solliciter si vous \u00eates chef d\u2019entreprise (secteur industriel) et que vous souhaitez participer !<\/p>\n<p><em>Source<\/em> : <a href=\"http:\/\/www.adira.com\">www.adira.com<\/a><\/p>\n<p><em>Contact<\/em> : <a href=\"&#x6d;&#97;i&#x6c;&#116;o&#x3a;&#97;l&#x65;&#120;a&#x6e;&#100;r&#x65;&#46;r&#x69;&#103;a&#x75;&#116;&#64;&#x61;&#100;i&#x72;&#97;&#46;&#x63;&#111;m\">&#97;&#x6c;e&#120;&#x61;n&#100;&#x72;e&#46;&#x72;i&#103;&#x61;&#117;&#x74;&#x40;&#97;&#x64;&#x69;&#114;&#x61;&#46;&#99;&#x6f;m <\/a><\/p>\n<\/div>\n<\/div>\n<\/div>\n<\/section>\n","protected":false},"excerpt":{"rendered":"<p>Photo : CD68 L\u2019ADIRA a invit\u00e9 des entreprises alsaciennes \u00e0 participer \u00e0 une rencontre trinationale sur la coop\u00e9ration transfrontali\u00e8re le 7 novembre 2019. Cette rencontre s\u2019est tenue \u00e0 l\u2019H\u00f4tel du D\u00e9partement du Haut-Rhin et a permis de r\u00e9unir des chefs d\u2019entreprise industrielle locaux, ainsi que leurs homologues allemands et suisses invit\u00e9s par la Wirtschaftsregion Freiburg [&hellip;]<\/p>\n","protected":false},"author":3,"featured_media":0,"comment_status":"open","ping_status":"open","sticky":false,"template":"","format":"standard","meta":{"_exactmetrics_skip_tracking":false,"_exactmetrics_sitenote_active":false,"_exactmetrics_sitenote_note":"","_exactmetrics_sitenote_category":0,"footnotes":""},"categories":[7,47],"tags":[],"class_list":["post-4280","post","type-post","status-publish","format-standard","hentry","category-evenements-fr","category-industrie-fr"],"yoast_head":"<!-- This site is optimized with the Yoast SEO plugin v23.5 - https:\/\/yoast.com\/wordpress\/plugins\/seo\/ -->\n<title>La coop\u00e9ration transfrontali\u00e8re vue par les chefs d\u2019entreprise - PAMINA Business Club<\/title>\n<meta name=\"robots\" content=\"index, follow, max-snippet:-1, max-image-preview:large, max-video-preview:-1\" \/>\n<link rel=\"canonical\" href=\"https:\/\/www.pamina-business.com\/en\/la-cooperation-transfrontaliere-vue-par-les-chefs-dentreprise\/\" \/>\n<meta property=\"og:locale\" content=\"en_US\" \/>\n<meta property=\"og:type\" content=\"article\" \/>\n<meta property=\"og:title\" content=\"La coop\u00e9ration transfrontali\u00e8re vue par les chefs d\u2019entreprise - PAMINA Business Club\" \/>\n<meta property=\"og:description\" content=\"Photo : CD68 L\u2019ADIRA a invit\u00e9 des entreprises alsaciennes \u00e0 participer \u00e0 une rencontre trinationale sur la coop\u00e9ration transfrontali\u00e8re le 7 novembre 2019. Cette rencontre s\u2019est tenue \u00e0 l\u2019H\u00f4tel du D\u00e9partement du Haut-Rhin et a permis de r\u00e9unir des chefs d\u2019entreprise industrielle locaux, ainsi que leurs homologues allemands et suisses invit\u00e9s par la Wirtschaftsregion Freiburg [&hellip;]\" \/>\n<meta property=\"og:url\" content=\"https:\/\/www.pamina-business.com\/en\/la-cooperation-transfrontaliere-vue-par-les-chefs-dentreprise\/\" \/>\n<meta property=\"og:site_name\" content=\"PAMINA Business Club\" \/>\n<meta property=\"article:published_time\" content=\"2019-11-22T13:51:39+00:00\" \/>\n<meta property=\"article:modified_time\" content=\"2019-11-18T13:55:33+00:00\" \/>\n<meta property=\"og:image\" content=\"https:\/\/www.adira.com\/wp-content\/uploads\/trinational-cd68-800x400.jpg\" \/>\n<meta name=\"author\" content=\"Monique STUTZMANN\" \/>\n<meta name=\"twitter:card\" content=\"summary_large_image\" \/>\n<meta name=\"twitter:label1\" content=\"Written by\" \/>\n\t<meta name=\"twitter:data1\" content=\"Monique STUTZMANN\" \/>\n\t<meta name=\"twitter:label2\" content=\"Est. reading time\" \/>\n\t<meta name=\"twitter:data2\" content=\"2 minutes\" \/>\n<script type=\"application\/ld+json\" class=\"yoast-schema-graph\">{\"@context\":\"https:\/\/schema.org\",\"@graph\":[{\"@type\":\"WebPage\",\"@id\":\"https:\/\/www.pamina-business.com\/en\/la-cooperation-transfrontaliere-vue-par-les-chefs-dentreprise\/\",\"url\":\"https:\/\/www.pamina-business.com\/en\/la-cooperation-transfrontaliere-vue-par-les-chefs-dentreprise\/\",\"name\":\"La coop\u00e9ration transfrontali\u00e8re vue par les chefs d\u2019entreprise - PAMINA Business Club\",\"isPartOf\":{\"@id\":\"http:\/\/www.pamina-business.com\/de\/#website\"},\"primaryImageOfPage\":{\"@id\":\"https:\/\/www.pamina-business.com\/en\/la-cooperation-transfrontaliere-vue-par-les-chefs-dentreprise\/#primaryimage\"},\"image\":{\"@id\":\"https:\/\/www.pamina-business.com\/en\/la-cooperation-transfrontaliere-vue-par-les-chefs-dentreprise\/#primaryimage\"},\"thumbnailUrl\":\"https:\/\/www.adira.com\/wp-content\/uploads\/trinational-cd68-800x400.jpg\",\"datePublished\":\"2019-11-22T13:51:39+00:00\",\"dateModified\":\"2019-11-18T13:55:33+00:00\",\"author\":{\"@id\":\"http:\/\/www.pamina-business.com\/de\/#\/schema\/person\/9ab02536dbdbc5e3ef40bbc3452c8c69\"},\"breadcrumb\":{\"@id\":\"https:\/\/www.pamina-business.com\/en\/la-cooperation-transfrontaliere-vue-par-les-chefs-dentreprise\/#breadcrumb\"},\"inLanguage\":\"en-US\",\"potentialAction\":[{\"@type\":\"ReadAction\",\"target\":[\"https:\/\/www.pamina-business.com\/en\/la-cooperation-transfrontaliere-vue-par-les-chefs-dentreprise\/\"]}]},{\"@type\":\"ImageObject\",\"inLanguage\":\"en-US\",\"@id\":\"https:\/\/www.pamina-business.com\/en\/la-cooperation-transfrontaliere-vue-par-les-chefs-dentreprise\/#primaryimage\",\"url\":\"https:\/\/www.adira.com\/wp-content\/uploads\/trinational-cd68-800x400.jpg\",\"contentUrl\":\"https:\/\/www.adira.com\/wp-content\/uploads\/trinational-cd68-800x400.jpg\"},{\"@type\":\"BreadcrumbList\",\"@id\":\"https:\/\/www.pamina-business.com\/en\/la-cooperation-transfrontaliere-vue-par-les-chefs-dentreprise\/#breadcrumb\",\"itemListElement\":[{\"@type\":\"ListItem\",\"position\":1,\"name\":\"Accueil\",\"item\":\"http:\/\/www.pamina-business.com\/en\/\"},{\"@type\":\"ListItem\",\"position\":2,\"name\":\"La coop\u00e9ration transfrontali\u00e8re vue par les chefs d\u2019entreprise\"}]},{\"@type\":\"WebSite\",\"@id\":\"http:\/\/www.pamina-business.com\/de\/#website\",\"url\":\"http:\/\/www.pamina-business.com\/de\/\",\"name\":\"PAMINA Business Club\",\"description\":\"Un site utilisant WordPress\",\"potentialAction\":[{\"@type\":\"SearchAction\",\"target\":{\"@type\":\"EntryPoint\",\"urlTemplate\":\"http:\/\/www.pamina-business.com\/de\/?s={search_term_string}\"},\"query-input\":{\"@type\":\"PropertyValueSpecification\",\"valueRequired\":true,\"valueName\":\"search_term_string\"}}],\"inLanguage\":\"en-US\"},{\"@type\":\"Person\",\"@id\":\"http:\/\/www.pamina-business.com\/de\/#\/schema\/person\/9ab02536dbdbc5e3ef40bbc3452c8c69\",\"name\":\"Monique STUTZMANN\",\"image\":{\"@type\":\"ImageObject\",\"inLanguage\":\"en-US\",\"@id\":\"http:\/\/www.pamina-business.com\/de\/#\/schema\/person\/image\/\",\"url\":\"https:\/\/secure.gravatar.com\/avatar\/cc1c3adf9a9f6e969d3da7b6b34ec66f5f4a6844dfc9145380a75e42cd91882e?s=96&d=mm&r=g\",\"contentUrl\":\"https:\/\/secure.gravatar.com\/avatar\/cc1c3adf9a9f6e969d3da7b6b34ec66f5f4a6844dfc9145380a75e42cd91882e?s=96&d=mm&r=g\",\"caption\":\"Monique STUTZMANN\"},\"url\":\"http:\/\/www.pamina-business.com\/en\/author\/monique\/\"}]}<\/script>\n<!-- \/ Yoast SEO plugin. -->","yoast_head_json":{"title":"La coop\u00e9ration transfrontali\u00e8re vue par les chefs d\u2019entreprise - PAMINA Business Club","robots":{"index":"index","follow":"follow","max-snippet":"max-snippet:-1","max-image-preview":"max-image-preview:large","max-video-preview":"max-video-preview:-1"},"canonical":"https:\/\/www.pamina-business.com\/en\/la-cooperation-transfrontaliere-vue-par-les-chefs-dentreprise\/","og_locale":"en_US","og_type":"article","og_title":"La coop\u00e9ration transfrontali\u00e8re vue par les chefs d\u2019entreprise - PAMINA Business Club","og_description":"Photo : CD68 L\u2019ADIRA a invit\u00e9 des entreprises alsaciennes \u00e0 participer \u00e0 une rencontre trinationale sur la coop\u00e9ration transfrontali\u00e8re le 7 novembre 2019. Cette rencontre s\u2019est tenue \u00e0 l\u2019H\u00f4tel du D\u00e9partement du Haut-Rhin et a permis de r\u00e9unir des chefs d\u2019entreprise industrielle locaux, ainsi que leurs homologues allemands et suisses invit\u00e9s par la Wirtschaftsregion Freiburg [&hellip;]","og_url":"https:\/\/www.pamina-business.com\/en\/la-cooperation-transfrontaliere-vue-par-les-chefs-dentreprise\/","og_site_name":"PAMINA Business Club","article_published_time":"2019-11-22T13:51:39+00:00","article_modified_time":"2019-11-18T13:55:33+00:00","og_image":[{"url":"https:\/\/www.adira.com\/wp-content\/uploads\/trinational-cd68-800x400.jpg"}],"author":"Monique STUTZMANN","twitter_card":"summary_large_image","twitter_misc":{"Written by":"Monique STUTZMANN","Est. reading time":"2 minutes"},"schema":{"@context":"https:\/\/schema.org","@graph":[{"@type":"WebPage","@id":"https:\/\/www.pamina-business.com\/en\/la-cooperation-transfrontaliere-vue-par-les-chefs-dentreprise\/","url":"https:\/\/www.pamina-business.com\/en\/la-cooperation-transfrontaliere-vue-par-les-chefs-dentreprise\/","name":"La coop\u00e9ration transfrontali\u00e8re vue par les chefs d\u2019entreprise - PAMINA Business Club","isPartOf":{"@id":"http:\/\/www.pamina-business.com\/de\/#website"},"primaryImageOfPage":{"@id":"https:\/\/www.pamina-business.com\/en\/la-cooperation-transfrontaliere-vue-par-les-chefs-dentreprise\/#primaryimage"},"image":{"@id":"https:\/\/www.pamina-business.com\/en\/la-cooperation-transfrontaliere-vue-par-les-chefs-dentreprise\/#primaryimage"},"thumbnailUrl":"https:\/\/www.adira.com\/wp-content\/uploads\/trinational-cd68-800x400.jpg","datePublished":"2019-11-22T13:51:39+00:00","dateModified":"2019-11-18T13:55:33+00:00","author":{"@id":"http:\/\/www.pamina-business.com\/de\/#\/schema\/person\/9ab02536dbdbc5e3ef40bbc3452c8c69"},"breadcrumb":{"@id":"https:\/\/www.pamina-business.com\/en\/la-cooperation-transfrontaliere-vue-par-les-chefs-dentreprise\/#breadcrumb"},"inLanguage":"en-US","potentialAction":[{"@type":"ReadAction","target":["https:\/\/www.pamina-business.com\/en\/la-cooperation-transfrontaliere-vue-par-les-chefs-dentreprise\/"]}]},{"@type":"ImageObject","inLanguage":"en-US","@id":"https:\/\/www.pamina-business.com\/en\/la-cooperation-transfrontaliere-vue-par-les-chefs-dentreprise\/#primaryimage","url":"https:\/\/www.adira.com\/wp-content\/uploads\/trinational-cd68-800x400.jpg","contentUrl":"https:\/\/www.adira.com\/wp-content\/uploads\/trinational-cd68-800x400.jpg"},{"@type":"BreadcrumbList","@id":"https:\/\/www.pamina-business.com\/en\/la-cooperation-transfrontaliere-vue-par-les-chefs-dentreprise\/#breadcrumb","itemListElement":[{"@type":"ListItem","position":1,"name":"Accueil","item":"http:\/\/www.pamina-business.com\/en\/"},{"@type":"ListItem","position":2,"name":"La coop\u00e9ration transfrontali\u00e8re vue par les chefs d\u2019entreprise"}]},{"@type":"WebSite","@id":"http:\/\/www.pamina-business.com\/de\/#website","url":"http:\/\/www.pamina-business.com\/de\/","name":"PAMINA Business Club","description":"Un site utilisant WordPress","potentialAction":[{"@type":"SearchAction","target":{"@type":"EntryPoint","urlTemplate":"http:\/\/www.pamina-business.com\/de\/?s={search_term_string}"},"query-input":{"@type":"PropertyValueSpecification","valueRequired":true,"valueName":"search_term_string"}}],"inLanguage":"en-US"},{"@type":"Person","@id":"http:\/\/www.pamina-business.com\/de\/#\/schema\/person\/9ab02536dbdbc5e3ef40bbc3452c8c69","name":"Monique STUTZMANN","image":{"@type":"ImageObject","inLanguage":"en-US","@id":"http:\/\/www.pamina-business.com\/de\/#\/schema\/person\/image\/","url":"https:\/\/secure.gravatar.com\/avatar\/cc1c3adf9a9f6e969d3da7b6b34ec66f5f4a6844dfc9145380a75e42cd91882e?s=96&d=mm&r=g","contentUrl":"https:\/\/secure.gravatar.com\/avatar\/cc1c3adf9a9f6e969d3da7b6b34ec66f5f4a6844dfc9145380a75e42cd91882e?s=96&d=mm&r=g","caption":"Monique STUTZMANN"},"url":"http:\/\/www.pamina-business.com\/en\/author\/monique\/"}]}},"_links":{"self":[{"href":"http:\/\/www.pamina-business.com\/en\/wp-json\/wp\/v2\/posts\/4280","targetHints":{"allow":["GET"]}}],"collection":[{"href":"http:\/\/www.pamina-business.com\/en\/wp-json\/wp\/v2\/posts"}],"about":[{"href":"http:\/\/www.pamina-business.com\/en\/wp-json\/wp\/v2\/types\/post"}],"author":[{"embeddable":true,"href":"http:\/\/www.pamina-business.com\/en\/wp-json\/wp\/v2\/users\/3"}],"replies":[{"embeddable":true,"href":"http:\/\/www.pamina-business.com\/en\/wp-json\/wp\/v2\/comments?post=4280"}],"version-history":[{"count":2,"href":"http:\/\/www.pamina-business.com\/en\/wp-json\/wp\/v2\/posts\/4280\/revisions"}],"predecessor-version":[{"id":4306,"href":"http:\/\/www.pamina-business.com\/en\/wp-json\/wp\/v2\/posts\/4280\/revisions\/4306"}],"wp:attachment":[{"href":"http:\/\/www.pamina-business.com\/en\/wp-json\/wp\/v2\/media?parent=4280"}],"wp:term":[{"taxonomy":"category","embeddable":true,"href":"http:\/\/www.pamina-business.com\/en\/wp-json\/wp\/v2\/categories?post=4280"},{"taxonomy":"post_tag","embeddable":true,"href":"http:\/\/www.pamina-business.com\/en\/wp-json\/wp\/v2\/tags?post=4280"}],"curies":[{"name":"wp","href":"https:\/\/api.w.org\/{rel}","templated":true}]}}