{"id":4252,"date":"2019-11-14T07:59:45","date_gmt":"2019-11-14T07:59:45","guid":{"rendered":"http:\/\/www.pamina-business.com\/?p=4252"},"modified":"2019-11-05T08:02:25","modified_gmt":"2019-11-05T08:02:25","slug":"b-solutions-projet-pilote-du-gect","status":"publish","type":"post","link":"http:\/\/www.pamina-business.com\/en\/b-solutions-projet-pilote-du-gect\/","title":{"rendered":"B-Solutions : Projet pilote du GECT"},"content":{"rendered":"<div id=\"innerType\">\n<div class=\"container\">\n<div class=\"row\">\n<div class=\"col-xs-12 col-sm-9\">\n<div class=\"col-right\">\n<section id=\"mainSection\"><img decoding=\"async\" src=\"https:\/\/www.eurodistrict-pamina.eu\/globalflexit\/images\/UserFiles\/Image\/sante\/850_394_1_bs-eu-logo-web.jpg\" \/><\/p>\n<p><span class=\"chapeau\">Pourquoi B-Solutions ?<\/span><\/p>\n<p>Le projet pilote europ\u00e9en pour lever les obstacles juridiques ou administratifs aux fronti\u00e8res est port\u00e9 par le GECT Eurodistrict PAMINA \u00a0et a \u00e9t\u00e9 lanc\u00e9 gr\u00e2ce \u00e0 un appel \u00e0 projet intitul\u00e9 <a class=\"fDefault\" href=\"https:\/\/www.b-solutionsproject.com\/\" target=\"_blank\">&#8220;B-Solutions&#8221;<\/a> initi\u00e9 par la Commission europ\u00e9enne et mis en oeuvre par <a class=\"fDefault\" href=\"http:\/\/www.aebr.eu\" target=\"_blank\">l&#8217;Assocation des r\u00e9gions frontali\u00e8res europ\u00e9ennes<\/a> (ARFE) umgesetzt wurde. Dans le cadre du premier appel \u00e0 projets 10 initiatives pilotes ont \u00e9t\u00e9 choisies et financ\u00e9es \u00e0 hauteur de 20.000 \u20ac par l&#8217;Union europ\u00e9enne. Ces projets pilotes se sont d\u00e9roul\u00e9s dans les cinq champs th\u00e9matiques suivants :<\/p>\n<ul>\n<li>Emploi<\/li>\n<li>Sant\u00e9 (y compris services d&#8217;urgence)<\/li>\n<li>Transports de personnes (publics)<\/li>\n<li>Bilinguisme<\/li>\n<li>Coop\u00e9ration entre administrations<\/li>\n<\/ul>\n<p>33 projets suppl\u00e9mentaires se sont vus attribu\u00e9 un expert pour surmonter un obstacle \u00e0 la fronti\u00e8re dans le cadre d&#8217;un deuxi\u00e8me appel.<\/p>\n<h5 class=\"fDefault\">Pour une r\u00e9elle am\u00e9lioration de la situation dans les r\u00e9gions frontali\u00e8res<\/h5>\n<p>Les solutions innovantes pour surmonter les obstacles aux fronti\u00e8res d&#8217;ordre juridique ou administratif \u00e9labor\u00e9es dans le cadre des projets \u00ab\u00a0B-Solutions\u00a0\u00bb doivent contribuer concr\u00e8tement \u00e0 am\u00e9liorer les conditions de vie des habitants des r\u00e9gions frontali\u00e8res et \u00eatre transf\u00e9rables dans d&#8217;autres r\u00e9gions frontali\u00e8res, c&#8217;est-\u00e0-dire servir de mod\u00e8le. Ainsi elles contribuent directement \u00e0 la mise en oeuvre de la <a class=\"fDefault\" href=\"https:\/\/ec.europa.eu\/transparency\/regdoc\/rep\/1\/2017\/FR\/COM-2017-534-F1-FR-MAIN-PART-1.PDF\" target=\"_blank\">Communication de la Commission europ\u00e9enne du 20 septembre 2017<\/a> \u00ab\u00a0Stimuler la croissance et la coh\u00e9sion des r\u00e9gions frontali\u00e8res de l&#8217;Union europ\u00e9enne\u00a0\u00bb. L&#8217;Union europ\u00e9enne souligne dans cette communication qu&#8217;il est important de r\u00e9duire les obstacles aux fronti\u00e8res<sup> [1]<\/sup> et propose dix rem\u00e8des qui correspondent aux th\u00e9matiques de l&#8217;appel \u00e0 projet.<\/p>\n<h5 class=\"fDefault\">Un protocole d&#8217;action pour lever les obstacles aux fronti\u00e8res<\/h5>\n<p>Le projet pilote, mis en oeuvre en coop\u00e9ration avec le r\u00e9seau des INFOBEST du Rhin sup\u00e9rieur, avait pour but de<strong> lever des obstacles aux fronti\u00e8res par le biais d&#8217;am\u00e9liorations administratives dans le contexte de services de sant\u00e9 transfrontaliers<\/strong>. Dans cet objectif, un protocole d&#8217;action qui se fonde sur des \u00e9tudes de cas et offre un cadre op\u00e9rationnel fiable aux caisses des deux pays a \u00e9t\u00e9 \u00e9labor\u00e9.<\/p>\n<p>Les partenaires du projet sont partis du constat que les frontaliers sont confront\u00e9s \u00e0 divers probl\u00e8mes lors de l&#8217;inscription \u00e0 la caisse d&#8217;assurance maladie ou lors des remboursements : longue dur\u00e9e de traitement, proc\u00e9dure tr\u00e8s complexe, informations contradictoires et difficult\u00e9 \u00e0 acc\u00e9der aux informations pertinentes (adapt\u00e9es \u00e0 la situation du frontalier), co\u00fbts suppl\u00e9mentaires du fait de normes nationales incompatibles, etc. Toutefois, ce ne sont pas seulement les frontaliers qui sont touch\u00e9s par les probl\u00e8mes, mais aussi les habitants de la r\u00e9gion frontali\u00e8re qui souhaitent avoir recours \u00e0 des services de sant\u00e9 transfrontaliers, qui doivent investir plus de temps et d&#8217;efforts pour faire respecter leurs droits.<\/p>\n<h5 class=\"fDefault\">Des solutions pour le Rhin sup\u00e9rieur et pour l\u2018Europe<\/h5>\n<p>Le projet \u201eB-Solutions\u201c a \u00e9t\u00e9 r\u00e9alis\u00e9 en 2 phases :<\/p>\n<ul>\n<li><strong>Premi\u00e8rement, une phase de recueil, de s\u00e9lection et d&#8217;analyse de cas<\/strong> de la r\u00e9gion franco-allemande du Rhin sup\u00e9rieur. Ces cas ont \u00e9t\u00e9 discut\u00e9s et trait\u00e9s avec les caisses d&#8217;assurance maladie et autres acteurs comp\u00e9tents avec l&#8217;objectif de trouver des solutions.<\/li>\n<li><strong>Deuxi\u00e8mement, une phase de description des processus de travail et d&#8217;\u00e9laboration du protocole d&#8217;action<\/strong> en ce qui concerne leur transf\u00e9rabilit\u00e9 \u00e0 d&#8217;autres r\u00e9gions aux fronti\u00e8res int\u00e9rieures de l&#8217;UE.<\/li>\n<\/ul>\n<h5 class=\"fDefault\">Un r\u00e9seau d&#8217;acteurs exp\u00e9riment\u00e9s et motiv\u00e9s<\/h5>\n<p class=\"fDefault\">Le projet pilote a \u00e9t\u00e9 mis en oeuvre par le GECT Eurodistrict PAMINA en tant que porteur du projet et le r\u00e9seau INFOBEST en tant que partenaire principal. Le groupe de pilotage du projet a \u00e9t\u00e9 compl\u00e9t\u00e9 par le Centre Europ\u00e9en de la Consommation en tant qu&#8217;expert sur les questions de consommation et l&#8217;Euro-Institut\/TRISAN (Centre de comp\u00e9tences trinational pour la coop\u00e9ration transfrontali\u00e8re dans le domaine de la sant\u00e9) en tant que prestataire de services pour les analyses et l&#8217;\u00e9laboration du Protocole d&#8217;action.<\/p>\n<p>Le projet &#8220;B-Solutions&#8221; b\u00e9n\u00e9ficie \u00e9galement du soutien politique des membres du GECT Eurodistrict PAMINA\u00a0 et des antennes INFOBEST. Thomas Gebhart, d\u00e9put\u00e9 et secr\u00e9taire d&#8217;\u00c9tat au Minist\u00e8re f\u00e9d\u00e9ral de la Sant\u00e9, est le parrain de l&#8217;action pilote en tant que d\u00e9put\u00e9 d&#8217;une r\u00e9gion frontali\u00e8re (Palatinat du Sud).<\/p>\n<p><img decoding=\"async\" src=\"https:\/\/www.eurodistrict-pamina.eu\/globalflexit\/images\/UserFiles\/Image\/sante\/850_104_2_partenaires.jpg\" \/><\/p>\n<p><span class=\"legende\">[1] <i>La\u00a0 Commission a entrepris une analyse pour tenter de d\u00e9terminer ce que co\u00fbtent les obstacles aux fronti\u00e8res et la redondance des services. Selon une r\u00e9cente \u00e9tude portant sur l&#8217;incidence des obstacles aux fronti\u00e8res sur le PIB et l&#8217;emploi dans les r\u00e9gions frontali\u00e8res terrestres int\u00e9rieures, ces r\u00e9gions pourraient \u00eatre potentiellement plus riches de 8% si tous les obstacles actuels \u00e9taient \u00e9limin\u00e9s et si tout le monde parlait la m\u00eame langue. Ce\u00a0 sc\u00e9nario n&#8217;est ni r\u00e9aliste ni souhaitable car l&#8217;Europe est fond\u00e9e sur la diversit\u00e9 et la subsidiarit\u00e9. N\u00e9anmoins, si 20% seulement des <\/i><em>obstacles existants \u00e9taient lev\u00e9s, les r\u00e9gions frontali\u00e8res verraient quand m\u00eame leur PIB augmenter de 2%.<\/em> (COMMUNICATION DE LA COMMISSION AU CONSEIL ET AU PARLEMENT EUROPEEN : Stimuler la croissance et la coh\u00e9sion des r\u00e9gions frontali\u00e8res de l&#8217;Union europ\u00e9enne, COM(2017) 534 final, Bruxelles 20.09.2017<\/span><\/p>\n<hr \/>\n<p><span class=\"chapeau\">Documents<\/span><\/p>\n<div class=\"fmodele fmodeleScroll tpl_files_list\">\n<div class=\"flexit-medias-list-files\">\n<table class=\"table\">\n<tbody>\n<tr class=\"flexit-medias-list-files-item\">\n<td><a class=\"flexit_ico_file\" href=\"https:\/\/www.eurodistrict-pamina.eu\/UserFiles\/File\/b-solutions\/action-protocol.pdf\" target=\"_blank\">Final report &amp; Action protocol<\/a><\/td>\n<td><span title=\"\">29 octobre 2019<\/span><\/td>\n<td><a href=\"https:\/\/www.eurodistrict-pamina.eu\/UserFiles\/File\/b-solutions\/action-protocol.pdf\" target=\"_blank\">T\u00e9l\u00e9charger<\/a><\/td>\n<\/tr>\n<tr class=\"flexit-medias-list-files-item\">\n<td><a class=\"flexit_ico_file\" href=\"https:\/\/www.eurodistrict-pamina.eu\/UserFiles\/File\/b-solutions\/bericht-b-solutions-oberrhein.pdf\" target=\"_blank\">Bericht f\u00fcr den Oberrhein<\/a><\/td>\n<td><span title=\"\">29 octobre 2019<\/span><\/td>\n<td><a href=\"https:\/\/www.eurodistrict-pamina.eu\/UserFiles\/File\/b-solutions\/bericht-b-solutions-oberrhein.pdf\" target=\"_blank\">T\u00e9l\u00e9charger<\/a><\/td>\n<\/tr>\n<tr class=\"flexit-medias-list-files-item\">\n<td><a class=\"flexit_ico_file\" href=\"https:\/\/www.eurodistrict-pamina.eu\/UserFiles\/File\/b-solutions\/rapport-b-solutions-rhin-superieur.pdf\" target=\"_blank\">Rapport pour le Rhin sup\u00e9rieur<\/a><\/td>\n<td><span title=\"\">29 octobre 2019<\/span><\/td>\n<td><a href=\"https:\/\/www.eurodistrict-pamina.eu\/UserFiles\/File\/b-solutions\/rapport-b-solutions-rhin-superieur.pdf\" target=\"_blank\">T\u00e9l\u00e9charger<\/a><\/td>\n<\/tr>\n<\/tbody>\n<\/table>\n<\/div>\n<\/div>\n<hr \/>\n<div>Ce projet est financ\u00e9 par l&#8217;Union europ\u00e9enne. Fonds europ\u00e9en de d\u00e9veloppement r\u00e9gional.<\/div>\n<div class=\"btn-ico-wrapper\"><a class=\"btn-ico btn-ico-downloadpdf\" title=\"T\u00e9l\u00e9charger la page au format PDF\" href=\"https:\/\/www.eurodistrict-pamina.eu\/fr\/b-solutions-projet-pilote-du-gect.html?downloadpdf=1\" target=\"_blank\" rel=\"nofollow\">PDF<\/a> <a class=\"btn-ico btn-ico-print\" title=\"Imprimer la page\">Print<\/a><\/div>\n<\/section>\n<\/div>\n<\/div>\n<\/div>\n<\/div>\n<\/div>\n<footer id=\"mainFooter\">\n<div class=\"container\">\n<div class=\"row\">\n<div class=\"col-xs-12 col-sm-8\"><a class=\"contacts \" title=\"Contact\" href=\"https:\/\/www.eurodistrict-pamina.eu\/fr\/contact.html\" data-equalize=\"col-footer\"><span class=\"line-1\">Vous souhaitez nous<\/span><\/a><\/div>\n<div class=\"col-xs-12 col-sm-8\"><em>Source<\/em> : <a href=\"http:\/\/www.eurodistrict-pamina.eu\">www.eurodistrict-pamina.eu <\/a><\/div>\n<\/div>\n<\/div>\n<\/footer>\n","protected":false},"excerpt":{"rendered":"<p>Pourquoi B-Solutions ? Le projet pilote europ\u00e9en pour lever les obstacles juridiques ou administratifs aux fronti\u00e8res est port\u00e9 par le GECT Eurodistrict PAMINA \u00a0et a \u00e9t\u00e9 lanc\u00e9 gr\u00e2ce \u00e0 un appel \u00e0 projet intitul\u00e9 &#8220;B-Solutions&#8221; initi\u00e9 par la Commission europ\u00e9enne et mis en oeuvre par l&#8217;Assocation des r\u00e9gions frontali\u00e8res europ\u00e9ennes (ARFE) umgesetzt wurde. Dans le [&hellip;]<\/p>\n","protected":false},"author":3,"featured_media":0,"comment_status":"open","ping_status":"open","sticky":false,"template":"","format":"standard","meta":{"_exactmetrics_skip_tracking":false,"_exactmetrics_sitenote_active":false,"_exactmetrics_sitenote_note":"","_exactmetrics_sitenote_category":0,"footnotes":""},"categories":[7],"tags":[],"class_list":["post-4252","post","type-post","status-publish","format-standard","hentry","category-evenements-fr"],"yoast_head":"<!-- This site is optimized with the Yoast SEO plugin v23.5 - https:\/\/yoast.com\/wordpress\/plugins\/seo\/ -->\n<title>B-Solutions : Projet pilote du GECT - PAMINA Business Club<\/title>\n<meta name=\"robots\" content=\"index, follow, max-snippet:-1, max-image-preview:large, max-video-preview:-1\" \/>\n<link rel=\"canonical\" href=\"http:\/\/www.pamina-business.com\/b-solutions-projet-pilote-du-gect\/\" \/>\n<meta property=\"og:locale\" content=\"en_US\" \/>\n<meta property=\"og:type\" content=\"article\" \/>\n<meta property=\"og:title\" content=\"B-Solutions : Projet pilote du GECT - PAMINA Business Club\" \/>\n<meta property=\"og:description\" content=\"Pourquoi B-Solutions ? Le projet pilote europ\u00e9en pour lever les obstacles juridiques ou administratifs aux fronti\u00e8res est port\u00e9 par le GECT Eurodistrict PAMINA \u00a0et a \u00e9t\u00e9 lanc\u00e9 gr\u00e2ce \u00e0 un appel \u00e0 projet intitul\u00e9 &#8220;B-Solutions&#8221; initi\u00e9 par la Commission europ\u00e9enne et mis en oeuvre par l&#8217;Assocation des r\u00e9gions frontali\u00e8res europ\u00e9ennes (ARFE) umgesetzt wurde. Dans le [&hellip;]\" \/>\n<meta property=\"og:url\" content=\"http:\/\/www.pamina-business.com\/b-solutions-projet-pilote-du-gect\/\" \/>\n<meta property=\"og:site_name\" content=\"PAMINA Business Club\" \/>\n<meta property=\"article:published_time\" content=\"2019-11-14T07:59:45+00:00\" \/>\n<meta property=\"article:modified_time\" content=\"2019-11-05T08:02:25+00:00\" \/>\n<meta property=\"og:image\" content=\"https:\/\/www.eurodistrict-pamina.eu\/globalflexit\/images\/UserFiles\/Image\/sante\/850_394_1_bs-eu-logo-web.jpg\" \/>\n<meta name=\"author\" content=\"Monique STUTZMANN\" \/>\n<meta name=\"twitter:card\" content=\"summary_large_image\" \/>\n<meta name=\"twitter:label1\" content=\"Written by\" \/>\n\t<meta name=\"twitter:data1\" content=\"Monique STUTZMANN\" \/>\n\t<meta name=\"twitter:label2\" content=\"Est. reading time\" \/>\n\t<meta name=\"twitter:data2\" content=\"5 minutes\" \/>\n<script type=\"application\/ld+json\" class=\"yoast-schema-graph\">{\"@context\":\"https:\/\/schema.org\",\"@graph\":[{\"@type\":\"WebPage\",\"@id\":\"http:\/\/www.pamina-business.com\/b-solutions-projet-pilote-du-gect\/\",\"url\":\"http:\/\/www.pamina-business.com\/b-solutions-projet-pilote-du-gect\/\",\"name\":\"B-Solutions : Projet pilote du GECT - PAMINA Business Club\",\"isPartOf\":{\"@id\":\"https:\/\/www.pamina-business.com\/de\/#website\"},\"primaryImageOfPage\":{\"@id\":\"http:\/\/www.pamina-business.com\/b-solutions-projet-pilote-du-gect\/#primaryimage\"},\"image\":{\"@id\":\"http:\/\/www.pamina-business.com\/b-solutions-projet-pilote-du-gect\/#primaryimage\"},\"thumbnailUrl\":\"https:\/\/www.eurodistrict-pamina.eu\/globalflexit\/images\/UserFiles\/Image\/sante\/850_394_1_bs-eu-logo-web.jpg\",\"datePublished\":\"2019-11-14T07:59:45+00:00\",\"dateModified\":\"2019-11-05T08:02:25+00:00\",\"author\":{\"@id\":\"https:\/\/www.pamina-business.com\/de\/#\/schema\/person\/9ab02536dbdbc5e3ef40bbc3452c8c69\"},\"breadcrumb\":{\"@id\":\"http:\/\/www.pamina-business.com\/b-solutions-projet-pilote-du-gect\/#breadcrumb\"},\"inLanguage\":\"en-US\",\"potentialAction\":[{\"@type\":\"ReadAction\",\"target\":[\"http:\/\/www.pamina-business.com\/b-solutions-projet-pilote-du-gect\/\"]}]},{\"@type\":\"ImageObject\",\"inLanguage\":\"en-US\",\"@id\":\"http:\/\/www.pamina-business.com\/b-solutions-projet-pilote-du-gect\/#primaryimage\",\"url\":\"https:\/\/www.eurodistrict-pamina.eu\/globalflexit\/images\/UserFiles\/Image\/sante\/850_394_1_bs-eu-logo-web.jpg\",\"contentUrl\":\"https:\/\/www.eurodistrict-pamina.eu\/globalflexit\/images\/UserFiles\/Image\/sante\/850_394_1_bs-eu-logo-web.jpg\"},{\"@type\":\"BreadcrumbList\",\"@id\":\"http:\/\/www.pamina-business.com\/b-solutions-projet-pilote-du-gect\/#breadcrumb\",\"itemListElement\":[{\"@type\":\"ListItem\",\"position\":1,\"name\":\"Accueil\",\"item\":\"http:\/\/www.pamina-business.com\/en\/\"},{\"@type\":\"ListItem\",\"position\":2,\"name\":\"B-Solutions : Projet pilote du GECT\"}]},{\"@type\":\"WebSite\",\"@id\":\"https:\/\/www.pamina-business.com\/de\/#website\",\"url\":\"https:\/\/www.pamina-business.com\/de\/\",\"name\":\"PAMINA Business Club\",\"description\":\"Un site utilisant WordPress\",\"potentialAction\":[{\"@type\":\"SearchAction\",\"target\":{\"@type\":\"EntryPoint\",\"urlTemplate\":\"https:\/\/www.pamina-business.com\/de\/?s={search_term_string}\"},\"query-input\":{\"@type\":\"PropertyValueSpecification\",\"valueRequired\":true,\"valueName\":\"search_term_string\"}}],\"inLanguage\":\"en-US\"},{\"@type\":\"Person\",\"@id\":\"https:\/\/www.pamina-business.com\/de\/#\/schema\/person\/9ab02536dbdbc5e3ef40bbc3452c8c69\",\"name\":\"Monique STUTZMANN\",\"image\":{\"@type\":\"ImageObject\",\"inLanguage\":\"en-US\",\"@id\":\"https:\/\/www.pamina-business.com\/de\/#\/schema\/person\/image\/\",\"url\":\"https:\/\/secure.gravatar.com\/avatar\/cc1c3adf9a9f6e969d3da7b6b34ec66f5f4a6844dfc9145380a75e42cd91882e?s=96&d=mm&r=g\",\"contentUrl\":\"https:\/\/secure.gravatar.com\/avatar\/cc1c3adf9a9f6e969d3da7b6b34ec66f5f4a6844dfc9145380a75e42cd91882e?s=96&d=mm&r=g\",\"caption\":\"Monique STUTZMANN\"},\"url\":\"http:\/\/www.pamina-business.com\/en\/author\/monique\/\"}]}<\/script>\n<!-- \/ Yoast SEO plugin. -->","yoast_head_json":{"title":"B-Solutions : Projet pilote du GECT - PAMINA Business Club","robots":{"index":"index","follow":"follow","max-snippet":"max-snippet:-1","max-image-preview":"max-image-preview:large","max-video-preview":"max-video-preview:-1"},"canonical":"http:\/\/www.pamina-business.com\/b-solutions-projet-pilote-du-gect\/","og_locale":"en_US","og_type":"article","og_title":"B-Solutions : Projet pilote du GECT - PAMINA Business Club","og_description":"Pourquoi B-Solutions ? Le projet pilote europ\u00e9en pour lever les obstacles juridiques ou administratifs aux fronti\u00e8res est port\u00e9 par le GECT Eurodistrict PAMINA \u00a0et a \u00e9t\u00e9 lanc\u00e9 gr\u00e2ce \u00e0 un appel \u00e0 projet intitul\u00e9 &#8220;B-Solutions&#8221; initi\u00e9 par la Commission europ\u00e9enne et mis en oeuvre par l&#8217;Assocation des r\u00e9gions frontali\u00e8res europ\u00e9ennes (ARFE) umgesetzt wurde. Dans le [&hellip;]","og_url":"http:\/\/www.pamina-business.com\/b-solutions-projet-pilote-du-gect\/","og_site_name":"PAMINA Business Club","article_published_time":"2019-11-14T07:59:45+00:00","article_modified_time":"2019-11-05T08:02:25+00:00","og_image":[{"url":"https:\/\/www.eurodistrict-pamina.eu\/globalflexit\/images\/UserFiles\/Image\/sante\/850_394_1_bs-eu-logo-web.jpg"}],"author":"Monique STUTZMANN","twitter_card":"summary_large_image","twitter_misc":{"Written by":"Monique STUTZMANN","Est. reading time":"5 minutes"},"schema":{"@context":"https:\/\/schema.org","@graph":[{"@type":"WebPage","@id":"http:\/\/www.pamina-business.com\/b-solutions-projet-pilote-du-gect\/","url":"http:\/\/www.pamina-business.com\/b-solutions-projet-pilote-du-gect\/","name":"B-Solutions : Projet pilote du GECT - PAMINA Business Club","isPartOf":{"@id":"https:\/\/www.pamina-business.com\/de\/#website"},"primaryImageOfPage":{"@id":"http:\/\/www.pamina-business.com\/b-solutions-projet-pilote-du-gect\/#primaryimage"},"image":{"@id":"http:\/\/www.pamina-business.com\/b-solutions-projet-pilote-du-gect\/#primaryimage"},"thumbnailUrl":"https:\/\/www.eurodistrict-pamina.eu\/globalflexit\/images\/UserFiles\/Image\/sante\/850_394_1_bs-eu-logo-web.jpg","datePublished":"2019-11-14T07:59:45+00:00","dateModified":"2019-11-05T08:02:25+00:00","author":{"@id":"https:\/\/www.pamina-business.com\/de\/#\/schema\/person\/9ab02536dbdbc5e3ef40bbc3452c8c69"},"breadcrumb":{"@id":"http:\/\/www.pamina-business.com\/b-solutions-projet-pilote-du-gect\/#breadcrumb"},"inLanguage":"en-US","potentialAction":[{"@type":"ReadAction","target":["http:\/\/www.pamina-business.com\/b-solutions-projet-pilote-du-gect\/"]}]},{"@type":"ImageObject","inLanguage":"en-US","@id":"http:\/\/www.pamina-business.com\/b-solutions-projet-pilote-du-gect\/#primaryimage","url":"https:\/\/www.eurodistrict-pamina.eu\/globalflexit\/images\/UserFiles\/Image\/sante\/850_394_1_bs-eu-logo-web.jpg","contentUrl":"https:\/\/www.eurodistrict-pamina.eu\/globalflexit\/images\/UserFiles\/Image\/sante\/850_394_1_bs-eu-logo-web.jpg"},{"@type":"BreadcrumbList","@id":"http:\/\/www.pamina-business.com\/b-solutions-projet-pilote-du-gect\/#breadcrumb","itemListElement":[{"@type":"ListItem","position":1,"name":"Accueil","item":"http:\/\/www.pamina-business.com\/en\/"},{"@type":"ListItem","position":2,"name":"B-Solutions : Projet pilote du GECT"}]},{"@type":"WebSite","@id":"https:\/\/www.pamina-business.com\/de\/#website","url":"https:\/\/www.pamina-business.com\/de\/","name":"PAMINA Business Club","description":"Un site utilisant WordPress","potentialAction":[{"@type":"SearchAction","target":{"@type":"EntryPoint","urlTemplate":"https:\/\/www.pamina-business.com\/de\/?s={search_term_string}"},"query-input":{"@type":"PropertyValueSpecification","valueRequired":true,"valueName":"search_term_string"}}],"inLanguage":"en-US"},{"@type":"Person","@id":"https:\/\/www.pamina-business.com\/de\/#\/schema\/person\/9ab02536dbdbc5e3ef40bbc3452c8c69","name":"Monique STUTZMANN","image":{"@type":"ImageObject","inLanguage":"en-US","@id":"https:\/\/www.pamina-business.com\/de\/#\/schema\/person\/image\/","url":"https:\/\/secure.gravatar.com\/avatar\/cc1c3adf9a9f6e969d3da7b6b34ec66f5f4a6844dfc9145380a75e42cd91882e?s=96&d=mm&r=g","contentUrl":"https:\/\/secure.gravatar.com\/avatar\/cc1c3adf9a9f6e969d3da7b6b34ec66f5f4a6844dfc9145380a75e42cd91882e?s=96&d=mm&r=g","caption":"Monique STUTZMANN"},"url":"http:\/\/www.pamina-business.com\/en\/author\/monique\/"}]}},"_links":{"self":[{"href":"http:\/\/www.pamina-business.com\/en\/wp-json\/wp\/v2\/posts\/4252","targetHints":{"allow":["GET"]}}],"collection":[{"href":"http:\/\/www.pamina-business.com\/en\/wp-json\/wp\/v2\/posts"}],"about":[{"href":"http:\/\/www.pamina-business.com\/en\/wp-json\/wp\/v2\/types\/post"}],"author":[{"embeddable":true,"href":"http:\/\/www.pamina-business.com\/en\/wp-json\/wp\/v2\/users\/3"}],"replies":[{"embeddable":true,"href":"http:\/\/www.pamina-business.com\/en\/wp-json\/wp\/v2\/comments?post=4252"}],"version-history":[{"count":1,"href":"http:\/\/www.pamina-business.com\/en\/wp-json\/wp\/v2\/posts\/4252\/revisions"}],"predecessor-version":[{"id":4253,"href":"http:\/\/www.pamina-business.com\/en\/wp-json\/wp\/v2\/posts\/4252\/revisions\/4253"}],"wp:attachment":[{"href":"http:\/\/www.pamina-business.com\/en\/wp-json\/wp\/v2\/media?parent=4252"}],"wp:term":[{"taxonomy":"category","embeddable":true,"href":"http:\/\/www.pamina-business.com\/en\/wp-json\/wp\/v2\/categories?post=4252"},{"taxonomy":"post_tag","embeddable":true,"href":"http:\/\/www.pamina-business.com\/en\/wp-json\/wp\/v2\/tags?post=4252"}],"curies":[{"name":"wp","href":"https:\/\/api.w.org\/{rel}","templated":true}]}}