{"id":4228,"date":"2019-11-08T11:20:43","date_gmt":"2019-11-08T11:20:43","guid":{"rendered":"http:\/\/www.pamina-business.com\/?p=4228"},"modified":"2019-10-28T11:22:40","modified_gmt":"2019-10-28T11:22:40","slug":"congres-des-entreprises-publiques-locales-a-strasbourg-le-9-octobre-2019","status":"publish","type":"post","link":"http:\/\/www.pamina-business.com\/en\/congres-des-entreprises-publiques-locales-a-strasbourg-le-9-octobre-2019\/","title":{"rendered":"Congr\u00e8s des Entreprises Publiques Locales \u00e0 Strasbourg le 9 octobre 2019"},"content":{"rendered":"<div id=\"c1674\" class=\"csc-default\">\n<div class=\"tx-tmsw-mot-ressources\">\n<div class=\"news\">\n<p><img loading=\"lazy\" decoding=\"async\" class=\"main-image\" title=\"Congr\u00e8s des EPL \u00e0 Strasbourg\" src=\"http:\/\/www.espaces-transfrontaliers.org\/typo3temp\/_processed_\/csm_2019_10_EPL_1155bd0aa5.jpg\" alt=\"Congr\u00e8s des EPL \u00e0 Strasbourg\" width=\"300\" height=\"200\" \/><\/p>\n<div class=\"intro\">\n<p class=\"bodytext\">Le 9 octobre 2019, la F\u00e9d\u00e9ration des Entreprises Publiques Locales (EPL) a organis\u00e9 \u00e0 Strasbourg son congr\u00e8s annuel, r\u00e9unissant des EPL venant de toute la France.<\/p>\n<\/div>\n<p class=\"bodytext\">Apr\u00e8s une br\u00e8ve intervention du Pr\u00e9sident Robert Herrmann qui a notamment \u00e9voqu\u00e9 des exemples de partenariats transfrontaliers, la MOT s&#8217;est exprim\u00e9e pour inviter ces entit\u00e9s \u00e0 se tourner vers le transfrontalier, via une pr\u00e9sentation de leurs opportunit\u00e9s en termes de financements INTERREG mais aussi de structuration avec des entit\u00e9s de l\u2019autre c\u00f4t\u00e9 des fronti\u00e8res nationales.<\/p>\n<p class=\"bodytext\"><a class=\"external-link-new-window\" title=\"Opens external link in new window\" href=\"https:\/\/www.lesepl.fr\/le-mouvement\/congres-salon\/\" target=\"_blank\">Plus d&#8217;infos<\/a><\/p>\n<\/div>\n<\/div>\n<\/div>\n<p><em>Source<\/em> : L&#8217;actualit\u00e9 transfrontali\u00e8re<\/p>\n<p>Newsletter de la MOT<\/p>\n<p>Mission Op\u00e9rationelle Transfrontali\u00e8re N\u00b0 153 &#8211; octobre 2019<\/p>\n<p><a href=\"http:\/\/www.espaces-transfrontaliers.org\">www.espaces-transfrontaliers.org<\/a><\/p>\n<p><em>Contact<\/em> : <a href=\"&#x6d;&#x61;&#x69;&#x6c;&#116;&#111;&#58;&#100;omi&#x74;&#x69;&#x6c;&#x6c;&#x65;&#46;&#97;&#121;ral&#x40;&#x6d;&#x6f;&#x74;&#x2e;&#97;&#115;&#115;o&#46;f&#x72;\">&#x64;&#x6f;&#x6d;&#x69;&#116;&#105;&#108;le&#x2e;&#x61;&#x79;&#x72;&#x61;&#108;&#64;&#109;ot&#x2e;&#x61;&#x73;&#x73;&#x6f;&#46;&#102;&#114;<\/a><\/p>\n","protected":false},"excerpt":{"rendered":"<p>Le 9 octobre 2019, la F\u00e9d\u00e9ration des Entreprises Publiques Locales (EPL) a organis\u00e9 \u00e0 Strasbourg son congr\u00e8s annuel, r\u00e9unissant des EPL venant de toute la France. Apr\u00e8s une br\u00e8ve intervention du Pr\u00e9sident Robert Herrmann qui a notamment \u00e9voqu\u00e9 des exemples de partenariats transfrontaliers, la MOT s&#8217;est exprim\u00e9e pour inviter ces entit\u00e9s \u00e0 se tourner vers [&hellip;]<\/p>\n","protected":false},"author":3,"featured_media":0,"comment_status":"open","ping_status":"open","sticky":false,"template":"","format":"standard","meta":{"_exactmetrics_skip_tracking":false,"_exactmetrics_sitenote_active":false,"_exactmetrics_sitenote_note":"","_exactmetrics_sitenote_category":0,"footnotes":""},"categories":[7],"tags":[],"class_list":["post-4228","post","type-post","status-publish","format-standard","hentry","category-evenements-fr"],"yoast_head":"<!-- This site is optimized with the Yoast SEO plugin v23.5 - https:\/\/yoast.com\/wordpress\/plugins\/seo\/ -->\n<title>Congr\u00e8s des Entreprises Publiques Locales \u00e0 Strasbourg le 9 octobre 2019 - PAMINA Business Club<\/title>\n<meta name=\"robots\" content=\"index, follow, max-snippet:-1, max-image-preview:large, max-video-preview:-1\" \/>\n<link rel=\"canonical\" href=\"http:\/\/www.pamina-business.com\/en\/congres-des-entreprises-publiques-locales-a-strasbourg-le-9-octobre-2019\/\" \/>\n<meta property=\"og:locale\" content=\"en_US\" \/>\n<meta property=\"og:type\" content=\"article\" \/>\n<meta property=\"og:title\" content=\"Congr\u00e8s des Entreprises Publiques Locales \u00e0 Strasbourg le 9 octobre 2019 - PAMINA Business Club\" \/>\n<meta property=\"og:description\" content=\"Le 9 octobre 2019, la F\u00e9d\u00e9ration des Entreprises Publiques Locales (EPL) a organis\u00e9 \u00e0 Strasbourg son congr\u00e8s annuel, r\u00e9unissant des EPL venant de toute la France. Apr\u00e8s une br\u00e8ve intervention du Pr\u00e9sident Robert Herrmann qui a notamment \u00e9voqu\u00e9 des exemples de partenariats transfrontaliers, la MOT s&#8217;est exprim\u00e9e pour inviter ces entit\u00e9s \u00e0 se tourner vers [&hellip;]\" \/>\n<meta property=\"og:url\" content=\"http:\/\/www.pamina-business.com\/en\/congres-des-entreprises-publiques-locales-a-strasbourg-le-9-octobre-2019\/\" \/>\n<meta property=\"og:site_name\" content=\"PAMINA Business Club\" \/>\n<meta property=\"article:published_time\" content=\"2019-11-08T11:20:43+00:00\" \/>\n<meta property=\"article:modified_time\" content=\"2019-10-28T11:22:40+00:00\" \/>\n<meta property=\"og:image\" content=\"http:\/\/www.espaces-transfrontaliers.org\/typo3temp\/_processed_\/csm_2019_10_EPL_1155bd0aa5.jpg\" \/>\n<meta name=\"author\" content=\"Monique STUTZMANN\" \/>\n<meta name=\"twitter:card\" content=\"summary_large_image\" \/>\n<meta name=\"twitter:label1\" content=\"Written by\" \/>\n\t<meta name=\"twitter:data1\" content=\"Monique STUTZMANN\" \/>\n\t<meta name=\"twitter:label2\" content=\"Est. reading time\" \/>\n\t<meta name=\"twitter:data2\" content=\"1 minute\" \/>\n<script type=\"application\/ld+json\" class=\"yoast-schema-graph\">{\"@context\":\"https:\/\/schema.org\",\"@graph\":[{\"@type\":\"WebPage\",\"@id\":\"http:\/\/www.pamina-business.com\/en\/congres-des-entreprises-publiques-locales-a-strasbourg-le-9-octobre-2019\/\",\"url\":\"http:\/\/www.pamina-business.com\/en\/congres-des-entreprises-publiques-locales-a-strasbourg-le-9-octobre-2019\/\",\"name\":\"Congr\u00e8s des Entreprises Publiques Locales \u00e0 Strasbourg le 9 octobre 2019 - PAMINA Business Club\",\"isPartOf\":{\"@id\":\"http:\/\/www.pamina-business.com\/de\/#website\"},\"primaryImageOfPage\":{\"@id\":\"http:\/\/www.pamina-business.com\/en\/congres-des-entreprises-publiques-locales-a-strasbourg-le-9-octobre-2019\/#primaryimage\"},\"image\":{\"@id\":\"http:\/\/www.pamina-business.com\/en\/congres-des-entreprises-publiques-locales-a-strasbourg-le-9-octobre-2019\/#primaryimage\"},\"thumbnailUrl\":\"http:\/\/www.espaces-transfrontaliers.org\/typo3temp\/_processed_\/csm_2019_10_EPL_1155bd0aa5.jpg\",\"datePublished\":\"2019-11-08T11:20:43+00:00\",\"dateModified\":\"2019-10-28T11:22:40+00:00\",\"author\":{\"@id\":\"http:\/\/www.pamina-business.com\/de\/#\/schema\/person\/9ab02536dbdbc5e3ef40bbc3452c8c69\"},\"breadcrumb\":{\"@id\":\"http:\/\/www.pamina-business.com\/en\/congres-des-entreprises-publiques-locales-a-strasbourg-le-9-octobre-2019\/#breadcrumb\"},\"inLanguage\":\"en-US\",\"potentialAction\":[{\"@type\":\"ReadAction\",\"target\":[\"http:\/\/www.pamina-business.com\/en\/congres-des-entreprises-publiques-locales-a-strasbourg-le-9-octobre-2019\/\"]}]},{\"@type\":\"ImageObject\",\"inLanguage\":\"en-US\",\"@id\":\"http:\/\/www.pamina-business.com\/en\/congres-des-entreprises-publiques-locales-a-strasbourg-le-9-octobre-2019\/#primaryimage\",\"url\":\"http:\/\/www.espaces-transfrontaliers.org\/typo3temp\/_processed_\/csm_2019_10_EPL_1155bd0aa5.jpg\",\"contentUrl\":\"http:\/\/www.espaces-transfrontaliers.org\/typo3temp\/_processed_\/csm_2019_10_EPL_1155bd0aa5.jpg\"},{\"@type\":\"BreadcrumbList\",\"@id\":\"http:\/\/www.pamina-business.com\/en\/congres-des-entreprises-publiques-locales-a-strasbourg-le-9-octobre-2019\/#breadcrumb\",\"itemListElement\":[{\"@type\":\"ListItem\",\"position\":1,\"name\":\"Accueil\",\"item\":\"http:\/\/www.pamina-business.com\/en\/\"},{\"@type\":\"ListItem\",\"position\":2,\"name\":\"Congr\u00e8s des Entreprises Publiques Locales \u00e0 Strasbourg le 9 octobre 2019\"}]},{\"@type\":\"WebSite\",\"@id\":\"http:\/\/www.pamina-business.com\/de\/#website\",\"url\":\"http:\/\/www.pamina-business.com\/de\/\",\"name\":\"PAMINA Business Club\",\"description\":\"Un site utilisant WordPress\",\"potentialAction\":[{\"@type\":\"SearchAction\",\"target\":{\"@type\":\"EntryPoint\",\"urlTemplate\":\"http:\/\/www.pamina-business.com\/de\/?s={search_term_string}\"},\"query-input\":{\"@type\":\"PropertyValueSpecification\",\"valueRequired\":true,\"valueName\":\"search_term_string\"}}],\"inLanguage\":\"en-US\"},{\"@type\":\"Person\",\"@id\":\"http:\/\/www.pamina-business.com\/de\/#\/schema\/person\/9ab02536dbdbc5e3ef40bbc3452c8c69\",\"name\":\"Monique STUTZMANN\",\"image\":{\"@type\":\"ImageObject\",\"inLanguage\":\"en-US\",\"@id\":\"http:\/\/www.pamina-business.com\/de\/#\/schema\/person\/image\/\",\"url\":\"https:\/\/secure.gravatar.com\/avatar\/cc1c3adf9a9f6e969d3da7b6b34ec66f5f4a6844dfc9145380a75e42cd91882e?s=96&d=mm&r=g\",\"contentUrl\":\"https:\/\/secure.gravatar.com\/avatar\/cc1c3adf9a9f6e969d3da7b6b34ec66f5f4a6844dfc9145380a75e42cd91882e?s=96&d=mm&r=g\",\"caption\":\"Monique STUTZMANN\"},\"url\":\"http:\/\/www.pamina-business.com\/en\/author\/monique\/\"}]}<\/script>\n<!-- \/ Yoast SEO plugin. -->","yoast_head_json":{"title":"Congr\u00e8s des Entreprises Publiques Locales \u00e0 Strasbourg le 9 octobre 2019 - PAMINA Business Club","robots":{"index":"index","follow":"follow","max-snippet":"max-snippet:-1","max-image-preview":"max-image-preview:large","max-video-preview":"max-video-preview:-1"},"canonical":"http:\/\/www.pamina-business.com\/en\/congres-des-entreprises-publiques-locales-a-strasbourg-le-9-octobre-2019\/","og_locale":"en_US","og_type":"article","og_title":"Congr\u00e8s des Entreprises Publiques Locales \u00e0 Strasbourg le 9 octobre 2019 - PAMINA Business Club","og_description":"Le 9 octobre 2019, la F\u00e9d\u00e9ration des Entreprises Publiques Locales (EPL) a organis\u00e9 \u00e0 Strasbourg son congr\u00e8s annuel, r\u00e9unissant des EPL venant de toute la France. Apr\u00e8s une br\u00e8ve intervention du Pr\u00e9sident Robert Herrmann qui a notamment \u00e9voqu\u00e9 des exemples de partenariats transfrontaliers, la MOT s&#8217;est exprim\u00e9e pour inviter ces entit\u00e9s \u00e0 se tourner vers [&hellip;]","og_url":"http:\/\/www.pamina-business.com\/en\/congres-des-entreprises-publiques-locales-a-strasbourg-le-9-octobre-2019\/","og_site_name":"PAMINA Business Club","article_published_time":"2019-11-08T11:20:43+00:00","article_modified_time":"2019-10-28T11:22:40+00:00","og_image":[{"url":"http:\/\/www.espaces-transfrontaliers.org\/typo3temp\/_processed_\/csm_2019_10_EPL_1155bd0aa5.jpg"}],"author":"Monique STUTZMANN","twitter_card":"summary_large_image","twitter_misc":{"Written by":"Monique STUTZMANN","Est. reading time":"1 minute"},"schema":{"@context":"https:\/\/schema.org","@graph":[{"@type":"WebPage","@id":"http:\/\/www.pamina-business.com\/en\/congres-des-entreprises-publiques-locales-a-strasbourg-le-9-octobre-2019\/","url":"http:\/\/www.pamina-business.com\/en\/congres-des-entreprises-publiques-locales-a-strasbourg-le-9-octobre-2019\/","name":"Congr\u00e8s des Entreprises Publiques Locales \u00e0 Strasbourg le 9 octobre 2019 - PAMINA Business Club","isPartOf":{"@id":"http:\/\/www.pamina-business.com\/de\/#website"},"primaryImageOfPage":{"@id":"http:\/\/www.pamina-business.com\/en\/congres-des-entreprises-publiques-locales-a-strasbourg-le-9-octobre-2019\/#primaryimage"},"image":{"@id":"http:\/\/www.pamina-business.com\/en\/congres-des-entreprises-publiques-locales-a-strasbourg-le-9-octobre-2019\/#primaryimage"},"thumbnailUrl":"http:\/\/www.espaces-transfrontaliers.org\/typo3temp\/_processed_\/csm_2019_10_EPL_1155bd0aa5.jpg","datePublished":"2019-11-08T11:20:43+00:00","dateModified":"2019-10-28T11:22:40+00:00","author":{"@id":"http:\/\/www.pamina-business.com\/de\/#\/schema\/person\/9ab02536dbdbc5e3ef40bbc3452c8c69"},"breadcrumb":{"@id":"http:\/\/www.pamina-business.com\/en\/congres-des-entreprises-publiques-locales-a-strasbourg-le-9-octobre-2019\/#breadcrumb"},"inLanguage":"en-US","potentialAction":[{"@type":"ReadAction","target":["http:\/\/www.pamina-business.com\/en\/congres-des-entreprises-publiques-locales-a-strasbourg-le-9-octobre-2019\/"]}]},{"@type":"ImageObject","inLanguage":"en-US","@id":"http:\/\/www.pamina-business.com\/en\/congres-des-entreprises-publiques-locales-a-strasbourg-le-9-octobre-2019\/#primaryimage","url":"http:\/\/www.espaces-transfrontaliers.org\/typo3temp\/_processed_\/csm_2019_10_EPL_1155bd0aa5.jpg","contentUrl":"http:\/\/www.espaces-transfrontaliers.org\/typo3temp\/_processed_\/csm_2019_10_EPL_1155bd0aa5.jpg"},{"@type":"BreadcrumbList","@id":"http:\/\/www.pamina-business.com\/en\/congres-des-entreprises-publiques-locales-a-strasbourg-le-9-octobre-2019\/#breadcrumb","itemListElement":[{"@type":"ListItem","position":1,"name":"Accueil","item":"http:\/\/www.pamina-business.com\/en\/"},{"@type":"ListItem","position":2,"name":"Congr\u00e8s des Entreprises Publiques Locales \u00e0 Strasbourg le 9 octobre 2019"}]},{"@type":"WebSite","@id":"http:\/\/www.pamina-business.com\/de\/#website","url":"http:\/\/www.pamina-business.com\/de\/","name":"PAMINA Business Club","description":"Un site utilisant WordPress","potentialAction":[{"@type":"SearchAction","target":{"@type":"EntryPoint","urlTemplate":"http:\/\/www.pamina-business.com\/de\/?s={search_term_string}"},"query-input":{"@type":"PropertyValueSpecification","valueRequired":true,"valueName":"search_term_string"}}],"inLanguage":"en-US"},{"@type":"Person","@id":"http:\/\/www.pamina-business.com\/de\/#\/schema\/person\/9ab02536dbdbc5e3ef40bbc3452c8c69","name":"Monique STUTZMANN","image":{"@type":"ImageObject","inLanguage":"en-US","@id":"http:\/\/www.pamina-business.com\/de\/#\/schema\/person\/image\/","url":"https:\/\/secure.gravatar.com\/avatar\/cc1c3adf9a9f6e969d3da7b6b34ec66f5f4a6844dfc9145380a75e42cd91882e?s=96&d=mm&r=g","contentUrl":"https:\/\/secure.gravatar.com\/avatar\/cc1c3adf9a9f6e969d3da7b6b34ec66f5f4a6844dfc9145380a75e42cd91882e?s=96&d=mm&r=g","caption":"Monique STUTZMANN"},"url":"http:\/\/www.pamina-business.com\/en\/author\/monique\/"}]}},"_links":{"self":[{"href":"http:\/\/www.pamina-business.com\/en\/wp-json\/wp\/v2\/posts\/4228","targetHints":{"allow":["GET"]}}],"collection":[{"href":"http:\/\/www.pamina-business.com\/en\/wp-json\/wp\/v2\/posts"}],"about":[{"href":"http:\/\/www.pamina-business.com\/en\/wp-json\/wp\/v2\/types\/post"}],"author":[{"embeddable":true,"href":"http:\/\/www.pamina-business.com\/en\/wp-json\/wp\/v2\/users\/3"}],"replies":[{"embeddable":true,"href":"http:\/\/www.pamina-business.com\/en\/wp-json\/wp\/v2\/comments?post=4228"}],"version-history":[{"count":1,"href":"http:\/\/www.pamina-business.com\/en\/wp-json\/wp\/v2\/posts\/4228\/revisions"}],"predecessor-version":[{"id":4229,"href":"http:\/\/www.pamina-business.com\/en\/wp-json\/wp\/v2\/posts\/4228\/revisions\/4229"}],"wp:attachment":[{"href":"http:\/\/www.pamina-business.com\/en\/wp-json\/wp\/v2\/media?parent=4228"}],"wp:term":[{"taxonomy":"category","embeddable":true,"href":"http:\/\/www.pamina-business.com\/en\/wp-json\/wp\/v2\/categories?post=4228"},{"taxonomy":"post_tag","embeddable":true,"href":"http:\/\/www.pamina-business.com\/en\/wp-json\/wp\/v2\/tags?post=4228"}],"curies":[{"name":"wp","href":"https:\/\/api.w.org\/{rel}","templated":true}]}}