{"id":4222,"date":"2019-11-04T11:11:04","date_gmt":"2019-11-04T11:11:04","guid":{"rendered":"http:\/\/www.pamina-business.com\/?p=4222"},"modified":"2019-10-28T11:17:15","modified_gmt":"2019-10-28T11:17:15","slug":"signature-a-toulouse-dun-declaration-franco-allemande-le-16-octobre-2019","status":"publish","type":"post","link":"http:\/\/www.pamina-business.com\/en\/signature-a-toulouse-dun-declaration-franco-allemande-le-16-octobre-2019\/","title":{"rendered":"Signature \u00e0 Toulouse d&#8217;un d\u00e9claration franco-allemande le 16 octobre 2019"},"content":{"rendered":"<p>&nbsp;<\/p>\n<div id=\"c1674\" class=\"csc-default\">\n<div class=\"tx-tmsw-mot-ressources\">\n<div class=\"news\">\n<img loading=\"lazy\" decoding=\"async\" class=\"main-image\" title=\"Signature \u00e0 Toulouse d'une d\u00e9claration franco-allemande\" src=\"http:\/\/www.espaces-transfrontaliers.org\/typo3temp\/_processed_\/csm_2019_10_FR_DE_60293f9d1d.jpg\" alt=\"Signature \u00e0 Toulouse d'une d\u00e9claration franco-allemande\" width=\"300\" height=\"200\" \/><\/p>\n<div class=\"intro\">\n<p class=\"bodytext\">Le 21\u00e8me Conseil des Ministres franco-allemand s\u2019est tenu \u00e0 Toulouse le 16 octobre 2019, r\u00e9unissant le pr\u00e9sident de la R\u00e9publique Emmanuel Macron, la Chanceli\u00e8re f\u00e9d\u00e9rale d\u2019Allemagne Angela Merkel ainsi que les ministres fran\u00e7ais et allemands. A cette occasion, et dans la prolongation du Trait\u00e9 d&#8217;Aix-la-Chapelle, a \u00e9t\u00e9 sign\u00e9e la &#8220;D\u00e9claration franco-allemande de Toulouse&#8221; r\u00e9affirmant les engagements pris au plus haut sommet de l&#8217;Etat en mati\u00e8re de coop\u00e9ration franco-allemande.<\/p>\n<\/div>\n<p class=\"bodytext\">Concernant la coop\u00e9ration transfrontali\u00e8re : &#8220;La France et l&#8217;Allemagne b\u00e2tissent un avenir commun en renfor\u00e7ant leur coop\u00e9ration et leur int\u00e9gration&#8221;. Sont mis en avant les projets citoyens avec la cr\u00e9ation d&#8217;un &#8220;Fonds commun pour les citoyens&#8221;, les programmes de mobilit\u00e9 pour les jeunes, la reconnaissance mutuelle des dipl\u00f4mes et le bilinguisme. En terme de gouvernance, la cr\u00e9ation du &#8220;Comit\u00e9 de coop\u00e9ration transfrontali\u00e8re&#8221; pour apporter des solutions aux difficult\u00e9s quotidiennes, auquel la MOT est associ\u00e9e, est soulign\u00e9e. Une premi\u00e8re r\u00e9union informelle de ce comit\u00e9 s&#8217;est tenue le 30 septembre \u00e0 Strasbourg.<\/p>\n<p class=\"bodytext\"><a class=\"external-link-new-window\" title=\"Opens external link in new window\" href=\"https:\/\/www.diplomatie.gouv.fr\/fr\/dossiers-pays\/allemagne\/evenements\/article\/conseil-des-ministres-franco-allemand-16-octobre-2019\" target=\"_blank\">Plus d&#8217;infos<\/a><br \/>\n<a class=\"external-link-new-window\" title=\"Opens external link in new window\" href=\"https:\/\/www.diplomatie.gouv.fr\/IMG\/pdf\/161019_-_declaration_franco-allemande_de_toulouse_cle81a11a.pdf\" target=\"_blank\">T\u00e9l\u00e9chargez la D\u00e9claration.<\/a><\/p>\n<\/div>\n<\/div>\n<\/div>\n<p><em>Source<\/em> : L&#8217;actualit\u00e9 transfrontali\u00e8re<\/p>\n<p>Newsletter de la MOT<\/p>\n<p>Mission Op\u00e9rationelle Transfrontali\u00e8re N\u00b0 153 &#8211; octobre 2019<\/p>\n<p><a href=\"http:\/\/www.espaces-transfrontaliers.org\">www.espaces-transfrontaliers.org<\/a><\/p>\n<p><em>Contact<\/em> : <a href=\"&#x6d;a&#x69;&#108;&#x74;&#111;:&#x64;&#111;&#x6d;&#105;t&#x69;&#108;&#x6c;&#101;&#46;&#x61;y&#x72;&#97;&#x6c;&#x40;m&#x6f;&#116;&#x2e;&#97;s&#x73;&#111;&#x2e;&#102;r\">&#x64;&#x6f;&#109;i&#x74;&#x69;&#x6c;&#108;e&#x2e;&#x61;&#x79;&#114;a&#x6c;&#x40;&#x6d;&#111;t&#x2e;&#x61;&#x73;&#115;o&#x2e;&#x66;&#x72;<\/a><\/p>\n","protected":false},"excerpt":{"rendered":"<p>&nbsp; Le 21\u00e8me Conseil des Ministres franco-allemand s\u2019est tenu \u00e0 Toulouse le 16 octobre 2019, r\u00e9unissant le pr\u00e9sident de la R\u00e9publique Emmanuel Macron, la Chanceli\u00e8re f\u00e9d\u00e9rale d\u2019Allemagne Angela Merkel ainsi que les ministres fran\u00e7ais et allemands. A cette occasion, et dans la prolongation du Trait\u00e9 d&#8217;Aix-la-Chapelle, a \u00e9t\u00e9 sign\u00e9e la &#8220;D\u00e9claration franco-allemande de Toulouse&#8221; r\u00e9affirmant [&hellip;]<\/p>\n","protected":false},"author":3,"featured_media":0,"comment_status":"open","ping_status":"open","sticky":false,"template":"","format":"standard","meta":{"_exactmetrics_skip_tracking":false,"_exactmetrics_sitenote_active":false,"_exactmetrics_sitenote_note":"","_exactmetrics_sitenote_category":0,"footnotes":""},"categories":[7],"tags":[],"class_list":["post-4222","post","type-post","status-publish","format-standard","hentry","category-evenements-fr"],"yoast_head":"<!-- This site is optimized with the Yoast SEO plugin v23.5 - https:\/\/yoast.com\/wordpress\/plugins\/seo\/ -->\n<title>Signature \u00e0 Toulouse d&#039;un d\u00e9claration franco-allemande le 16 octobre 2019 - PAMINA Business Club<\/title>\n<meta name=\"robots\" content=\"index, follow, max-snippet:-1, max-image-preview:large, max-video-preview:-1\" \/>\n<link rel=\"canonical\" href=\"https:\/\/www.pamina-business.com\/signature-a-toulouse-dun-declaration-franco-allemande-le-16-octobre-2019\/\" \/>\n<meta property=\"og:locale\" content=\"en_US\" \/>\n<meta property=\"og:type\" content=\"article\" \/>\n<meta property=\"og:title\" content=\"Signature \u00e0 Toulouse d&#039;un d\u00e9claration franco-allemande le 16 octobre 2019 - PAMINA Business Club\" \/>\n<meta property=\"og:description\" content=\"&nbsp; Le 21\u00e8me Conseil des Ministres franco-allemand s\u2019est tenu \u00e0 Toulouse le 16 octobre 2019, r\u00e9unissant le pr\u00e9sident de la R\u00e9publique Emmanuel Macron, la Chanceli\u00e8re f\u00e9d\u00e9rale d\u2019Allemagne Angela Merkel ainsi que les ministres fran\u00e7ais et allemands. A cette occasion, et dans la prolongation du Trait\u00e9 d&#8217;Aix-la-Chapelle, a \u00e9t\u00e9 sign\u00e9e la &#8220;D\u00e9claration franco-allemande de Toulouse&#8221; r\u00e9affirmant [&hellip;]\" \/>\n<meta property=\"og:url\" content=\"https:\/\/www.pamina-business.com\/signature-a-toulouse-dun-declaration-franco-allemande-le-16-octobre-2019\/\" \/>\n<meta property=\"og:site_name\" content=\"PAMINA Business Club\" \/>\n<meta property=\"article:published_time\" content=\"2019-11-04T11:11:04+00:00\" \/>\n<meta property=\"article:modified_time\" content=\"2019-10-28T11:17:15+00:00\" \/>\n<meta property=\"og:image\" content=\"http:\/\/www.espaces-transfrontaliers.org\/typo3temp\/_processed_\/csm_2019_10_FR_DE_60293f9d1d.jpg\" \/>\n<meta name=\"author\" content=\"Monique STUTZMANN\" \/>\n<meta name=\"twitter:card\" content=\"summary_large_image\" \/>\n<meta name=\"twitter:label1\" content=\"Written by\" \/>\n\t<meta name=\"twitter:data1\" content=\"Monique STUTZMANN\" \/>\n\t<meta name=\"twitter:label2\" content=\"Est. reading time\" \/>\n\t<meta name=\"twitter:data2\" content=\"1 minute\" \/>\n<script type=\"application\/ld+json\" class=\"yoast-schema-graph\">{\"@context\":\"https:\/\/schema.org\",\"@graph\":[{\"@type\":\"WebPage\",\"@id\":\"https:\/\/www.pamina-business.com\/signature-a-toulouse-dun-declaration-franco-allemande-le-16-octobre-2019\/\",\"url\":\"https:\/\/www.pamina-business.com\/signature-a-toulouse-dun-declaration-franco-allemande-le-16-octobre-2019\/\",\"name\":\"Signature \u00e0 Toulouse d'un d\u00e9claration franco-allemande le 16 octobre 2019 - PAMINA Business Club\",\"isPartOf\":{\"@id\":\"https:\/\/www.pamina-business.com\/de\/#website\"},\"primaryImageOfPage\":{\"@id\":\"https:\/\/www.pamina-business.com\/signature-a-toulouse-dun-declaration-franco-allemande-le-16-octobre-2019\/#primaryimage\"},\"image\":{\"@id\":\"https:\/\/www.pamina-business.com\/signature-a-toulouse-dun-declaration-franco-allemande-le-16-octobre-2019\/#primaryimage\"},\"thumbnailUrl\":\"http:\/\/www.espaces-transfrontaliers.org\/typo3temp\/_processed_\/csm_2019_10_FR_DE_60293f9d1d.jpg\",\"datePublished\":\"2019-11-04T11:11:04+00:00\",\"dateModified\":\"2019-10-28T11:17:15+00:00\",\"author\":{\"@id\":\"https:\/\/www.pamina-business.com\/de\/#\/schema\/person\/9ab02536dbdbc5e3ef40bbc3452c8c69\"},\"breadcrumb\":{\"@id\":\"https:\/\/www.pamina-business.com\/signature-a-toulouse-dun-declaration-franco-allemande-le-16-octobre-2019\/#breadcrumb\"},\"inLanguage\":\"en-US\",\"potentialAction\":[{\"@type\":\"ReadAction\",\"target\":[\"https:\/\/www.pamina-business.com\/signature-a-toulouse-dun-declaration-franco-allemande-le-16-octobre-2019\/\"]}]},{\"@type\":\"ImageObject\",\"inLanguage\":\"en-US\",\"@id\":\"https:\/\/www.pamina-business.com\/signature-a-toulouse-dun-declaration-franco-allemande-le-16-octobre-2019\/#primaryimage\",\"url\":\"http:\/\/www.espaces-transfrontaliers.org\/typo3temp\/_processed_\/csm_2019_10_FR_DE_60293f9d1d.jpg\",\"contentUrl\":\"http:\/\/www.espaces-transfrontaliers.org\/typo3temp\/_processed_\/csm_2019_10_FR_DE_60293f9d1d.jpg\"},{\"@type\":\"BreadcrumbList\",\"@id\":\"https:\/\/www.pamina-business.com\/signature-a-toulouse-dun-declaration-franco-allemande-le-16-octobre-2019\/#breadcrumb\",\"itemListElement\":[{\"@type\":\"ListItem\",\"position\":1,\"name\":\"Accueil\",\"item\":\"http:\/\/www.pamina-business.com\/en\/\"},{\"@type\":\"ListItem\",\"position\":2,\"name\":\"Signature \u00e0 Toulouse d&rsquo;un d\u00e9claration franco-allemande le 16 octobre 2019\"}]},{\"@type\":\"WebSite\",\"@id\":\"https:\/\/www.pamina-business.com\/de\/#website\",\"url\":\"https:\/\/www.pamina-business.com\/de\/\",\"name\":\"PAMINA Business Club\",\"description\":\"Un site utilisant WordPress\",\"potentialAction\":[{\"@type\":\"SearchAction\",\"target\":{\"@type\":\"EntryPoint\",\"urlTemplate\":\"https:\/\/www.pamina-business.com\/de\/?s={search_term_string}\"},\"query-input\":{\"@type\":\"PropertyValueSpecification\",\"valueRequired\":true,\"valueName\":\"search_term_string\"}}],\"inLanguage\":\"en-US\"},{\"@type\":\"Person\",\"@id\":\"https:\/\/www.pamina-business.com\/de\/#\/schema\/person\/9ab02536dbdbc5e3ef40bbc3452c8c69\",\"name\":\"Monique STUTZMANN\",\"image\":{\"@type\":\"ImageObject\",\"inLanguage\":\"en-US\",\"@id\":\"https:\/\/www.pamina-business.com\/de\/#\/schema\/person\/image\/\",\"url\":\"https:\/\/secure.gravatar.com\/avatar\/cc1c3adf9a9f6e969d3da7b6b34ec66f5f4a6844dfc9145380a75e42cd91882e?s=96&d=mm&r=g\",\"contentUrl\":\"https:\/\/secure.gravatar.com\/avatar\/cc1c3adf9a9f6e969d3da7b6b34ec66f5f4a6844dfc9145380a75e42cd91882e?s=96&d=mm&r=g\",\"caption\":\"Monique STUTZMANN\"},\"url\":\"http:\/\/www.pamina-business.com\/en\/author\/monique\/\"}]}<\/script>\n<!-- \/ Yoast SEO plugin. -->","yoast_head_json":{"title":"Signature \u00e0 Toulouse d'un d\u00e9claration franco-allemande le 16 octobre 2019 - PAMINA Business Club","robots":{"index":"index","follow":"follow","max-snippet":"max-snippet:-1","max-image-preview":"max-image-preview:large","max-video-preview":"max-video-preview:-1"},"canonical":"https:\/\/www.pamina-business.com\/signature-a-toulouse-dun-declaration-franco-allemande-le-16-octobre-2019\/","og_locale":"en_US","og_type":"article","og_title":"Signature \u00e0 Toulouse d'un d\u00e9claration franco-allemande le 16 octobre 2019 - PAMINA Business Club","og_description":"&nbsp; Le 21\u00e8me Conseil des Ministres franco-allemand s\u2019est tenu \u00e0 Toulouse le 16 octobre 2019, r\u00e9unissant le pr\u00e9sident de la R\u00e9publique Emmanuel Macron, la Chanceli\u00e8re f\u00e9d\u00e9rale d\u2019Allemagne Angela Merkel ainsi que les ministres fran\u00e7ais et allemands. A cette occasion, et dans la prolongation du Trait\u00e9 d&#8217;Aix-la-Chapelle, a \u00e9t\u00e9 sign\u00e9e la &#8220;D\u00e9claration franco-allemande de Toulouse&#8221; r\u00e9affirmant [&hellip;]","og_url":"https:\/\/www.pamina-business.com\/signature-a-toulouse-dun-declaration-franco-allemande-le-16-octobre-2019\/","og_site_name":"PAMINA Business Club","article_published_time":"2019-11-04T11:11:04+00:00","article_modified_time":"2019-10-28T11:17:15+00:00","og_image":[{"url":"http:\/\/www.espaces-transfrontaliers.org\/typo3temp\/_processed_\/csm_2019_10_FR_DE_60293f9d1d.jpg"}],"author":"Monique STUTZMANN","twitter_card":"summary_large_image","twitter_misc":{"Written by":"Monique STUTZMANN","Est. reading time":"1 minute"},"schema":{"@context":"https:\/\/schema.org","@graph":[{"@type":"WebPage","@id":"https:\/\/www.pamina-business.com\/signature-a-toulouse-dun-declaration-franco-allemande-le-16-octobre-2019\/","url":"https:\/\/www.pamina-business.com\/signature-a-toulouse-dun-declaration-franco-allemande-le-16-octobre-2019\/","name":"Signature \u00e0 Toulouse d'un d\u00e9claration franco-allemande le 16 octobre 2019 - PAMINA Business Club","isPartOf":{"@id":"https:\/\/www.pamina-business.com\/de\/#website"},"primaryImageOfPage":{"@id":"https:\/\/www.pamina-business.com\/signature-a-toulouse-dun-declaration-franco-allemande-le-16-octobre-2019\/#primaryimage"},"image":{"@id":"https:\/\/www.pamina-business.com\/signature-a-toulouse-dun-declaration-franco-allemande-le-16-octobre-2019\/#primaryimage"},"thumbnailUrl":"http:\/\/www.espaces-transfrontaliers.org\/typo3temp\/_processed_\/csm_2019_10_FR_DE_60293f9d1d.jpg","datePublished":"2019-11-04T11:11:04+00:00","dateModified":"2019-10-28T11:17:15+00:00","author":{"@id":"https:\/\/www.pamina-business.com\/de\/#\/schema\/person\/9ab02536dbdbc5e3ef40bbc3452c8c69"},"breadcrumb":{"@id":"https:\/\/www.pamina-business.com\/signature-a-toulouse-dun-declaration-franco-allemande-le-16-octobre-2019\/#breadcrumb"},"inLanguage":"en-US","potentialAction":[{"@type":"ReadAction","target":["https:\/\/www.pamina-business.com\/signature-a-toulouse-dun-declaration-franco-allemande-le-16-octobre-2019\/"]}]},{"@type":"ImageObject","inLanguage":"en-US","@id":"https:\/\/www.pamina-business.com\/signature-a-toulouse-dun-declaration-franco-allemande-le-16-octobre-2019\/#primaryimage","url":"http:\/\/www.espaces-transfrontaliers.org\/typo3temp\/_processed_\/csm_2019_10_FR_DE_60293f9d1d.jpg","contentUrl":"http:\/\/www.espaces-transfrontaliers.org\/typo3temp\/_processed_\/csm_2019_10_FR_DE_60293f9d1d.jpg"},{"@type":"BreadcrumbList","@id":"https:\/\/www.pamina-business.com\/signature-a-toulouse-dun-declaration-franco-allemande-le-16-octobre-2019\/#breadcrumb","itemListElement":[{"@type":"ListItem","position":1,"name":"Accueil","item":"http:\/\/www.pamina-business.com\/en\/"},{"@type":"ListItem","position":2,"name":"Signature \u00e0 Toulouse d&rsquo;un d\u00e9claration franco-allemande le 16 octobre 2019"}]},{"@type":"WebSite","@id":"https:\/\/www.pamina-business.com\/de\/#website","url":"https:\/\/www.pamina-business.com\/de\/","name":"PAMINA Business Club","description":"Un site utilisant WordPress","potentialAction":[{"@type":"SearchAction","target":{"@type":"EntryPoint","urlTemplate":"https:\/\/www.pamina-business.com\/de\/?s={search_term_string}"},"query-input":{"@type":"PropertyValueSpecification","valueRequired":true,"valueName":"search_term_string"}}],"inLanguage":"en-US"},{"@type":"Person","@id":"https:\/\/www.pamina-business.com\/de\/#\/schema\/person\/9ab02536dbdbc5e3ef40bbc3452c8c69","name":"Monique STUTZMANN","image":{"@type":"ImageObject","inLanguage":"en-US","@id":"https:\/\/www.pamina-business.com\/de\/#\/schema\/person\/image\/","url":"https:\/\/secure.gravatar.com\/avatar\/cc1c3adf9a9f6e969d3da7b6b34ec66f5f4a6844dfc9145380a75e42cd91882e?s=96&d=mm&r=g","contentUrl":"https:\/\/secure.gravatar.com\/avatar\/cc1c3adf9a9f6e969d3da7b6b34ec66f5f4a6844dfc9145380a75e42cd91882e?s=96&d=mm&r=g","caption":"Monique STUTZMANN"},"url":"http:\/\/www.pamina-business.com\/en\/author\/monique\/"}]}},"_links":{"self":[{"href":"http:\/\/www.pamina-business.com\/en\/wp-json\/wp\/v2\/posts\/4222","targetHints":{"allow":["GET"]}}],"collection":[{"href":"http:\/\/www.pamina-business.com\/en\/wp-json\/wp\/v2\/posts"}],"about":[{"href":"http:\/\/www.pamina-business.com\/en\/wp-json\/wp\/v2\/types\/post"}],"author":[{"embeddable":true,"href":"http:\/\/www.pamina-business.com\/en\/wp-json\/wp\/v2\/users\/3"}],"replies":[{"embeddable":true,"href":"http:\/\/www.pamina-business.com\/en\/wp-json\/wp\/v2\/comments?post=4222"}],"version-history":[{"count":2,"href":"http:\/\/www.pamina-business.com\/en\/wp-json\/wp\/v2\/posts\/4222\/revisions"}],"predecessor-version":[{"id":4224,"href":"http:\/\/www.pamina-business.com\/en\/wp-json\/wp\/v2\/posts\/4222\/revisions\/4224"}],"wp:attachment":[{"href":"http:\/\/www.pamina-business.com\/en\/wp-json\/wp\/v2\/media?parent=4222"}],"wp:term":[{"taxonomy":"category","embeddable":true,"href":"http:\/\/www.pamina-business.com\/en\/wp-json\/wp\/v2\/categories?post=4222"},{"taxonomy":"post_tag","embeddable":true,"href":"http:\/\/www.pamina-business.com\/en\/wp-json\/wp\/v2\/tags?post=4222"}],"curies":[{"name":"wp","href":"https:\/\/api.w.org\/{rel}","templated":true}]}}