{"id":3677,"date":"2019-03-05T08:55:50","date_gmt":"2019-03-05T08:55:50","guid":{"rendered":"http:\/\/www.pamina-business.com\/?p=3677"},"modified":"2019-03-04T09:37:53","modified_gmt":"2019-03-04T09:37:53","slug":"colloque-franco-allemand-le-5-avril-2019-a-la-maison-de-lalsace-a-paris","status":"publish","type":"post","link":"http:\/\/www.pamina-business.com\/en\/colloque-franco-allemand-le-5-avril-2019-a-la-maison-de-lalsace-a-paris\/","title":{"rendered":"Colloque franco-allemand le 5 avril 2019 \u00e0 la Maison de l&#8217;Alsace \u00e0 Paris"},"content":{"rendered":"<p>Une rencontre est pr\u00e9vue le vendredi 5 avril 2019 \u00e0 partir de 10 h00 pour d\u00e9couvrir la Maison d l&#8217;Alsace \u00e0 Paris. Le th\u00e8me g\u00e9n\u00e9ral de la journ\u00e9e sera &#8220;O\u00f9 en est l&#8217;\u00e9cosyst\u00e8me \u00e9conomique franco-allemand ?&#8221;.<\/p>\n<p>Vous trouverez ci-apr\u00e8s le programme complet de la journ\u00e9e : <a href=\"http:\/\/www.pamina-business.com\/wp-content\/uploads\/2019\/03\/Maison-Alsace-50419.pdf\">Maison Alsace 50419<\/a><\/p>\n<p>Ci apr\u00e8s le version allemande de ce programme : <a href=\"http:\/\/www.pamina-business.com\/wp-content\/uploads\/2019\/03\/MDA-Invitation_colloque-HD.pdf\">MDA-Invitation_colloque-HD<\/a><\/p>\n<p><em>Source<\/em> : Maison de l&#8217;Alsace \u00e0 Paris <a href=\"http:\/\/www.maisonalsace.paris\">www.maisonalsace.paris<\/a><\/p>\n<p>Le site internet et la plaquette sont traduits en allemand voir sous <a href=\"http:\/\/www.maisonalsace.paris\/de\/\">hhtps:\/\/www.maisonalsace.paris\/de\/<\/a><\/p>\n<p>Information pour la journ\u00e9e du 5 avril 2019 : <a href=\"&#109;a&#x69;l&#x74;&#111;&#x3a;&#106;&#x61;&#110;a&#x68;e&#x72;&#114;&#x6d;&#97;&#x6e;&#110;&#x40;&#121;a&#x68;o&#x6f;&#46;&#x64;&#101;\">&#x6a;&#97;&#110;&#x61;&#x68;&#101;&#114;&#x72;&#x6d;&#97;&#110;&#x6e;&#x40;&#121;&#97;&#x68;&#x6f;&#111;&#46;&#x64;&#x65;<\/a><\/p>\n<p>Contact pour la Maison de l&#8217;Alsace : Bernard Kuentz, Directeur <a href=\"&#109;&#x61;i&#108;&#x74;o&#x3a;&#x62;&#101;&#x72;n&#97;&#x72;d&#64;&#x6d;&#97;&#x69;s&#111;&#x6e;a&#108;&#x73;&#97;&#x63;&#x65;&#46;&#x70;a&#114;&#x69;s\">b&#101;&#x72;&#x6e;a&#114;&#x64;&#x40;m&#97;&#x69;&#x73;o&#110;&#x61;&#x6c;s&#97;&#x63;&#x65;&#46;&#112;&#97;&#x72;&#x69;s<\/a><\/p>\n<p>&nbsp;<\/p>\n","protected":false},"excerpt":{"rendered":"<p>Une rencontre est pr\u00e9vue le vendredi 5 avril 2019 \u00e0 partir de 10 h00 pour d\u00e9couvrir la Maison d l&#8217;Alsace \u00e0 Paris. Le th\u00e8me g\u00e9n\u00e9ral de la journ\u00e9e sera &#8220;O\u00f9 en est l&#8217;\u00e9cosyst\u00e8me \u00e9conomique franco-allemand ?&#8221;. Vous trouverez ci-apr\u00e8s le programme complet de la journ\u00e9e : Maison Alsace 50419 Ci apr\u00e8s le version allemande de [&hellip;]<\/p>\n","protected":false},"author":3,"featured_media":0,"comment_status":"open","ping_status":"open","sticky":false,"template":"","format":"standard","meta":{"_exactmetrics_skip_tracking":false,"_exactmetrics_sitenote_active":false,"_exactmetrics_sitenote_note":"","_exactmetrics_sitenote_category":0,"footnotes":""},"categories":[65,7],"tags":[],"class_list":["post-3677","post","type-post","status-publish","format-standard","hentry","category-economie","category-evenements-fr"],"yoast_head":"<!-- This site is optimized with the Yoast SEO plugin v23.5 - https:\/\/yoast.com\/wordpress\/plugins\/seo\/ -->\n<title>Colloque franco-allemand le 5 avril 2019 \u00e0 la Maison de l&#039;Alsace \u00e0 Paris - PAMINA Business Club<\/title>\n<meta name=\"robots\" content=\"index, follow, max-snippet:-1, max-image-preview:large, max-video-preview:-1\" \/>\n<link rel=\"canonical\" href=\"http:\/\/www.pamina-business.com\/colloque-franco-allemand-le-5-avril-2019-a-la-maison-de-lalsace-a-paris\/\" \/>\n<meta property=\"og:locale\" content=\"en_US\" \/>\n<meta property=\"og:type\" content=\"article\" \/>\n<meta property=\"og:title\" content=\"Colloque franco-allemand le 5 avril 2019 \u00e0 la Maison de l&#039;Alsace \u00e0 Paris - PAMINA Business Club\" \/>\n<meta property=\"og:description\" content=\"Une rencontre est pr\u00e9vue le vendredi 5 avril 2019 \u00e0 partir de 10 h00 pour d\u00e9couvrir la Maison d l&#8217;Alsace \u00e0 Paris. Le th\u00e8me g\u00e9n\u00e9ral de la journ\u00e9e sera &#8220;O\u00f9 en est l&#8217;\u00e9cosyst\u00e8me \u00e9conomique franco-allemand ?&#8221;. Vous trouverez ci-apr\u00e8s le programme complet de la journ\u00e9e : Maison Alsace 50419 Ci apr\u00e8s le version allemande de [&hellip;]\" \/>\n<meta property=\"og:url\" content=\"http:\/\/www.pamina-business.com\/colloque-franco-allemand-le-5-avril-2019-a-la-maison-de-lalsace-a-paris\/\" \/>\n<meta property=\"og:site_name\" content=\"PAMINA Business Club\" \/>\n<meta property=\"article:published_time\" content=\"2019-03-05T08:55:50+00:00\" \/>\n<meta property=\"article:modified_time\" content=\"2019-03-04T09:37:53+00:00\" \/>\n<meta name=\"author\" content=\"Monique STUTZMANN\" \/>\n<meta name=\"twitter:card\" content=\"summary_large_image\" \/>\n<meta name=\"twitter:label1\" content=\"Written by\" \/>\n\t<meta name=\"twitter:data1\" content=\"Monique STUTZMANN\" \/>\n\t<meta name=\"twitter:label2\" content=\"Est. reading time\" \/>\n\t<meta name=\"twitter:data2\" content=\"1 minute\" \/>\n<script type=\"application\/ld+json\" class=\"yoast-schema-graph\">{\"@context\":\"https:\/\/schema.org\",\"@graph\":[{\"@type\":\"WebPage\",\"@id\":\"http:\/\/www.pamina-business.com\/colloque-franco-allemand-le-5-avril-2019-a-la-maison-de-lalsace-a-paris\/\",\"url\":\"http:\/\/www.pamina-business.com\/colloque-franco-allemand-le-5-avril-2019-a-la-maison-de-lalsace-a-paris\/\",\"name\":\"Colloque franco-allemand le 5 avril 2019 \u00e0 la Maison de l'Alsace \u00e0 Paris - PAMINA Business Club\",\"isPartOf\":{\"@id\":\"http:\/\/www.pamina-business.com\/de\/#website\"},\"datePublished\":\"2019-03-05T08:55:50+00:00\",\"dateModified\":\"2019-03-04T09:37:53+00:00\",\"author\":{\"@id\":\"http:\/\/www.pamina-business.com\/de\/#\/schema\/person\/9ab02536dbdbc5e3ef40bbc3452c8c69\"},\"breadcrumb\":{\"@id\":\"http:\/\/www.pamina-business.com\/colloque-franco-allemand-le-5-avril-2019-a-la-maison-de-lalsace-a-paris\/#breadcrumb\"},\"inLanguage\":\"en-US\",\"potentialAction\":[{\"@type\":\"ReadAction\",\"target\":[\"http:\/\/www.pamina-business.com\/colloque-franco-allemand-le-5-avril-2019-a-la-maison-de-lalsace-a-paris\/\"]}]},{\"@type\":\"BreadcrumbList\",\"@id\":\"http:\/\/www.pamina-business.com\/colloque-franco-allemand-le-5-avril-2019-a-la-maison-de-lalsace-a-paris\/#breadcrumb\",\"itemListElement\":[{\"@type\":\"ListItem\",\"position\":1,\"name\":\"Accueil\",\"item\":\"http:\/\/www.pamina-business.com\/en\/\"},{\"@type\":\"ListItem\",\"position\":2,\"name\":\"Colloque franco-allemand le 5 avril 2019 \u00e0 la Maison de l&rsquo;Alsace \u00e0 Paris\"}]},{\"@type\":\"WebSite\",\"@id\":\"http:\/\/www.pamina-business.com\/de\/#website\",\"url\":\"http:\/\/www.pamina-business.com\/de\/\",\"name\":\"PAMINA Business Club\",\"description\":\"Un site utilisant WordPress\",\"potentialAction\":[{\"@type\":\"SearchAction\",\"target\":{\"@type\":\"EntryPoint\",\"urlTemplate\":\"http:\/\/www.pamina-business.com\/de\/?s={search_term_string}\"},\"query-input\":{\"@type\":\"PropertyValueSpecification\",\"valueRequired\":true,\"valueName\":\"search_term_string\"}}],\"inLanguage\":\"en-US\"},{\"@type\":\"Person\",\"@id\":\"http:\/\/www.pamina-business.com\/de\/#\/schema\/person\/9ab02536dbdbc5e3ef40bbc3452c8c69\",\"name\":\"Monique STUTZMANN\",\"image\":{\"@type\":\"ImageObject\",\"inLanguage\":\"en-US\",\"@id\":\"http:\/\/www.pamina-business.com\/de\/#\/schema\/person\/image\/\",\"url\":\"https:\/\/secure.gravatar.com\/avatar\/cc1c3adf9a9f6e969d3da7b6b34ec66f5f4a6844dfc9145380a75e42cd91882e?s=96&d=mm&r=g\",\"contentUrl\":\"https:\/\/secure.gravatar.com\/avatar\/cc1c3adf9a9f6e969d3da7b6b34ec66f5f4a6844dfc9145380a75e42cd91882e?s=96&d=mm&r=g\",\"caption\":\"Monique STUTZMANN\"},\"url\":\"http:\/\/www.pamina-business.com\/en\/author\/monique\/\"}]}<\/script>\n<!-- \/ Yoast SEO plugin. -->","yoast_head_json":{"title":"Colloque franco-allemand le 5 avril 2019 \u00e0 la Maison de l'Alsace \u00e0 Paris - PAMINA Business Club","robots":{"index":"index","follow":"follow","max-snippet":"max-snippet:-1","max-image-preview":"max-image-preview:large","max-video-preview":"max-video-preview:-1"},"canonical":"http:\/\/www.pamina-business.com\/colloque-franco-allemand-le-5-avril-2019-a-la-maison-de-lalsace-a-paris\/","og_locale":"en_US","og_type":"article","og_title":"Colloque franco-allemand le 5 avril 2019 \u00e0 la Maison de l'Alsace \u00e0 Paris - PAMINA Business Club","og_description":"Une rencontre est pr\u00e9vue le vendredi 5 avril 2019 \u00e0 partir de 10 h00 pour d\u00e9couvrir la Maison d l&#8217;Alsace \u00e0 Paris. Le th\u00e8me g\u00e9n\u00e9ral de la journ\u00e9e sera &#8220;O\u00f9 en est l&#8217;\u00e9cosyst\u00e8me \u00e9conomique franco-allemand ?&#8221;. Vous trouverez ci-apr\u00e8s le programme complet de la journ\u00e9e : Maison Alsace 50419 Ci apr\u00e8s le version allemande de [&hellip;]","og_url":"http:\/\/www.pamina-business.com\/colloque-franco-allemand-le-5-avril-2019-a-la-maison-de-lalsace-a-paris\/","og_site_name":"PAMINA Business Club","article_published_time":"2019-03-05T08:55:50+00:00","article_modified_time":"2019-03-04T09:37:53+00:00","author":"Monique STUTZMANN","twitter_card":"summary_large_image","twitter_misc":{"Written by":"Monique STUTZMANN","Est. reading time":"1 minute"},"schema":{"@context":"https:\/\/schema.org","@graph":[{"@type":"WebPage","@id":"http:\/\/www.pamina-business.com\/colloque-franco-allemand-le-5-avril-2019-a-la-maison-de-lalsace-a-paris\/","url":"http:\/\/www.pamina-business.com\/colloque-franco-allemand-le-5-avril-2019-a-la-maison-de-lalsace-a-paris\/","name":"Colloque franco-allemand le 5 avril 2019 \u00e0 la Maison de l'Alsace \u00e0 Paris - PAMINA Business Club","isPartOf":{"@id":"http:\/\/www.pamina-business.com\/de\/#website"},"datePublished":"2019-03-05T08:55:50+00:00","dateModified":"2019-03-04T09:37:53+00:00","author":{"@id":"http:\/\/www.pamina-business.com\/de\/#\/schema\/person\/9ab02536dbdbc5e3ef40bbc3452c8c69"},"breadcrumb":{"@id":"http:\/\/www.pamina-business.com\/colloque-franco-allemand-le-5-avril-2019-a-la-maison-de-lalsace-a-paris\/#breadcrumb"},"inLanguage":"en-US","potentialAction":[{"@type":"ReadAction","target":["http:\/\/www.pamina-business.com\/colloque-franco-allemand-le-5-avril-2019-a-la-maison-de-lalsace-a-paris\/"]}]},{"@type":"BreadcrumbList","@id":"http:\/\/www.pamina-business.com\/colloque-franco-allemand-le-5-avril-2019-a-la-maison-de-lalsace-a-paris\/#breadcrumb","itemListElement":[{"@type":"ListItem","position":1,"name":"Accueil","item":"http:\/\/www.pamina-business.com\/en\/"},{"@type":"ListItem","position":2,"name":"Colloque franco-allemand le 5 avril 2019 \u00e0 la Maison de l&rsquo;Alsace \u00e0 Paris"}]},{"@type":"WebSite","@id":"http:\/\/www.pamina-business.com\/de\/#website","url":"http:\/\/www.pamina-business.com\/de\/","name":"PAMINA Business Club","description":"Un site utilisant WordPress","potentialAction":[{"@type":"SearchAction","target":{"@type":"EntryPoint","urlTemplate":"http:\/\/www.pamina-business.com\/de\/?s={search_term_string}"},"query-input":{"@type":"PropertyValueSpecification","valueRequired":true,"valueName":"search_term_string"}}],"inLanguage":"en-US"},{"@type":"Person","@id":"http:\/\/www.pamina-business.com\/de\/#\/schema\/person\/9ab02536dbdbc5e3ef40bbc3452c8c69","name":"Monique STUTZMANN","image":{"@type":"ImageObject","inLanguage":"en-US","@id":"http:\/\/www.pamina-business.com\/de\/#\/schema\/person\/image\/","url":"https:\/\/secure.gravatar.com\/avatar\/cc1c3adf9a9f6e969d3da7b6b34ec66f5f4a6844dfc9145380a75e42cd91882e?s=96&d=mm&r=g","contentUrl":"https:\/\/secure.gravatar.com\/avatar\/cc1c3adf9a9f6e969d3da7b6b34ec66f5f4a6844dfc9145380a75e42cd91882e?s=96&d=mm&r=g","caption":"Monique STUTZMANN"},"url":"http:\/\/www.pamina-business.com\/en\/author\/monique\/"}]}},"_links":{"self":[{"href":"http:\/\/www.pamina-business.com\/en\/wp-json\/wp\/v2\/posts\/3677","targetHints":{"allow":["GET"]}}],"collection":[{"href":"http:\/\/www.pamina-business.com\/en\/wp-json\/wp\/v2\/posts"}],"about":[{"href":"http:\/\/www.pamina-business.com\/en\/wp-json\/wp\/v2\/types\/post"}],"author":[{"embeddable":true,"href":"http:\/\/www.pamina-business.com\/en\/wp-json\/wp\/v2\/users\/3"}],"replies":[{"embeddable":true,"href":"http:\/\/www.pamina-business.com\/en\/wp-json\/wp\/v2\/comments?post=3677"}],"version-history":[{"count":3,"href":"http:\/\/www.pamina-business.com\/en\/wp-json\/wp\/v2\/posts\/3677\/revisions"}],"predecessor-version":[{"id":3682,"href":"http:\/\/www.pamina-business.com\/en\/wp-json\/wp\/v2\/posts\/3677\/revisions\/3682"}],"wp:attachment":[{"href":"http:\/\/www.pamina-business.com\/en\/wp-json\/wp\/v2\/media?parent=3677"}],"wp:term":[{"taxonomy":"category","embeddable":true,"href":"http:\/\/www.pamina-business.com\/en\/wp-json\/wp\/v2\/categories?post=3677"},{"taxonomy":"post_tag","embeddable":true,"href":"http:\/\/www.pamina-business.com\/en\/wp-json\/wp\/v2\/tags?post=3677"}],"curies":[{"name":"wp","href":"https:\/\/api.w.org\/{rel}","templated":true}]}}