{"id":3577,"date":"2019-01-21T07:48:09","date_gmt":"2019-01-21T07:48:09","guid":{"rendered":"http:\/\/www.pamina-business.com\/?p=3577"},"modified":"2019-01-15T07:50:39","modified_gmt":"2019-01-15T07:50:39","slug":"30-ans-de-cooperation-transfrontaliere-entre-le-palatinat-du-sud-le-mittlerer-oberrhein-et-lalsace-du-nord","status":"publish","type":"post","link":"http:\/\/www.pamina-business.com\/en\/30-ans-de-cooperation-transfrontaliere-entre-le-palatinat-du-sud-le-mittlerer-oberrhein-et-lalsace-du-nord\/","title":{"rendered":"30 ans de coop\u00e9ration transfrontali\u00e8re entre le Palatinat du Sud, le Mittlerer Oberrhein et l&#8217;Alsace du Nord"},"content":{"rendered":"<h2 class=\"fDefault\">Le GECT Eurodistrict PAMINA en f\u00eate !<\/h2>\n<h2 class=\"fDefault\"><\/h2>\n<p>Ils sont venus nombreux et avaient de bonnes raisons de c\u00e9l\u00e9brer ! Pr\u00e8s de 200 personnes, repr\u00e9sentants actuels, anciens membres, partenaires de projet et amis du GECT Eurodistrict PAMINA, ont c\u00e9l\u00e9br\u00e9 le 12 d\u00e9cembre le 30\u00e8me anniversaire de la coop\u00e9ration transfrontali\u00e8re entre les trois territoires du Palatinat du Sud, du Mittlerer Oberrhein(MI) et de Nord-Alsace (NA).<\/p>\n<p>Cette soir\u00e9e festive a \u00e9t\u00e9 l&#8217;occasion de faire le bilan des succ\u00e8s et des projets des trois derni\u00e8res d\u00e9cennies, mais aussi de donner une perspective sur les objectifs futurs du GECT Eurodistrict PAMINA.<\/p>\n<h5 class=\"fDefault\">\u00a0D&#8217;un projet pilote europ\u00e9en \u00e0 une institution transfrontali\u00e8re majeure<\/h5>\n<p class=\"fDefault\">Christian Gliech, maire de la ville de Wissembourg, s&#8217;est montr\u00e9 heureux que PAMINA soit revenu \u00e0 ses origines avec cette c\u00e9r\u00e9monie au centre culturel &#8220;La NEF&#8221; \u00e0 Wissembourg. Car c&#8217;est \u00e0 Wissembourg, le 12 d\u00e9cembre 1988, qu&#8217;a \u00e9t\u00e9 sign\u00e9e la &#8220;D\u00e9claration d&#8217;intention de Wissembourg pour un programme d&#8217;action transfrontalier&#8221;. Ce fut le point de d\u00e9part des huit premiers projets pilotes financ\u00e9 par l&#8217;Union europ\u00e9enne et de l&#8217;ouverture de l&#8217;instance transfrontali\u00e8re PAMINA, aujourd&#8217;hui appel\u00e9 INFOBEST, dans les locaux de la douane&#8221;. Plus de 320 projets transfrontaliers ont \u00e9t\u00e9 r\u00e9alis\u00e9s, ainsi que neuf r\u00e9seaux de multiplicateurs tels que l&#8217;Association touristique Vis-\u00e0-Vis (1990), l&#8217;Universit\u00e9 populaire PAMINA (1997) et la Commission de foot PAMINA (2011). Depuis l&#8217;introduction des micro-projets, plus de 40 micro-projets INTERREG ont \u00e9t\u00e9 r\u00e9alis\u00e9s. En tout, plus de 45 millions d&#8217;euros de fonds europ\u00e9ens ont \u00e9t\u00e9 accord\u00e9s \u00e0 l&#8217;espace PAMINA. Ce nombre important de projets montre \u00e0 quel point la r\u00e9gion transfrontali\u00e8re s&#8217;est d\u00e9velopp\u00e9e au fil des ann\u00e9es et que l&#8217;Eurodistrict PAMINA est devenu un interlocuteur central de la coop\u00e9ration transfrontali\u00e8re \u00e0 tous les niveaux.<\/p>\n<div class=\"embeddedContent oembed-provider- oembed-provider-youtube\" data-align=\"center\" data-oembed=\"https:\/\/www.youtube.com\/watch?v=7AaKIVFi_3Q&amp;feature=youtu.be\" data-oembed_provider=\"youtube\" data-resizetype=\"noresize\"><iframe loading=\"lazy\" src=\"https:\/\/www.youtube.com\/embed\/7AaKIVFi_3Q?wmode=transparent&amp;jqoemcache=rsGMQ\" width=\"425\" height=\"349\" frameborder=\"0\" scrolling=\"no\" allowfullscreen=\"allowfullscreen\" data-mce-fragment=\"1\"><\/iframe><\/div>\n<p class=\"fDefault\">\nUn simple regard sur le programme a montr\u00e9 le r\u00f4le central que l&#8217;Eurodistrict PAMINA a jou\u00e9 au cours des d\u00e9cennies dans ses trois r\u00e9gions. Rolf Mafael, Ambassadeur, Repr\u00e9sentant permanent de la R\u00e9publique f\u00e9d\u00e9rale d&#8217;Allemagne aupr\u00e8s du Conseil de l&#8217;Europe et Consul g\u00e9n\u00e9ral \u00e0 Strasbourg, Anne Sander, Membre du Parlement europ\u00e9en et Pr\u00e9sidente du Groupe de travail sur la coop\u00e9ration transfrontali\u00e8re au Parlement europ\u00e9en, Michael Roth, Ministre adjoint aux affaires europ\u00e9ennes au Minist\u00e8re f\u00e9d\u00e9ral des Affaires \u00e9trang\u00e8res, Winfried Hermann, ministre des Transports du Land Baden-W\u00fcrttemberg, Daniela Schmitt, secr\u00e9taire d&#8217;Etat au minist\u00e8re de l&#8217;Economie, des Transports, de l&#8217;Agriculture et de la Viticulture du Land Rh\u00e9nanie-Palatinat et Fr\u00e9d\u00e9ric Bierry, pr\u00e9sident du Conseil d\u00e9partemental du Bas-Rhin, ont tous applaudi ce travail pionnier et la coop\u00e9ration de confiance.\u00a0 C&#8217;est cet esprit de pr\u00e9curseur et la confiance mutuelle qui ont jet\u00e9 les bases des succ\u00e8s communs dans l&#8217;Eurodistrict PAMINA au cours des 30 derni\u00e8res ann\u00e9es.<\/p>\n<table border=\"0\" cellspacing=\"1\" cellpadding=\"1\" align=\"center\">\n<tbody>\n<tr>\n<td><\/td>\n<td><\/td>\n<\/tr>\n<\/tbody>\n<\/table>\n<table border=\"0\" cellspacing=\"1\" cellpadding=\"1\" align=\"center\">\n<tbody>\n<tr>\n<td><\/td>\n<\/tr>\n<\/tbody>\n<\/table>\n<h5 class=\"fDefault\">\nUne c\u00e9r\u00e9monie en l&#8217;honneur des \u00ab P\u00e8res fondateurs de PAMINA \u00bb<\/h5>\n<p>Une attention particuli\u00e8re a \u00e9t\u00e9 accord\u00e9e aux trois p\u00e8res fondateurs de la coop\u00e9ration transfrontali\u00e8re dans l&#8217;espace PAMINA, \u00e0 savoir Daniel Hoeffel, Dietrich Schmidt et Hans Kistenmacher. R\u00e9mi Bertrand, Pr\u00e9sident de l&#8217;Eurodistrict PAMINA, et Patrice Harster, Directeur G\u00e9n\u00e9ral, leur ont d\u00e9cern\u00e9 la &#8220;M\u00e9daille d&#8217;Or PAMINA&#8221; afin de rendre hommage \u00e0 leur m\u00e9rite et de t\u00e9moigner de la reconnaissance pour la coop\u00e9ration transfrontali\u00e8re dans l&#8217;Eurodistrict PAMINA. C&#8217;est gr\u00e2ce \u00e0 la coop\u00e9ration infatigable et \u00e0 l&#8217;engagement personnel de ces trois pionniers, souligne Patrice Harster, que nous pouvons faire ce soir un bilan tr\u00e8s positif des 30 ans.<\/p>\n<p>Le partenariat de 15 ans de l&#8217;Eurodistrict PAMINA avec l&#8217;Euror\u00e9gion polono-tch\u00e8que Slansk Cieszynski &#8211; Tesinske Slezsko a \u00e9galement \u00e9t\u00e9 honor\u00e9, dans lequel, en plus des projets r\u00e9alis\u00e9s conjointement, les \u00e9changes avec les autres r\u00e9gions frontali\u00e8res jouent un r\u00f4le important. Le directeur g\u00e9n\u00e9ral de l&#8217;Euror\u00e9gion, Bogdan Kasparek, a soulign\u00e9 l&#8217;importance des \u00e9changes entre les r\u00e9gions frontali\u00e8res de diff\u00e9rents pays et l&#8217;amiti\u00e9 fructueuse qui s&#8217;est d\u00e9velopp\u00e9e entre l&#8217;Euror\u00e9gion et l&#8217;Eurodistrict au cours des ann\u00e9es.<\/p>\n<p>&nbsp;<\/p>\n<h5 class=\"fDefault\">Avec une vision claire de l&#8217;avenir<\/h5>\n<p>R\u00e9mi Bertrand s&#8217;est r\u00e9joui de pouvoir pr\u00e9senter les perspectives d&#8217;avenir de l&#8217;Eurodistrict PAMINA \u00e0 l&#8217;issue de la c\u00e9r\u00e9monie. Car, selon lui, les prochains d\u00e9fis vont arriver rapidement. La coop\u00e9ration transfrontali\u00e8re repose sur une politique des petits pas mais elle n\u00e9cessite \u00e9galement des qualit\u00e9s d&#8217;anticipation et de cr\u00e9ativit\u00e9 au vu des l\u00e9gislations \u00e9volutives qu&#8217;elles soient nationales ou europ\u00e9ennes. R\u00e9mi Bertrand conclut en pr\u00e9cisant que \u00ab la fronti\u00e8re ne doit pas repr\u00e9senter un frein mais un facteur de croissance et de d\u00e9veloppement\u00bb.<\/p>\n<p>La soir\u00e9e \u00e9tait accompagn\u00e9e par un groupe de musiciens allemands et fran\u00e7ais issus d&#8217;un des projets du R\u00e9seau des Jeunes PAMINA, le Red Horse Festival. Ils avaient mis sur pied un programme sp\u00e9cial pour la c\u00e9l\u00e9bration de l&#8217;anniversaire.<\/p>\n<h5 class=\"fDefault\">Photos<\/h5>\n<div class=\"fmodele fmodeleScroll tpl_galerie_diaporama_multi\"><\/div>\n<div id=\"flexit_flexslider_35b610e03493d876c75369fedd905d5c\" class=\"flexit-medias-diaporama-multi-slider\">\n<ul class=\"flex-direction-nav\">\n<li><a class=\"flex-prev\" href=\"https:\/\/www.eurodistrict-pamina.eu\/#\">Previous<\/a><\/li>\n<li><a class=\"flex-next\" href=\"https:\/\/www.eurodistrict-pamina.eu\/#\">Next<\/a><\/li>\n<\/ul>\n<\/div>\n<div id=\"flexit_flexslider_thumbs_35b610e03493d876c75369fedd905d5c\" class=\"flexit-medias-diaporama-multi-slider-thumbs\"><\/div>\n<div id=\"innerType\">\n<div class=\"container\">\n<div class=\"row\">\n<div class=\"col-xs-12 col-sm-9\">\n<div class=\"col-right\">\n<section id=\"mainSection\">\n<div class=\"fmodele fmodeleScroll tpl_galerie_diaporama_multi\">\n<div class=\"flexit-medias-diaporama-multi\">\n<div id=\"flexit_flexslider_thumbs_35b610e03493d876c75369fedd905d5c\" class=\"flexit-medias-diaporama-multi-slider-thumbs\">\n<ul class=\"flex-direction-nav\">\n<li><a class=\"flex-prev\" href=\"https:\/\/www.eurodistrict-pamina.eu\/#\">Previous<\/a><\/li>\n<li><a class=\"flex-next\" href=\"https:\/\/www.eurodistrict-pamina.eu\/#\">Next<\/a><\/li>\n<\/ul>\n<\/div>\n<\/div>\n<\/div>\n<h5 class=\"fDefault\">Discours<\/h5>\n<div class=\"fmodele fmodeleScroll tpl_files_list\">\n<div class=\"flexit-medias-list-files\">\n<table class=\"table\">\n<tbody>\n<tr class=\"flexit-medias-list-files-item\">\n<td><a class=\"flexit_ico_file\" href=\"https:\/\/www.eurodistrict-pamina.eu\/UserFiles\/File\/30-ans\/rbertrand-president-fr.pdf\" target=\"_blank\">Rbertrand president fr<\/a><\/td>\n<td><span title=\"\">18 d\u00e9cembre 2018<\/span><\/td>\n<td><a href=\"https:\/\/www.eurodistrict-pamina.eu\/UserFiles\/File\/30-ans\/rbertrand-president-fr.pdf\" target=\"_blank\">T\u00e9l\u00e9charger<\/a><\/td>\n<\/tr>\n<tr class=\"flexit-medias-list-files-item\">\n<td><a class=\"flexit_ico_file\" href=\"https:\/\/www.eurodistrict-pamina.eu\/UserFiles\/File\/30-ans\/rbertrand-prasident-de.pdf\" target=\"_blank\">Rbertrand prasident de<\/a><\/td>\n<td><span title=\"\">18 d\u00e9cembre 2018<\/span><\/td>\n<td><a href=\"https:\/\/www.eurodistrict-pamina.eu\/UserFiles\/File\/30-ans\/rbertrand-prasident-de.pdf\" target=\"_blank\">T\u00e9l\u00e9charger<\/a><\/td>\n<\/tr>\n<tr class=\"flexit-medias-list-files-item\">\n<td><a class=\"flexit_ico_file\" href=\"https:\/\/www.eurodistrict-pamina.eu\/UserFiles\/File\/30-ans\/discours-pharster-directeur-fr-1.pdf\" target=\"_blank\">Discours pharster directeur fr 1<\/a><\/td>\n<td><span title=\"\">18 d\u00e9cembre 2018<\/span><\/td>\n<td><a href=\"https:\/\/www.eurodistrict-pamina.eu\/UserFiles\/File\/30-ans\/discours-pharster-directeur-fr-1.pdf\" target=\"_blank\">T\u00e9l\u00e9charger<\/a><\/td>\n<\/tr>\n<tr class=\"flexit-medias-list-files-item\">\n<td><a class=\"flexit_ico_file\" href=\"https:\/\/www.eurodistrict-pamina.eu\/UserFiles\/File\/30-ans\/discours-whermann-verkehrsminister-de-1.pdf\" target=\"_blank\">Discours whermann verkehrsminister de 1<\/a><\/td>\n<td><span title=\"\">18 d\u00e9cembre 2018<\/span><\/td>\n<td><a href=\"https:\/\/www.eurodistrict-pamina.eu\/UserFiles\/File\/30-ans\/discours-whermann-verkehrsminister-de-1.pdf\" target=\"_blank\">T\u00e9l\u00e9charger<\/a><\/td>\n<\/tr>\n<tr class=\"flexit-medias-list-files-item\">\n<td><a class=\"flexit_ico_file\" href=\"https:\/\/www.eurodistrict-pamina.eu\/UserFiles\/File\/30-ans\/rede-pamina-sts-schmitt.pdf\" target=\"_blank\">Rede pamina sts schmitt<\/a><\/td>\n<td><span title=\"\">09 janvier 2019<\/span><\/td>\n<td><a href=\"https:\/\/www.eurodistrict-pamina.eu\/UserFiles\/File\/30-ans\/rede-pamina-sts-schmitt.pdf\" target=\"_blank\">T\u00e9l\u00e9charger<\/a><\/td>\n<\/tr>\n<\/tbody>\n<\/table>\n<\/div>\n<\/div>\n<h5 class=\"fDefault\">Documentation<\/h5>\n<div class=\"fmodele fmodeleScroll tpl_files_list\">\n<div class=\"flexit-medias-list-files\">\n<table class=\"table\">\n<tbody>\n<tr class=\"flexit-medias-list-files-item\">\n<td><a class=\"flexit_ico_file\" href=\"https:\/\/www.eurodistrict-pamina.eu\/UserFiles\/File\/30-ans\/declaration-intention-12121988-willenserklaerung.pdf\" target=\"_blank\">Declaration intention 12121988 willenserklaerung<\/a><\/td>\n<td><span title=\"\">18 d\u00e9cembre 2018<\/span><\/td>\n<td><a href=\"https:\/\/www.eurodistrict-pamina.eu\/UserFiles\/File\/30-ans\/declaration-intention-12121988-willenserklaerung.pdf\" target=\"_blank\">T\u00e9l\u00e9charger<\/a><\/td>\n<\/tr>\n<tr class=\"flexit-medias-list-files-item\">\n<td><a class=\"flexit_ico_file\" href=\"https:\/\/www.eurodistrict-pamina.eu\/UserFiles\/File\/30-ans\/30-jahre-ans-pamina.pdf\" target=\"_blank\">30 jahre ans pamina<\/a><\/td>\n<td><span title=\"\">18 d\u00e9cembre 2018<\/span><\/td>\n<td><a href=\"https:\/\/www.eurodistrict-pamina.eu\/UserFiles\/File\/30-ans\/30-jahre-ans-pamina.pdf\" target=\"_blank\">T\u00e9l\u00e9charger<\/a><\/td>\n<\/tr>\n<tr class=\"flexit-medias-list-files-item\">\n<td><a class=\"flexit_ico_file\" href=\"https:\/\/www.eurodistrict-pamina.eu\/UserFiles\/File\/30-ans\/communique-de-presse.pdf\" target=\"_blank\">Communique de presse<\/a><\/td>\n<td><span title=\"\">18 d\u00e9cembre 2018<\/span><\/td>\n<td><a href=\"https:\/\/www.eurodistrict-pamina.eu\/UserFiles\/File\/30-ans\/communique-de-presse.pdf\" target=\"_blank\">T\u00e9l\u00e9charger<\/a><\/td>\n<\/tr>\n<tr class=\"flexit-medias-list-files-item\">\n<td><a class=\"flexit_ico_file\" href=\"https:\/\/www.eurodistrict-pamina.eu\/UserFiles\/File\/30-ans\/pressemitteilung.pdf\" target=\"_blank\">Pressemitteilung<\/a><\/td>\n<td><span title=\"\">18 d\u00e9cembre 2018<\/span><\/td>\n<td><a href=\"https:\/\/www.eurodistrict-pamina.eu\/UserFiles\/File\/30-ans\/pressemitteilung.pdf\" target=\"_blank\">T\u00e9l\u00e9charger<\/a><\/td>\n<\/tr>\n<\/tbody>\n<\/table>\n<\/div>\n<\/div>\n<h5 class=\"fDefault\">Vid\u00e9os<\/h5>\n<p>Claude STURNI, Pr\u00e9sident de la Communaut\u00e9 d&#8217;agglom\u00e9ration de Haguenau:<\/p>\n<div class=\"embeddedContent oembed-provider- oembed-provider-youtube\" data-align=\"none\" data-oembed=\"https:\/\/www.youtube.com\/watch?v=-ZApjrlWjzo&amp;feature=youtu.be\" data-oembed_provider=\"youtube\" data-resizetype=\"noresize\"><iframe loading=\"lazy\" src=\"https:\/\/www.youtube.com\/embed\/-ZApjrlWjzo?wmode=transparent&amp;jqoemcache=UAWdy\" width=\"425\" height=\"349\" frameborder=\"0\" scrolling=\"no\" allowfullscreen=\"allowfullscreen\" data-mce-fragment=\"1\"><\/iframe><\/div>\n<h5><\/h5>\n<div class=\"btn-ico-wrapper\"><a class=\"btn-ico btn-ico-downloadpdf\" title=\"T\u00e9l\u00e9charger la page au format PDF\" href=\"https:\/\/www.eurodistrict-pamina.eu\/fr\/30-ans-pamina-1.html?downloadpdf=1\" target=\"_blank\" rel=\"nofollow\">PDF<\/a> <a class=\"btn-ico btn-ico-print\" title=\"Imprimer la page\">Print<\/a><\/div>\n<\/section>\n<\/div>\n<\/div>\n<\/div>\n<\/div>\n<\/div>\n<footer id=\"mainFooter\">\n<div class=\"container\">\n<div class=\"row\">\n<div class=\"col-xs-12 col-sm-8\"><a class=\"contacts \" title=\"Contact\" href=\"https:\/\/www.eurodistrict-pamina.eu\/fr\/contact.html\" data-equalize=\"col-footer\"><span class=\"line-1\">Vous souhaitez nous<\/span><span class=\"line-2\">contacter<\/span><span class=\"line-3\">Cliquez ici<\/span><\/a><\/div>\n<div class=\"col-xs-12 col-sm-4\"><a class=\"videos\" title=\"Vid\u00e9os\" href=\"https:\/\/www.eurodistrict-pamina.eu\/fr\/videos.html\" data-equalize=\"col-footer\"><span class=\"line-1\">Vid\u00e9os<\/span><span class=\"line-2\">D\u00e9couv<\/span><\/a><\/div>\n<\/div>\n<div class=\"col-xs-12 col-sm-4\"><em>Source<\/em> : <a href=\"http:\/\/www.eurodistrict-pamina.eu\">www.eurodistrict-pamina.eu<\/a><\/div>\n<div class=\"col-xs-12 col-sm-4\"><em>Contact<\/em> : <a href=\"&#109;&#x61;i&#108;&#x74;o&#58;&#x69;n&#102;&#x6f;&#64;&#101;&#x75;r&#111;&#x64;i&#115;&#x74;r&#105;&#x63;t&#45;&#x70;a&#109;&#x69;n&#97;&#x2e;e&#x75;\">i&#110;&#102;&#111;&#x40;&#x65;&#x75;ro&#100;&#105;&#x73;&#x74;&#x72;&#x69;ct&#45;&#112;&#x61;&#x6d;&#x69;&#x6e;a&#46;&#101;&#117; <\/a><\/div>\n<\/div>\n<\/footer>\n","protected":false},"excerpt":{"rendered":"<p>Le GECT Eurodistrict PAMINA en f\u00eate ! Ils sont venus nombreux et avaient de bonnes raisons de c\u00e9l\u00e9brer ! Pr\u00e8s de 200 personnes, repr\u00e9sentants actuels, anciens membres, partenaires de projet et amis du GECT Eurodistrict PAMINA, ont c\u00e9l\u00e9br\u00e9 le 12 d\u00e9cembre le 30\u00e8me anniversaire de la coop\u00e9ration transfrontali\u00e8re entre les trois territoires du Palatinat du [&hellip;]<\/p>\n","protected":false},"author":3,"featured_media":0,"comment_status":"open","ping_status":"open","sticky":false,"template":"","format":"standard","meta":{"_exactmetrics_skip_tracking":false,"_exactmetrics_sitenote_active":false,"_exactmetrics_sitenote_note":"","_exactmetrics_sitenote_category":0,"footnotes":""},"categories":[7],"tags":[],"class_list":["post-3577","post","type-post","status-publish","format-standard","hentry","category-evenements-fr"],"yoast_head":"<!-- This site is optimized with the Yoast SEO plugin v23.5 - https:\/\/yoast.com\/wordpress\/plugins\/seo\/ -->\n<title>30 ans de coop\u00e9ration transfrontali\u00e8re entre le Palatinat du Sud, le Mittlerer Oberrhein et l&#039;Alsace du Nord - PAMINA Business Club<\/title>\n<meta name=\"robots\" content=\"index, follow, max-snippet:-1, max-image-preview:large, max-video-preview:-1\" \/>\n<link rel=\"canonical\" href=\"http:\/\/www.pamina-business.com\/en\/30-ans-de-cooperation-transfrontaliere-entre-le-palatinat-du-sud-le-mittlerer-oberrhein-et-lalsace-du-nord\/\" \/>\n<meta property=\"og:locale\" content=\"en_US\" \/>\n<meta property=\"og:type\" content=\"article\" \/>\n<meta property=\"og:title\" content=\"30 ans de coop\u00e9ration transfrontali\u00e8re entre le Palatinat du Sud, le Mittlerer Oberrhein et l&#039;Alsace du Nord - PAMINA Business Club\" \/>\n<meta property=\"og:description\" content=\"Le GECT Eurodistrict PAMINA en f\u00eate ! Ils sont venus nombreux et avaient de bonnes raisons de c\u00e9l\u00e9brer ! Pr\u00e8s de 200 personnes, repr\u00e9sentants actuels, anciens membres, partenaires de projet et amis du GECT Eurodistrict PAMINA, ont c\u00e9l\u00e9br\u00e9 le 12 d\u00e9cembre le 30\u00e8me anniversaire de la coop\u00e9ration transfrontali\u00e8re entre les trois territoires du Palatinat du [&hellip;]\" \/>\n<meta property=\"og:url\" content=\"http:\/\/www.pamina-business.com\/en\/30-ans-de-cooperation-transfrontaliere-entre-le-palatinat-du-sud-le-mittlerer-oberrhein-et-lalsace-du-nord\/\" \/>\n<meta property=\"og:site_name\" content=\"PAMINA Business Club\" \/>\n<meta property=\"article:published_time\" content=\"2019-01-21T07:48:09+00:00\" \/>\n<meta property=\"article:modified_time\" content=\"2019-01-15T07:50:39+00:00\" \/>\n<meta name=\"author\" content=\"Monique STUTZMANN\" \/>\n<meta name=\"twitter:card\" content=\"summary_large_image\" \/>\n<meta name=\"twitter:label1\" content=\"Written by\" \/>\n\t<meta name=\"twitter:data1\" content=\"Monique STUTZMANN\" \/>\n\t<meta name=\"twitter:label2\" content=\"Est. reading time\" \/>\n\t<meta name=\"twitter:data2\" content=\"5 minutes\" \/>\n<script type=\"application\/ld+json\" class=\"yoast-schema-graph\">{\"@context\":\"https:\/\/schema.org\",\"@graph\":[{\"@type\":\"WebPage\",\"@id\":\"http:\/\/www.pamina-business.com\/en\/30-ans-de-cooperation-transfrontaliere-entre-le-palatinat-du-sud-le-mittlerer-oberrhein-et-lalsace-du-nord\/\",\"url\":\"http:\/\/www.pamina-business.com\/en\/30-ans-de-cooperation-transfrontaliere-entre-le-palatinat-du-sud-le-mittlerer-oberrhein-et-lalsace-du-nord\/\",\"name\":\"30 ans de coop\u00e9ration transfrontali\u00e8re entre le Palatinat du Sud, le Mittlerer Oberrhein et l'Alsace du Nord - PAMINA Business Club\",\"isPartOf\":{\"@id\":\"https:\/\/www.pamina-business.com\/de\/#website\"},\"datePublished\":\"2019-01-21T07:48:09+00:00\",\"dateModified\":\"2019-01-15T07:50:39+00:00\",\"author\":{\"@id\":\"https:\/\/www.pamina-business.com\/de\/#\/schema\/person\/9ab02536dbdbc5e3ef40bbc3452c8c69\"},\"breadcrumb\":{\"@id\":\"http:\/\/www.pamina-business.com\/en\/30-ans-de-cooperation-transfrontaliere-entre-le-palatinat-du-sud-le-mittlerer-oberrhein-et-lalsace-du-nord\/#breadcrumb\"},\"inLanguage\":\"en-US\",\"potentialAction\":[{\"@type\":\"ReadAction\",\"target\":[\"http:\/\/www.pamina-business.com\/en\/30-ans-de-cooperation-transfrontaliere-entre-le-palatinat-du-sud-le-mittlerer-oberrhein-et-lalsace-du-nord\/\"]}]},{\"@type\":\"BreadcrumbList\",\"@id\":\"http:\/\/www.pamina-business.com\/en\/30-ans-de-cooperation-transfrontaliere-entre-le-palatinat-du-sud-le-mittlerer-oberrhein-et-lalsace-du-nord\/#breadcrumb\",\"itemListElement\":[{\"@type\":\"ListItem\",\"position\":1,\"name\":\"Accueil\",\"item\":\"http:\/\/www.pamina-business.com\/en\/\"},{\"@type\":\"ListItem\",\"position\":2,\"name\":\"30 ans de coop\u00e9ration transfrontali\u00e8re entre le Palatinat du Sud, le Mittlerer Oberrhein et l&#8217;Alsace du Nord\"}]},{\"@type\":\"WebSite\",\"@id\":\"https:\/\/www.pamina-business.com\/de\/#website\",\"url\":\"https:\/\/www.pamina-business.com\/de\/\",\"name\":\"PAMINA Business Club\",\"description\":\"Un site utilisant WordPress\",\"potentialAction\":[{\"@type\":\"SearchAction\",\"target\":{\"@type\":\"EntryPoint\",\"urlTemplate\":\"https:\/\/www.pamina-business.com\/de\/?s={search_term_string}\"},\"query-input\":{\"@type\":\"PropertyValueSpecification\",\"valueRequired\":true,\"valueName\":\"search_term_string\"}}],\"inLanguage\":\"en-US\"},{\"@type\":\"Person\",\"@id\":\"https:\/\/www.pamina-business.com\/de\/#\/schema\/person\/9ab02536dbdbc5e3ef40bbc3452c8c69\",\"name\":\"Monique STUTZMANN\",\"image\":{\"@type\":\"ImageObject\",\"inLanguage\":\"en-US\",\"@id\":\"https:\/\/www.pamina-business.com\/de\/#\/schema\/person\/image\/\",\"url\":\"https:\/\/secure.gravatar.com\/avatar\/cc1c3adf9a9f6e969d3da7b6b34ec66f5f4a6844dfc9145380a75e42cd91882e?s=96&d=mm&r=g\",\"contentUrl\":\"https:\/\/secure.gravatar.com\/avatar\/cc1c3adf9a9f6e969d3da7b6b34ec66f5f4a6844dfc9145380a75e42cd91882e?s=96&d=mm&r=g\",\"caption\":\"Monique STUTZMANN\"},\"url\":\"http:\/\/www.pamina-business.com\/en\/author\/monique\/\"}]}<\/script>\n<!-- \/ Yoast SEO plugin. -->","yoast_head_json":{"title":"30 ans de coop\u00e9ration transfrontali\u00e8re entre le Palatinat du Sud, le Mittlerer Oberrhein et l'Alsace du Nord - PAMINA Business Club","robots":{"index":"index","follow":"follow","max-snippet":"max-snippet:-1","max-image-preview":"max-image-preview:large","max-video-preview":"max-video-preview:-1"},"canonical":"http:\/\/www.pamina-business.com\/en\/30-ans-de-cooperation-transfrontaliere-entre-le-palatinat-du-sud-le-mittlerer-oberrhein-et-lalsace-du-nord\/","og_locale":"en_US","og_type":"article","og_title":"30 ans de coop\u00e9ration transfrontali\u00e8re entre le Palatinat du Sud, le Mittlerer Oberrhein et l'Alsace du Nord - PAMINA Business Club","og_description":"Le GECT Eurodistrict PAMINA en f\u00eate ! Ils sont venus nombreux et avaient de bonnes raisons de c\u00e9l\u00e9brer ! Pr\u00e8s de 200 personnes, repr\u00e9sentants actuels, anciens membres, partenaires de projet et amis du GECT Eurodistrict PAMINA, ont c\u00e9l\u00e9br\u00e9 le 12 d\u00e9cembre le 30\u00e8me anniversaire de la coop\u00e9ration transfrontali\u00e8re entre les trois territoires du Palatinat du [&hellip;]","og_url":"http:\/\/www.pamina-business.com\/en\/30-ans-de-cooperation-transfrontaliere-entre-le-palatinat-du-sud-le-mittlerer-oberrhein-et-lalsace-du-nord\/","og_site_name":"PAMINA Business Club","article_published_time":"2019-01-21T07:48:09+00:00","article_modified_time":"2019-01-15T07:50:39+00:00","author":"Monique STUTZMANN","twitter_card":"summary_large_image","twitter_misc":{"Written by":"Monique STUTZMANN","Est. reading time":"5 minutes"},"schema":{"@context":"https:\/\/schema.org","@graph":[{"@type":"WebPage","@id":"http:\/\/www.pamina-business.com\/en\/30-ans-de-cooperation-transfrontaliere-entre-le-palatinat-du-sud-le-mittlerer-oberrhein-et-lalsace-du-nord\/","url":"http:\/\/www.pamina-business.com\/en\/30-ans-de-cooperation-transfrontaliere-entre-le-palatinat-du-sud-le-mittlerer-oberrhein-et-lalsace-du-nord\/","name":"30 ans de coop\u00e9ration transfrontali\u00e8re entre le Palatinat du Sud, le Mittlerer Oberrhein et l'Alsace du Nord - PAMINA Business Club","isPartOf":{"@id":"https:\/\/www.pamina-business.com\/de\/#website"},"datePublished":"2019-01-21T07:48:09+00:00","dateModified":"2019-01-15T07:50:39+00:00","author":{"@id":"https:\/\/www.pamina-business.com\/de\/#\/schema\/person\/9ab02536dbdbc5e3ef40bbc3452c8c69"},"breadcrumb":{"@id":"http:\/\/www.pamina-business.com\/en\/30-ans-de-cooperation-transfrontaliere-entre-le-palatinat-du-sud-le-mittlerer-oberrhein-et-lalsace-du-nord\/#breadcrumb"},"inLanguage":"en-US","potentialAction":[{"@type":"ReadAction","target":["http:\/\/www.pamina-business.com\/en\/30-ans-de-cooperation-transfrontaliere-entre-le-palatinat-du-sud-le-mittlerer-oberrhein-et-lalsace-du-nord\/"]}]},{"@type":"BreadcrumbList","@id":"http:\/\/www.pamina-business.com\/en\/30-ans-de-cooperation-transfrontaliere-entre-le-palatinat-du-sud-le-mittlerer-oberrhein-et-lalsace-du-nord\/#breadcrumb","itemListElement":[{"@type":"ListItem","position":1,"name":"Accueil","item":"http:\/\/www.pamina-business.com\/en\/"},{"@type":"ListItem","position":2,"name":"30 ans de coop\u00e9ration transfrontali\u00e8re entre le Palatinat du Sud, le Mittlerer Oberrhein et l&#8217;Alsace du Nord"}]},{"@type":"WebSite","@id":"https:\/\/www.pamina-business.com\/de\/#website","url":"https:\/\/www.pamina-business.com\/de\/","name":"PAMINA Business Club","description":"Un site utilisant WordPress","potentialAction":[{"@type":"SearchAction","target":{"@type":"EntryPoint","urlTemplate":"https:\/\/www.pamina-business.com\/de\/?s={search_term_string}"},"query-input":{"@type":"PropertyValueSpecification","valueRequired":true,"valueName":"search_term_string"}}],"inLanguage":"en-US"},{"@type":"Person","@id":"https:\/\/www.pamina-business.com\/de\/#\/schema\/person\/9ab02536dbdbc5e3ef40bbc3452c8c69","name":"Monique STUTZMANN","image":{"@type":"ImageObject","inLanguage":"en-US","@id":"https:\/\/www.pamina-business.com\/de\/#\/schema\/person\/image\/","url":"https:\/\/secure.gravatar.com\/avatar\/cc1c3adf9a9f6e969d3da7b6b34ec66f5f4a6844dfc9145380a75e42cd91882e?s=96&d=mm&r=g","contentUrl":"https:\/\/secure.gravatar.com\/avatar\/cc1c3adf9a9f6e969d3da7b6b34ec66f5f4a6844dfc9145380a75e42cd91882e?s=96&d=mm&r=g","caption":"Monique STUTZMANN"},"url":"http:\/\/www.pamina-business.com\/en\/author\/monique\/"}]}},"_links":{"self":[{"href":"http:\/\/www.pamina-business.com\/en\/wp-json\/wp\/v2\/posts\/3577","targetHints":{"allow":["GET"]}}],"collection":[{"href":"http:\/\/www.pamina-business.com\/en\/wp-json\/wp\/v2\/posts"}],"about":[{"href":"http:\/\/www.pamina-business.com\/en\/wp-json\/wp\/v2\/types\/post"}],"author":[{"embeddable":true,"href":"http:\/\/www.pamina-business.com\/en\/wp-json\/wp\/v2\/users\/3"}],"replies":[{"embeddable":true,"href":"http:\/\/www.pamina-business.com\/en\/wp-json\/wp\/v2\/comments?post=3577"}],"version-history":[{"count":1,"href":"http:\/\/www.pamina-business.com\/en\/wp-json\/wp\/v2\/posts\/3577\/revisions"}],"predecessor-version":[{"id":3578,"href":"http:\/\/www.pamina-business.com\/en\/wp-json\/wp\/v2\/posts\/3577\/revisions\/3578"}],"wp:attachment":[{"href":"http:\/\/www.pamina-business.com\/en\/wp-json\/wp\/v2\/media?parent=3577"}],"wp:term":[{"taxonomy":"category","embeddable":true,"href":"http:\/\/www.pamina-business.com\/en\/wp-json\/wp\/v2\/categories?post=3577"},{"taxonomy":"post_tag","embeddable":true,"href":"http:\/\/www.pamina-business.com\/en\/wp-json\/wp\/v2\/tags?post=3577"}],"curies":[{"name":"wp","href":"https:\/\/api.w.org\/{rel}","templated":true}]}}