{"id":3501,"date":"2018-12-17T10:37:00","date_gmt":"2018-12-17T10:37:00","guid":{"rendered":"http:\/\/www.pamina-business.com\/?p=3501"},"modified":"2018-12-17T12:41:18","modified_gmt":"2018-12-17T12:41:18","slug":"rencontre-franco-allemande-des-agents-de-developpement-economiques-a-loccasion-des-20-ans-du-pamina-business-club-www-pamina-business-com","status":"publish","type":"post","link":"http:\/\/www.pamina-business.com\/en\/rencontre-franco-allemande-des-agents-de-developpement-economiques-a-loccasion-des-20-ans-du-pamina-business-club-www-pamina-business-com\/","title":{"rendered":"Rencontre franco- allemande des agents de d\u00e9veloppement \u00e9conomiques \u00e0 l\u2019occasion des 20 ans du Pamina Business Club. (www.pamina-business.com)"},"content":{"rendered":"<p>Les d\u00e9veloppeurs \u00e9conomiques de l\u2019espace transfrontalier PAMINA se sont rencontr\u00e9s dans la matin\u00e9e du 7 d\u00e9cembre dernier, \u00e0 Lauterbourg, en Alsace du Nord, au bord du Rhin. Devant un auditoire d\u2019une quarantaine d\u2019acteurs \u00e9conomiques issus des 3 territoires de l\u2019espace PAMINA, Jean-Michel STAERLE, le pr\u00e9sident actuel du PAMINA Business Club, a d\u2019abord retrac\u00e9 les nombreuses initiatives et projets r\u00e9alis\u00e9s durant ces 20 derni\u00e8res ann\u00e9es.<\/p>\n<p>L\u2019occasion a ensuite \u00e9t\u00e9 donn\u00e9e aux d\u00e9veloppeurs \u00e9conomiques de l\u2019Alsace du Nord, de la S\u00fcd Pfalz et de la r\u00e9gion de Karlsruhe de partager leurs projets actuels. Cette s\u00e9ance de travail a permis de d\u00e9tecter une quarantaine d\u2019initiatives locales et structurantes essentiellement dans les domaines suivants\u00a0:<\/p>\n<ul>\n<li>Le d\u00e9veloppement \u00e9conomique et l\u2019entreprenariat,<\/li>\n<li>L\u2019industrie du futur,<\/li>\n<li>L\u2019emploi et la formation,<\/li>\n<li>La transition \u00e9nerg\u00e9tique,<\/li>\n<li>La mobilit\u00e9 et les d\u00e9placements innovants.<\/li>\n<\/ul>\n<div id=\"attachment_3502\" style=\"width: 310px\" class=\"wp-caption alignnone\"><a href=\"http:\/\/www.pamina-business.com\/wp-content\/uploads\/2018\/12\/pamina-groupe-71218.jpg\"><img loading=\"lazy\" decoding=\"async\" aria-describedby=\"caption-attachment-3502\" class=\"size-medium wp-image-3502\" src=\"http:\/\/www.pamina-business.com\/wp-content\/uploads\/2018\/12\/pamina-groupe-71218-300x239.jpg\" alt=\"OLYMPUS DIGITAL CAMERA\" width=\"300\" height=\"239\" srcset=\"http:\/\/www.pamina-business.com\/wp-content\/uploads\/2018\/12\/pamina-groupe-71218-300x239.jpg 300w, http:\/\/www.pamina-business.com\/wp-content\/uploads\/2018\/12\/pamina-groupe-71218-768x611.jpg 768w, http:\/\/www.pamina-business.com\/wp-content\/uploads\/2018\/12\/pamina-groupe-71218-1024x815.jpg 1024w\" sizes=\"auto, (max-width: 300px) 100vw, 300px\" \/><\/a><p id=\"caption-attachment-3502\" class=\"wp-caption-text\">OLYMPUS DIGITAL CAMERA<\/p><\/div>\n<p><em>Le groupe des d\u00e9veloppeurs de l&#8217;espace Pamina \u00e0 Lauterbourg le 7.12.18<\/em><\/p>\n<p>De mani\u00e8re g\u00e9n\u00e9rale, cette rencontre a permis aux uns et aux autres de mieux se conna\u00eetre mais aussi d\u2019initier des coop\u00e9rations transfrontali\u00e8res. Les participants ont unanimement pl\u00e9biscit\u00e9 cette rencontre et ont souhait\u00e9 la r\u00e9it\u00e9rer l\u2019ann\u00e9e prochaine. La synth\u00e8se des travaux de cette matin\u00e9e va permettre d\u2019\u00e9tablir le programme des activit\u00e9s du PAMINA Business Club en 2019.<\/p>\n<p>Pour cl\u00f4turer cette manifestation, Jean-Michel STAERLE, de l\u2019ADIRA, a pass\u00e9 la pr\u00e9sidence du Club \u00e0 Ralf EICHHORN, de la ville de Karlsruhe. A noter que Jana REILAND, de la ville de Landau, a succ\u00e9d\u00e9 \u00e0 Maria Farrenkopf pour y repr\u00e9senter la S\u00fcd Pfalz.<\/p>\n<div id=\"attachment_3503\" style=\"width: 310px\" class=\"wp-caption alignnone\"><a href=\"http:\/\/www.pamina-business.com\/wp-content\/uploads\/2018\/12\/photo-71218-JMS-RALF-JANA.jpg\"><img loading=\"lazy\" decoding=\"async\" aria-describedby=\"caption-attachment-3503\" class=\"size-medium wp-image-3503\" src=\"http:\/\/www.pamina-business.com\/wp-content\/uploads\/2018\/12\/photo-71218-JMS-RALF-JANA-300x225.jpg\" alt=\"OLYMPUS DIGITAL CAMERA\" width=\"300\" height=\"225\" srcset=\"http:\/\/www.pamina-business.com\/wp-content\/uploads\/2018\/12\/photo-71218-JMS-RALF-JANA-300x225.jpg 300w, http:\/\/www.pamina-business.com\/wp-content\/uploads\/2018\/12\/photo-71218-JMS-RALF-JANA-768x576.jpg 768w, http:\/\/www.pamina-business.com\/wp-content\/uploads\/2018\/12\/photo-71218-JMS-RALF-JANA-1024x768.jpg 1024w, http:\/\/www.pamina-business.com\/wp-content\/uploads\/2018\/12\/photo-71218-JMS-RALF-JANA-800x600.jpg 800w\" sizes=\"auto, (max-width: 300px) 100vw, 300px\" \/><\/a><p id=\"caption-attachment-3503\" class=\"wp-caption-text\">OLYMPUS DIGITAL CAMERA<\/p><\/div>\n<p>Ralf Eichhorn- Jana Reiland -Jean-Michel Staerle.<\/p>\n<p><em>Photos<\/em> : Simone Pflieger, Technologie Region Karlsruhe.<\/p>\n<p><em>Source<\/em> : <a href=\"http:\/\/www.adira.com\">www.adira.com<\/a><\/p>\n<p><em>Contact<\/em> : <a href=\"m&#97;&#105;&#x6c;&#x74;&#x6f;:&#106;&#101;&#x61;&#x6e;&#x2d;mi&#99;&#x68;&#x65;&#x6c;&#46;s&#116;&#97;&#x65;&#x72;&#x6c;e&#64;&#97;&#x64;&#x69;&#x72;a&#46;&#99;&#x6f;&#x6d;\">&#x6a;e&#x61;&#110;&#x2d;&#x6d;i&#x63;&#104;&#x65;&#x6c;&#46;&#x73;&#116;&#x61;&#x65;r&#x6c;&#101;&#x40;&#x61;d&#x69;&#114;&#x61;&#x2e;c&#x6f;&#109;<\/a><\/p>\n","protected":false},"excerpt":{"rendered":"<p>Les d\u00e9veloppeurs \u00e9conomiques de l\u2019espace transfrontalier PAMINA se sont rencontr\u00e9s dans la matin\u00e9e du 7 d\u00e9cembre dernier, \u00e0 Lauterbourg, en Alsace du Nord, au bord du Rhin. Devant un auditoire d\u2019une quarantaine d\u2019acteurs \u00e9conomiques issus des 3 territoires de l\u2019espace PAMINA, Jean-Michel STAERLE, le pr\u00e9sident actuel du PAMINA Business Club, a d\u2019abord retrac\u00e9 les nombreuses [&hellip;]<\/p>\n","protected":false},"author":3,"featured_media":0,"comment_status":"open","ping_status":"open","sticky":false,"template":"","format":"standard","meta":{"_exactmetrics_skip_tracking":false,"_exactmetrics_sitenote_active":false,"_exactmetrics_sitenote_note":"","_exactmetrics_sitenote_category":0,"footnotes":""},"categories":[7],"tags":[],"class_list":["post-3501","post","type-post","status-publish","format-standard","hentry","category-evenements-fr"],"yoast_head":"<!-- This site is optimized with the Yoast SEO plugin v23.5 - https:\/\/yoast.com\/wordpress\/plugins\/seo\/ -->\n<title>Rencontre franco- allemande des agents de d\u00e9veloppement \u00e9conomiques \u00e0 l\u2019occasion des 20 ans du Pamina Business Club. (www.pamina-business.com) - PAMINA Business Club<\/title>\n<meta name=\"robots\" content=\"index, follow, max-snippet:-1, max-image-preview:large, max-video-preview:-1\" \/>\n<link rel=\"canonical\" href=\"http:\/\/www.pamina-business.com\/rencontre-franco-allemande-des-agents-de-developpement-economiques-a-loccasion-des-20-ans-du-pamina-business-club-www-pamina-business-com\/\" \/>\n<meta property=\"og:locale\" content=\"en_US\" \/>\n<meta property=\"og:type\" content=\"article\" \/>\n<meta property=\"og:title\" content=\"Rencontre franco- allemande des agents de d\u00e9veloppement \u00e9conomiques \u00e0 l\u2019occasion des 20 ans du Pamina Business Club. (www.pamina-business.com) - PAMINA Business Club\" \/>\n<meta property=\"og:description\" content=\"Les d\u00e9veloppeurs \u00e9conomiques de l\u2019espace transfrontalier PAMINA se sont rencontr\u00e9s dans la matin\u00e9e du 7 d\u00e9cembre dernier, \u00e0 Lauterbourg, en Alsace du Nord, au bord du Rhin. Devant un auditoire d\u2019une quarantaine d\u2019acteurs \u00e9conomiques issus des 3 territoires de l\u2019espace PAMINA, Jean-Michel STAERLE, le pr\u00e9sident actuel du PAMINA Business Club, a d\u2019abord retrac\u00e9 les nombreuses [&hellip;]\" \/>\n<meta property=\"og:url\" content=\"http:\/\/www.pamina-business.com\/rencontre-franco-allemande-des-agents-de-developpement-economiques-a-loccasion-des-20-ans-du-pamina-business-club-www-pamina-business-com\/\" \/>\n<meta property=\"og:site_name\" content=\"PAMINA Business Club\" \/>\n<meta property=\"article:published_time\" content=\"2018-12-17T10:37:00+00:00\" \/>\n<meta property=\"article:modified_time\" content=\"2018-12-17T12:41:18+00:00\" \/>\n<meta property=\"og:image\" content=\"http:\/\/www.pamina-business.com\/wp-content\/uploads\/2018\/12\/pamina-groupe-71218-300x239.jpg\" \/>\n<meta name=\"author\" content=\"Monique STUTZMANN\" \/>\n<meta name=\"twitter:card\" content=\"summary_large_image\" \/>\n<meta name=\"twitter:label1\" content=\"Written by\" \/>\n\t<meta name=\"twitter:data1\" content=\"Monique STUTZMANN\" \/>\n\t<meta name=\"twitter:label2\" content=\"Est. reading time\" \/>\n\t<meta name=\"twitter:data2\" content=\"2 minutes\" \/>\n<script type=\"application\/ld+json\" class=\"yoast-schema-graph\">{\"@context\":\"https:\/\/schema.org\",\"@graph\":[{\"@type\":\"WebPage\",\"@id\":\"http:\/\/www.pamina-business.com\/rencontre-franco-allemande-des-agents-de-developpement-economiques-a-loccasion-des-20-ans-du-pamina-business-club-www-pamina-business-com\/\",\"url\":\"http:\/\/www.pamina-business.com\/rencontre-franco-allemande-des-agents-de-developpement-economiques-a-loccasion-des-20-ans-du-pamina-business-club-www-pamina-business-com\/\",\"name\":\"Rencontre franco- allemande des agents de d\u00e9veloppement \u00e9conomiques \u00e0 l\u2019occasion des 20 ans du Pamina Business Club. (www.pamina-business.com) - PAMINA Business Club\",\"isPartOf\":{\"@id\":\"http:\/\/www.pamina-business.com\/de\/#website\"},\"primaryImageOfPage\":{\"@id\":\"http:\/\/www.pamina-business.com\/rencontre-franco-allemande-des-agents-de-developpement-economiques-a-loccasion-des-20-ans-du-pamina-business-club-www-pamina-business-com\/#primaryimage\"},\"image\":{\"@id\":\"http:\/\/www.pamina-business.com\/rencontre-franco-allemande-des-agents-de-developpement-economiques-a-loccasion-des-20-ans-du-pamina-business-club-www-pamina-business-com\/#primaryimage\"},\"thumbnailUrl\":\"http:\/\/www.pamina-business.com\/wp-content\/uploads\/2018\/12\/pamina-groupe-71218-300x239.jpg\",\"datePublished\":\"2018-12-17T10:37:00+00:00\",\"dateModified\":\"2018-12-17T12:41:18+00:00\",\"author\":{\"@id\":\"http:\/\/www.pamina-business.com\/de\/#\/schema\/person\/9ab02536dbdbc5e3ef40bbc3452c8c69\"},\"breadcrumb\":{\"@id\":\"http:\/\/www.pamina-business.com\/rencontre-franco-allemande-des-agents-de-developpement-economiques-a-loccasion-des-20-ans-du-pamina-business-club-www-pamina-business-com\/#breadcrumb\"},\"inLanguage\":\"en-US\",\"potentialAction\":[{\"@type\":\"ReadAction\",\"target\":[\"http:\/\/www.pamina-business.com\/rencontre-franco-allemande-des-agents-de-developpement-economiques-a-loccasion-des-20-ans-du-pamina-business-club-www-pamina-business-com\/\"]}]},{\"@type\":\"ImageObject\",\"inLanguage\":\"en-US\",\"@id\":\"http:\/\/www.pamina-business.com\/rencontre-franco-allemande-des-agents-de-developpement-economiques-a-loccasion-des-20-ans-du-pamina-business-club-www-pamina-business-com\/#primaryimage\",\"url\":\"http:\/\/www.pamina-business.com\/wp-content\/uploads\/2018\/12\/pamina-groupe-71218-300x239.jpg\",\"contentUrl\":\"http:\/\/www.pamina-business.com\/wp-content\/uploads\/2018\/12\/pamina-groupe-71218-300x239.jpg\"},{\"@type\":\"BreadcrumbList\",\"@id\":\"http:\/\/www.pamina-business.com\/rencontre-franco-allemande-des-agents-de-developpement-economiques-a-loccasion-des-20-ans-du-pamina-business-club-www-pamina-business-com\/#breadcrumb\",\"itemListElement\":[{\"@type\":\"ListItem\",\"position\":1,\"name\":\"Accueil\",\"item\":\"http:\/\/www.pamina-business.com\/en\/\"},{\"@type\":\"ListItem\",\"position\":2,\"name\":\"Rencontre franco- allemande des agents de d\u00e9veloppement \u00e9conomiques \u00e0 l\u2019occasion des 20 ans du Pamina Business Club. (www.pamina-business.com)\"}]},{\"@type\":\"WebSite\",\"@id\":\"http:\/\/www.pamina-business.com\/de\/#website\",\"url\":\"http:\/\/www.pamina-business.com\/de\/\",\"name\":\"PAMINA Business Club\",\"description\":\"Un site utilisant WordPress\",\"potentialAction\":[{\"@type\":\"SearchAction\",\"target\":{\"@type\":\"EntryPoint\",\"urlTemplate\":\"http:\/\/www.pamina-business.com\/de\/?s={search_term_string}\"},\"query-input\":{\"@type\":\"PropertyValueSpecification\",\"valueRequired\":true,\"valueName\":\"search_term_string\"}}],\"inLanguage\":\"en-US\"},{\"@type\":\"Person\",\"@id\":\"http:\/\/www.pamina-business.com\/de\/#\/schema\/person\/9ab02536dbdbc5e3ef40bbc3452c8c69\",\"name\":\"Monique STUTZMANN\",\"image\":{\"@type\":\"ImageObject\",\"inLanguage\":\"en-US\",\"@id\":\"http:\/\/www.pamina-business.com\/de\/#\/schema\/person\/image\/\",\"url\":\"https:\/\/secure.gravatar.com\/avatar\/cc1c3adf9a9f6e969d3da7b6b34ec66f5f4a6844dfc9145380a75e42cd91882e?s=96&d=mm&r=g\",\"contentUrl\":\"https:\/\/secure.gravatar.com\/avatar\/cc1c3adf9a9f6e969d3da7b6b34ec66f5f4a6844dfc9145380a75e42cd91882e?s=96&d=mm&r=g\",\"caption\":\"Monique STUTZMANN\"},\"url\":\"http:\/\/www.pamina-business.com\/en\/author\/monique\/\"}]}<\/script>\n<!-- \/ Yoast SEO plugin. -->","yoast_head_json":{"title":"Rencontre franco- allemande des agents de d\u00e9veloppement \u00e9conomiques \u00e0 l\u2019occasion des 20 ans du Pamina Business Club. (www.pamina-business.com) - PAMINA Business Club","robots":{"index":"index","follow":"follow","max-snippet":"max-snippet:-1","max-image-preview":"max-image-preview:large","max-video-preview":"max-video-preview:-1"},"canonical":"http:\/\/www.pamina-business.com\/rencontre-franco-allemande-des-agents-de-developpement-economiques-a-loccasion-des-20-ans-du-pamina-business-club-www-pamina-business-com\/","og_locale":"en_US","og_type":"article","og_title":"Rencontre franco- allemande des agents de d\u00e9veloppement \u00e9conomiques \u00e0 l\u2019occasion des 20 ans du Pamina Business Club. (www.pamina-business.com) - PAMINA Business Club","og_description":"Les d\u00e9veloppeurs \u00e9conomiques de l\u2019espace transfrontalier PAMINA se sont rencontr\u00e9s dans la matin\u00e9e du 7 d\u00e9cembre dernier, \u00e0 Lauterbourg, en Alsace du Nord, au bord du Rhin. Devant un auditoire d\u2019une quarantaine d\u2019acteurs \u00e9conomiques issus des 3 territoires de l\u2019espace PAMINA, Jean-Michel STAERLE, le pr\u00e9sident actuel du PAMINA Business Club, a d\u2019abord retrac\u00e9 les nombreuses [&hellip;]","og_url":"http:\/\/www.pamina-business.com\/rencontre-franco-allemande-des-agents-de-developpement-economiques-a-loccasion-des-20-ans-du-pamina-business-club-www-pamina-business-com\/","og_site_name":"PAMINA Business Club","article_published_time":"2018-12-17T10:37:00+00:00","article_modified_time":"2018-12-17T12:41:18+00:00","og_image":[{"url":"http:\/\/www.pamina-business.com\/wp-content\/uploads\/2018\/12\/pamina-groupe-71218-300x239.jpg"}],"author":"Monique STUTZMANN","twitter_card":"summary_large_image","twitter_misc":{"Written by":"Monique STUTZMANN","Est. reading time":"2 minutes"},"schema":{"@context":"https:\/\/schema.org","@graph":[{"@type":"WebPage","@id":"http:\/\/www.pamina-business.com\/rencontre-franco-allemande-des-agents-de-developpement-economiques-a-loccasion-des-20-ans-du-pamina-business-club-www-pamina-business-com\/","url":"http:\/\/www.pamina-business.com\/rencontre-franco-allemande-des-agents-de-developpement-economiques-a-loccasion-des-20-ans-du-pamina-business-club-www-pamina-business-com\/","name":"Rencontre franco- allemande des agents de d\u00e9veloppement \u00e9conomiques \u00e0 l\u2019occasion des 20 ans du Pamina Business Club. (www.pamina-business.com) - PAMINA Business Club","isPartOf":{"@id":"http:\/\/www.pamina-business.com\/de\/#website"},"primaryImageOfPage":{"@id":"http:\/\/www.pamina-business.com\/rencontre-franco-allemande-des-agents-de-developpement-economiques-a-loccasion-des-20-ans-du-pamina-business-club-www-pamina-business-com\/#primaryimage"},"image":{"@id":"http:\/\/www.pamina-business.com\/rencontre-franco-allemande-des-agents-de-developpement-economiques-a-loccasion-des-20-ans-du-pamina-business-club-www-pamina-business-com\/#primaryimage"},"thumbnailUrl":"http:\/\/www.pamina-business.com\/wp-content\/uploads\/2018\/12\/pamina-groupe-71218-300x239.jpg","datePublished":"2018-12-17T10:37:00+00:00","dateModified":"2018-12-17T12:41:18+00:00","author":{"@id":"http:\/\/www.pamina-business.com\/de\/#\/schema\/person\/9ab02536dbdbc5e3ef40bbc3452c8c69"},"breadcrumb":{"@id":"http:\/\/www.pamina-business.com\/rencontre-franco-allemande-des-agents-de-developpement-economiques-a-loccasion-des-20-ans-du-pamina-business-club-www-pamina-business-com\/#breadcrumb"},"inLanguage":"en-US","potentialAction":[{"@type":"ReadAction","target":["http:\/\/www.pamina-business.com\/rencontre-franco-allemande-des-agents-de-developpement-economiques-a-loccasion-des-20-ans-du-pamina-business-club-www-pamina-business-com\/"]}]},{"@type":"ImageObject","inLanguage":"en-US","@id":"http:\/\/www.pamina-business.com\/rencontre-franco-allemande-des-agents-de-developpement-economiques-a-loccasion-des-20-ans-du-pamina-business-club-www-pamina-business-com\/#primaryimage","url":"http:\/\/www.pamina-business.com\/wp-content\/uploads\/2018\/12\/pamina-groupe-71218-300x239.jpg","contentUrl":"http:\/\/www.pamina-business.com\/wp-content\/uploads\/2018\/12\/pamina-groupe-71218-300x239.jpg"},{"@type":"BreadcrumbList","@id":"http:\/\/www.pamina-business.com\/rencontre-franco-allemande-des-agents-de-developpement-economiques-a-loccasion-des-20-ans-du-pamina-business-club-www-pamina-business-com\/#breadcrumb","itemListElement":[{"@type":"ListItem","position":1,"name":"Accueil","item":"http:\/\/www.pamina-business.com\/en\/"},{"@type":"ListItem","position":2,"name":"Rencontre franco- allemande des agents de d\u00e9veloppement \u00e9conomiques \u00e0 l\u2019occasion des 20 ans du Pamina Business Club. (www.pamina-business.com)"}]},{"@type":"WebSite","@id":"http:\/\/www.pamina-business.com\/de\/#website","url":"http:\/\/www.pamina-business.com\/de\/","name":"PAMINA Business Club","description":"Un site utilisant WordPress","potentialAction":[{"@type":"SearchAction","target":{"@type":"EntryPoint","urlTemplate":"http:\/\/www.pamina-business.com\/de\/?s={search_term_string}"},"query-input":{"@type":"PropertyValueSpecification","valueRequired":true,"valueName":"search_term_string"}}],"inLanguage":"en-US"},{"@type":"Person","@id":"http:\/\/www.pamina-business.com\/de\/#\/schema\/person\/9ab02536dbdbc5e3ef40bbc3452c8c69","name":"Monique STUTZMANN","image":{"@type":"ImageObject","inLanguage":"en-US","@id":"http:\/\/www.pamina-business.com\/de\/#\/schema\/person\/image\/","url":"https:\/\/secure.gravatar.com\/avatar\/cc1c3adf9a9f6e969d3da7b6b34ec66f5f4a6844dfc9145380a75e42cd91882e?s=96&d=mm&r=g","contentUrl":"https:\/\/secure.gravatar.com\/avatar\/cc1c3adf9a9f6e969d3da7b6b34ec66f5f4a6844dfc9145380a75e42cd91882e?s=96&d=mm&r=g","caption":"Monique STUTZMANN"},"url":"http:\/\/www.pamina-business.com\/en\/author\/monique\/"}]}},"_links":{"self":[{"href":"http:\/\/www.pamina-business.com\/en\/wp-json\/wp\/v2\/posts\/3501","targetHints":{"allow":["GET"]}}],"collection":[{"href":"http:\/\/www.pamina-business.com\/en\/wp-json\/wp\/v2\/posts"}],"about":[{"href":"http:\/\/www.pamina-business.com\/en\/wp-json\/wp\/v2\/types\/post"}],"author":[{"embeddable":true,"href":"http:\/\/www.pamina-business.com\/en\/wp-json\/wp\/v2\/users\/3"}],"replies":[{"embeddable":true,"href":"http:\/\/www.pamina-business.com\/en\/wp-json\/wp\/v2\/comments?post=3501"}],"version-history":[{"count":4,"href":"http:\/\/www.pamina-business.com\/en\/wp-json\/wp\/v2\/posts\/3501\/revisions"}],"predecessor-version":[{"id":3507,"href":"http:\/\/www.pamina-business.com\/en\/wp-json\/wp\/v2\/posts\/3501\/revisions\/3507"}],"wp:attachment":[{"href":"http:\/\/www.pamina-business.com\/en\/wp-json\/wp\/v2\/media?parent=3501"}],"wp:term":[{"taxonomy":"category","embeddable":true,"href":"http:\/\/www.pamina-business.com\/en\/wp-json\/wp\/v2\/categories?post=3501"},{"taxonomy":"post_tag","embeddable":true,"href":"http:\/\/www.pamina-business.com\/en\/wp-json\/wp\/v2\/tags?post=3501"}],"curies":[{"name":"wp","href":"https:\/\/api.w.org\/{rel}","templated":true}]}}