{"id":3357,"date":"2018-10-03T12:09:04","date_gmt":"2018-10-03T12:09:04","guid":{"rendered":"http:\/\/www.pamina-business.com\/?p=3357"},"modified":"2018-09-25T12:11:59","modified_gmt":"2018-09-25T12:11:59","slug":"quand-interreg-a-rhin-superieur-rencontre-interreg-b","status":"publish","type":"post","link":"http:\/\/www.pamina-business.com\/en\/quand-interreg-a-rhin-superieur-rencontre-interreg-b\/","title":{"rendered":"Quand INTERREG A Rhin sup\u00e9rieur rencontre INTERREG B"},"content":{"rendered":"<section id=\"mainSection\">\n<div class=\"fmodele fmodeleScroll tpl_fiche\">\n<div class=\"agendas-fiche\">\n<article class=\"media\">\n<div class=\"media-object\"><img decoding=\"async\" src=\"https:\/\/www.eurodistrict-pamina.eu\/globalflexit\/images\/img_base\/agendas\/835_556_1_721307-original-r-by-i-vista-pixeliode1.jpg\" alt=\"Drapeaux europ\u00e9en avec un euro \/ Europaflagge mit Euro\" \/><\/div>\n<div class=\"media-body\">\n<h1 class=\"media-heading\"><\/h1>\n<div class=\"date\"><\/div>\n<div class=\"contenu\">Le groupe d&#8217;experts Promotion de l&#8217;innovation de la Conf\u00e9rence franco-germano-suisse du Rhin sup\u00e9rieur organise une manifestation sous le titre \u00ab\u00a0Quand INTERREG A Rhin sup\u00e9rieur rencontre INTERREG B &#8211; La valeur ajout\u00e9e des projets INTERREG\u00a0\u00bb.<\/p>\n<p>La manifestation aura lieu\u00a0:<\/p>\n<p><strong>le jeudi 27 septembre 2018<br \/>\nde 9h30 \u00e0 13h00<br \/>\nau Regierungspr\u00e4sidium de Karlsruhe<br \/>\nKarl-Friedrich-Str. 17<br \/>\n76133 Karlsruhe<\/strong><\/p>\n<p>Depuis 1990, le programme \u00ab INTERREG A Rhin sup\u00e9rieur \u00bb est un outil important de la promotion des projets transfrontaliers. Il contribue fortement au d\u00e9veloppement et au positionnement de la R\u00e9gion Rhin sup\u00e9rieur en Europe. Le programme \u00ab INTERREG B transnational \u00bb pr\u00e9sente un bilan tout aussi positif. En effet, durant la derni\u00e8re p\u00e9riode de programmation, pas moins de 112 partenaires ont particip\u00e9 \u00e0 92 projets de coop\u00e9ration transnationale et interr\u00e9gionale dans le Bade-Wurtemberg.<br \/>\nLors de cette manifestation, les contenus des programmes INTERREG ainsi que les succ\u00e8s de projets INTERREG transnationaux et transfrontaliers dans les domaines de l&#8217;innovation et de la bio\u00e9conomie seront pr\u00e9sent\u00e9s.<\/p>\n<p>Une traduction simultan\u00e9e allemand-fran\u00e7ais sera assur\u00e9e.<\/p>\n<p>La date limite pour les inscriptions est<strong> lundi 24 septembre 2018<\/strong> (adresse pour les inscriptions <a href=\"&#x6d;&#x61;&#x69;&#x6c;&#x74;&#x6f;&#x3a;&#x65;&#x75;&#x72;&#x6f;&#x70;&#x61;&#x40;&#x72;&#x70;&#x6b;&#x2e;&#x62;&#x77;&#x6c;&#x2e;&#x64;&#x65;\">&#101;&#x75;&#x72;o&#112;&#x61;&#64;&#114;&#x70;&#x6b;&#46;&#x62;&#x77;l&#46;&#x64;e<\/a>).<br \/>\n<span class=\"legende\"><em>Photo<\/em>: I-Vista \/ <a class=\"fDefault\" href=\"http:\/\/pixelio.de\" target=\"_blank\">pixelio.de<\/a><\/span><\/div>\n<\/div>\n<div class=\"contenu\"><em>Source<\/em> : <a href=\"http:\/\/www.eurodistrict-pamina.eu\">www.eurodistrict-pamina.eu<\/a><\/div>\n<div class=\"contenu\">Contact : <a href=\"m&#97;&#105;&#x6c;&#x74;&#x6f;:i&#110;&#102;&#x6f;&#x40;&#x65;u&#114;&#111;&#100;&#x69;&#x73;&#x74;r&#105;&#99;&#x74;&#x2d;&#x70;am&#105;&#110;&#x61;&#x2e;&#x65;u\">&#105;&#110;&#x66;o&#64;&#x65;&#x75;r&#111;&#x64;&#x69;s&#116;&#x72;&#x69;c&#116;&#x2d;&#x70;a&#109;&#x69;&#x6e;a&#46;&#x65;u <\/a><\/div>\n<\/article>\n<\/div>\n<\/div>\n<\/section>\n","protected":false},"excerpt":{"rendered":"<p>Le groupe d&#8217;experts Promotion de l&#8217;innovation de la Conf\u00e9rence franco-germano-suisse du Rhin sup\u00e9rieur organise une manifestation sous le titre \u00ab\u00a0Quand INTERREG A Rhin sup\u00e9rieur rencontre INTERREG B &#8211; La valeur ajout\u00e9e des projets INTERREG\u00a0\u00bb. La manifestation aura lieu\u00a0: le jeudi 27 septembre 2018 de 9h30 \u00e0 13h00 au Regierungspr\u00e4sidium de Karlsruhe Karl-Friedrich-Str. 17 76133 Karlsruhe [&hellip;]<\/p>\n","protected":false},"author":3,"featured_media":0,"comment_status":"open","ping_status":"open","sticky":false,"template":"","format":"standard","meta":{"_exactmetrics_skip_tracking":false,"_exactmetrics_sitenote_active":false,"_exactmetrics_sitenote_note":"","_exactmetrics_sitenote_category":0,"footnotes":""},"categories":[65],"tags":[],"class_list":["post-3357","post","type-post","status-publish","format-standard","hentry","category-economie"],"yoast_head":"<!-- This site is optimized with the Yoast SEO plugin v23.5 - https:\/\/yoast.com\/wordpress\/plugins\/seo\/ -->\n<title>Quand INTERREG A Rhin sup\u00e9rieur rencontre INTERREG B - PAMINA Business Club<\/title>\n<meta name=\"robots\" content=\"index, follow, max-snippet:-1, max-image-preview:large, max-video-preview:-1\" \/>\n<link rel=\"canonical\" href=\"http:\/\/www.pamina-business.com\/quand-interreg-a-rhin-superieur-rencontre-interreg-b\/\" \/>\n<meta property=\"og:locale\" content=\"en_US\" \/>\n<meta property=\"og:type\" content=\"article\" \/>\n<meta property=\"og:title\" content=\"Quand INTERREG A Rhin sup\u00e9rieur rencontre INTERREG B - PAMINA Business Club\" \/>\n<meta property=\"og:description\" content=\"Le groupe d&#8217;experts Promotion de l&#8217;innovation de la Conf\u00e9rence franco-germano-suisse du Rhin sup\u00e9rieur organise une manifestation sous le titre \u00ab\u00a0Quand INTERREG A Rhin sup\u00e9rieur rencontre INTERREG B &#8211; La valeur ajout\u00e9e des projets INTERREG\u00a0\u00bb. La manifestation aura lieu\u00a0: le jeudi 27 septembre 2018 de 9h30 \u00e0 13h00 au Regierungspr\u00e4sidium de Karlsruhe Karl-Friedrich-Str. 17 76133 Karlsruhe [&hellip;]\" \/>\n<meta property=\"og:url\" content=\"http:\/\/www.pamina-business.com\/quand-interreg-a-rhin-superieur-rencontre-interreg-b\/\" \/>\n<meta property=\"og:site_name\" content=\"PAMINA Business Club\" \/>\n<meta property=\"article:published_time\" content=\"2018-10-03T12:09:04+00:00\" \/>\n<meta property=\"article:modified_time\" content=\"2018-09-25T12:11:59+00:00\" \/>\n<meta property=\"og:image\" content=\"https:\/\/www.eurodistrict-pamina.eu\/globalflexit\/images\/img_base\/agendas\/835_556_1_721307-original-r-by-i-vista-pixeliode1.jpg\" \/>\n<meta name=\"author\" content=\"Monique STUTZMANN\" \/>\n<meta name=\"twitter:card\" content=\"summary_large_image\" \/>\n<meta name=\"twitter:label1\" content=\"Written by\" \/>\n\t<meta name=\"twitter:data1\" content=\"Monique STUTZMANN\" \/>\n\t<meta name=\"twitter:label2\" content=\"Est. reading time\" \/>\n\t<meta name=\"twitter:data2\" content=\"1 minute\" \/>\n<script type=\"application\/ld+json\" class=\"yoast-schema-graph\">{\"@context\":\"https:\/\/schema.org\",\"@graph\":[{\"@type\":\"WebPage\",\"@id\":\"http:\/\/www.pamina-business.com\/quand-interreg-a-rhin-superieur-rencontre-interreg-b\/\",\"url\":\"http:\/\/www.pamina-business.com\/quand-interreg-a-rhin-superieur-rencontre-interreg-b\/\",\"name\":\"Quand INTERREG A Rhin sup\u00e9rieur rencontre INTERREG B - PAMINA Business Club\",\"isPartOf\":{\"@id\":\"http:\/\/www.pamina-business.com\/de\/#website\"},\"primaryImageOfPage\":{\"@id\":\"http:\/\/www.pamina-business.com\/quand-interreg-a-rhin-superieur-rencontre-interreg-b\/#primaryimage\"},\"image\":{\"@id\":\"http:\/\/www.pamina-business.com\/quand-interreg-a-rhin-superieur-rencontre-interreg-b\/#primaryimage\"},\"thumbnailUrl\":\"https:\/\/www.eurodistrict-pamina.eu\/globalflexit\/images\/img_base\/agendas\/835_556_1_721307-original-r-by-i-vista-pixeliode1.jpg\",\"datePublished\":\"2018-10-03T12:09:04+00:00\",\"dateModified\":\"2018-09-25T12:11:59+00:00\",\"author\":{\"@id\":\"http:\/\/www.pamina-business.com\/de\/#\/schema\/person\/9ab02536dbdbc5e3ef40bbc3452c8c69\"},\"breadcrumb\":{\"@id\":\"http:\/\/www.pamina-business.com\/quand-interreg-a-rhin-superieur-rencontre-interreg-b\/#breadcrumb\"},\"inLanguage\":\"en-US\",\"potentialAction\":[{\"@type\":\"ReadAction\",\"target\":[\"http:\/\/www.pamina-business.com\/quand-interreg-a-rhin-superieur-rencontre-interreg-b\/\"]}]},{\"@type\":\"ImageObject\",\"inLanguage\":\"en-US\",\"@id\":\"http:\/\/www.pamina-business.com\/quand-interreg-a-rhin-superieur-rencontre-interreg-b\/#primaryimage\",\"url\":\"https:\/\/www.eurodistrict-pamina.eu\/globalflexit\/images\/img_base\/agendas\/835_556_1_721307-original-r-by-i-vista-pixeliode1.jpg\",\"contentUrl\":\"https:\/\/www.eurodistrict-pamina.eu\/globalflexit\/images\/img_base\/agendas\/835_556_1_721307-original-r-by-i-vista-pixeliode1.jpg\"},{\"@type\":\"BreadcrumbList\",\"@id\":\"http:\/\/www.pamina-business.com\/quand-interreg-a-rhin-superieur-rencontre-interreg-b\/#breadcrumb\",\"itemListElement\":[{\"@type\":\"ListItem\",\"position\":1,\"name\":\"Accueil\",\"item\":\"http:\/\/www.pamina-business.com\/en\/\"},{\"@type\":\"ListItem\",\"position\":2,\"name\":\"Quand INTERREG A Rhin sup\u00e9rieur rencontre INTERREG B\"}]},{\"@type\":\"WebSite\",\"@id\":\"http:\/\/www.pamina-business.com\/de\/#website\",\"url\":\"http:\/\/www.pamina-business.com\/de\/\",\"name\":\"PAMINA Business Club\",\"description\":\"Un site utilisant WordPress\",\"potentialAction\":[{\"@type\":\"SearchAction\",\"target\":{\"@type\":\"EntryPoint\",\"urlTemplate\":\"http:\/\/www.pamina-business.com\/de\/?s={search_term_string}\"},\"query-input\":{\"@type\":\"PropertyValueSpecification\",\"valueRequired\":true,\"valueName\":\"search_term_string\"}}],\"inLanguage\":\"en-US\"},{\"@type\":\"Person\",\"@id\":\"http:\/\/www.pamina-business.com\/de\/#\/schema\/person\/9ab02536dbdbc5e3ef40bbc3452c8c69\",\"name\":\"Monique STUTZMANN\",\"image\":{\"@type\":\"ImageObject\",\"inLanguage\":\"en-US\",\"@id\":\"http:\/\/www.pamina-business.com\/de\/#\/schema\/person\/image\/\",\"url\":\"https:\/\/secure.gravatar.com\/avatar\/cc1c3adf9a9f6e969d3da7b6b34ec66f5f4a6844dfc9145380a75e42cd91882e?s=96&d=mm&r=g\",\"contentUrl\":\"https:\/\/secure.gravatar.com\/avatar\/cc1c3adf9a9f6e969d3da7b6b34ec66f5f4a6844dfc9145380a75e42cd91882e?s=96&d=mm&r=g\",\"caption\":\"Monique STUTZMANN\"},\"url\":\"http:\/\/www.pamina-business.com\/en\/author\/monique\/\"}]}<\/script>\n<!-- \/ Yoast SEO plugin. -->","yoast_head_json":{"title":"Quand INTERREG A Rhin sup\u00e9rieur rencontre INTERREG B - PAMINA Business Club","robots":{"index":"index","follow":"follow","max-snippet":"max-snippet:-1","max-image-preview":"max-image-preview:large","max-video-preview":"max-video-preview:-1"},"canonical":"http:\/\/www.pamina-business.com\/quand-interreg-a-rhin-superieur-rencontre-interreg-b\/","og_locale":"en_US","og_type":"article","og_title":"Quand INTERREG A Rhin sup\u00e9rieur rencontre INTERREG B - PAMINA Business Club","og_description":"Le groupe d&#8217;experts Promotion de l&#8217;innovation de la Conf\u00e9rence franco-germano-suisse du Rhin sup\u00e9rieur organise une manifestation sous le titre \u00ab\u00a0Quand INTERREG A Rhin sup\u00e9rieur rencontre INTERREG B &#8211; La valeur ajout\u00e9e des projets INTERREG\u00a0\u00bb. La manifestation aura lieu\u00a0: le jeudi 27 septembre 2018 de 9h30 \u00e0 13h00 au Regierungspr\u00e4sidium de Karlsruhe Karl-Friedrich-Str. 17 76133 Karlsruhe [&hellip;]","og_url":"http:\/\/www.pamina-business.com\/quand-interreg-a-rhin-superieur-rencontre-interreg-b\/","og_site_name":"PAMINA Business Club","article_published_time":"2018-10-03T12:09:04+00:00","article_modified_time":"2018-09-25T12:11:59+00:00","og_image":[{"url":"https:\/\/www.eurodistrict-pamina.eu\/globalflexit\/images\/img_base\/agendas\/835_556_1_721307-original-r-by-i-vista-pixeliode1.jpg"}],"author":"Monique STUTZMANN","twitter_card":"summary_large_image","twitter_misc":{"Written by":"Monique STUTZMANN","Est. reading time":"1 minute"},"schema":{"@context":"https:\/\/schema.org","@graph":[{"@type":"WebPage","@id":"http:\/\/www.pamina-business.com\/quand-interreg-a-rhin-superieur-rencontre-interreg-b\/","url":"http:\/\/www.pamina-business.com\/quand-interreg-a-rhin-superieur-rencontre-interreg-b\/","name":"Quand INTERREG A Rhin sup\u00e9rieur rencontre INTERREG B - PAMINA Business Club","isPartOf":{"@id":"http:\/\/www.pamina-business.com\/de\/#website"},"primaryImageOfPage":{"@id":"http:\/\/www.pamina-business.com\/quand-interreg-a-rhin-superieur-rencontre-interreg-b\/#primaryimage"},"image":{"@id":"http:\/\/www.pamina-business.com\/quand-interreg-a-rhin-superieur-rencontre-interreg-b\/#primaryimage"},"thumbnailUrl":"https:\/\/www.eurodistrict-pamina.eu\/globalflexit\/images\/img_base\/agendas\/835_556_1_721307-original-r-by-i-vista-pixeliode1.jpg","datePublished":"2018-10-03T12:09:04+00:00","dateModified":"2018-09-25T12:11:59+00:00","author":{"@id":"http:\/\/www.pamina-business.com\/de\/#\/schema\/person\/9ab02536dbdbc5e3ef40bbc3452c8c69"},"breadcrumb":{"@id":"http:\/\/www.pamina-business.com\/quand-interreg-a-rhin-superieur-rencontre-interreg-b\/#breadcrumb"},"inLanguage":"en-US","potentialAction":[{"@type":"ReadAction","target":["http:\/\/www.pamina-business.com\/quand-interreg-a-rhin-superieur-rencontre-interreg-b\/"]}]},{"@type":"ImageObject","inLanguage":"en-US","@id":"http:\/\/www.pamina-business.com\/quand-interreg-a-rhin-superieur-rencontre-interreg-b\/#primaryimage","url":"https:\/\/www.eurodistrict-pamina.eu\/globalflexit\/images\/img_base\/agendas\/835_556_1_721307-original-r-by-i-vista-pixeliode1.jpg","contentUrl":"https:\/\/www.eurodistrict-pamina.eu\/globalflexit\/images\/img_base\/agendas\/835_556_1_721307-original-r-by-i-vista-pixeliode1.jpg"},{"@type":"BreadcrumbList","@id":"http:\/\/www.pamina-business.com\/quand-interreg-a-rhin-superieur-rencontre-interreg-b\/#breadcrumb","itemListElement":[{"@type":"ListItem","position":1,"name":"Accueil","item":"http:\/\/www.pamina-business.com\/en\/"},{"@type":"ListItem","position":2,"name":"Quand INTERREG A Rhin sup\u00e9rieur rencontre INTERREG B"}]},{"@type":"WebSite","@id":"http:\/\/www.pamina-business.com\/de\/#website","url":"http:\/\/www.pamina-business.com\/de\/","name":"PAMINA Business Club","description":"Un site utilisant WordPress","potentialAction":[{"@type":"SearchAction","target":{"@type":"EntryPoint","urlTemplate":"http:\/\/www.pamina-business.com\/de\/?s={search_term_string}"},"query-input":{"@type":"PropertyValueSpecification","valueRequired":true,"valueName":"search_term_string"}}],"inLanguage":"en-US"},{"@type":"Person","@id":"http:\/\/www.pamina-business.com\/de\/#\/schema\/person\/9ab02536dbdbc5e3ef40bbc3452c8c69","name":"Monique STUTZMANN","image":{"@type":"ImageObject","inLanguage":"en-US","@id":"http:\/\/www.pamina-business.com\/de\/#\/schema\/person\/image\/","url":"https:\/\/secure.gravatar.com\/avatar\/cc1c3adf9a9f6e969d3da7b6b34ec66f5f4a6844dfc9145380a75e42cd91882e?s=96&d=mm&r=g","contentUrl":"https:\/\/secure.gravatar.com\/avatar\/cc1c3adf9a9f6e969d3da7b6b34ec66f5f4a6844dfc9145380a75e42cd91882e?s=96&d=mm&r=g","caption":"Monique STUTZMANN"},"url":"http:\/\/www.pamina-business.com\/en\/author\/monique\/"}]}},"_links":{"self":[{"href":"http:\/\/www.pamina-business.com\/en\/wp-json\/wp\/v2\/posts\/3357","targetHints":{"allow":["GET"]}}],"collection":[{"href":"http:\/\/www.pamina-business.com\/en\/wp-json\/wp\/v2\/posts"}],"about":[{"href":"http:\/\/www.pamina-business.com\/en\/wp-json\/wp\/v2\/types\/post"}],"author":[{"embeddable":true,"href":"http:\/\/www.pamina-business.com\/en\/wp-json\/wp\/v2\/users\/3"}],"replies":[{"embeddable":true,"href":"http:\/\/www.pamina-business.com\/en\/wp-json\/wp\/v2\/comments?post=3357"}],"version-history":[{"count":1,"href":"http:\/\/www.pamina-business.com\/en\/wp-json\/wp\/v2\/posts\/3357\/revisions"}],"predecessor-version":[{"id":3358,"href":"http:\/\/www.pamina-business.com\/en\/wp-json\/wp\/v2\/posts\/3357\/revisions\/3358"}],"wp:attachment":[{"href":"http:\/\/www.pamina-business.com\/en\/wp-json\/wp\/v2\/media?parent=3357"}],"wp:term":[{"taxonomy":"category","embeddable":true,"href":"http:\/\/www.pamina-business.com\/en\/wp-json\/wp\/v2\/categories?post=3357"},{"taxonomy":"post_tag","embeddable":true,"href":"http:\/\/www.pamina-business.com\/en\/wp-json\/wp\/v2\/tags?post=3357"}],"curies":[{"name":"wp","href":"https:\/\/api.w.org\/{rel}","templated":true}]}}