{"id":3050,"date":"2018-03-22T08:52:03","date_gmt":"2018-03-22T08:52:03","guid":{"rendered":"http:\/\/www.pamina-business.com\/?p=3050"},"modified":"2018-03-20T09:01:16","modified_gmt":"2018-03-20T09:01:16","slug":"industrie-4-0-chez-mercedes-benz-a-gaggenau","status":"publish","type":"post","link":"http:\/\/www.pamina-business.com\/en\/industrie-4-0-chez-mercedes-benz-a-gaggenau\/","title":{"rendered":"Industrie 4.0 chez Mercedes-Benz \u00e0 Gaggenau"},"content":{"rendered":"<div class=\"wysiwyg\">\n<p><strong>Le 12 mars 2018, la <a title=\"Conf\u00e9rence Rhin Sup\u00e9rieur\" href=\"http:\/\/www.conference-rhin-sup.org\/fr\/home.html\" target=\"_blank\">Conf\u00e9rence du Rhin Sup\u00e9rieur<\/a> et le <a title=\"PAMINA Business Club\" href=\"https:\/\/www.pamina-business.com\/\" target=\"_blank\">PAMINA Business Club<\/a> ont organis\u00e9 un \u00e9v\u00e9nement dans l&#8217;usine Mercedes-Benz \u00e0 Gaggenau, en Allemagne, sur le th\u00e8me de l&#8217;industrie du futur.<br \/>\n<\/strong><strong>L&#8217;ADIRA et la CCI avaient invit\u00e9 \u00e0 participer des industriels alsaciens (et ils sont venus nombreux\u00a0!) \u00e0 cette manifestation tri-nationale. Plus d&#8217;une soixantaine de dirigeants d&#8217;entreprises industrielles fran\u00e7aises, allemandes et suisses \u00e9taient pr\u00e9sents.\u00a0<\/strong><strong>Apr\u00e8s deux conf\u00e9rences \u00e0 Mulhouse et \u00e0 B\u00e2le, il s&#8217;agissait de la troisi\u00e8me manifestation organis\u00e9e par la Conf\u00e9rence du Rhin Sup\u00e9rieur sur ce th\u00e8me.<\/strong><\/p>\n<p>Les participants ont ainsi pu d\u00e9couvrir l&#8217;usine Mercedes-Benz \u00e0 Gaggenau, o\u00f9 pr\u00e8s de 6\u00a0400 salari\u00e9s fabriquent des syst\u00e8mes de transmission pour le groupe Daimler. Le directeur du site Dr. Matthias Jurytko a particip\u00e9 \u00e0 la manifestation et a mis \u00e0 disposition la \u00ab\u00a0Modelfabrik\u00a0\u00bb, (ancien atelier qui sert d\u00e9sormais \u00e0 tester en situation r\u00e9elle des flux de production et nouveaux modes d&#8217;organisation) pour accueillir les workshops tri-nationaux.<\/p>\n<p>Jean-Michel Staerl\u00e9 (ADIRA), Eric Bonnin (CCI) et St\u00e9phane Keck (4itec) ont anim\u00e9 un de ces workshops sur la th\u00e8me \u00ab\u00a0contr\u00f4le d&#8217;aspect en temps r\u00e9el dans une production en flux continu\u00a0\u00bb. L&#8217;\u00e9v\u00e9nement avait comme objectif de pr\u00e9senter des applications technologiques concr\u00e8tes aux industriels pr\u00e9sents sous forme de pr\u00e9sentations rapides et interactives.<\/p>\n<p>En fin de journ\u00e9e, les participants ont pu visiter la \u00ab\u00a0Lernfabrik 4.0\u00a0\u00bb de la Carl-Benz-Schule, centre de formation situ\u00e9 \u00e0 deux pas de l&#8217;usine. Ce centre est \u00e9quip\u00e9 d&#8217;une mini-usine 4.0 dernier cri afin de former les futures op\u00e9rateurs et techniciens aux technologies num\u00e9riques dans un environnement industriel.<\/p>\n<p><img loading=\"lazy\" decoding=\"async\" title=\"Visite Mercedes Benz Gagguenau\" src=\"http:\/\/www.adira.com\/upload\/images\/Cooperation\/MercedesBenz.JPG\" alt=\"Visite Mercedes Benz Gagguenau\" width=\"900\" height=\"585\" \/><\/p>\n<\/div>\n<p>&nbsp;<\/p>\n<p><em>Source<\/em> : <a href=\"http:\/\/www.adira.com\">www.adira.com<\/a><\/p>\n<p><em>Contact<\/em> : <a href=\"&#x6d;&#x61;&#x69;&#108;&#116;&#111;:j&#x65;&#x61;&#x6e;&#x2d;&#109;&#105;ch&#x65;&#x6c;&#x2e;&#x73;&#116;&#97;er&#x6c;&#x65;&#x40;&#x61;&#100;&#105;&#114;a&#46;&#x63;&#x6f;&#x6d;\">&#x6a;&#x65;&#x61;&#x6e;&#x2d;&#109;&#105;&#99;&#104;el&#46;&#x73;&#x74;&#x61;&#x65;&#x72;&#x6c;&#101;&#64;&#97;dir&#x61;&#x2e;&#x63;&#x6f;&#x6d; <\/a><\/p>\n","protected":false},"excerpt":{"rendered":"<p>Le 12 mars 2018, la Conf\u00e9rence du Rhin Sup\u00e9rieur et le PAMINA Business Club ont organis\u00e9 un \u00e9v\u00e9nement dans l&#8217;usine Mercedes-Benz \u00e0 Gaggenau, en Allemagne, sur le th\u00e8me de l&#8217;industrie du futur. L&#8217;ADIRA et la CCI avaient invit\u00e9 \u00e0 participer des industriels alsaciens (et ils sont venus nombreux\u00a0!) \u00e0 cette manifestation tri-nationale. Plus d&#8217;une soixantaine [&hellip;]<\/p>\n","protected":false},"author":3,"featured_media":0,"comment_status":"open","ping_status":"open","sticky":false,"template":"","format":"standard","meta":{"_exactmetrics_skip_tracking":false,"_exactmetrics_sitenote_active":false,"_exactmetrics_sitenote_note":"","_exactmetrics_sitenote_category":0,"footnotes":""},"categories":[7,47],"tags":[],"class_list":["post-3050","post","type-post","status-publish","format-standard","hentry","category-evenements-fr","category-industrie-fr"],"yoast_head":"<!-- This site is optimized with the Yoast SEO plugin v23.5 - https:\/\/yoast.com\/wordpress\/plugins\/seo\/ -->\n<title>Industrie 4.0 chez Mercedes-Benz \u00e0 Gaggenau - PAMINA Business Club<\/title>\n<meta name=\"robots\" content=\"index, follow, max-snippet:-1, max-image-preview:large, max-video-preview:-1\" \/>\n<link rel=\"canonical\" href=\"https:\/\/www.pamina-business.com\/industrie-4-0-chez-mercedes-benz-a-gaggenau\/\" \/>\n<meta property=\"og:locale\" content=\"en_US\" \/>\n<meta property=\"og:type\" content=\"article\" \/>\n<meta property=\"og:title\" content=\"Industrie 4.0 chez Mercedes-Benz \u00e0 Gaggenau - PAMINA Business Club\" \/>\n<meta property=\"og:description\" content=\"Le 12 mars 2018, la Conf\u00e9rence du Rhin Sup\u00e9rieur et le PAMINA Business Club ont organis\u00e9 un \u00e9v\u00e9nement dans l&#8217;usine Mercedes-Benz \u00e0 Gaggenau, en Allemagne, sur le th\u00e8me de l&#8217;industrie du futur. L&#8217;ADIRA et la CCI avaient invit\u00e9 \u00e0 participer des industriels alsaciens (et ils sont venus nombreux\u00a0!) \u00e0 cette manifestation tri-nationale. Plus d&#8217;une soixantaine [&hellip;]\" \/>\n<meta property=\"og:url\" content=\"https:\/\/www.pamina-business.com\/industrie-4-0-chez-mercedes-benz-a-gaggenau\/\" \/>\n<meta property=\"og:site_name\" content=\"PAMINA Business Club\" \/>\n<meta property=\"article:published_time\" content=\"2018-03-22T08:52:03+00:00\" \/>\n<meta property=\"article:modified_time\" content=\"2018-03-20T09:01:16+00:00\" \/>\n<meta property=\"og:image\" content=\"http:\/\/www.adira.com\/upload\/images\/Cooperation\/MercedesBenz.JPG\" \/>\n<meta name=\"author\" content=\"Monique STUTZMANN\" \/>\n<meta name=\"twitter:card\" content=\"summary_large_image\" \/>\n<meta name=\"twitter:label1\" content=\"Written by\" \/>\n\t<meta name=\"twitter:data1\" content=\"Monique STUTZMANN\" \/>\n\t<meta name=\"twitter:label2\" content=\"Est. reading time\" \/>\n\t<meta name=\"twitter:data2\" content=\"1 minute\" \/>\n<script type=\"application\/ld+json\" class=\"yoast-schema-graph\">{\"@context\":\"https:\/\/schema.org\",\"@graph\":[{\"@type\":\"WebPage\",\"@id\":\"https:\/\/www.pamina-business.com\/industrie-4-0-chez-mercedes-benz-a-gaggenau\/\",\"url\":\"https:\/\/www.pamina-business.com\/industrie-4-0-chez-mercedes-benz-a-gaggenau\/\",\"name\":\"Industrie 4.0 chez Mercedes-Benz \u00e0 Gaggenau - PAMINA Business Club\",\"isPartOf\":{\"@id\":\"http:\/\/www.pamina-business.com\/de\/#website\"},\"primaryImageOfPage\":{\"@id\":\"https:\/\/www.pamina-business.com\/industrie-4-0-chez-mercedes-benz-a-gaggenau\/#primaryimage\"},\"image\":{\"@id\":\"https:\/\/www.pamina-business.com\/industrie-4-0-chez-mercedes-benz-a-gaggenau\/#primaryimage\"},\"thumbnailUrl\":\"http:\/\/www.adira.com\/upload\/images\/Cooperation\/MercedesBenz.JPG\",\"datePublished\":\"2018-03-22T08:52:03+00:00\",\"dateModified\":\"2018-03-20T09:01:16+00:00\",\"author\":{\"@id\":\"http:\/\/www.pamina-business.com\/de\/#\/schema\/person\/9ab02536dbdbc5e3ef40bbc3452c8c69\"},\"breadcrumb\":{\"@id\":\"https:\/\/www.pamina-business.com\/industrie-4-0-chez-mercedes-benz-a-gaggenau\/#breadcrumb\"},\"inLanguage\":\"en-US\",\"potentialAction\":[{\"@type\":\"ReadAction\",\"target\":[\"https:\/\/www.pamina-business.com\/industrie-4-0-chez-mercedes-benz-a-gaggenau\/\"]}]},{\"@type\":\"ImageObject\",\"inLanguage\":\"en-US\",\"@id\":\"https:\/\/www.pamina-business.com\/industrie-4-0-chez-mercedes-benz-a-gaggenau\/#primaryimage\",\"url\":\"http:\/\/www.adira.com\/upload\/images\/Cooperation\/MercedesBenz.JPG\",\"contentUrl\":\"http:\/\/www.adira.com\/upload\/images\/Cooperation\/MercedesBenz.JPG\"},{\"@type\":\"BreadcrumbList\",\"@id\":\"https:\/\/www.pamina-business.com\/industrie-4-0-chez-mercedes-benz-a-gaggenau\/#breadcrumb\",\"itemListElement\":[{\"@type\":\"ListItem\",\"position\":1,\"name\":\"Accueil\",\"item\":\"http:\/\/www.pamina-business.com\/en\/\"},{\"@type\":\"ListItem\",\"position\":2,\"name\":\"Industrie 4.0 chez Mercedes-Benz \u00e0 Gaggenau\"}]},{\"@type\":\"WebSite\",\"@id\":\"http:\/\/www.pamina-business.com\/de\/#website\",\"url\":\"http:\/\/www.pamina-business.com\/de\/\",\"name\":\"PAMINA Business Club\",\"description\":\"Un site utilisant WordPress\",\"potentialAction\":[{\"@type\":\"SearchAction\",\"target\":{\"@type\":\"EntryPoint\",\"urlTemplate\":\"http:\/\/www.pamina-business.com\/de\/?s={search_term_string}\"},\"query-input\":{\"@type\":\"PropertyValueSpecification\",\"valueRequired\":true,\"valueName\":\"search_term_string\"}}],\"inLanguage\":\"en-US\"},{\"@type\":\"Person\",\"@id\":\"http:\/\/www.pamina-business.com\/de\/#\/schema\/person\/9ab02536dbdbc5e3ef40bbc3452c8c69\",\"name\":\"Monique STUTZMANN\",\"image\":{\"@type\":\"ImageObject\",\"inLanguage\":\"en-US\",\"@id\":\"http:\/\/www.pamina-business.com\/de\/#\/schema\/person\/image\/\",\"url\":\"https:\/\/secure.gravatar.com\/avatar\/cc1c3adf9a9f6e969d3da7b6b34ec66f5f4a6844dfc9145380a75e42cd91882e?s=96&d=mm&r=g\",\"contentUrl\":\"https:\/\/secure.gravatar.com\/avatar\/cc1c3adf9a9f6e969d3da7b6b34ec66f5f4a6844dfc9145380a75e42cd91882e?s=96&d=mm&r=g\",\"caption\":\"Monique STUTZMANN\"},\"url\":\"http:\/\/www.pamina-business.com\/en\/author\/monique\/\"}]}<\/script>\n<!-- \/ Yoast SEO plugin. -->","yoast_head_json":{"title":"Industrie 4.0 chez Mercedes-Benz \u00e0 Gaggenau - PAMINA Business Club","robots":{"index":"index","follow":"follow","max-snippet":"max-snippet:-1","max-image-preview":"max-image-preview:large","max-video-preview":"max-video-preview:-1"},"canonical":"https:\/\/www.pamina-business.com\/industrie-4-0-chez-mercedes-benz-a-gaggenau\/","og_locale":"en_US","og_type":"article","og_title":"Industrie 4.0 chez Mercedes-Benz \u00e0 Gaggenau - PAMINA Business Club","og_description":"Le 12 mars 2018, la Conf\u00e9rence du Rhin Sup\u00e9rieur et le PAMINA Business Club ont organis\u00e9 un \u00e9v\u00e9nement dans l&#8217;usine Mercedes-Benz \u00e0 Gaggenau, en Allemagne, sur le th\u00e8me de l&#8217;industrie du futur. L&#8217;ADIRA et la CCI avaient invit\u00e9 \u00e0 participer des industriels alsaciens (et ils sont venus nombreux\u00a0!) \u00e0 cette manifestation tri-nationale. Plus d&#8217;une soixantaine [&hellip;]","og_url":"https:\/\/www.pamina-business.com\/industrie-4-0-chez-mercedes-benz-a-gaggenau\/","og_site_name":"PAMINA Business Club","article_published_time":"2018-03-22T08:52:03+00:00","article_modified_time":"2018-03-20T09:01:16+00:00","og_image":[{"url":"http:\/\/www.adira.com\/upload\/images\/Cooperation\/MercedesBenz.JPG"}],"author":"Monique STUTZMANN","twitter_card":"summary_large_image","twitter_misc":{"Written by":"Monique STUTZMANN","Est. reading time":"1 minute"},"schema":{"@context":"https:\/\/schema.org","@graph":[{"@type":"WebPage","@id":"https:\/\/www.pamina-business.com\/industrie-4-0-chez-mercedes-benz-a-gaggenau\/","url":"https:\/\/www.pamina-business.com\/industrie-4-0-chez-mercedes-benz-a-gaggenau\/","name":"Industrie 4.0 chez Mercedes-Benz \u00e0 Gaggenau - PAMINA Business Club","isPartOf":{"@id":"http:\/\/www.pamina-business.com\/de\/#website"},"primaryImageOfPage":{"@id":"https:\/\/www.pamina-business.com\/industrie-4-0-chez-mercedes-benz-a-gaggenau\/#primaryimage"},"image":{"@id":"https:\/\/www.pamina-business.com\/industrie-4-0-chez-mercedes-benz-a-gaggenau\/#primaryimage"},"thumbnailUrl":"http:\/\/www.adira.com\/upload\/images\/Cooperation\/MercedesBenz.JPG","datePublished":"2018-03-22T08:52:03+00:00","dateModified":"2018-03-20T09:01:16+00:00","author":{"@id":"http:\/\/www.pamina-business.com\/de\/#\/schema\/person\/9ab02536dbdbc5e3ef40bbc3452c8c69"},"breadcrumb":{"@id":"https:\/\/www.pamina-business.com\/industrie-4-0-chez-mercedes-benz-a-gaggenau\/#breadcrumb"},"inLanguage":"en-US","potentialAction":[{"@type":"ReadAction","target":["https:\/\/www.pamina-business.com\/industrie-4-0-chez-mercedes-benz-a-gaggenau\/"]}]},{"@type":"ImageObject","inLanguage":"en-US","@id":"https:\/\/www.pamina-business.com\/industrie-4-0-chez-mercedes-benz-a-gaggenau\/#primaryimage","url":"http:\/\/www.adira.com\/upload\/images\/Cooperation\/MercedesBenz.JPG","contentUrl":"http:\/\/www.adira.com\/upload\/images\/Cooperation\/MercedesBenz.JPG"},{"@type":"BreadcrumbList","@id":"https:\/\/www.pamina-business.com\/industrie-4-0-chez-mercedes-benz-a-gaggenau\/#breadcrumb","itemListElement":[{"@type":"ListItem","position":1,"name":"Accueil","item":"http:\/\/www.pamina-business.com\/en\/"},{"@type":"ListItem","position":2,"name":"Industrie 4.0 chez Mercedes-Benz \u00e0 Gaggenau"}]},{"@type":"WebSite","@id":"http:\/\/www.pamina-business.com\/de\/#website","url":"http:\/\/www.pamina-business.com\/de\/","name":"PAMINA Business Club","description":"Un site utilisant WordPress","potentialAction":[{"@type":"SearchAction","target":{"@type":"EntryPoint","urlTemplate":"http:\/\/www.pamina-business.com\/de\/?s={search_term_string}"},"query-input":{"@type":"PropertyValueSpecification","valueRequired":true,"valueName":"search_term_string"}}],"inLanguage":"en-US"},{"@type":"Person","@id":"http:\/\/www.pamina-business.com\/de\/#\/schema\/person\/9ab02536dbdbc5e3ef40bbc3452c8c69","name":"Monique STUTZMANN","image":{"@type":"ImageObject","inLanguage":"en-US","@id":"http:\/\/www.pamina-business.com\/de\/#\/schema\/person\/image\/","url":"https:\/\/secure.gravatar.com\/avatar\/cc1c3adf9a9f6e969d3da7b6b34ec66f5f4a6844dfc9145380a75e42cd91882e?s=96&d=mm&r=g","contentUrl":"https:\/\/secure.gravatar.com\/avatar\/cc1c3adf9a9f6e969d3da7b6b34ec66f5f4a6844dfc9145380a75e42cd91882e?s=96&d=mm&r=g","caption":"Monique STUTZMANN"},"url":"http:\/\/www.pamina-business.com\/en\/author\/monique\/"}]}},"_links":{"self":[{"href":"http:\/\/www.pamina-business.com\/en\/wp-json\/wp\/v2\/posts\/3050","targetHints":{"allow":["GET"]}}],"collection":[{"href":"http:\/\/www.pamina-business.com\/en\/wp-json\/wp\/v2\/posts"}],"about":[{"href":"http:\/\/www.pamina-business.com\/en\/wp-json\/wp\/v2\/types\/post"}],"author":[{"embeddable":true,"href":"http:\/\/www.pamina-business.com\/en\/wp-json\/wp\/v2\/users\/3"}],"replies":[{"embeddable":true,"href":"http:\/\/www.pamina-business.com\/en\/wp-json\/wp\/v2\/comments?post=3050"}],"version-history":[{"count":1,"href":"http:\/\/www.pamina-business.com\/en\/wp-json\/wp\/v2\/posts\/3050\/revisions"}],"predecessor-version":[{"id":3051,"href":"http:\/\/www.pamina-business.com\/en\/wp-json\/wp\/v2\/posts\/3050\/revisions\/3051"}],"wp:attachment":[{"href":"http:\/\/www.pamina-business.com\/en\/wp-json\/wp\/v2\/media?parent=3050"}],"wp:term":[{"taxonomy":"category","embeddable":true,"href":"http:\/\/www.pamina-business.com\/en\/wp-json\/wp\/v2\/categories?post=3050"},{"taxonomy":"post_tag","embeddable":true,"href":"http:\/\/www.pamina-business.com\/en\/wp-json\/wp\/v2\/tags?post=3050"}],"curies":[{"name":"wp","href":"https:\/\/api.w.org\/{rel}","templated":true}]}}