{"id":2876,"date":"2017-12-18T09:43:34","date_gmt":"2017-12-18T09:43:34","guid":{"rendered":"http:\/\/www.pamina-business.com\/?p=2876"},"modified":"2017-12-04T09:45:08","modified_gmt":"2017-12-04T09:45:08","slug":"cooperation-transfrontaliere-2018-annee-du-patrimoine-culturel-pour-la-conference-du-rhin-superieur","status":"publish","type":"post","link":"http:\/\/www.pamina-business.com\/en\/cooperation-transfrontaliere-2018-annee-du-patrimoine-culturel-pour-la-conference-du-rhin-superieur\/","title":{"rendered":"Coop\u00e9ration Transfrontali\u00e8re 2018, ann\u00e9e du patrimoine culturel pour la Conf\u00e9rence du Rhin sup\u00e9rieur"},"content":{"rendered":"<p>La Conf\u00e9rence du Rhin sup\u00e9rieur (CRS) souhaite que \u00ab la population du bassin rh\u00e9nan prenne conscience de formidable patrimoine culturel historique commun qui est le sien \u00bb. Ainsi, 2018 a \u00e9t\u00e9 d\u00e9clar\u00e9e \u00ab ann\u00e9e europ\u00e9enne du patrimoine \u00bb, hier au couvent des Dominicains \u00e0 Guebwiller o\u00f9 la CRS se retrouvait en assembl\u00e9e pl\u00e9ni\u00e8re sous la pr\u00e9sidence fran\u00e7aise du pr\u00e9fet de r\u00e9gion Jean-Luc Marx.<\/p>\n<p>Plusieurs actions seront programm\u00e9es, notamment autour du 20e anniversaire du Pass Mus\u00e9es, probablement la plus populaire concr\u00e9tisation de la politique culturelle transfrontali\u00e8re.<\/p>\n<p>La CRS travaillera par ailleurs sur les dossiers de la mobilit\u00e9 (en particulier le financement du RER trinational \u00ab Herzst\u00fcck \u00bb de B\u00e2le), ou de l&#8217;environnement (gestion des crises sanitaires et mise en place de r\u00e9seaux transfrontaliers dans le domaine de l&#8217;\u00e9levage).<\/p>\n<p>En 2018, la pr\u00e9sidence tournante sera assur\u00e9e par le Land de Rh\u00e9nanie-Palatinat repr\u00e9sent\u00e9 par Werner Schreiner.<\/p>\n<p><em>Source<\/em> : <a href=\"http:\/\/www.conference-rhin-sup.org\">www.conference-rhin-sup.org<\/a><\/p>\n<p><a href=\"http:\/\/www.conference-rhin-sup.org\"><em>Contact<\/em> : www.conference-rhin-sup.org<\/a><\/p>\n<p>&nbsp;<\/p>\n","protected":false},"excerpt":{"rendered":"<p>La Conf\u00e9rence du Rhin sup\u00e9rieur (CRS) souhaite que \u00ab la population du bassin rh\u00e9nan prenne conscience de formidable patrimoine culturel historique commun qui est le sien \u00bb. Ainsi, 2018 a \u00e9t\u00e9 d\u00e9clar\u00e9e \u00ab ann\u00e9e europ\u00e9enne du patrimoine \u00bb, hier au couvent des Dominicains \u00e0 Guebwiller o\u00f9 la CRS se retrouvait en assembl\u00e9e pl\u00e9ni\u00e8re sous la [&hellip;]<\/p>\n","protected":false},"author":3,"featured_media":0,"comment_status":"open","ping_status":"open","sticky":false,"template":"","format":"standard","meta":{"_exactmetrics_skip_tracking":false,"_exactmetrics_sitenote_active":false,"_exactmetrics_sitenote_note":"","_exactmetrics_sitenote_category":0,"footnotes":""},"categories":[7,11,13],"tags":[],"class_list":["post-2876","post","type-post","status-publish","format-standard","hentry","category-evenements-fr","category-mobilite-fr","category-tourisme-fr"],"yoast_head":"<!-- This site is optimized with the Yoast SEO plugin v23.5 - https:\/\/yoast.com\/wordpress\/plugins\/seo\/ -->\n<title>Coop\u00e9ration Transfrontali\u00e8re 2018, ann\u00e9e du patrimoine culturel pour la Conf\u00e9rence du Rhin sup\u00e9rieur - PAMINA Business Club<\/title>\n<meta name=\"robots\" content=\"index, follow, max-snippet:-1, max-image-preview:large, max-video-preview:-1\" \/>\n<link rel=\"canonical\" href=\"http:\/\/www.pamina-business.com\/en\/cooperation-transfrontaliere-2018-annee-du-patrimoine-culturel-pour-la-conference-du-rhin-superieur\/\" \/>\n<meta property=\"og:locale\" content=\"en_US\" \/>\n<meta property=\"og:type\" content=\"article\" \/>\n<meta property=\"og:title\" content=\"Coop\u00e9ration Transfrontali\u00e8re 2018, ann\u00e9e du patrimoine culturel pour la Conf\u00e9rence du Rhin sup\u00e9rieur - PAMINA Business Club\" \/>\n<meta property=\"og:description\" content=\"La Conf\u00e9rence du Rhin sup\u00e9rieur (CRS) souhaite que \u00ab la population du bassin rh\u00e9nan prenne conscience de formidable patrimoine culturel historique commun qui est le sien \u00bb. Ainsi, 2018 a \u00e9t\u00e9 d\u00e9clar\u00e9e \u00ab ann\u00e9e europ\u00e9enne du patrimoine \u00bb, hier au couvent des Dominicains \u00e0 Guebwiller o\u00f9 la CRS se retrouvait en assembl\u00e9e pl\u00e9ni\u00e8re sous la [&hellip;]\" \/>\n<meta property=\"og:url\" content=\"http:\/\/www.pamina-business.com\/en\/cooperation-transfrontaliere-2018-annee-du-patrimoine-culturel-pour-la-conference-du-rhin-superieur\/\" \/>\n<meta property=\"og:site_name\" content=\"PAMINA Business Club\" \/>\n<meta property=\"article:published_time\" content=\"2017-12-18T09:43:34+00:00\" \/>\n<meta property=\"article:modified_time\" content=\"2017-12-04T09:45:08+00:00\" \/>\n<meta name=\"author\" content=\"Monique STUTZMANN\" \/>\n<meta name=\"twitter:card\" content=\"summary_large_image\" \/>\n<meta name=\"twitter:label1\" content=\"Written by\" \/>\n\t<meta name=\"twitter:data1\" content=\"Monique STUTZMANN\" \/>\n\t<meta name=\"twitter:label2\" content=\"Est. reading time\" \/>\n\t<meta name=\"twitter:data2\" content=\"1 minute\" \/>\n<script type=\"application\/ld+json\" class=\"yoast-schema-graph\">{\"@context\":\"https:\/\/schema.org\",\"@graph\":[{\"@type\":\"WebPage\",\"@id\":\"http:\/\/www.pamina-business.com\/en\/cooperation-transfrontaliere-2018-annee-du-patrimoine-culturel-pour-la-conference-du-rhin-superieur\/\",\"url\":\"http:\/\/www.pamina-business.com\/en\/cooperation-transfrontaliere-2018-annee-du-patrimoine-culturel-pour-la-conference-du-rhin-superieur\/\",\"name\":\"Coop\u00e9ration Transfrontali\u00e8re 2018, ann\u00e9e du patrimoine culturel pour la Conf\u00e9rence du Rhin sup\u00e9rieur - PAMINA Business Club\",\"isPartOf\":{\"@id\":\"http:\/\/www.pamina-business.com\/de\/#website\"},\"datePublished\":\"2017-12-18T09:43:34+00:00\",\"dateModified\":\"2017-12-04T09:45:08+00:00\",\"author\":{\"@id\":\"http:\/\/www.pamina-business.com\/de\/#\/schema\/person\/9ab02536dbdbc5e3ef40bbc3452c8c69\"},\"breadcrumb\":{\"@id\":\"http:\/\/www.pamina-business.com\/en\/cooperation-transfrontaliere-2018-annee-du-patrimoine-culturel-pour-la-conference-du-rhin-superieur\/#breadcrumb\"},\"inLanguage\":\"en-US\",\"potentialAction\":[{\"@type\":\"ReadAction\",\"target\":[\"http:\/\/www.pamina-business.com\/en\/cooperation-transfrontaliere-2018-annee-du-patrimoine-culturel-pour-la-conference-du-rhin-superieur\/\"]}]},{\"@type\":\"BreadcrumbList\",\"@id\":\"http:\/\/www.pamina-business.com\/en\/cooperation-transfrontaliere-2018-annee-du-patrimoine-culturel-pour-la-conference-du-rhin-superieur\/#breadcrumb\",\"itemListElement\":[{\"@type\":\"ListItem\",\"position\":1,\"name\":\"Accueil\",\"item\":\"http:\/\/www.pamina-business.com\/en\/\"},{\"@type\":\"ListItem\",\"position\":2,\"name\":\"Coop\u00e9ration Transfrontali\u00e8re 2018, ann\u00e9e du patrimoine culturel pour la Conf\u00e9rence du Rhin sup\u00e9rieur\"}]},{\"@type\":\"WebSite\",\"@id\":\"http:\/\/www.pamina-business.com\/de\/#website\",\"url\":\"http:\/\/www.pamina-business.com\/de\/\",\"name\":\"PAMINA Business Club\",\"description\":\"Un site utilisant WordPress\",\"potentialAction\":[{\"@type\":\"SearchAction\",\"target\":{\"@type\":\"EntryPoint\",\"urlTemplate\":\"http:\/\/www.pamina-business.com\/de\/?s={search_term_string}\"},\"query-input\":{\"@type\":\"PropertyValueSpecification\",\"valueRequired\":true,\"valueName\":\"search_term_string\"}}],\"inLanguage\":\"en-US\"},{\"@type\":\"Person\",\"@id\":\"http:\/\/www.pamina-business.com\/de\/#\/schema\/person\/9ab02536dbdbc5e3ef40bbc3452c8c69\",\"name\":\"Monique STUTZMANN\",\"image\":{\"@type\":\"ImageObject\",\"inLanguage\":\"en-US\",\"@id\":\"http:\/\/www.pamina-business.com\/de\/#\/schema\/person\/image\/\",\"url\":\"https:\/\/secure.gravatar.com\/avatar\/cc1c3adf9a9f6e969d3da7b6b34ec66f5f4a6844dfc9145380a75e42cd91882e?s=96&d=mm&r=g\",\"contentUrl\":\"https:\/\/secure.gravatar.com\/avatar\/cc1c3adf9a9f6e969d3da7b6b34ec66f5f4a6844dfc9145380a75e42cd91882e?s=96&d=mm&r=g\",\"caption\":\"Monique STUTZMANN\"},\"url\":\"http:\/\/www.pamina-business.com\/en\/author\/monique\/\"}]}<\/script>\n<!-- \/ Yoast SEO plugin. -->","yoast_head_json":{"title":"Coop\u00e9ration Transfrontali\u00e8re 2018, ann\u00e9e du patrimoine culturel pour la Conf\u00e9rence du Rhin sup\u00e9rieur - PAMINA Business Club","robots":{"index":"index","follow":"follow","max-snippet":"max-snippet:-1","max-image-preview":"max-image-preview:large","max-video-preview":"max-video-preview:-1"},"canonical":"http:\/\/www.pamina-business.com\/en\/cooperation-transfrontaliere-2018-annee-du-patrimoine-culturel-pour-la-conference-du-rhin-superieur\/","og_locale":"en_US","og_type":"article","og_title":"Coop\u00e9ration Transfrontali\u00e8re 2018, ann\u00e9e du patrimoine culturel pour la Conf\u00e9rence du Rhin sup\u00e9rieur - PAMINA Business Club","og_description":"La Conf\u00e9rence du Rhin sup\u00e9rieur (CRS) souhaite que \u00ab la population du bassin rh\u00e9nan prenne conscience de formidable patrimoine culturel historique commun qui est le sien \u00bb. Ainsi, 2018 a \u00e9t\u00e9 d\u00e9clar\u00e9e \u00ab ann\u00e9e europ\u00e9enne du patrimoine \u00bb, hier au couvent des Dominicains \u00e0 Guebwiller o\u00f9 la CRS se retrouvait en assembl\u00e9e pl\u00e9ni\u00e8re sous la [&hellip;]","og_url":"http:\/\/www.pamina-business.com\/en\/cooperation-transfrontaliere-2018-annee-du-patrimoine-culturel-pour-la-conference-du-rhin-superieur\/","og_site_name":"PAMINA Business Club","article_published_time":"2017-12-18T09:43:34+00:00","article_modified_time":"2017-12-04T09:45:08+00:00","author":"Monique STUTZMANN","twitter_card":"summary_large_image","twitter_misc":{"Written by":"Monique STUTZMANN","Est. reading time":"1 minute"},"schema":{"@context":"https:\/\/schema.org","@graph":[{"@type":"WebPage","@id":"http:\/\/www.pamina-business.com\/en\/cooperation-transfrontaliere-2018-annee-du-patrimoine-culturel-pour-la-conference-du-rhin-superieur\/","url":"http:\/\/www.pamina-business.com\/en\/cooperation-transfrontaliere-2018-annee-du-patrimoine-culturel-pour-la-conference-du-rhin-superieur\/","name":"Coop\u00e9ration Transfrontali\u00e8re 2018, ann\u00e9e du patrimoine culturel pour la Conf\u00e9rence du Rhin sup\u00e9rieur - PAMINA Business Club","isPartOf":{"@id":"http:\/\/www.pamina-business.com\/de\/#website"},"datePublished":"2017-12-18T09:43:34+00:00","dateModified":"2017-12-04T09:45:08+00:00","author":{"@id":"http:\/\/www.pamina-business.com\/de\/#\/schema\/person\/9ab02536dbdbc5e3ef40bbc3452c8c69"},"breadcrumb":{"@id":"http:\/\/www.pamina-business.com\/en\/cooperation-transfrontaliere-2018-annee-du-patrimoine-culturel-pour-la-conference-du-rhin-superieur\/#breadcrumb"},"inLanguage":"en-US","potentialAction":[{"@type":"ReadAction","target":["http:\/\/www.pamina-business.com\/en\/cooperation-transfrontaliere-2018-annee-du-patrimoine-culturel-pour-la-conference-du-rhin-superieur\/"]}]},{"@type":"BreadcrumbList","@id":"http:\/\/www.pamina-business.com\/en\/cooperation-transfrontaliere-2018-annee-du-patrimoine-culturel-pour-la-conference-du-rhin-superieur\/#breadcrumb","itemListElement":[{"@type":"ListItem","position":1,"name":"Accueil","item":"http:\/\/www.pamina-business.com\/en\/"},{"@type":"ListItem","position":2,"name":"Coop\u00e9ration Transfrontali\u00e8re 2018, ann\u00e9e du patrimoine culturel pour la Conf\u00e9rence du Rhin sup\u00e9rieur"}]},{"@type":"WebSite","@id":"http:\/\/www.pamina-business.com\/de\/#website","url":"http:\/\/www.pamina-business.com\/de\/","name":"PAMINA Business Club","description":"Un site utilisant WordPress","potentialAction":[{"@type":"SearchAction","target":{"@type":"EntryPoint","urlTemplate":"http:\/\/www.pamina-business.com\/de\/?s={search_term_string}"},"query-input":{"@type":"PropertyValueSpecification","valueRequired":true,"valueName":"search_term_string"}}],"inLanguage":"en-US"},{"@type":"Person","@id":"http:\/\/www.pamina-business.com\/de\/#\/schema\/person\/9ab02536dbdbc5e3ef40bbc3452c8c69","name":"Monique STUTZMANN","image":{"@type":"ImageObject","inLanguage":"en-US","@id":"http:\/\/www.pamina-business.com\/de\/#\/schema\/person\/image\/","url":"https:\/\/secure.gravatar.com\/avatar\/cc1c3adf9a9f6e969d3da7b6b34ec66f5f4a6844dfc9145380a75e42cd91882e?s=96&d=mm&r=g","contentUrl":"https:\/\/secure.gravatar.com\/avatar\/cc1c3adf9a9f6e969d3da7b6b34ec66f5f4a6844dfc9145380a75e42cd91882e?s=96&d=mm&r=g","caption":"Monique STUTZMANN"},"url":"http:\/\/www.pamina-business.com\/en\/author\/monique\/"}]}},"_links":{"self":[{"href":"http:\/\/www.pamina-business.com\/en\/wp-json\/wp\/v2\/posts\/2876","targetHints":{"allow":["GET"]}}],"collection":[{"href":"http:\/\/www.pamina-business.com\/en\/wp-json\/wp\/v2\/posts"}],"about":[{"href":"http:\/\/www.pamina-business.com\/en\/wp-json\/wp\/v2\/types\/post"}],"author":[{"embeddable":true,"href":"http:\/\/www.pamina-business.com\/en\/wp-json\/wp\/v2\/users\/3"}],"replies":[{"embeddable":true,"href":"http:\/\/www.pamina-business.com\/en\/wp-json\/wp\/v2\/comments?post=2876"}],"version-history":[{"count":1,"href":"http:\/\/www.pamina-business.com\/en\/wp-json\/wp\/v2\/posts\/2876\/revisions"}],"predecessor-version":[{"id":2877,"href":"http:\/\/www.pamina-business.com\/en\/wp-json\/wp\/v2\/posts\/2876\/revisions\/2877"}],"wp:attachment":[{"href":"http:\/\/www.pamina-business.com\/en\/wp-json\/wp\/v2\/media?parent=2876"}],"wp:term":[{"taxonomy":"category","embeddable":true,"href":"http:\/\/www.pamina-business.com\/en\/wp-json\/wp\/v2\/categories?post=2876"},{"taxonomy":"post_tag","embeddable":true,"href":"http:\/\/www.pamina-business.com\/en\/wp-json\/wp\/v2\/tags?post=2876"}],"curies":[{"name":"wp","href":"https:\/\/api.w.org\/{rel}","templated":true}]}}